{"id":584,"date":"2016-04-01T15:19:25","date_gmt":"2016-04-01T15:19:25","guid":{"rendered":"http:\/\/www.mpppst.gob.ve\/mpppstweb\/?p=584"},"modified":"2016-07-20T13:18:15","modified_gmt":"2016-07-20T13:18:15","slug":"vera-es-importante-la-formacion-y-preparacion-para-producir","status":"publish","type":"post","link":"https:\/\/www.mpppst.gob.ve\/mpppstweb\/index.php\/2016\/04\/01\/vera-es-importante-la-formacion-y-preparacion-para-producir\/","title":{"rendered":"Vera: es importante la formaci\u00f3n y preparaci\u00f3n para producir"},"content":{"rendered":"<p>El ministro del Poder Popular para el Proceso Social de Trabajo, Oswaldo Vera, realiz\u00f3 un recorrido en\u00a0 la comunidad\u00a0 del sector Las Morochas, parroquia Capaya, en Caucagua, en la cual realiz\u00f3 un acompa\u00f1amiento al proceso de producci\u00f3n que all\u00ed se est\u00e1 llevando a cabo en este momento, de la mano de la Misi\u00f3n Ribas. En tal sentido, el ministro Vera refiri\u00f3 la importancia que representa \u201cla formaci\u00f3n y la preparaci\u00f3n para producir, no solo para salir del bachillerato\u201d.<\/p>\n<p>Asimismo, el Ministro Vera puso de relieve que adem\u00e1s del aprendizaje en el \u00e1rea agroproductiva, esta comunidad est\u00e1 impulsando el proceso de autoconstrucci\u00f3n de viviendas. \u201cLa gente ha venido construyendo con el conocimiento \u00a0que se les ha dado desde la Misi\u00f3n Ribas\u201d. Se trata de 25 viviendas para las familias m\u00e1s necesitadas de esta poblaci\u00f3n.<\/p>\n<p>Lo anterior fue calificado por el Ministro Vera como parte del c\u00edrculo para impulsar la dimensi\u00f3n socioproductiva. \u201cHemos visto siembra de tomates, aj\u00ed, ajonjol\u00ed, pl\u00e1tanos\u2026\u201d Se trata, dijo, de la Educaci\u00f3n para el trabajo, la construcci\u00f3n de viviendas que la derecha quiere eliminar con una Ley con la cual se pretende arrebatar las conquistas al pueblo.<\/p>\n","protected":false},"excerpt":{"rendered":"<p>El ministro del Poder Popular para el Proceso Social de Trabajo, Oswaldo Vera, realiz\u00f3 un recorrido &hellip; <a title=\"Vera: es importante la formaci\u00f3n y preparaci\u00f3n para producir\" class=\"hm-read-more\" href=\"https:\/\/www.mpppst.gob.ve\/mpppstweb\/index.php\/2016\/04\/01\/vera-es-importante-la-formacion-y-preparacion-para-producir\/\"><span class=\"screen-reader-text\">Vera: es importante la formaci\u00f3n y preparaci\u00f3n para producir<\/span>Read more<\/a><\/p>\n","protected":false},"author":25,"featured_media":585,"comment_status":"closed","ping_status":"closed","sticky":false,"template":"","format":"standard","meta":{"footnotes":""},"categories":[82],"tags":[],"yoast_head":"<!-- This site is optimized with the Yoast SEO plugin v22.5 - https:\/\/yoast.com\/wordpress\/plugins\/seo\/ -->\n<title>Vera: es importante la formaci\u00f3n y preparaci\u00f3n para producir - MPPPST<\/title>\n<meta name=\"robots\" content=\"index, follow, max-snippet:-1, max-image-preview:large, max-video-preview:-1\" \/>\n<link rel=\"canonical\" href=\"https:\/\/www.mpppst.gob.ve\/mpppstweb\/index.php\/2016\/04\/01\/vera-es-importante-la-formacion-y-preparacion-para-producir\/\" \/>\n<meta property=\"og:locale\" content=\"es_ES\" \/>\n<meta property=\"og:type\" content=\"article\" \/>\n<meta property=\"og:title\" content=\"Vera: es importante la formaci\u00f3n y preparaci\u00f3n para producir - MPPPST\" \/>\n<meta property=\"og:description\" content=\"El ministro del Poder Popular para el Proceso Social de Trabajo, Oswaldo Vera, realiz\u00f3 un recorrido &hellip; Vera: es importante la formaci\u00f3n y preparaci\u00f3n para producirRead more\" \/>\n<meta property=\"og:url\" content=\"https:\/\/www.mpppst.gob.ve\/mpppstweb\/index.php\/2016\/04\/01\/vera-es-importante-la-formacion-y-preparacion-para-producir\/\" \/>\n<meta property=\"og:site_name\" content=\"MPPPST\" \/>\n<meta property=\"article:published_time\" content=\"2016-04-01T15:19:25+00:00\" \/>\n<meta property=\"article:modified_time\" content=\"2016-07-20T13:18:15+00:00\" \/>\n<meta property=\"og:image\" content=\"https:\/\/www.mpppst.gob.ve\/mpppstweb\/wp-content\/uploads\/2016\/04\/IMG_1471_1.jpg\" \/>\n\t<meta property=\"og:image:width\" content=\"800\" \/>\n\t<meta property=\"og:image:height\" content=\"445\" \/>\n\t<meta property=\"og:image:type\" content=\"image\/jpeg\" \/>\n<meta name=\"author\" content=\"MPPPST Prensa\" \/>\n<meta name=\"twitter:card\" content=\"summary_large_image\" \/>\n<meta name=\"twitter:label1\" content=\"Escrito por\" \/>\n\t<meta name=\"twitter:data1\" content=\"MPPPST Prensa\" \/>\n\t<meta name=\"twitter:label2\" content=\"Tiempo de lectura\" \/>\n\t<meta name=\"twitter:data2\" content=\"1 minuto\" \/>\n<script type=\"application\/ld+json\" class=\"yoast-schema-graph\">{\"@context\":\"https:\/\/schema.org\",\"@graph\":[{\"@type\":\"Article\",\"@id\":\"https:\/\/www.mpppst.gob.ve\/mpppstweb\/index.php\/2016\/04\/01\/vera-es-importante-la-formacion-y-preparacion-para-producir\/#article\",\"isPartOf\":{\"@id\":\"https:\/\/www.mpppst.gob.ve\/mpppstweb\/index.php\/2016\/04\/01\/vera-es-importante-la-formacion-y-preparacion-para-producir\/\"},\"author\":{\"name\":\"MPPPST Prensa\",\"@id\":\"https:\/\/www.mpppst.gob.ve\/mpppstweb\/#\/schema\/person\/fc187ee8ead412bd4c9304b62f900ea4\"},\"headline\":\"Vera: es importante la formaci\u00f3n y preparaci\u00f3n para producir\",\"datePublished\":\"2016-04-01T15:19:25+00:00\",\"dateModified\":\"2016-07-20T13:18:15+00:00\",\"mainEntityOfPage\":{\"@id\":\"https:\/\/www.mpppst.gob.ve\/mpppstweb\/index.php\/2016\/04\/01\/vera-es-importante-la-formacion-y-preparacion-para-producir\/\"},\"wordCount\":214,\"publisher\":{\"@id\":\"https:\/\/www.mpppst.gob.ve\/mpppstweb\/#organization\"},\"image\":{\"@id\":\"https:\/\/www.mpppst.gob.ve\/mpppstweb\/index.php\/2016\/04\/01\/vera-es-importante-la-formacion-y-preparacion-para-producir\/#primaryimage\"},\"thumbnailUrl\":\"https:\/\/www.mpppst.gob.ve\/mpppstweb\/wp-content\/uploads\/2016\/04\/IMG_1471_1.jpg\",\"articleSection\":[\"Gobierno Nacional\"],\"inLanguage\":\"es\"},{\"@type\":\"WebPage\",\"@id\":\"https:\/\/www.mpppst.gob.ve\/mpppstweb\/index.php\/2016\/04\/01\/vera-es-importante-la-formacion-y-preparacion-para-producir\/\",\"url\":\"https:\/\/www.mpppst.gob.ve\/mpppstweb\/index.php\/2016\/04\/01\/vera-es-importante-la-formacion-y-preparacion-para-producir\/\",\"name\":\"Vera: es importante la formaci\u00f3n y preparaci\u00f3n para producir - MPPPST\",\"isPartOf\":{\"@id\":\"https:\/\/www.mpppst.gob.ve\/mpppstweb\/#website\"},\"primaryImageOfPage\":{\"@id\":\"https:\/\/www.mpppst.gob.ve\/mpppstweb\/index.php\/2016\/04\/01\/vera-es-importante-la-formacion-y-preparacion-para-producir\/#primaryimage\"},\"image\":{\"@id\":\"https:\/\/www.mpppst.gob.ve\/mpppstweb\/index.php\/2016\/04\/01\/vera-es-importante-la-formacion-y-preparacion-para-producir\/#primaryimage\"},\"thumbnailUrl\":\"https:\/\/www.mpppst.gob.ve\/mpppstweb\/wp-content\/uploads\/2016\/04\/IMG_1471_1.jpg\",\"datePublished\":\"2016-04-01T15:19:25+00:00\",\"dateModified\":\"2016-07-20T13:18:15+00:00\",\"breadcrumb\":{\"@id\":\"https:\/\/www.mpppst.gob.ve\/mpppstweb\/index.php\/2016\/04\/01\/vera-es-importante-la-formacion-y-preparacion-para-producir\/#breadcrumb\"},\"inLanguage\":\"es\",\"potentialAction\":[{\"@type\":\"ReadAction\",\"target\":[\"https:\/\/www.mpppst.gob.ve\/mpppstweb\/index.php\/2016\/04\/01\/vera-es-importante-la-formacion-y-preparacion-para-producir\/\"]}]},{\"@type\":\"ImageObject\",\"inLanguage\":\"es\",\"@id\":\"https:\/\/www.mpppst.gob.ve\/mpppstweb\/index.php\/2016\/04\/01\/vera-es-importante-la-formacion-y-preparacion-para-producir\/#primaryimage\",\"url\":\"https:\/\/www.mpppst.gob.ve\/mpppstweb\/wp-content\/uploads\/2016\/04\/IMG_1471_1.jpg\",\"contentUrl\":\"https:\/\/www.mpppst.gob.ve\/mpppstweb\/wp-content\/uploads\/2016\/04\/IMG_1471_1.jpg\",\"width\":800,\"height\":445},{\"@type\":\"BreadcrumbList\",\"@id\":\"https:\/\/www.mpppst.gob.ve\/mpppstweb\/index.php\/2016\/04\/01\/vera-es-importante-la-formacion-y-preparacion-para-producir\/#breadcrumb\",\"itemListElement\":[{\"@type\":\"ListItem\",\"position\":1,\"name\":\"Home\",\"item\":\"https:\/\/www.mpppst.gob.ve\/mpppstweb\/\"},{\"@type\":\"ListItem\",\"position\":2,\"name\":\"Vera: es importante la formaci\u00f3n y preparaci\u00f3n para producir\"}]},{\"@type\":\"WebSite\",\"@id\":\"https:\/\/www.mpppst.gob.ve\/mpppstweb\/#website\",\"url\":\"https:\/\/www.mpppst.gob.ve\/mpppstweb\/\",\"name\":\"MPPPST\",\"description\":\"Ministerio del Poder Popular para el Proceso Social de Trabajo\",\"publisher\":{\"@id\":\"https:\/\/www.mpppst.gob.ve\/mpppstweb\/#organization\"},\"potentialAction\":[{\"@type\":\"SearchAction\",\"target\":{\"@type\":\"EntryPoint\",\"urlTemplate\":\"https:\/\/www.mpppst.gob.ve\/mpppstweb\/?s={search_term_string}\"},\"query-input\":\"required name=search_term_string\"}],\"inLanguage\":\"es\"},{\"@type\":\"Organization\",\"@id\":\"https:\/\/www.mpppst.gob.ve\/mpppstweb\/#organization\",\"name\":\"mpppst\",\"url\":\"https:\/\/www.mpppst.gob.ve\/mpppstweb\/\",\"logo\":{\"@type\":\"ImageObject\",\"inLanguage\":\"es\",\"@id\":\"https:\/\/www.mpppst.gob.ve\/mpppstweb\/#\/schema\/logo\/image\/\",\"url\":\"https:\/\/www.mpppst.gob.ve\/mpppstweb\/wp-content\/uploads\/2025\/07\/cropped-cropped-g910.png\",\"contentUrl\":\"https:\/\/www.mpppst.gob.ve\/mpppstweb\/wp-content\/uploads\/2025\/07\/cropped-cropped-g910.png\",\"width\":1080,\"height\":241,\"caption\":\"mpppst\"},\"image\":{\"@id\":\"https:\/\/www.mpppst.gob.ve\/mpppstweb\/#\/schema\/logo\/image\/\"}},{\"@type\":\"Person\",\"@id\":\"https:\/\/www.mpppst.gob.ve\/mpppstweb\/#\/schema\/person\/fc187ee8ead412bd4c9304b62f900ea4\",\"name\":\"MPPPST Prensa\",\"url\":\"https:\/\/www.mpppst.gob.ve\/mpppstweb\/index.php\/author\/prensa-mpppst\/\"}]}<\/script>\n<!-- \/ Yoast SEO plugin. -->","yoast_head_json":{"title":"Vera: es importante la formaci\u00f3n y preparaci\u00f3n para producir - MPPPST","robots":{"index":"index","follow":"follow","max-snippet":"max-snippet:-1","max-image-preview":"max-image-preview:large","max-video-preview":"max-video-preview:-1"},"canonical":"https:\/\/www.mpppst.gob.ve\/mpppstweb\/index.php\/2016\/04\/01\/vera-es-importante-la-formacion-y-preparacion-para-producir\/","og_locale":"es_ES","og_type":"article","og_title":"Vera: es importante la formaci\u00f3n y preparaci\u00f3n para producir - MPPPST","og_description":"El ministro del Poder Popular para el Proceso Social de Trabajo, Oswaldo Vera, realiz\u00f3 un recorrido &hellip; Vera: es importante la formaci\u00f3n y preparaci\u00f3n para producirRead more","og_url":"https:\/\/www.mpppst.gob.ve\/mpppstweb\/index.php\/2016\/04\/01\/vera-es-importante-la-formacion-y-preparacion-para-producir\/","og_site_name":"MPPPST","article_published_time":"2016-04-01T15:19:25+00:00","article_modified_time":"2016-07-20T13:18:15+00:00","og_image":[{"width":800,"height":445,"url":"https:\/\/www.mpppst.gob.ve\/mpppstweb\/wp-content\/uploads\/2016\/04\/IMG_1471_1.jpg","type":"image\/jpeg"}],"author":"MPPPST Prensa","twitter_card":"summary_large_image","twitter_misc":{"Escrito por":"MPPPST Prensa","Tiempo de lectura":"1 minuto"},"schema":{"@context":"https:\/\/schema.org","@graph":[{"@type":"Article","@id":"https:\/\/www.mpppst.gob.ve\/mpppstweb\/index.php\/2016\/04\/01\/vera-es-importante-la-formacion-y-preparacion-para-producir\/#article","isPartOf":{"@id":"https:\/\/www.mpppst.gob.ve\/mpppstweb\/index.php\/2016\/04\/01\/vera-es-importante-la-formacion-y-preparacion-para-producir\/"},"author":{"name":"MPPPST Prensa","@id":"https:\/\/www.mpppst.gob.ve\/mpppstweb\/#\/schema\/person\/fc187ee8ead412bd4c9304b62f900ea4"},"headline":"Vera: es importante la formaci\u00f3n y preparaci\u00f3n para producir","datePublished":"2016-04-01T15:19:25+00:00","dateModified":"2016-07-20T13:18:15+00:00","mainEntityOfPage":{"@id":"https:\/\/www.mpppst.gob.ve\/mpppstweb\/index.php\/2016\/04\/01\/vera-es-importante-la-formacion-y-preparacion-para-producir\/"},"wordCount":214,"publisher":{"@id":"https:\/\/www.mpppst.gob.ve\/mpppstweb\/#organization"},"image":{"@id":"https:\/\/www.mpppst.gob.ve\/mpppstweb\/index.php\/2016\/04\/01\/vera-es-importante-la-formacion-y-preparacion-para-producir\/#primaryimage"},"thumbnailUrl":"https:\/\/www.mpppst.gob.ve\/mpppstweb\/wp-content\/uploads\/2016\/04\/IMG_1471_1.jpg","articleSection":["Gobierno Nacional"],"inLanguage":"es"},{"@type":"WebPage","@id":"https:\/\/www.mpppst.gob.ve\/mpppstweb\/index.php\/2016\/04\/01\/vera-es-importante-la-formacion-y-preparacion-para-producir\/","url":"https:\/\/www.mpppst.gob.ve\/mpppstweb\/index.php\/2016\/04\/01\/vera-es-importante-la-formacion-y-preparacion-para-producir\/","name":"Vera: es importante la formaci\u00f3n y preparaci\u00f3n para producir - MPPPST","isPartOf":{"@id":"https:\/\/www.mpppst.gob.ve\/mpppstweb\/#website"},"primaryImageOfPage":{"@id":"https:\/\/www.mpppst.gob.ve\/mpppstweb\/index.php\/2016\/04\/01\/vera-es-importante-la-formacion-y-preparacion-para-producir\/#primaryimage"},"image":{"@id":"https:\/\/www.mpppst.gob.ve\/mpppstweb\/index.php\/2016\/04\/01\/vera-es-importante-la-formacion-y-preparacion-para-producir\/#primaryimage"},"thumbnailUrl":"https:\/\/www.mpppst.gob.ve\/mpppstweb\/wp-content\/uploads\/2016\/04\/IMG_1471_1.jpg","datePublished":"2016-04-01T15:19:25+00:00","dateModified":"2016-07-20T13:18:15+00:00","breadcrumb":{"@id":"https:\/\/www.mpppst.gob.ve\/mpppstweb\/index.php\/2016\/04\/01\/vera-es-importante-la-formacion-y-preparacion-para-producir\/#breadcrumb"},"inLanguage":"es","potentialAction":[{"@type":"ReadAction","target":["https:\/\/www.mpppst.gob.ve\/mpppstweb\/index.php\/2016\/04\/01\/vera-es-importante-la-formacion-y-preparacion-para-producir\/"]}]},{"@type":"ImageObject","inLanguage":"es","@id":"https:\/\/www.mpppst.gob.ve\/mpppstweb\/index.php\/2016\/04\/01\/vera-es-importante-la-formacion-y-preparacion-para-producir\/#primaryimage","url":"https:\/\/www.mpppst.gob.ve\/mpppstweb\/wp-content\/uploads\/2016\/04\/IMG_1471_1.jpg","contentUrl":"https:\/\/www.mpppst.gob.ve\/mpppstweb\/wp-content\/uploads\/2016\/04\/IMG_1471_1.jpg","width":800,"height":445},{"@type":"BreadcrumbList","@id":"https:\/\/www.mpppst.gob.ve\/mpppstweb\/index.php\/2016\/04\/01\/vera-es-importante-la-formacion-y-preparacion-para-producir\/#breadcrumb","itemListElement":[{"@type":"ListItem","position":1,"name":"Home","item":"https:\/\/www.mpppst.gob.ve\/mpppstweb\/"},{"@type":"ListItem","position":2,"name":"Vera: es importante la formaci\u00f3n y preparaci\u00f3n para producir"}]},{"@type":"WebSite","@id":"https:\/\/www.mpppst.gob.ve\/mpppstweb\/#website","url":"https:\/\/www.mpppst.gob.ve\/mpppstweb\/","name":"MPPPST","description":"Ministerio del Poder Popular para el Proceso Social de Trabajo","publisher":{"@id":"https:\/\/www.mpppst.gob.ve\/mpppstweb\/#organization"},"potentialAction":[{"@type":"SearchAction","target":{"@type":"EntryPoint","urlTemplate":"https:\/\/www.mpppst.gob.ve\/mpppstweb\/?s={search_term_string}"},"query-input":"required name=search_term_string"}],"inLanguage":"es"},{"@type":"Organization","@id":"https:\/\/www.mpppst.gob.ve\/mpppstweb\/#organization","name":"mpppst","url":"https:\/\/www.mpppst.gob.ve\/mpppstweb\/","logo":{"@type":"ImageObject","inLanguage":"es","@id":"https:\/\/www.mpppst.gob.ve\/mpppstweb\/#\/schema\/logo\/image\/","url":"https:\/\/www.mpppst.gob.ve\/mpppstweb\/wp-content\/uploads\/2025\/07\/cropped-cropped-g910.png","contentUrl":"https:\/\/www.mpppst.gob.ve\/mpppstweb\/wp-content\/uploads\/2025\/07\/cropped-cropped-g910.png","width":1080,"height":241,"caption":"mpppst"},"image":{"@id":"https:\/\/www.mpppst.gob.ve\/mpppstweb\/#\/schema\/logo\/image\/"}},{"@type":"Person","@id":"https:\/\/www.mpppst.gob.ve\/mpppstweb\/#\/schema\/person\/fc187ee8ead412bd4c9304b62f900ea4","name":"MPPPST Prensa","url":"https:\/\/www.mpppst.gob.ve\/mpppstweb\/index.php\/author\/prensa-mpppst\/"}]}},"_links":{"self":[{"href":"https:\/\/www.mpppst.gob.ve\/mpppstweb\/index.php\/wp-json\/wp\/v2\/posts\/584"}],"collection":[{"href":"https:\/\/www.mpppst.gob.ve\/mpppstweb\/index.php\/wp-json\/wp\/v2\/posts"}],"about":[{"href":"https:\/\/www.mpppst.gob.ve\/mpppstweb\/index.php\/wp-json\/wp\/v2\/types\/post"}],"author":[{"embeddable":true,"href":"https:\/\/www.mpppst.gob.ve\/mpppstweb\/index.php\/wp-json\/wp\/v2\/users\/25"}],"replies":[{"embeddable":true,"href":"https:\/\/www.mpppst.gob.ve\/mpppstweb\/index.php\/wp-json\/wp\/v2\/comments?post=584"}],"version-history":[{"count":1,"href":"https:\/\/www.mpppst.gob.ve\/mpppstweb\/index.php\/wp-json\/wp\/v2\/posts\/584\/revisions"}],"predecessor-version":[{"id":586,"href":"https:\/\/www.mpppst.gob.ve\/mpppstweb\/index.php\/wp-json\/wp\/v2\/posts\/584\/revisions\/586"}],"wp:featuredmedia":[{"embeddable":true,"href":"https:\/\/www.mpppst.gob.ve\/mpppstweb\/index.php\/wp-json\/wp\/v2\/media\/585"}],"wp:attachment":[{"href":"https:\/\/www.mpppst.gob.ve\/mpppstweb\/index.php\/wp-json\/wp\/v2\/media?parent=584"}],"wp:term":[{"taxonomy":"category","embeddable":true,"href":"https:\/\/www.mpppst.gob.ve\/mpppstweb\/index.php\/wp-json\/wp\/v2\/categories?post=584"},{"taxonomy":"post_tag","embeddable":true,"href":"https:\/\/www.mpppst.gob.ve\/mpppstweb\/index.php\/wp-json\/wp\/v2\/tags?post=584"}],"curies":[{"name":"wp","href":"https:\/\/api.w.org\/{rel}","templated":true}]}}