{"id":6563,"date":"2016-06-30T12:54:56","date_gmt":"2016-06-30T12:54:56","guid":{"rendered":"http:\/\/www.mpppst.gob.ve\/mpppstweb\/?p=6563"},"modified":"2016-07-20T13:07:08","modified_gmt":"2016-07-20T13:07:08","slug":"realizan-encuentro-de-saberes-en-el-cfs-valles-altos","status":"publish","type":"post","link":"https:\/\/www.mpppst.gob.ve\/mpppstweb\/index.php\/2016\/06\/30\/realizan-encuentro-de-saberes-en-el-cfs-valles-altos\/","title":{"rendered":"Realizan encuentro de saberes en el CFS \u00abValles Altos\u00bb"},"content":{"rendered":"<p style=\"text-align: justify;\">En el CFS Valles Altos, ubicado dentro de Montalb\u00e1n, los lugare\u00f1os del Eje Centro Occidental son parte importante del conocimiento de saberes para el pleno desarrollo de la econom\u00eda poblacional. Hoy son m\u00e1s de 600 participantes los que cuentan, gracias al Inces, con un oficio profesional en el \u00e1rea agr\u00edcola e industrial.<\/p>\n<p style=\"text-align: justify;\">Noelia G\u00f3mez, es Promotor T\u00e9cnico Productivo (PTP), del curso de \u201cConfecci\u00f3n de Bolsos y Morrales\u201d. Cuenta que su experiencia como formadora es gratificante: \u201cdisfruto ense\u00f1ar a participantes y a su vez aprender de ellos. Han dise\u00f1ado, confeccionado y creado colecciones de bolsos, morrales y hasta ropa infantil, todo con material de provecho. Luego lo ofrecen a precio justo.<\/p>\n<p style=\"text-align: justify;\">El programa textil en el CFS \u201cValles Altos\u201d, ofrece los cursos de \u201cCorte y Costura\u201d dirigidos por la PTP Yecenia Aquino, el curso de \u201cConfecci\u00f3n de Ropa Infantil\u201d por la PTP Nirva G\u00f3mez y el curso de \u201cCostura B\u00e1sica\u201d por la PTP Maritza Rinc\u00f3n. Todas estas formaciones se ofrecen en el CFS y en diferentes comunidades del eje, as\u00ed como aquellas formaciones del Programa Turismo que engloban todo lo concerniente a panader\u00eda y reposter\u00eda.<\/p>\n<p style=\"text-align: justify;\">Aura Silva, participante del curso de \u201cReposter\u00eda\u201d en el taller laboral de Bejuma, manifiesta que es mucho el aprendizaje obtenido adem\u00e1s de la dedicaci\u00f3n de la MTP Mary Sequera. \u201cNos ha ense\u00f1ado a hacer tortas de auyama, yuca, pl\u00e1tano, quesillo, dulces, decorados, entre otras delicias. Me gusta mucho estar en el Inces\u201d.<\/p>\n<p style=\"text-align: justify;\">Otros de los cursos que forman parte fundamental del CFS son los que dirige la PTP Maritza P\u00e9rez de \u201cConservaci\u00f3n de Alimentos\u201d y \u201cElaboraci\u00f3n de Vinos Artesanales\u201d, utilizando frutas frescas. Hacen encurtidos, pulpa de frutas, dulces criollos, y como complemento, el participante Alberto Mota, aport\u00f3 su conocimiento e inventiva con la elaboraci\u00f3n de jabones, desodorantes y crema dental. Un punto m\u00e1s a favor de la formaci\u00f3n que pondr\u00e1 en el mercado productos de primera necesidad.<\/p>\n<p style=\"text-align: justify;\">Los participantes del \u201cCurso de Carpinter\u00eda B\u00e1sica\u201d, han dado demostraciones del impecable trabajo que desarrollan con la madera de primera y hasta con paletas desechadas. Desde cunas para beb\u00e9s hasta juegos de comedor, es decir, todo lo que concierne al entorno maderero; ellos con dedicaci\u00f3n y esmero logran dise\u00f1ar y hacerlo posible.<\/p>\n<p style=\"text-align: justify;\">La finalidad de visibilizar los saberes en dichos encuentros es dar a conocer a las comunidades cercanas de cada Centro de Formaci\u00f3n Socialista del Inces el desarrollo del sistema de formaci\u00f3n y capacitaci\u00f3n integral, acorde a la econom\u00eda productiva e inclusi\u00f3n social, articulada a los programas de formaci\u00f3n que cuentan con potencialidades en los oficios vocacionales ense\u00f1ados por la instituci\u00f3n.<\/p>\n","protected":false},"excerpt":{"rendered":"<p>En el CFS Valles Altos, ubicado dentro de Montalb\u00e1n, los lugare\u00f1os del Eje Centro Occidental son &hellip; <a title=\"Realizan encuentro de saberes en el CFS \u00abValles Altos\u00bb\" class=\"hm-read-more\" href=\"https:\/\/www.mpppst.gob.ve\/mpppstweb\/index.php\/2016\/06\/30\/realizan-encuentro-de-saberes-en-el-cfs-valles-altos\/\"><span class=\"screen-reader-text\">Realizan encuentro de saberes en el CFS \u00abValles Altos\u00bb<\/span>Read more<\/a><\/p>\n","protected":false},"author":25,"featured_media":6581,"comment_status":"closed","ping_status":"closed","sticky":false,"template":"","format":"standard","meta":{"footnotes":""},"categories":[82],"tags":[],"yoast_head":"<!-- This site is optimized with the Yoast SEO plugin v22.5 - https:\/\/yoast.com\/wordpress\/plugins\/seo\/ -->\n<title>Realizan encuentro de saberes en el CFS &quot;Valles Altos&quot; - MPPPST<\/title>\n<meta name=\"robots\" content=\"index, follow, max-snippet:-1, max-image-preview:large, max-video-preview:-1\" \/>\n<link rel=\"canonical\" href=\"https:\/\/www.mpppst.gob.ve\/mpppstweb\/index.php\/2016\/06\/30\/realizan-encuentro-de-saberes-en-el-cfs-valles-altos\/\" \/>\n<meta property=\"og:locale\" content=\"es_ES\" \/>\n<meta property=\"og:type\" content=\"article\" \/>\n<meta property=\"og:title\" content=\"Realizan encuentro de saberes en el CFS &quot;Valles Altos&quot; - MPPPST\" \/>\n<meta property=\"og:description\" content=\"En el CFS Valles Altos, ubicado dentro de Montalb\u00e1n, los lugare\u00f1os del Eje Centro Occidental son &hellip; Realizan encuentro de saberes en el CFS \u00abValles Altos\u00bbRead more\" \/>\n<meta property=\"og:url\" content=\"https:\/\/www.mpppst.gob.ve\/mpppstweb\/index.php\/2016\/06\/30\/realizan-encuentro-de-saberes-en-el-cfs-valles-altos\/\" \/>\n<meta property=\"og:site_name\" content=\"MPPPST\" \/>\n<meta property=\"article:published_time\" content=\"2016-06-30T12:54:56+00:00\" \/>\n<meta property=\"article:modified_time\" content=\"2016-07-20T13:07:08+00:00\" \/>\n<meta property=\"og:image\" content=\"https:\/\/www.mpppst.gob.ve\/mpppstweb\/wp-content\/uploads\/2016\/06\/realizan-encuentro-de-saberes-en-el-CFS-valles-altos.jpg\" \/>\n\t<meta property=\"og:image:width\" content=\"800\" \/>\n\t<meta property=\"og:image:height\" content=\"445\" \/>\n\t<meta property=\"og:image:type\" content=\"image\/jpeg\" \/>\n<meta name=\"author\" content=\"MPPPST Prensa\" \/>\n<meta name=\"twitter:card\" content=\"summary_large_image\" \/>\n<meta name=\"twitter:label1\" content=\"Escrito por\" \/>\n\t<meta name=\"twitter:data1\" content=\"MPPPST Prensa\" \/>\n\t<meta name=\"twitter:label2\" content=\"Tiempo de lectura\" \/>\n\t<meta name=\"twitter:data2\" content=\"2 minutos\" \/>\n<script type=\"application\/ld+json\" class=\"yoast-schema-graph\">{\"@context\":\"https:\/\/schema.org\",\"@graph\":[{\"@type\":\"Article\",\"@id\":\"https:\/\/www.mpppst.gob.ve\/mpppstweb\/index.php\/2016\/06\/30\/realizan-encuentro-de-saberes-en-el-cfs-valles-altos\/#article\",\"isPartOf\":{\"@id\":\"https:\/\/www.mpppst.gob.ve\/mpppstweb\/index.php\/2016\/06\/30\/realizan-encuentro-de-saberes-en-el-cfs-valles-altos\/\"},\"author\":{\"name\":\"MPPPST Prensa\",\"@id\":\"https:\/\/www.mpppst.gob.ve\/mpppstweb\/#\/schema\/person\/fc187ee8ead412bd4c9304b62f900ea4\"},\"headline\":\"Realizan encuentro de saberes en el CFS \u00abValles Altos\u00bb\",\"datePublished\":\"2016-06-30T12:54:56+00:00\",\"dateModified\":\"2016-07-20T13:07:08+00:00\",\"mainEntityOfPage\":{\"@id\":\"https:\/\/www.mpppst.gob.ve\/mpppstweb\/index.php\/2016\/06\/30\/realizan-encuentro-de-saberes-en-el-cfs-valles-altos\/\"},\"wordCount\":471,\"publisher\":{\"@id\":\"https:\/\/www.mpppst.gob.ve\/mpppstweb\/#organization\"},\"image\":{\"@id\":\"https:\/\/www.mpppst.gob.ve\/mpppstweb\/index.php\/2016\/06\/30\/realizan-encuentro-de-saberes-en-el-cfs-valles-altos\/#primaryimage\"},\"thumbnailUrl\":\"https:\/\/www.mpppst.gob.ve\/mpppstweb\/wp-content\/uploads\/2016\/06\/realizan-encuentro-de-saberes-en-el-CFS-valles-altos.jpg\",\"articleSection\":[\"Gobierno Nacional\"],\"inLanguage\":\"es\"},{\"@type\":\"WebPage\",\"@id\":\"https:\/\/www.mpppst.gob.ve\/mpppstweb\/index.php\/2016\/06\/30\/realizan-encuentro-de-saberes-en-el-cfs-valles-altos\/\",\"url\":\"https:\/\/www.mpppst.gob.ve\/mpppstweb\/index.php\/2016\/06\/30\/realizan-encuentro-de-saberes-en-el-cfs-valles-altos\/\",\"name\":\"Realizan encuentro de saberes en el CFS \\\"Valles Altos\\\" - MPPPST\",\"isPartOf\":{\"@id\":\"https:\/\/www.mpppst.gob.ve\/mpppstweb\/#website\"},\"primaryImageOfPage\":{\"@id\":\"https:\/\/www.mpppst.gob.ve\/mpppstweb\/index.php\/2016\/06\/30\/realizan-encuentro-de-saberes-en-el-cfs-valles-altos\/#primaryimage\"},\"image\":{\"@id\":\"https:\/\/www.mpppst.gob.ve\/mpppstweb\/index.php\/2016\/06\/30\/realizan-encuentro-de-saberes-en-el-cfs-valles-altos\/#primaryimage\"},\"thumbnailUrl\":\"https:\/\/www.mpppst.gob.ve\/mpppstweb\/wp-content\/uploads\/2016\/06\/realizan-encuentro-de-saberes-en-el-CFS-valles-altos.jpg\",\"datePublished\":\"2016-06-30T12:54:56+00:00\",\"dateModified\":\"2016-07-20T13:07:08+00:00\",\"breadcrumb\":{\"@id\":\"https:\/\/www.mpppst.gob.ve\/mpppstweb\/index.php\/2016\/06\/30\/realizan-encuentro-de-saberes-en-el-cfs-valles-altos\/#breadcrumb\"},\"inLanguage\":\"es\",\"potentialAction\":[{\"@type\":\"ReadAction\",\"target\":[\"https:\/\/www.mpppst.gob.ve\/mpppstweb\/index.php\/2016\/06\/30\/realizan-encuentro-de-saberes-en-el-cfs-valles-altos\/\"]}]},{\"@type\":\"ImageObject\",\"inLanguage\":\"es\",\"@id\":\"https:\/\/www.mpppst.gob.ve\/mpppstweb\/index.php\/2016\/06\/30\/realizan-encuentro-de-saberes-en-el-cfs-valles-altos\/#primaryimage\",\"url\":\"https:\/\/www.mpppst.gob.ve\/mpppstweb\/wp-content\/uploads\/2016\/06\/realizan-encuentro-de-saberes-en-el-CFS-valles-altos.jpg\",\"contentUrl\":\"https:\/\/www.mpppst.gob.ve\/mpppstweb\/wp-content\/uploads\/2016\/06\/realizan-encuentro-de-saberes-en-el-CFS-valles-altos.jpg\",\"width\":800,\"height\":445},{\"@type\":\"BreadcrumbList\",\"@id\":\"https:\/\/www.mpppst.gob.ve\/mpppstweb\/index.php\/2016\/06\/30\/realizan-encuentro-de-saberes-en-el-cfs-valles-altos\/#breadcrumb\",\"itemListElement\":[{\"@type\":\"ListItem\",\"position\":1,\"name\":\"Home\",\"item\":\"https:\/\/www.mpppst.gob.ve\/mpppstweb\/\"},{\"@type\":\"ListItem\",\"position\":2,\"name\":\"Realizan encuentro de saberes en el CFS \u00abValles Altos\u00bb\"}]},{\"@type\":\"WebSite\",\"@id\":\"https:\/\/www.mpppst.gob.ve\/mpppstweb\/#website\",\"url\":\"https:\/\/www.mpppst.gob.ve\/mpppstweb\/\",\"name\":\"MPPPST\",\"description\":\"Ministerio del Poder Popular para el Proceso Social de Trabajo\",\"publisher\":{\"@id\":\"https:\/\/www.mpppst.gob.ve\/mpppstweb\/#organization\"},\"potentialAction\":[{\"@type\":\"SearchAction\",\"target\":{\"@type\":\"EntryPoint\",\"urlTemplate\":\"https:\/\/www.mpppst.gob.ve\/mpppstweb\/?s={search_term_string}\"},\"query-input\":\"required name=search_term_string\"}],\"inLanguage\":\"es\"},{\"@type\":\"Organization\",\"@id\":\"https:\/\/www.mpppst.gob.ve\/mpppstweb\/#organization\",\"name\":\"mpppst\",\"url\":\"https:\/\/www.mpppst.gob.ve\/mpppstweb\/\",\"logo\":{\"@type\":\"ImageObject\",\"inLanguage\":\"es\",\"@id\":\"https:\/\/www.mpppst.gob.ve\/mpppstweb\/#\/schema\/logo\/image\/\",\"url\":\"https:\/\/www.mpppst.gob.ve\/mpppstweb\/wp-content\/uploads\/2025\/07\/cropped-cropped-g910.png\",\"contentUrl\":\"https:\/\/www.mpppst.gob.ve\/mpppstweb\/wp-content\/uploads\/2025\/07\/cropped-cropped-g910.png\",\"width\":1080,\"height\":241,\"caption\":\"mpppst\"},\"image\":{\"@id\":\"https:\/\/www.mpppst.gob.ve\/mpppstweb\/#\/schema\/logo\/image\/\"}},{\"@type\":\"Person\",\"@id\":\"https:\/\/www.mpppst.gob.ve\/mpppstweb\/#\/schema\/person\/fc187ee8ead412bd4c9304b62f900ea4\",\"name\":\"MPPPST Prensa\",\"url\":\"https:\/\/www.mpppst.gob.ve\/mpppstweb\/index.php\/author\/prensa-mpppst\/\"}]}<\/script>\n<!-- \/ Yoast SEO plugin. -->","yoast_head_json":{"title":"Realizan encuentro de saberes en el CFS \"Valles Altos\" - MPPPST","robots":{"index":"index","follow":"follow","max-snippet":"max-snippet:-1","max-image-preview":"max-image-preview:large","max-video-preview":"max-video-preview:-1"},"canonical":"https:\/\/www.mpppst.gob.ve\/mpppstweb\/index.php\/2016\/06\/30\/realizan-encuentro-de-saberes-en-el-cfs-valles-altos\/","og_locale":"es_ES","og_type":"article","og_title":"Realizan encuentro de saberes en el CFS \"Valles Altos\" - MPPPST","og_description":"En el CFS Valles Altos, ubicado dentro de Montalb\u00e1n, los lugare\u00f1os del Eje Centro Occidental son &hellip; Realizan encuentro de saberes en el CFS \u00abValles Altos\u00bbRead more","og_url":"https:\/\/www.mpppst.gob.ve\/mpppstweb\/index.php\/2016\/06\/30\/realizan-encuentro-de-saberes-en-el-cfs-valles-altos\/","og_site_name":"MPPPST","article_published_time":"2016-06-30T12:54:56+00:00","article_modified_time":"2016-07-20T13:07:08+00:00","og_image":[{"width":800,"height":445,"url":"https:\/\/www.mpppst.gob.ve\/mpppstweb\/wp-content\/uploads\/2016\/06\/realizan-encuentro-de-saberes-en-el-CFS-valles-altos.jpg","type":"image\/jpeg"}],"author":"MPPPST Prensa","twitter_card":"summary_large_image","twitter_misc":{"Escrito por":"MPPPST Prensa","Tiempo de lectura":"2 minutos"},"schema":{"@context":"https:\/\/schema.org","@graph":[{"@type":"Article","@id":"https:\/\/www.mpppst.gob.ve\/mpppstweb\/index.php\/2016\/06\/30\/realizan-encuentro-de-saberes-en-el-cfs-valles-altos\/#article","isPartOf":{"@id":"https:\/\/www.mpppst.gob.ve\/mpppstweb\/index.php\/2016\/06\/30\/realizan-encuentro-de-saberes-en-el-cfs-valles-altos\/"},"author":{"name":"MPPPST Prensa","@id":"https:\/\/www.mpppst.gob.ve\/mpppstweb\/#\/schema\/person\/fc187ee8ead412bd4c9304b62f900ea4"},"headline":"Realizan encuentro de saberes en el CFS \u00abValles Altos\u00bb","datePublished":"2016-06-30T12:54:56+00:00","dateModified":"2016-07-20T13:07:08+00:00","mainEntityOfPage":{"@id":"https:\/\/www.mpppst.gob.ve\/mpppstweb\/index.php\/2016\/06\/30\/realizan-encuentro-de-saberes-en-el-cfs-valles-altos\/"},"wordCount":471,"publisher":{"@id":"https:\/\/www.mpppst.gob.ve\/mpppstweb\/#organization"},"image":{"@id":"https:\/\/www.mpppst.gob.ve\/mpppstweb\/index.php\/2016\/06\/30\/realizan-encuentro-de-saberes-en-el-cfs-valles-altos\/#primaryimage"},"thumbnailUrl":"https:\/\/www.mpppst.gob.ve\/mpppstweb\/wp-content\/uploads\/2016\/06\/realizan-encuentro-de-saberes-en-el-CFS-valles-altos.jpg","articleSection":["Gobierno Nacional"],"inLanguage":"es"},{"@type":"WebPage","@id":"https:\/\/www.mpppst.gob.ve\/mpppstweb\/index.php\/2016\/06\/30\/realizan-encuentro-de-saberes-en-el-cfs-valles-altos\/","url":"https:\/\/www.mpppst.gob.ve\/mpppstweb\/index.php\/2016\/06\/30\/realizan-encuentro-de-saberes-en-el-cfs-valles-altos\/","name":"Realizan encuentro de saberes en el CFS \"Valles Altos\" - MPPPST","isPartOf":{"@id":"https:\/\/www.mpppst.gob.ve\/mpppstweb\/#website"},"primaryImageOfPage":{"@id":"https:\/\/www.mpppst.gob.ve\/mpppstweb\/index.php\/2016\/06\/30\/realizan-encuentro-de-saberes-en-el-cfs-valles-altos\/#primaryimage"},"image":{"@id":"https:\/\/www.mpppst.gob.ve\/mpppstweb\/index.php\/2016\/06\/30\/realizan-encuentro-de-saberes-en-el-cfs-valles-altos\/#primaryimage"},"thumbnailUrl":"https:\/\/www.mpppst.gob.ve\/mpppstweb\/wp-content\/uploads\/2016\/06\/realizan-encuentro-de-saberes-en-el-CFS-valles-altos.jpg","datePublished":"2016-06-30T12:54:56+00:00","dateModified":"2016-07-20T13:07:08+00:00","breadcrumb":{"@id":"https:\/\/www.mpppst.gob.ve\/mpppstweb\/index.php\/2016\/06\/30\/realizan-encuentro-de-saberes-en-el-cfs-valles-altos\/#breadcrumb"},"inLanguage":"es","potentialAction":[{"@type":"ReadAction","target":["https:\/\/www.mpppst.gob.ve\/mpppstweb\/index.php\/2016\/06\/30\/realizan-encuentro-de-saberes-en-el-cfs-valles-altos\/"]}]},{"@type":"ImageObject","inLanguage":"es","@id":"https:\/\/www.mpppst.gob.ve\/mpppstweb\/index.php\/2016\/06\/30\/realizan-encuentro-de-saberes-en-el-cfs-valles-altos\/#primaryimage","url":"https:\/\/www.mpppst.gob.ve\/mpppstweb\/wp-content\/uploads\/2016\/06\/realizan-encuentro-de-saberes-en-el-CFS-valles-altos.jpg","contentUrl":"https:\/\/www.mpppst.gob.ve\/mpppstweb\/wp-content\/uploads\/2016\/06\/realizan-encuentro-de-saberes-en-el-CFS-valles-altos.jpg","width":800,"height":445},{"@type":"BreadcrumbList","@id":"https:\/\/www.mpppst.gob.ve\/mpppstweb\/index.php\/2016\/06\/30\/realizan-encuentro-de-saberes-en-el-cfs-valles-altos\/#breadcrumb","itemListElement":[{"@type":"ListItem","position":1,"name":"Home","item":"https:\/\/www.mpppst.gob.ve\/mpppstweb\/"},{"@type":"ListItem","position":2,"name":"Realizan encuentro de saberes en el CFS \u00abValles Altos\u00bb"}]},{"@type":"WebSite","@id":"https:\/\/www.mpppst.gob.ve\/mpppstweb\/#website","url":"https:\/\/www.mpppst.gob.ve\/mpppstweb\/","name":"MPPPST","description":"Ministerio del Poder Popular para el Proceso Social de Trabajo","publisher":{"@id":"https:\/\/www.mpppst.gob.ve\/mpppstweb\/#organization"},"potentialAction":[{"@type":"SearchAction","target":{"@type":"EntryPoint","urlTemplate":"https:\/\/www.mpppst.gob.ve\/mpppstweb\/?s={search_term_string}"},"query-input":"required name=search_term_string"}],"inLanguage":"es"},{"@type":"Organization","@id":"https:\/\/www.mpppst.gob.ve\/mpppstweb\/#organization","name":"mpppst","url":"https:\/\/www.mpppst.gob.ve\/mpppstweb\/","logo":{"@type":"ImageObject","inLanguage":"es","@id":"https:\/\/www.mpppst.gob.ve\/mpppstweb\/#\/schema\/logo\/image\/","url":"https:\/\/www.mpppst.gob.ve\/mpppstweb\/wp-content\/uploads\/2025\/07\/cropped-cropped-g910.png","contentUrl":"https:\/\/www.mpppst.gob.ve\/mpppstweb\/wp-content\/uploads\/2025\/07\/cropped-cropped-g910.png","width":1080,"height":241,"caption":"mpppst"},"image":{"@id":"https:\/\/www.mpppst.gob.ve\/mpppstweb\/#\/schema\/logo\/image\/"}},{"@type":"Person","@id":"https:\/\/www.mpppst.gob.ve\/mpppstweb\/#\/schema\/person\/fc187ee8ead412bd4c9304b62f900ea4","name":"MPPPST Prensa","url":"https:\/\/www.mpppst.gob.ve\/mpppstweb\/index.php\/author\/prensa-mpppst\/"}]}},"_links":{"self":[{"href":"https:\/\/www.mpppst.gob.ve\/mpppstweb\/index.php\/wp-json\/wp\/v2\/posts\/6563"}],"collection":[{"href":"https:\/\/www.mpppst.gob.ve\/mpppstweb\/index.php\/wp-json\/wp\/v2\/posts"}],"about":[{"href":"https:\/\/www.mpppst.gob.ve\/mpppstweb\/index.php\/wp-json\/wp\/v2\/types\/post"}],"author":[{"embeddable":true,"href":"https:\/\/www.mpppst.gob.ve\/mpppstweb\/index.php\/wp-json\/wp\/v2\/users\/25"}],"replies":[{"embeddable":true,"href":"https:\/\/www.mpppst.gob.ve\/mpppstweb\/index.php\/wp-json\/wp\/v2\/comments?post=6563"}],"version-history":[{"count":2,"href":"https:\/\/www.mpppst.gob.ve\/mpppstweb\/index.php\/wp-json\/wp\/v2\/posts\/6563\/revisions"}],"predecessor-version":[{"id":6565,"href":"https:\/\/www.mpppst.gob.ve\/mpppstweb\/index.php\/wp-json\/wp\/v2\/posts\/6563\/revisions\/6565"}],"wp:featuredmedia":[{"embeddable":true,"href":"https:\/\/www.mpppst.gob.ve\/mpppstweb\/index.php\/wp-json\/wp\/v2\/media\/6581"}],"wp:attachment":[{"href":"https:\/\/www.mpppst.gob.ve\/mpppstweb\/index.php\/wp-json\/wp\/v2\/media?parent=6563"}],"wp:term":[{"taxonomy":"category","embeddable":true,"href":"https:\/\/www.mpppst.gob.ve\/mpppstweb\/index.php\/wp-json\/wp\/v2\/categories?post=6563"},{"taxonomy":"post_tag","embeddable":true,"href":"https:\/\/www.mpppst.gob.ve\/mpppstweb\/index.php\/wp-json\/wp\/v2\/tags?post=6563"}],"curies":[{"name":"wp","href":"https:\/\/api.w.org\/{rel}","templated":true}]}}