{"id":6570,"date":"2016-06-30T13:54:29","date_gmt":"2016-06-30T13:54:29","guid":{"rendered":"http:\/\/www.mpppst.gob.ve\/mpppstweb\/?p=6570"},"modified":"2016-07-01T21:13:01","modified_gmt":"2016-07-01T21:13:01","slug":"petrocaribe-cumple-11-anos-de-integracion-energetica-y-social-para-el-desarrollo-de-los-pueblos","status":"publish","type":"post","link":"https:\/\/www.mpppst.gob.ve\/mpppstweb\/index.php\/2016\/06\/30\/petrocaribe-cumple-11-anos-de-integracion-energetica-y-social-para-el-desarrollo-de-los-pueblos\/","title":{"rendered":"Petrocaribe cumple 11 a\u00f1os de integraci\u00f3n energ\u00e9tica y social para el desarrollo de los pueblos"},"content":{"rendered":"<p style=\"text-align: justify;\">Caracas, 29 Jun. AVN.- El presidente de la Rep\u00fablica, Nicol\u00e1s Maduro, celebr\u00f3 este mi\u00e9rcoles los 11 a\u00f1os de la creaci\u00f3n de Petrocaribe, mecanismo de integraci\u00f3n regional que permite el desarrollo integral y solidario de los pa\u00edses del Caribe.<\/p>\n<p style=\"text-align: justify;\">En su usuario en la red social Facebook, el Jefe de Estado destac\u00f3 que Petrocaribe es uno de los legados \u201cde acuerdos y formas de cooperaci\u00f3n e integraci\u00f3n regional\u201d creados por el presidente Hugo Ch\u00e1vez.<\/p>\n<p style=\"text-align: justify;\">El mandatario record\u00f3 que el 29 de junio de 2005 naci\u00f3 Petrocaribe, como parte del Primer Encuentro Energ\u00e9tico de Jefes de Estado y de Gobierno del Caribe, realizado en Puerto La Cruz, con la suscripci\u00f3n inicial de 14 pa\u00edses de la regi\u00f3n.<\/p>\n<p style=\"text-align: justify;\">\u201cEste mecanismo de integraci\u00f3n regional energ\u00e9tica y social permite el desarrollo integral y solidario de los pa\u00edses del Caribe, que hemos venido impulsando con el objetivo de seguir potenciando las capacidades que tenemos en materias petrolera, gasifica, petroqu\u00edmica, pero que tambi\u00e9n abarca el intercambio cultural, tecnol\u00f3gico, educativo, entre otros\u201d, resalt\u00f3.<\/p>\n<p style=\"text-align: justify;\">En 11 a\u00f1os Petrocaribe ha impulsado la transformaci\u00f3n econ\u00f3mica y social de los pueblos de las naciones que lo integran. Este mecanismo ha fortalecido un nuevo esquema de intercambio favorable, equitativo y justo entre las naciones de la regi\u00f3n caribe\u00f1a, para garantizar el acceso regular a los recursos energ\u00e9ticos.<\/p>\n<p style=\"text-align: justify;\">El organismo coordina y articula las pol\u00edticas de energ\u00eda, incluyendo el petr\u00f3leo y sus derivados, gas, electricidad y su uso eficiente, cooperaci\u00f3n tecnol\u00f3gica, capacitaci\u00f3n, desarrollo de infraestructura energ\u00e9tica, y el aprovechamiento de fuentes alternas como las energ\u00edas e\u00f3lica y solar.<\/p>\n<p style=\"text-align: justify;\">Actualmente lo integran 19 pa\u00edses: Antigua y Barbuda, Bahamas, Belice, Cuba, Dominica, El Salvador, Granada, Guatemala, Guyana, Hait\u00ed, Honduras, Jamaica, Nicaragua, Rep\u00fablica Dominicana, San Crist\u00f3bal y Nieves, Santa Luc\u00eda, San Vicente y Las Granadinas, Surinam y Venezuela.<\/p>\n","protected":false},"excerpt":{"rendered":"<p>Caracas, 29 Jun. AVN.- El presidente de la Rep\u00fablica, Nicol\u00e1s Maduro, celebr\u00f3 este mi\u00e9rcoles los 11 &hellip; <a title=\"Petrocaribe cumple 11 a\u00f1os de integraci\u00f3n energ\u00e9tica y social para el desarrollo de los pueblos\" class=\"hm-read-more\" href=\"https:\/\/www.mpppst.gob.ve\/mpppstweb\/index.php\/2016\/06\/30\/petrocaribe-cumple-11-anos-de-integracion-energetica-y-social-para-el-desarrollo-de-los-pueblos\/\"><span class=\"screen-reader-text\">Petrocaribe cumple 11 a\u00f1os de integraci\u00f3n energ\u00e9tica y social para el desarrollo de los pueblos<\/span>Read more<\/a><\/p>\n","protected":false},"author":25,"featured_media":6580,"comment_status":"closed","ping_status":"closed","sticky":false,"template":"","format":"standard","meta":{"footnotes":""},"categories":[82],"tags":[],"yoast_head":"<!-- This site is optimized with the Yoast SEO plugin v22.5 - https:\/\/yoast.com\/wordpress\/plugins\/seo\/ -->\n<title>Petrocaribe cumple 11 a\u00f1os de integraci\u00f3n energ\u00e9tica y social para el desarrollo de los pueblos - MPPPST<\/title>\n<meta name=\"robots\" content=\"index, follow, max-snippet:-1, max-image-preview:large, max-video-preview:-1\" \/>\n<link rel=\"canonical\" href=\"https:\/\/www.mpppst.gob.ve\/mpppstweb\/index.php\/2016\/06\/30\/petrocaribe-cumple-11-anos-de-integracion-energetica-y-social-para-el-desarrollo-de-los-pueblos\/\" \/>\n<meta property=\"og:locale\" content=\"es_ES\" \/>\n<meta property=\"og:type\" content=\"article\" \/>\n<meta property=\"og:title\" content=\"Petrocaribe cumple 11 a\u00f1os de integraci\u00f3n energ\u00e9tica y social para el desarrollo de los pueblos - MPPPST\" \/>\n<meta property=\"og:description\" content=\"Caracas, 29 Jun. AVN.- El presidente de la Rep\u00fablica, Nicol\u00e1s Maduro, celebr\u00f3 este mi\u00e9rcoles los 11 &hellip; Petrocaribe cumple 11 a\u00f1os de integraci\u00f3n energ\u00e9tica y social para el desarrollo de los pueblosRead more\" \/>\n<meta property=\"og:url\" content=\"https:\/\/www.mpppst.gob.ve\/mpppstweb\/index.php\/2016\/06\/30\/petrocaribe-cumple-11-anos-de-integracion-energetica-y-social-para-el-desarrollo-de-los-pueblos\/\" \/>\n<meta property=\"og:site_name\" content=\"MPPPST\" \/>\n<meta property=\"article:published_time\" content=\"2016-06-30T13:54:29+00:00\" \/>\n<meta property=\"article:modified_time\" content=\"2016-07-01T21:13:01+00:00\" \/>\n<meta property=\"og:image\" content=\"https:\/\/www.mpppst.gob.ve\/mpppstweb\/wp-content\/uploads\/2016\/06\/petro-caribe-cumple-11-a\u00f1os-de-integracion-energetica-y-social-para-el-desarrollo-de-los-pueblos.jpg\" \/>\n\t<meta property=\"og:image:width\" content=\"800\" \/>\n\t<meta property=\"og:image:height\" content=\"445\" \/>\n\t<meta property=\"og:image:type\" content=\"image\/jpeg\" \/>\n<meta name=\"author\" content=\"MPPPST Prensa\" \/>\n<meta name=\"twitter:card\" content=\"summary_large_image\" \/>\n<meta name=\"twitter:label1\" content=\"Escrito por\" \/>\n\t<meta name=\"twitter:data1\" content=\"MPPPST Prensa\" \/>\n\t<meta name=\"twitter:label2\" content=\"Tiempo de lectura\" \/>\n\t<meta name=\"twitter:data2\" content=\"2 minutos\" \/>\n<script type=\"application\/ld+json\" class=\"yoast-schema-graph\">{\"@context\":\"https:\/\/schema.org\",\"@graph\":[{\"@type\":\"Article\",\"@id\":\"https:\/\/www.mpppst.gob.ve\/mpppstweb\/index.php\/2016\/06\/30\/petrocaribe-cumple-11-anos-de-integracion-energetica-y-social-para-el-desarrollo-de-los-pueblos\/#article\",\"isPartOf\":{\"@id\":\"https:\/\/www.mpppst.gob.ve\/mpppstweb\/index.php\/2016\/06\/30\/petrocaribe-cumple-11-anos-de-integracion-energetica-y-social-para-el-desarrollo-de-los-pueblos\/\"},\"author\":{\"name\":\"MPPPST Prensa\",\"@id\":\"https:\/\/www.mpppst.gob.ve\/mpppstweb\/#\/schema\/person\/fc187ee8ead412bd4c9304b62f900ea4\"},\"headline\":\"Petrocaribe cumple 11 a\u00f1os de integraci\u00f3n energ\u00e9tica y social para el desarrollo de los pueblos\",\"datePublished\":\"2016-06-30T13:54:29+00:00\",\"dateModified\":\"2016-07-01T21:13:01+00:00\",\"mainEntityOfPage\":{\"@id\":\"https:\/\/www.mpppst.gob.ve\/mpppstweb\/index.php\/2016\/06\/30\/petrocaribe-cumple-11-anos-de-integracion-energetica-y-social-para-el-desarrollo-de-los-pueblos\/\"},\"wordCount\":341,\"publisher\":{\"@id\":\"https:\/\/www.mpppst.gob.ve\/mpppstweb\/#organization\"},\"image\":{\"@id\":\"https:\/\/www.mpppst.gob.ve\/mpppstweb\/index.php\/2016\/06\/30\/petrocaribe-cumple-11-anos-de-integracion-energetica-y-social-para-el-desarrollo-de-los-pueblos\/#primaryimage\"},\"thumbnailUrl\":\"https:\/\/www.mpppst.gob.ve\/mpppstweb\/wp-content\/uploads\/2016\/06\/petro-caribe-cumple-11-a\u00f1os-de-integracion-energetica-y-social-para-el-desarrollo-de-los-pueblos.jpg\",\"articleSection\":[\"Gobierno Nacional\"],\"inLanguage\":\"es\"},{\"@type\":\"WebPage\",\"@id\":\"https:\/\/www.mpppst.gob.ve\/mpppstweb\/index.php\/2016\/06\/30\/petrocaribe-cumple-11-anos-de-integracion-energetica-y-social-para-el-desarrollo-de-los-pueblos\/\",\"url\":\"https:\/\/www.mpppst.gob.ve\/mpppstweb\/index.php\/2016\/06\/30\/petrocaribe-cumple-11-anos-de-integracion-energetica-y-social-para-el-desarrollo-de-los-pueblos\/\",\"name\":\"Petrocaribe cumple 11 a\u00f1os de integraci\u00f3n energ\u00e9tica y social para el desarrollo de los pueblos - MPPPST\",\"isPartOf\":{\"@id\":\"https:\/\/www.mpppst.gob.ve\/mpppstweb\/#website\"},\"primaryImageOfPage\":{\"@id\":\"https:\/\/www.mpppst.gob.ve\/mpppstweb\/index.php\/2016\/06\/30\/petrocaribe-cumple-11-anos-de-integracion-energetica-y-social-para-el-desarrollo-de-los-pueblos\/#primaryimage\"},\"image\":{\"@id\":\"https:\/\/www.mpppst.gob.ve\/mpppstweb\/index.php\/2016\/06\/30\/petrocaribe-cumple-11-anos-de-integracion-energetica-y-social-para-el-desarrollo-de-los-pueblos\/#primaryimage\"},\"thumbnailUrl\":\"https:\/\/www.mpppst.gob.ve\/mpppstweb\/wp-content\/uploads\/2016\/06\/petro-caribe-cumple-11-a\u00f1os-de-integracion-energetica-y-social-para-el-desarrollo-de-los-pueblos.jpg\",\"datePublished\":\"2016-06-30T13:54:29+00:00\",\"dateModified\":\"2016-07-01T21:13:01+00:00\",\"breadcrumb\":{\"@id\":\"https:\/\/www.mpppst.gob.ve\/mpppstweb\/index.php\/2016\/06\/30\/petrocaribe-cumple-11-anos-de-integracion-energetica-y-social-para-el-desarrollo-de-los-pueblos\/#breadcrumb\"},\"inLanguage\":\"es\",\"potentialAction\":[{\"@type\":\"ReadAction\",\"target\":[\"https:\/\/www.mpppst.gob.ve\/mpppstweb\/index.php\/2016\/06\/30\/petrocaribe-cumple-11-anos-de-integracion-energetica-y-social-para-el-desarrollo-de-los-pueblos\/\"]}]},{\"@type\":\"ImageObject\",\"inLanguage\":\"es\",\"@id\":\"https:\/\/www.mpppst.gob.ve\/mpppstweb\/index.php\/2016\/06\/30\/petrocaribe-cumple-11-anos-de-integracion-energetica-y-social-para-el-desarrollo-de-los-pueblos\/#primaryimage\",\"url\":\"https:\/\/www.mpppst.gob.ve\/mpppstweb\/wp-content\/uploads\/2016\/06\/petro-caribe-cumple-11-a\u00f1os-de-integracion-energetica-y-social-para-el-desarrollo-de-los-pueblos.jpg\",\"contentUrl\":\"https:\/\/www.mpppst.gob.ve\/mpppstweb\/wp-content\/uploads\/2016\/06\/petro-caribe-cumple-11-a\u00f1os-de-integracion-energetica-y-social-para-el-desarrollo-de-los-pueblos.jpg\",\"width\":800,\"height\":445},{\"@type\":\"BreadcrumbList\",\"@id\":\"https:\/\/www.mpppst.gob.ve\/mpppstweb\/index.php\/2016\/06\/30\/petrocaribe-cumple-11-anos-de-integracion-energetica-y-social-para-el-desarrollo-de-los-pueblos\/#breadcrumb\",\"itemListElement\":[{\"@type\":\"ListItem\",\"position\":1,\"name\":\"Home\",\"item\":\"https:\/\/www.mpppst.gob.ve\/mpppstweb\/\"},{\"@type\":\"ListItem\",\"position\":2,\"name\":\"Petrocaribe cumple 11 a\u00f1os de integraci\u00f3n energ\u00e9tica y social para el desarrollo de los pueblos\"}]},{\"@type\":\"WebSite\",\"@id\":\"https:\/\/www.mpppst.gob.ve\/mpppstweb\/#website\",\"url\":\"https:\/\/www.mpppst.gob.ve\/mpppstweb\/\",\"name\":\"MPPPST\",\"description\":\"Ministerio del Poder Popular para el Proceso Social de Trabajo\",\"publisher\":{\"@id\":\"https:\/\/www.mpppst.gob.ve\/mpppstweb\/#organization\"},\"potentialAction\":[{\"@type\":\"SearchAction\",\"target\":{\"@type\":\"EntryPoint\",\"urlTemplate\":\"https:\/\/www.mpppst.gob.ve\/mpppstweb\/?s={search_term_string}\"},\"query-input\":\"required name=search_term_string\"}],\"inLanguage\":\"es\"},{\"@type\":\"Organization\",\"@id\":\"https:\/\/www.mpppst.gob.ve\/mpppstweb\/#organization\",\"name\":\"mpppst\",\"url\":\"https:\/\/www.mpppst.gob.ve\/mpppstweb\/\",\"logo\":{\"@type\":\"ImageObject\",\"inLanguage\":\"es\",\"@id\":\"https:\/\/www.mpppst.gob.ve\/mpppstweb\/#\/schema\/logo\/image\/\",\"url\":\"https:\/\/www.mpppst.gob.ve\/mpppstweb\/wp-content\/uploads\/2025\/07\/cropped-cropped-g910.png\",\"contentUrl\":\"https:\/\/www.mpppst.gob.ve\/mpppstweb\/wp-content\/uploads\/2025\/07\/cropped-cropped-g910.png\",\"width\":1080,\"height\":241,\"caption\":\"mpppst\"},\"image\":{\"@id\":\"https:\/\/www.mpppst.gob.ve\/mpppstweb\/#\/schema\/logo\/image\/\"}},{\"@type\":\"Person\",\"@id\":\"https:\/\/www.mpppst.gob.ve\/mpppstweb\/#\/schema\/person\/fc187ee8ead412bd4c9304b62f900ea4\",\"name\":\"MPPPST Prensa\",\"url\":\"https:\/\/www.mpppst.gob.ve\/mpppstweb\/index.php\/author\/prensa-mpppst\/\"}]}<\/script>\n<!-- \/ Yoast SEO plugin. -->","yoast_head_json":{"title":"Petrocaribe cumple 11 a\u00f1os de integraci\u00f3n energ\u00e9tica y social para el desarrollo de los pueblos - MPPPST","robots":{"index":"index","follow":"follow","max-snippet":"max-snippet:-1","max-image-preview":"max-image-preview:large","max-video-preview":"max-video-preview:-1"},"canonical":"https:\/\/www.mpppst.gob.ve\/mpppstweb\/index.php\/2016\/06\/30\/petrocaribe-cumple-11-anos-de-integracion-energetica-y-social-para-el-desarrollo-de-los-pueblos\/","og_locale":"es_ES","og_type":"article","og_title":"Petrocaribe cumple 11 a\u00f1os de integraci\u00f3n energ\u00e9tica y social para el desarrollo de los pueblos - MPPPST","og_description":"Caracas, 29 Jun. AVN.- El presidente de la Rep\u00fablica, Nicol\u00e1s Maduro, celebr\u00f3 este mi\u00e9rcoles los 11 &hellip; Petrocaribe cumple 11 a\u00f1os de integraci\u00f3n energ\u00e9tica y social para el desarrollo de los pueblosRead more","og_url":"https:\/\/www.mpppst.gob.ve\/mpppstweb\/index.php\/2016\/06\/30\/petrocaribe-cumple-11-anos-de-integracion-energetica-y-social-para-el-desarrollo-de-los-pueblos\/","og_site_name":"MPPPST","article_published_time":"2016-06-30T13:54:29+00:00","article_modified_time":"2016-07-01T21:13:01+00:00","og_image":[{"width":800,"height":445,"url":"https:\/\/www.mpppst.gob.ve\/mpppstweb\/wp-content\/uploads\/2016\/06\/petro-caribe-cumple-11-a\u00f1os-de-integracion-energetica-y-social-para-el-desarrollo-de-los-pueblos.jpg","type":"image\/jpeg"}],"author":"MPPPST Prensa","twitter_card":"summary_large_image","twitter_misc":{"Escrito por":"MPPPST Prensa","Tiempo de lectura":"2 minutos"},"schema":{"@context":"https:\/\/schema.org","@graph":[{"@type":"Article","@id":"https:\/\/www.mpppst.gob.ve\/mpppstweb\/index.php\/2016\/06\/30\/petrocaribe-cumple-11-anos-de-integracion-energetica-y-social-para-el-desarrollo-de-los-pueblos\/#article","isPartOf":{"@id":"https:\/\/www.mpppst.gob.ve\/mpppstweb\/index.php\/2016\/06\/30\/petrocaribe-cumple-11-anos-de-integracion-energetica-y-social-para-el-desarrollo-de-los-pueblos\/"},"author":{"name":"MPPPST Prensa","@id":"https:\/\/www.mpppst.gob.ve\/mpppstweb\/#\/schema\/person\/fc187ee8ead412bd4c9304b62f900ea4"},"headline":"Petrocaribe cumple 11 a\u00f1os de integraci\u00f3n energ\u00e9tica y social para el desarrollo de los pueblos","datePublished":"2016-06-30T13:54:29+00:00","dateModified":"2016-07-01T21:13:01+00:00","mainEntityOfPage":{"@id":"https:\/\/www.mpppst.gob.ve\/mpppstweb\/index.php\/2016\/06\/30\/petrocaribe-cumple-11-anos-de-integracion-energetica-y-social-para-el-desarrollo-de-los-pueblos\/"},"wordCount":341,"publisher":{"@id":"https:\/\/www.mpppst.gob.ve\/mpppstweb\/#organization"},"image":{"@id":"https:\/\/www.mpppst.gob.ve\/mpppstweb\/index.php\/2016\/06\/30\/petrocaribe-cumple-11-anos-de-integracion-energetica-y-social-para-el-desarrollo-de-los-pueblos\/#primaryimage"},"thumbnailUrl":"https:\/\/www.mpppst.gob.ve\/mpppstweb\/wp-content\/uploads\/2016\/06\/petro-caribe-cumple-11-a\u00f1os-de-integracion-energetica-y-social-para-el-desarrollo-de-los-pueblos.jpg","articleSection":["Gobierno Nacional"],"inLanguage":"es"},{"@type":"WebPage","@id":"https:\/\/www.mpppst.gob.ve\/mpppstweb\/index.php\/2016\/06\/30\/petrocaribe-cumple-11-anos-de-integracion-energetica-y-social-para-el-desarrollo-de-los-pueblos\/","url":"https:\/\/www.mpppst.gob.ve\/mpppstweb\/index.php\/2016\/06\/30\/petrocaribe-cumple-11-anos-de-integracion-energetica-y-social-para-el-desarrollo-de-los-pueblos\/","name":"Petrocaribe cumple 11 a\u00f1os de integraci\u00f3n energ\u00e9tica y social para el desarrollo de los pueblos - MPPPST","isPartOf":{"@id":"https:\/\/www.mpppst.gob.ve\/mpppstweb\/#website"},"primaryImageOfPage":{"@id":"https:\/\/www.mpppst.gob.ve\/mpppstweb\/index.php\/2016\/06\/30\/petrocaribe-cumple-11-anos-de-integracion-energetica-y-social-para-el-desarrollo-de-los-pueblos\/#primaryimage"},"image":{"@id":"https:\/\/www.mpppst.gob.ve\/mpppstweb\/index.php\/2016\/06\/30\/petrocaribe-cumple-11-anos-de-integracion-energetica-y-social-para-el-desarrollo-de-los-pueblos\/#primaryimage"},"thumbnailUrl":"https:\/\/www.mpppst.gob.ve\/mpppstweb\/wp-content\/uploads\/2016\/06\/petro-caribe-cumple-11-a\u00f1os-de-integracion-energetica-y-social-para-el-desarrollo-de-los-pueblos.jpg","datePublished":"2016-06-30T13:54:29+00:00","dateModified":"2016-07-01T21:13:01+00:00","breadcrumb":{"@id":"https:\/\/www.mpppst.gob.ve\/mpppstweb\/index.php\/2016\/06\/30\/petrocaribe-cumple-11-anos-de-integracion-energetica-y-social-para-el-desarrollo-de-los-pueblos\/#breadcrumb"},"inLanguage":"es","potentialAction":[{"@type":"ReadAction","target":["https:\/\/www.mpppst.gob.ve\/mpppstweb\/index.php\/2016\/06\/30\/petrocaribe-cumple-11-anos-de-integracion-energetica-y-social-para-el-desarrollo-de-los-pueblos\/"]}]},{"@type":"ImageObject","inLanguage":"es","@id":"https:\/\/www.mpppst.gob.ve\/mpppstweb\/index.php\/2016\/06\/30\/petrocaribe-cumple-11-anos-de-integracion-energetica-y-social-para-el-desarrollo-de-los-pueblos\/#primaryimage","url":"https:\/\/www.mpppst.gob.ve\/mpppstweb\/wp-content\/uploads\/2016\/06\/petro-caribe-cumple-11-a\u00f1os-de-integracion-energetica-y-social-para-el-desarrollo-de-los-pueblos.jpg","contentUrl":"https:\/\/www.mpppst.gob.ve\/mpppstweb\/wp-content\/uploads\/2016\/06\/petro-caribe-cumple-11-a\u00f1os-de-integracion-energetica-y-social-para-el-desarrollo-de-los-pueblos.jpg","width":800,"height":445},{"@type":"BreadcrumbList","@id":"https:\/\/www.mpppst.gob.ve\/mpppstweb\/index.php\/2016\/06\/30\/petrocaribe-cumple-11-anos-de-integracion-energetica-y-social-para-el-desarrollo-de-los-pueblos\/#breadcrumb","itemListElement":[{"@type":"ListItem","position":1,"name":"Home","item":"https:\/\/www.mpppst.gob.ve\/mpppstweb\/"},{"@type":"ListItem","position":2,"name":"Petrocaribe cumple 11 a\u00f1os de integraci\u00f3n energ\u00e9tica y social para el desarrollo de los pueblos"}]},{"@type":"WebSite","@id":"https:\/\/www.mpppst.gob.ve\/mpppstweb\/#website","url":"https:\/\/www.mpppst.gob.ve\/mpppstweb\/","name":"MPPPST","description":"Ministerio del Poder Popular para el Proceso Social de Trabajo","publisher":{"@id":"https:\/\/www.mpppst.gob.ve\/mpppstweb\/#organization"},"potentialAction":[{"@type":"SearchAction","target":{"@type":"EntryPoint","urlTemplate":"https:\/\/www.mpppst.gob.ve\/mpppstweb\/?s={search_term_string}"},"query-input":"required name=search_term_string"}],"inLanguage":"es"},{"@type":"Organization","@id":"https:\/\/www.mpppst.gob.ve\/mpppstweb\/#organization","name":"mpppst","url":"https:\/\/www.mpppst.gob.ve\/mpppstweb\/","logo":{"@type":"ImageObject","inLanguage":"es","@id":"https:\/\/www.mpppst.gob.ve\/mpppstweb\/#\/schema\/logo\/image\/","url":"https:\/\/www.mpppst.gob.ve\/mpppstweb\/wp-content\/uploads\/2025\/07\/cropped-cropped-g910.png","contentUrl":"https:\/\/www.mpppst.gob.ve\/mpppstweb\/wp-content\/uploads\/2025\/07\/cropped-cropped-g910.png","width":1080,"height":241,"caption":"mpppst"},"image":{"@id":"https:\/\/www.mpppst.gob.ve\/mpppstweb\/#\/schema\/logo\/image\/"}},{"@type":"Person","@id":"https:\/\/www.mpppst.gob.ve\/mpppstweb\/#\/schema\/person\/fc187ee8ead412bd4c9304b62f900ea4","name":"MPPPST Prensa","url":"https:\/\/www.mpppst.gob.ve\/mpppstweb\/index.php\/author\/prensa-mpppst\/"}]}},"_links":{"self":[{"href":"https:\/\/www.mpppst.gob.ve\/mpppstweb\/index.php\/wp-json\/wp\/v2\/posts\/6570"}],"collection":[{"href":"https:\/\/www.mpppst.gob.ve\/mpppstweb\/index.php\/wp-json\/wp\/v2\/posts"}],"about":[{"href":"https:\/\/www.mpppst.gob.ve\/mpppstweb\/index.php\/wp-json\/wp\/v2\/types\/post"}],"author":[{"embeddable":true,"href":"https:\/\/www.mpppst.gob.ve\/mpppstweb\/index.php\/wp-json\/wp\/v2\/users\/25"}],"replies":[{"embeddable":true,"href":"https:\/\/www.mpppst.gob.ve\/mpppstweb\/index.php\/wp-json\/wp\/v2\/comments?post=6570"}],"version-history":[{"count":1,"href":"https:\/\/www.mpppst.gob.ve\/mpppstweb\/index.php\/wp-json\/wp\/v2\/posts\/6570\/revisions"}],"predecessor-version":[{"id":6571,"href":"https:\/\/www.mpppst.gob.ve\/mpppstweb\/index.php\/wp-json\/wp\/v2\/posts\/6570\/revisions\/6571"}],"wp:featuredmedia":[{"embeddable":true,"href":"https:\/\/www.mpppst.gob.ve\/mpppstweb\/index.php\/wp-json\/wp\/v2\/media\/6580"}],"wp:attachment":[{"href":"https:\/\/www.mpppst.gob.ve\/mpppstweb\/index.php\/wp-json\/wp\/v2\/media?parent=6570"}],"wp:term":[{"taxonomy":"category","embeddable":true,"href":"https:\/\/www.mpppst.gob.ve\/mpppstweb\/index.php\/wp-json\/wp\/v2\/categories?post=6570"},{"taxonomy":"post_tag","embeddable":true,"href":"https:\/\/www.mpppst.gob.ve\/mpppstweb\/index.php\/wp-json\/wp\/v2\/tags?post=6570"}],"curies":[{"name":"wp","href":"https:\/\/api.w.org\/{rel}","templated":true}]}}