{"id":8663,"date":"2016-09-28T12:56:06","date_gmt":"2016-09-28T12:56:06","guid":{"rendered":"http:\/\/www.mpppst.gob.ve\/mpppstweb\/?p=8663"},"modified":"2016-09-28T12:56:06","modified_gmt":"2016-09-28T12:56:06","slug":"clap-textil-contribuye-con-la-produccion-de-uniformes-escolares","status":"publish","type":"post","link":"https:\/\/www.mpppst.gob.ve\/mpppstweb\/index.php\/2016\/09\/28\/clap-textil-contribuye-con-la-produccion-de-uniformes-escolares\/","title":{"rendered":"Clap textil contribuye con la producci\u00f3n de uniformes escolares"},"content":{"rendered":"<p style=\"text-align: justify;\">Con la finalidad de combatir la guerra econ\u00f3mica y continuar con la agenda de abastecimiento al pueblo, un grupo de mujeres y hombres pertenecientes al circuito 3 del Distrito Capital conformaron el Comit\u00e9 Local de Abastecimiento y Producci\u00f3n (CLAP) bajo el Plan textil para la producci\u00f3n y distribuci\u00f3n de uniformes escolares con el apoyo del Ministerio de Poder Popular para el Proceso Social de Trabajo (MPPPST).<\/p>\n<p style=\"text-align: justify;\">Elizabet Navarro, quien es jefa de la UBCH Liceo Andr\u00e9s Bello, militante del Psuv de la parroquia La Candelaria, explic\u00f3 que todos los que est\u00e1n asumiendo este reto de la Revoluci\u00f3n Bolivariana se han convertido en una trinchera de lucha, porque los Clap que inicialmente sirvieron como una estructura organizativa para distribuir alimentos, ahora asumen su verdadero rol, que es impulsar la producci\u00f3n socialista.<\/p>\n<p style=\"text-align: justify;\">El espacio que est\u00e1n utilizando como taller de corte y costura, ubicado en Parque Central. Comprende la parroquia La Candelaria. Tal espacio es el Clap textil de la Circunscripci\u00f3n 3 del Distrito Capital que est\u00e1 integrada por esa parroquia, adem\u00e1s de San Agust\u00edn, San pedro, San Jos\u00e9, San Bernardino y El Recreo. La encargada del Circuito es la se\u00f1ora Mar\u00eda Guevara.<\/p>\n<p style=\"text-align: justify;\">Navarro resalt\u00f3 que en ese taller tienen un conglomerado de 20 personas que trabajan en horarios rotativos con la finalidad de elevar la producci\u00f3n de camisas blancas para ni\u00f1os de primaria. Las mismas est\u00e1n destinadas a formar parte de los kits escolares que se expender\u00e1n en los colegios seleccionados del Distrito Capital a precios solidarios.<\/p>\n<p style=\"text-align: justify;\">Agreg\u00f3 que los hombres involucrados en este proyecto son cortadores y las mujeres son las que se dedican a coser las camisas que son confeccionadas con telas importadas de la Rep\u00fablica del Ecuador, como ejercicio de solidaridad de este pa\u00eds con Venezuela.<\/p>\n<p style=\"text-align: justify;\">La encargada por parte de la parroquia La Candelaria explic\u00f3 que adem\u00e1s de la costura que se hace en este taller, tambi\u00e9n hay mujeres que apoyan desde su casa. Una vez que las piezas est\u00e1n listas son llevadas a la responsable circuital; quien a su vez recoge en todas las parroquias y posteriormente se abastecen los kits que ser\u00e1n entregados en las escuelas que previamente fueron seleccionadas. Por ejemplo, en La Candelaria est\u00e1 la Escuela Experimental Venezuela donde hay m\u00e1s de mil 800 estudiantes de primero a sexto grado.<\/p>\n<p style=\"text-align: justify;\">Finaliz\u00f3 diciendo que el Gobierno est\u00e1 ofreciendo estos kits a Bs. 2 mil 500 y a su vez est\u00e1 combatiendo la especulaci\u00f3n, \u201ces por ello que el pueblo sigue rodilla en tierra con la revoluci\u00f3n de Ch\u00e1vez y el Gobierno del presidente Nicol\u00e1s Maduro\u201d.<\/p>\n<p style=\"text-align: justify;\"><strong>Apoyo del MPPPST<\/strong><\/p>\n<p style=\"text-align: justify;\">Omaira Zambrano forma parte de este CLAP textil como vocera del Ministerio del Poder Popular para el Proceso Social de Trabajo. Dijo que, siguiendo las instrucciones del presidente Nicol\u00e1s Maduro de dar todo el poder a los Clap como punta de lanza contra la guerra econ\u00f3mica, se encuentra en ese espacio de lucha para contribuir con la producci\u00f3n.<\/p>\n<p style=\"text-align: justify;\">\u201cHoy en d\u00eda nos encontramos un grupo de hombres y mujeres empoderados no solamente de los Clap de alimentaci\u00f3n sino de los Clap textiles; en estos momentos contra la guerra econ\u00f3mica y por el bienestar de los chicos que est\u00e1n iniciando las clases. Esto es un espacio de combate, las mujeres que somos las m\u00e1s golpeadas en esta guerra econ\u00f3mica venimos aqu\u00ed a darle respuesta a la oligarqu\u00eda\u201d, finaliz\u00f3.<\/p>\n<p style=\"text-align: justify;\">Por su parte, Aris Ferrer, directora adscrita al viceministerio para Educaci\u00f3n y el Trabajo para la Liberaci\u00f3n del MPPPST, se sum\u00f3 al apoyo de esta iniciativa y como representante del Ministerio explic\u00f3 que admira la labor de estos trabajadores y trabajadoras revolucionarios que d\u00eda a d\u00eda van a ese espacio a contribuir desde una m\u00e1quina para continuar defendiendo la paz y contrarrestar la guerra econ\u00f3mica.<\/p>\n<p style=\"text-align: justify;\"><strong>Habla una protagonista<\/strong><\/p>\n<p style=\"text-align: justify;\">Rita Contreras, dedic\u00f3 parte de su carrera a ser escolta de un ex diputado de la Asamblea Nacional. Ha sido revolucionaria, luchadora social y considerada por sus compa\u00f1eras como una mujer guerrera capaz de lograr los objetivos que se propone.<\/p>\n<p style=\"text-align: justify;\">Desde que el presidente Nicol\u00e1s Maduro hizo el llamado a la producci\u00f3n, Rita Contreras se decidi\u00f3 trazarse otro objetivo en la vida: participar en los Clap Textiles junto a sus camaradas de la parroquia La Candelaria.<\/p>\n<p style=\"text-align: justify;\">La trabajadora explic\u00f3 que jam\u00e1s en su vida se hab\u00eda sentado en alguna m\u00e1quina de coser, porque su trabajo nunca hab\u00eda estado vinculado a esta \u00e1rea. Sin embargo, \u00a0al conocer este Proyecto se convenci\u00f3 de que aprender a hacerlo es una necesidad para la Patria. Ahora pega piezas de las camisas con las m\u00e1quinas de recta y overlock.<\/p>\n<p style=\"text-align: justify;\">\u201cPoco a poco he ido aprendiendo a manejar las m\u00e1quinas de coser, me daban retazos de telas para practicar, y cuando dominaba la t\u00e9cnica me pon\u00edan a pegar piezas de las camisas escolares, a\u00fan me falta por aprender pero poco a poco se van consiguiendo los objetivos\u201d, finaliz\u00f3 Contreras quien se encuentra satisfecha por su labor en esta etapa de la Revoluci\u00f3n.<\/p>\n<p style=\"text-align: justify;\">Por: Elio Garc\u00eda<\/p>\n","protected":false},"excerpt":{"rendered":"<p>Con la finalidad de combatir la guerra econ\u00f3mica y continuar con la agenda de abastecimiento al &hellip; <a title=\"Clap textil contribuye con la producci\u00f3n de uniformes escolares\" class=\"hm-read-more\" href=\"https:\/\/www.mpppst.gob.ve\/mpppstweb\/index.php\/2016\/09\/28\/clap-textil-contribuye-con-la-produccion-de-uniformes-escolares\/\"><span class=\"screen-reader-text\">Clap textil contribuye con la producci\u00f3n de uniformes escolares<\/span>Read more<\/a><\/p>\n","protected":false},"author":25,"featured_media":8664,"comment_status":"closed","ping_status":"closed","sticky":false,"template":"","format":"standard","meta":{"footnotes":""},"categories":[83,163],"tags":[],"yoast_head":"<!-- This site is optimized with the Yoast SEO plugin v22.5 - https:\/\/yoast.com\/wordpress\/plugins\/seo\/ -->\n<title>Clap textil contribuye con la producci\u00f3n de uniformes escolares - MPPPST<\/title>\n<meta name=\"robots\" content=\"index, follow, max-snippet:-1, max-image-preview:large, max-video-preview:-1\" \/>\n<link rel=\"canonical\" href=\"https:\/\/www.mpppst.gob.ve\/mpppstweb\/index.php\/2016\/09\/28\/clap-textil-contribuye-con-la-produccion-de-uniformes-escolares\/\" \/>\n<meta property=\"og:locale\" content=\"es_ES\" \/>\n<meta property=\"og:type\" content=\"article\" \/>\n<meta property=\"og:title\" content=\"Clap textil contribuye con la producci\u00f3n de uniformes escolares - MPPPST\" \/>\n<meta property=\"og:description\" content=\"Con la finalidad de combatir la guerra econ\u00f3mica y continuar con la agenda de abastecimiento al &hellip; Clap textil contribuye con la producci\u00f3n de uniformes escolaresRead more\" \/>\n<meta property=\"og:url\" content=\"https:\/\/www.mpppst.gob.ve\/mpppstweb\/index.php\/2016\/09\/28\/clap-textil-contribuye-con-la-produccion-de-uniformes-escolares\/\" \/>\n<meta property=\"og:site_name\" content=\"MPPPST\" \/>\n<meta property=\"article:published_time\" content=\"2016-09-28T12:56:06+00:00\" \/>\n<meta property=\"og:image\" content=\"https:\/\/www.mpppst.gob.ve\/mpppstweb\/wp-content\/uploads\/2016\/09\/Clap-textil-contribuye-con-la-producci\u00f3n-de-uniformes-escolares-800x445.jpg\" \/>\n\t<meta property=\"og:image:width\" content=\"800\" \/>\n\t<meta property=\"og:image:height\" content=\"445\" \/>\n\t<meta property=\"og:image:type\" content=\"image\/jpeg\" \/>\n<meta name=\"author\" content=\"MPPPST Prensa\" \/>\n<meta name=\"twitter:card\" content=\"summary_large_image\" \/>\n<meta name=\"twitter:label1\" content=\"Escrito por\" \/>\n\t<meta name=\"twitter:data1\" content=\"MPPPST Prensa\" \/>\n\t<meta name=\"twitter:label2\" content=\"Tiempo de lectura\" \/>\n\t<meta name=\"twitter:data2\" content=\"4 minutos\" \/>\n<script type=\"application\/ld+json\" class=\"yoast-schema-graph\">{\"@context\":\"https:\/\/schema.org\",\"@graph\":[{\"@type\":\"Article\",\"@id\":\"https:\/\/www.mpppst.gob.ve\/mpppstweb\/index.php\/2016\/09\/28\/clap-textil-contribuye-con-la-produccion-de-uniformes-escolares\/#article\",\"isPartOf\":{\"@id\":\"https:\/\/www.mpppst.gob.ve\/mpppstweb\/index.php\/2016\/09\/28\/clap-textil-contribuye-con-la-produccion-de-uniformes-escolares\/\"},\"author\":{\"name\":\"MPPPST Prensa\",\"@id\":\"https:\/\/www.mpppst.gob.ve\/mpppstweb\/#\/schema\/person\/fc187ee8ead412bd4c9304b62f900ea4\"},\"headline\":\"Clap textil contribuye con la producci\u00f3n de uniformes escolares\",\"datePublished\":\"2016-09-28T12:56:06+00:00\",\"dateModified\":\"2016-09-28T12:56:06+00:00\",\"mainEntityOfPage\":{\"@id\":\"https:\/\/www.mpppst.gob.ve\/mpppstweb\/index.php\/2016\/09\/28\/clap-textil-contribuye-con-la-produccion-de-uniformes-escolares\/\"},\"wordCount\":881,\"publisher\":{\"@id\":\"https:\/\/www.mpppst.gob.ve\/mpppstweb\/#organization\"},\"image\":{\"@id\":\"https:\/\/www.mpppst.gob.ve\/mpppstweb\/index.php\/2016\/09\/28\/clap-textil-contribuye-con-la-produccion-de-uniformes-escolares\/#primaryimage\"},\"thumbnailUrl\":\"https:\/\/www.mpppst.gob.ve\/mpppstweb\/wp-content\/uploads\/2016\/09\/Clap-textil-contribuye-con-la-producci\u00f3n-de-uniformes-escolares-800x445.jpg\",\"articleSection\":[\"Ministerio\",\"Noticias\"],\"inLanguage\":\"es\"},{\"@type\":\"WebPage\",\"@id\":\"https:\/\/www.mpppst.gob.ve\/mpppstweb\/index.php\/2016\/09\/28\/clap-textil-contribuye-con-la-produccion-de-uniformes-escolares\/\",\"url\":\"https:\/\/www.mpppst.gob.ve\/mpppstweb\/index.php\/2016\/09\/28\/clap-textil-contribuye-con-la-produccion-de-uniformes-escolares\/\",\"name\":\"Clap textil contribuye con la producci\u00f3n de uniformes escolares - MPPPST\",\"isPartOf\":{\"@id\":\"https:\/\/www.mpppst.gob.ve\/mpppstweb\/#website\"},\"primaryImageOfPage\":{\"@id\":\"https:\/\/www.mpppst.gob.ve\/mpppstweb\/index.php\/2016\/09\/28\/clap-textil-contribuye-con-la-produccion-de-uniformes-escolares\/#primaryimage\"},\"image\":{\"@id\":\"https:\/\/www.mpppst.gob.ve\/mpppstweb\/index.php\/2016\/09\/28\/clap-textil-contribuye-con-la-produccion-de-uniformes-escolares\/#primaryimage\"},\"thumbnailUrl\":\"https:\/\/www.mpppst.gob.ve\/mpppstweb\/wp-content\/uploads\/2016\/09\/Clap-textil-contribuye-con-la-producci\u00f3n-de-uniformes-escolares-800x445.jpg\",\"datePublished\":\"2016-09-28T12:56:06+00:00\",\"dateModified\":\"2016-09-28T12:56:06+00:00\",\"breadcrumb\":{\"@id\":\"https:\/\/www.mpppst.gob.ve\/mpppstweb\/index.php\/2016\/09\/28\/clap-textil-contribuye-con-la-produccion-de-uniformes-escolares\/#breadcrumb\"},\"inLanguage\":\"es\",\"potentialAction\":[{\"@type\":\"ReadAction\",\"target\":[\"https:\/\/www.mpppst.gob.ve\/mpppstweb\/index.php\/2016\/09\/28\/clap-textil-contribuye-con-la-produccion-de-uniformes-escolares\/\"]}]},{\"@type\":\"ImageObject\",\"inLanguage\":\"es\",\"@id\":\"https:\/\/www.mpppst.gob.ve\/mpppstweb\/index.php\/2016\/09\/28\/clap-textil-contribuye-con-la-produccion-de-uniformes-escolares\/#primaryimage\",\"url\":\"https:\/\/www.mpppst.gob.ve\/mpppstweb\/wp-content\/uploads\/2016\/09\/Clap-textil-contribuye-con-la-producci\u00f3n-de-uniformes-escolares-800x445.jpg\",\"contentUrl\":\"https:\/\/www.mpppst.gob.ve\/mpppstweb\/wp-content\/uploads\/2016\/09\/Clap-textil-contribuye-con-la-producci\u00f3n-de-uniformes-escolares-800x445.jpg\",\"width\":800,\"height\":445},{\"@type\":\"BreadcrumbList\",\"@id\":\"https:\/\/www.mpppst.gob.ve\/mpppstweb\/index.php\/2016\/09\/28\/clap-textil-contribuye-con-la-produccion-de-uniformes-escolares\/#breadcrumb\",\"itemListElement\":[{\"@type\":\"ListItem\",\"position\":1,\"name\":\"Home\",\"item\":\"https:\/\/www.mpppst.gob.ve\/mpppstweb\/\"},{\"@type\":\"ListItem\",\"position\":2,\"name\":\"Clap textil contribuye con la producci\u00f3n de uniformes escolares\"}]},{\"@type\":\"WebSite\",\"@id\":\"https:\/\/www.mpppst.gob.ve\/mpppstweb\/#website\",\"url\":\"https:\/\/www.mpppst.gob.ve\/mpppstweb\/\",\"name\":\"MPPPST\",\"description\":\"Ministerio del Poder Popular para el Proceso Social de Trabajo\",\"publisher\":{\"@id\":\"https:\/\/www.mpppst.gob.ve\/mpppstweb\/#organization\"},\"potentialAction\":[{\"@type\":\"SearchAction\",\"target\":{\"@type\":\"EntryPoint\",\"urlTemplate\":\"https:\/\/www.mpppst.gob.ve\/mpppstweb\/?s={search_term_string}\"},\"query-input\":\"required name=search_term_string\"}],\"inLanguage\":\"es\"},{\"@type\":\"Organization\",\"@id\":\"https:\/\/www.mpppst.gob.ve\/mpppstweb\/#organization\",\"name\":\"mpppst\",\"url\":\"https:\/\/www.mpppst.gob.ve\/mpppstweb\/\",\"logo\":{\"@type\":\"ImageObject\",\"inLanguage\":\"es\",\"@id\":\"https:\/\/www.mpppst.gob.ve\/mpppstweb\/#\/schema\/logo\/image\/\",\"url\":\"https:\/\/www.mpppst.gob.ve\/mpppstweb\/wp-content\/uploads\/2025\/07\/cropped-cropped-g910.png\",\"contentUrl\":\"https:\/\/www.mpppst.gob.ve\/mpppstweb\/wp-content\/uploads\/2025\/07\/cropped-cropped-g910.png\",\"width\":1080,\"height\":241,\"caption\":\"mpppst\"},\"image\":{\"@id\":\"https:\/\/www.mpppst.gob.ve\/mpppstweb\/#\/schema\/logo\/image\/\"}},{\"@type\":\"Person\",\"@id\":\"https:\/\/www.mpppst.gob.ve\/mpppstweb\/#\/schema\/person\/fc187ee8ead412bd4c9304b62f900ea4\",\"name\":\"MPPPST Prensa\",\"url\":\"https:\/\/www.mpppst.gob.ve\/mpppstweb\/index.php\/author\/prensa-mpppst\/\"}]}<\/script>\n<!-- \/ Yoast SEO plugin. -->","yoast_head_json":{"title":"Clap textil contribuye con la producci\u00f3n de uniformes escolares - MPPPST","robots":{"index":"index","follow":"follow","max-snippet":"max-snippet:-1","max-image-preview":"max-image-preview:large","max-video-preview":"max-video-preview:-1"},"canonical":"https:\/\/www.mpppst.gob.ve\/mpppstweb\/index.php\/2016\/09\/28\/clap-textil-contribuye-con-la-produccion-de-uniformes-escolares\/","og_locale":"es_ES","og_type":"article","og_title":"Clap textil contribuye con la producci\u00f3n de uniformes escolares - MPPPST","og_description":"Con la finalidad de combatir la guerra econ\u00f3mica y continuar con la agenda de abastecimiento al &hellip; Clap textil contribuye con la producci\u00f3n de uniformes escolaresRead more","og_url":"https:\/\/www.mpppst.gob.ve\/mpppstweb\/index.php\/2016\/09\/28\/clap-textil-contribuye-con-la-produccion-de-uniformes-escolares\/","og_site_name":"MPPPST","article_published_time":"2016-09-28T12:56:06+00:00","og_image":[{"width":800,"height":445,"url":"https:\/\/www.mpppst.gob.ve\/mpppstweb\/wp-content\/uploads\/2016\/09\/Clap-textil-contribuye-con-la-producci\u00f3n-de-uniformes-escolares-800x445.jpg","type":"image\/jpeg"}],"author":"MPPPST Prensa","twitter_card":"summary_large_image","twitter_misc":{"Escrito por":"MPPPST Prensa","Tiempo de lectura":"4 minutos"},"schema":{"@context":"https:\/\/schema.org","@graph":[{"@type":"Article","@id":"https:\/\/www.mpppst.gob.ve\/mpppstweb\/index.php\/2016\/09\/28\/clap-textil-contribuye-con-la-produccion-de-uniformes-escolares\/#article","isPartOf":{"@id":"https:\/\/www.mpppst.gob.ve\/mpppstweb\/index.php\/2016\/09\/28\/clap-textil-contribuye-con-la-produccion-de-uniformes-escolares\/"},"author":{"name":"MPPPST Prensa","@id":"https:\/\/www.mpppst.gob.ve\/mpppstweb\/#\/schema\/person\/fc187ee8ead412bd4c9304b62f900ea4"},"headline":"Clap textil contribuye con la producci\u00f3n de uniformes escolares","datePublished":"2016-09-28T12:56:06+00:00","dateModified":"2016-09-28T12:56:06+00:00","mainEntityOfPage":{"@id":"https:\/\/www.mpppst.gob.ve\/mpppstweb\/index.php\/2016\/09\/28\/clap-textil-contribuye-con-la-produccion-de-uniformes-escolares\/"},"wordCount":881,"publisher":{"@id":"https:\/\/www.mpppst.gob.ve\/mpppstweb\/#organization"},"image":{"@id":"https:\/\/www.mpppst.gob.ve\/mpppstweb\/index.php\/2016\/09\/28\/clap-textil-contribuye-con-la-produccion-de-uniformes-escolares\/#primaryimage"},"thumbnailUrl":"https:\/\/www.mpppst.gob.ve\/mpppstweb\/wp-content\/uploads\/2016\/09\/Clap-textil-contribuye-con-la-producci\u00f3n-de-uniformes-escolares-800x445.jpg","articleSection":["Ministerio","Noticias"],"inLanguage":"es"},{"@type":"WebPage","@id":"https:\/\/www.mpppst.gob.ve\/mpppstweb\/index.php\/2016\/09\/28\/clap-textil-contribuye-con-la-produccion-de-uniformes-escolares\/","url":"https:\/\/www.mpppst.gob.ve\/mpppstweb\/index.php\/2016\/09\/28\/clap-textil-contribuye-con-la-produccion-de-uniformes-escolares\/","name":"Clap textil contribuye con la producci\u00f3n de uniformes escolares - MPPPST","isPartOf":{"@id":"https:\/\/www.mpppst.gob.ve\/mpppstweb\/#website"},"primaryImageOfPage":{"@id":"https:\/\/www.mpppst.gob.ve\/mpppstweb\/index.php\/2016\/09\/28\/clap-textil-contribuye-con-la-produccion-de-uniformes-escolares\/#primaryimage"},"image":{"@id":"https:\/\/www.mpppst.gob.ve\/mpppstweb\/index.php\/2016\/09\/28\/clap-textil-contribuye-con-la-produccion-de-uniformes-escolares\/#primaryimage"},"thumbnailUrl":"https:\/\/www.mpppst.gob.ve\/mpppstweb\/wp-content\/uploads\/2016\/09\/Clap-textil-contribuye-con-la-producci\u00f3n-de-uniformes-escolares-800x445.jpg","datePublished":"2016-09-28T12:56:06+00:00","dateModified":"2016-09-28T12:56:06+00:00","breadcrumb":{"@id":"https:\/\/www.mpppst.gob.ve\/mpppstweb\/index.php\/2016\/09\/28\/clap-textil-contribuye-con-la-produccion-de-uniformes-escolares\/#breadcrumb"},"inLanguage":"es","potentialAction":[{"@type":"ReadAction","target":["https:\/\/www.mpppst.gob.ve\/mpppstweb\/index.php\/2016\/09\/28\/clap-textil-contribuye-con-la-produccion-de-uniformes-escolares\/"]}]},{"@type":"ImageObject","inLanguage":"es","@id":"https:\/\/www.mpppst.gob.ve\/mpppstweb\/index.php\/2016\/09\/28\/clap-textil-contribuye-con-la-produccion-de-uniformes-escolares\/#primaryimage","url":"https:\/\/www.mpppst.gob.ve\/mpppstweb\/wp-content\/uploads\/2016\/09\/Clap-textil-contribuye-con-la-producci\u00f3n-de-uniformes-escolares-800x445.jpg","contentUrl":"https:\/\/www.mpppst.gob.ve\/mpppstweb\/wp-content\/uploads\/2016\/09\/Clap-textil-contribuye-con-la-producci\u00f3n-de-uniformes-escolares-800x445.jpg","width":800,"height":445},{"@type":"BreadcrumbList","@id":"https:\/\/www.mpppst.gob.ve\/mpppstweb\/index.php\/2016\/09\/28\/clap-textil-contribuye-con-la-produccion-de-uniformes-escolares\/#breadcrumb","itemListElement":[{"@type":"ListItem","position":1,"name":"Home","item":"https:\/\/www.mpppst.gob.ve\/mpppstweb\/"},{"@type":"ListItem","position":2,"name":"Clap textil contribuye con la producci\u00f3n de uniformes escolares"}]},{"@type":"WebSite","@id":"https:\/\/www.mpppst.gob.ve\/mpppstweb\/#website","url":"https:\/\/www.mpppst.gob.ve\/mpppstweb\/","name":"MPPPST","description":"Ministerio del Poder Popular para el Proceso Social de Trabajo","publisher":{"@id":"https:\/\/www.mpppst.gob.ve\/mpppstweb\/#organization"},"potentialAction":[{"@type":"SearchAction","target":{"@type":"EntryPoint","urlTemplate":"https:\/\/www.mpppst.gob.ve\/mpppstweb\/?s={search_term_string}"},"query-input":"required name=search_term_string"}],"inLanguage":"es"},{"@type":"Organization","@id":"https:\/\/www.mpppst.gob.ve\/mpppstweb\/#organization","name":"mpppst","url":"https:\/\/www.mpppst.gob.ve\/mpppstweb\/","logo":{"@type":"ImageObject","inLanguage":"es","@id":"https:\/\/www.mpppst.gob.ve\/mpppstweb\/#\/schema\/logo\/image\/","url":"https:\/\/www.mpppst.gob.ve\/mpppstweb\/wp-content\/uploads\/2025\/07\/cropped-cropped-g910.png","contentUrl":"https:\/\/www.mpppst.gob.ve\/mpppstweb\/wp-content\/uploads\/2025\/07\/cropped-cropped-g910.png","width":1080,"height":241,"caption":"mpppst"},"image":{"@id":"https:\/\/www.mpppst.gob.ve\/mpppstweb\/#\/schema\/logo\/image\/"}},{"@type":"Person","@id":"https:\/\/www.mpppst.gob.ve\/mpppstweb\/#\/schema\/person\/fc187ee8ead412bd4c9304b62f900ea4","name":"MPPPST Prensa","url":"https:\/\/www.mpppst.gob.ve\/mpppstweb\/index.php\/author\/prensa-mpppst\/"}]}},"_links":{"self":[{"href":"https:\/\/www.mpppst.gob.ve\/mpppstweb\/index.php\/wp-json\/wp\/v2\/posts\/8663"}],"collection":[{"href":"https:\/\/www.mpppst.gob.ve\/mpppstweb\/index.php\/wp-json\/wp\/v2\/posts"}],"about":[{"href":"https:\/\/www.mpppst.gob.ve\/mpppstweb\/index.php\/wp-json\/wp\/v2\/types\/post"}],"author":[{"embeddable":true,"href":"https:\/\/www.mpppst.gob.ve\/mpppstweb\/index.php\/wp-json\/wp\/v2\/users\/25"}],"replies":[{"embeddable":true,"href":"https:\/\/www.mpppst.gob.ve\/mpppstweb\/index.php\/wp-json\/wp\/v2\/comments?post=8663"}],"version-history":[{"count":1,"href":"https:\/\/www.mpppst.gob.ve\/mpppstweb\/index.php\/wp-json\/wp\/v2\/posts\/8663\/revisions"}],"predecessor-version":[{"id":8665,"href":"https:\/\/www.mpppst.gob.ve\/mpppstweb\/index.php\/wp-json\/wp\/v2\/posts\/8663\/revisions\/8665"}],"wp:featuredmedia":[{"embeddable":true,"href":"https:\/\/www.mpppst.gob.ve\/mpppstweb\/index.php\/wp-json\/wp\/v2\/media\/8664"}],"wp:attachment":[{"href":"https:\/\/www.mpppst.gob.ve\/mpppstweb\/index.php\/wp-json\/wp\/v2\/media?parent=8663"}],"wp:term":[{"taxonomy":"category","embeddable":true,"href":"https:\/\/www.mpppst.gob.ve\/mpppstweb\/index.php\/wp-json\/wp\/v2\/categories?post=8663"},{"taxonomy":"post_tag","embeddable":true,"href":"https:\/\/www.mpppst.gob.ve\/mpppstweb\/index.php\/wp-json\/wp\/v2\/tags?post=8663"}],"curies":[{"name":"wp","href":"https:\/\/api.w.org\/{rel}","templated":true}]}}