{"id":8745,"date":"2016-10-04T16:11:49","date_gmt":"2016-10-04T16:11:49","guid":{"rendered":"http:\/\/www.mpppst.gob.ve\/mpppstweb\/?p=8745"},"modified":"2016-10-04T16:28:21","modified_gmt":"2016-10-04T16:28:21","slug":"comunicado","status":"publish","type":"post","link":"https:\/\/www.mpppst.gob.ve\/mpppstweb\/index.php\/2016\/10\/04\/comunicado\/","title":{"rendered":"COMUNICADO"},"content":{"rendered":"<p style=\"text-align: center;\"><strong>REP\u00daBLICA BOLIVARIANA DE VENEZUELA<\/strong><\/p>\n<p style=\"text-align: center;\"><strong>MINISTERIO DEL PODER POPULAR PARA<\/strong><\/p>\n<p style=\"text-align: center;\"><strong>RELACIONES EXTERIORES <\/strong><\/p>\n<p style=\"text-align: center;\"><strong>\u00a0<\/strong><\/p>\n<p style=\"text-align: center;\"><strong>COMUNICADO <\/strong><\/p>\n<p>A 117 a\u00f1os del fraude sufrido por nuestra Rep\u00fablica, ejecutado por la acci\u00f3n de agentes imperiales que nos despoj\u00f3 de parte de nuestro territorio, constituido por casi 160 mil kil\u00f3metros cuadrados que forman parte indivisible de nuestra Guayana Esequiba, manifestamos la m\u00e1s profunda indignaci\u00f3n por lo que esta nefasta fecha ha signado en la historia de la diplomacia mundial, que mostr\u00f3 la cara m\u00e1s vil de la \u00a0depredaci\u00f3n sistem\u00e1tica que el imperio brit\u00e1nico perpetr\u00f3 contra la integridad territorial de muchas naciones del mundo, mediante la apropiaci\u00f3n il\u00edcita de m\u00e1s de dos millones de Km2 en nuestro planeta.<\/p>\n<p>El Fraude Arbitral ocurrido en Par\u00eds el 03 de octubre de 1899, resumi\u00f3 la acci\u00f3n criminal de la pirater\u00eda diplom\u00e1tica de aquel entonces, evidencia del mas fat\u00eddico modelo de la barbarie para justificar el chantaje, la usurpaci\u00f3n y el saqueo de las nuevas naciones independientes que, como Venezuela, \u00a0luchaban de forma denodada contra las hegemon\u00edas dominantes de entonces.<\/p>\n<p>Ya avanzado el siglo XX el imperialismo brit\u00e1nico, al verse descubierto en sus intenciones plasmadas en el b\u00e1rbaro fraude arbitral, opt\u00f3 por desembarazarse del asunto, y le endos\u00f3 como herencia a Guyana, al momento de otorgarle la independencia, la controversia territorial.<\/p>\n<p>El Acuerdo de Ginebra de 1966, ley entre las Partes registrada en la ONU, rige con toda su fuerza normativa la contenci\u00f3n sobre nuestra Guayana Esequiba. Guyana siempre ha sabido que naci\u00f3 sin ese territorio y mal podr\u00eda hoy favorecerse, ni \u00e9tica, ni mucho menos en Derecho, por una supuesta herencia imperial del mismo.<\/p>\n<p>El actual gobierno de Guyana, motivados por oscuros intereses trasnacionales y aupados por centros corporativos imperiales, ha asumido una actitud arbitraria, ilegal y unilateral al pretender enervar la acci\u00f3n del Acuerdo de Ginebra e intentar escabullirse de los buenos oficios.<\/p>\n<p>Venezuela deplora, una vez m\u00e1s, las absurdas e irracionales acciones desplegadas por el gobierno de Guyana para desconocer sus compromisos internacionales y perturbar el mecanismo de Buenos Oficios vigente, aludiendo falsas protecciones basadas en mentiras y subterfugios con el prop\u00f3sito de generar una situaci\u00f3n de agresi\u00f3n contra Venezuela, con la evidente participaci\u00f3n y complicidad de fuerzas imperiales.<\/p>\n<p>Venezuela ha solicitado al Secretario General de las Naciones Unidas reactivar el proceso de buenos oficios vigente, de conformidad con lo establecido en el Acuerdo de Ginebra de 1966, que rige y enmarca su participaci\u00f3n en esta controversia territorial encaminada a la soluci\u00f3n amistosa, pr\u00e1ctica y satisfactoria para ambas Partes.<\/p>\n<p>La Rep\u00fablica Bolivariana de Venezuela ratifica a los pueblos del mundo nuestro indeclinable compromiso con la paz y con el derecho que nos asiste en nuestro reclamo territorial, que nos gu\u00eda para avanzar en la soluci\u00f3n justa y legal de esta controversia, tal como lo afirm\u00f3 El Presidente Nicol\u00e1s Maduro: <strong><em>\u201cLa paz, la paz, la paz ser\u00e1 nuestro puerto, ser\u00e1 nuestra vida, y ser\u00e1 tambi\u00e9n nuestra victoria\u201d.<\/em><\/strong><\/p>\n<p><strong><em>\u00a0<\/em><\/strong>Caracas, 4 de octubre de 2016<\/p>\n<p>&nbsp;<\/p>\n","protected":false},"excerpt":{"rendered":"<p>REP\u00daBLICA BOLIVARIANA DE VENEZUELA MINISTERIO DEL PODER POPULAR PARA RELACIONES EXTERIORES \u00a0 COMUNICADO A 117 a\u00f1os &hellip; <a title=\"COMUNICADO\" class=\"hm-read-more\" href=\"https:\/\/www.mpppst.gob.ve\/mpppstweb\/index.php\/2016\/10\/04\/comunicado\/\"><span class=\"screen-reader-text\">COMUNICADO<\/span>Read more<\/a><\/p>\n","protected":false},"author":25,"featured_media":8746,"comment_status":"closed","ping_status":"closed","sticky":false,"template":"","format":"standard","meta":{"footnotes":""},"categories":[82,163],"tags":[222],"yoast_head":"<!-- This site is optimized with the Yoast SEO plugin v22.5 - https:\/\/yoast.com\/wordpress\/plugins\/seo\/ -->\n<title>COMUNICADO - MPPPST<\/title>\n<meta name=\"robots\" content=\"index, follow, max-snippet:-1, max-image-preview:large, max-video-preview:-1\" \/>\n<link rel=\"canonical\" href=\"https:\/\/www.mpppst.gob.ve\/mpppstweb\/index.php\/2016\/10\/04\/comunicado\/\" \/>\n<meta property=\"og:locale\" content=\"es_ES\" \/>\n<meta property=\"og:type\" content=\"article\" \/>\n<meta property=\"og:title\" content=\"COMUNICADO - MPPPST\" \/>\n<meta property=\"og:description\" content=\"REP\u00daBLICA BOLIVARIANA DE VENEZUELA MINISTERIO DEL PODER POPULAR PARA RELACIONES EXTERIORES \u00a0 COMUNICADO A 117 a\u00f1os &hellip; COMUNICADORead more\" \/>\n<meta property=\"og:url\" content=\"https:\/\/www.mpppst.gob.ve\/mpppstweb\/index.php\/2016\/10\/04\/comunicado\/\" \/>\n<meta property=\"og:site_name\" content=\"MPPPST\" \/>\n<meta property=\"article:published_time\" content=\"2016-10-04T16:11:49+00:00\" \/>\n<meta property=\"article:modified_time\" content=\"2016-10-04T16:28:21+00:00\" \/>\n<meta property=\"og:image\" content=\"https:\/\/www.mpppst.gob.ve\/mpppstweb\/wp-content\/uploads\/2016\/10\/CANCILLER\u00cdA.jpg\" \/>\n\t<meta property=\"og:image:width\" content=\"300\" \/>\n\t<meta property=\"og:image:height\" content=\"227\" \/>\n\t<meta property=\"og:image:type\" content=\"image\/jpeg\" \/>\n<meta name=\"author\" content=\"MPPPST Prensa\" \/>\n<meta name=\"twitter:card\" content=\"summary_large_image\" \/>\n<meta name=\"twitter:label1\" content=\"Escrito por\" \/>\n\t<meta name=\"twitter:data1\" content=\"MPPPST Prensa\" \/>\n\t<meta name=\"twitter:label2\" content=\"Tiempo de lectura\" \/>\n\t<meta name=\"twitter:data2\" content=\"3 minutos\" \/>\n<script type=\"application\/ld+json\" class=\"yoast-schema-graph\">{\"@context\":\"https:\/\/schema.org\",\"@graph\":[{\"@type\":\"Article\",\"@id\":\"https:\/\/www.mpppst.gob.ve\/mpppstweb\/index.php\/2016\/10\/04\/comunicado\/#article\",\"isPartOf\":{\"@id\":\"https:\/\/www.mpppst.gob.ve\/mpppstweb\/index.php\/2016\/10\/04\/comunicado\/\"},\"author\":{\"name\":\"MPPPST Prensa\",\"@id\":\"https:\/\/www.mpppst.gob.ve\/mpppstweb\/#\/schema\/person\/fc187ee8ead412bd4c9304b62f900ea4\"},\"headline\":\"COMUNICADO\",\"datePublished\":\"2016-10-04T16:11:49+00:00\",\"dateModified\":\"2016-10-04T16:28:21+00:00\",\"mainEntityOfPage\":{\"@id\":\"https:\/\/www.mpppst.gob.ve\/mpppstweb\/index.php\/2016\/10\/04\/comunicado\/\"},\"wordCount\":515,\"publisher\":{\"@id\":\"https:\/\/www.mpppst.gob.ve\/mpppstweb\/#organization\"},\"image\":{\"@id\":\"https:\/\/www.mpppst.gob.ve\/mpppstweb\/index.php\/2016\/10\/04\/comunicado\/#primaryimage\"},\"thumbnailUrl\":\"https:\/\/www.mpppst.gob.ve\/mpppstweb\/wp-content\/uploads\/2016\/10\/CANCILLER\u00cdA.jpg\",\"keywords\":[\"Gobierno Bolivariano\"],\"articleSection\":[\"Gobierno Nacional\",\"Noticias\"],\"inLanguage\":\"es\"},{\"@type\":\"WebPage\",\"@id\":\"https:\/\/www.mpppst.gob.ve\/mpppstweb\/index.php\/2016\/10\/04\/comunicado\/\",\"url\":\"https:\/\/www.mpppst.gob.ve\/mpppstweb\/index.php\/2016\/10\/04\/comunicado\/\",\"name\":\"COMUNICADO - MPPPST\",\"isPartOf\":{\"@id\":\"https:\/\/www.mpppst.gob.ve\/mpppstweb\/#website\"},\"primaryImageOfPage\":{\"@id\":\"https:\/\/www.mpppst.gob.ve\/mpppstweb\/index.php\/2016\/10\/04\/comunicado\/#primaryimage\"},\"image\":{\"@id\":\"https:\/\/www.mpppst.gob.ve\/mpppstweb\/index.php\/2016\/10\/04\/comunicado\/#primaryimage\"},\"thumbnailUrl\":\"https:\/\/www.mpppst.gob.ve\/mpppstweb\/wp-content\/uploads\/2016\/10\/CANCILLER\u00cdA.jpg\",\"datePublished\":\"2016-10-04T16:11:49+00:00\",\"dateModified\":\"2016-10-04T16:28:21+00:00\",\"breadcrumb\":{\"@id\":\"https:\/\/www.mpppst.gob.ve\/mpppstweb\/index.php\/2016\/10\/04\/comunicado\/#breadcrumb\"},\"inLanguage\":\"es\",\"potentialAction\":[{\"@type\":\"ReadAction\",\"target\":[\"https:\/\/www.mpppst.gob.ve\/mpppstweb\/index.php\/2016\/10\/04\/comunicado\/\"]}]},{\"@type\":\"ImageObject\",\"inLanguage\":\"es\",\"@id\":\"https:\/\/www.mpppst.gob.ve\/mpppstweb\/index.php\/2016\/10\/04\/comunicado\/#primaryimage\",\"url\":\"https:\/\/www.mpppst.gob.ve\/mpppstweb\/wp-content\/uploads\/2016\/10\/CANCILLER\u00cdA.jpg\",\"contentUrl\":\"https:\/\/www.mpppst.gob.ve\/mpppstweb\/wp-content\/uploads\/2016\/10\/CANCILLER\u00cdA.jpg\",\"width\":300,\"height\":227},{\"@type\":\"BreadcrumbList\",\"@id\":\"https:\/\/www.mpppst.gob.ve\/mpppstweb\/index.php\/2016\/10\/04\/comunicado\/#breadcrumb\",\"itemListElement\":[{\"@type\":\"ListItem\",\"position\":1,\"name\":\"Home\",\"item\":\"https:\/\/www.mpppst.gob.ve\/mpppstweb\/\"},{\"@type\":\"ListItem\",\"position\":2,\"name\":\"COMUNICADO\"}]},{\"@type\":\"WebSite\",\"@id\":\"https:\/\/www.mpppst.gob.ve\/mpppstweb\/#website\",\"url\":\"https:\/\/www.mpppst.gob.ve\/mpppstweb\/\",\"name\":\"MPPPST\",\"description\":\"Ministerio del Poder Popular para el Proceso Social de Trabajo\",\"publisher\":{\"@id\":\"https:\/\/www.mpppst.gob.ve\/mpppstweb\/#organization\"},\"potentialAction\":[{\"@type\":\"SearchAction\",\"target\":{\"@type\":\"EntryPoint\",\"urlTemplate\":\"https:\/\/www.mpppst.gob.ve\/mpppstweb\/?s={search_term_string}\"},\"query-input\":\"required name=search_term_string\"}],\"inLanguage\":\"es\"},{\"@type\":\"Organization\",\"@id\":\"https:\/\/www.mpppst.gob.ve\/mpppstweb\/#organization\",\"name\":\"mpppst\",\"url\":\"https:\/\/www.mpppst.gob.ve\/mpppstweb\/\",\"logo\":{\"@type\":\"ImageObject\",\"inLanguage\":\"es\",\"@id\":\"https:\/\/www.mpppst.gob.ve\/mpppstweb\/#\/schema\/logo\/image\/\",\"url\":\"https:\/\/www.mpppst.gob.ve\/mpppstweb\/wp-content\/uploads\/2025\/07\/cropped-cropped-g910.png\",\"contentUrl\":\"https:\/\/www.mpppst.gob.ve\/mpppstweb\/wp-content\/uploads\/2025\/07\/cropped-cropped-g910.png\",\"width\":1080,\"height\":241,\"caption\":\"mpppst\"},\"image\":{\"@id\":\"https:\/\/www.mpppst.gob.ve\/mpppstweb\/#\/schema\/logo\/image\/\"}},{\"@type\":\"Person\",\"@id\":\"https:\/\/www.mpppst.gob.ve\/mpppstweb\/#\/schema\/person\/fc187ee8ead412bd4c9304b62f900ea4\",\"name\":\"MPPPST Prensa\",\"url\":\"https:\/\/www.mpppst.gob.ve\/mpppstweb\/index.php\/author\/prensa-mpppst\/\"}]}<\/script>\n<!-- \/ Yoast SEO plugin. -->","yoast_head_json":{"title":"COMUNICADO - MPPPST","robots":{"index":"index","follow":"follow","max-snippet":"max-snippet:-1","max-image-preview":"max-image-preview:large","max-video-preview":"max-video-preview:-1"},"canonical":"https:\/\/www.mpppst.gob.ve\/mpppstweb\/index.php\/2016\/10\/04\/comunicado\/","og_locale":"es_ES","og_type":"article","og_title":"COMUNICADO - MPPPST","og_description":"REP\u00daBLICA BOLIVARIANA DE VENEZUELA MINISTERIO DEL PODER POPULAR PARA RELACIONES EXTERIORES \u00a0 COMUNICADO A 117 a\u00f1os &hellip; COMUNICADORead more","og_url":"https:\/\/www.mpppst.gob.ve\/mpppstweb\/index.php\/2016\/10\/04\/comunicado\/","og_site_name":"MPPPST","article_published_time":"2016-10-04T16:11:49+00:00","article_modified_time":"2016-10-04T16:28:21+00:00","og_image":[{"width":300,"height":227,"url":"https:\/\/www.mpppst.gob.ve\/mpppstweb\/wp-content\/uploads\/2016\/10\/CANCILLER\u00cdA.jpg","type":"image\/jpeg"}],"author":"MPPPST Prensa","twitter_card":"summary_large_image","twitter_misc":{"Escrito por":"MPPPST Prensa","Tiempo de lectura":"3 minutos"},"schema":{"@context":"https:\/\/schema.org","@graph":[{"@type":"Article","@id":"https:\/\/www.mpppst.gob.ve\/mpppstweb\/index.php\/2016\/10\/04\/comunicado\/#article","isPartOf":{"@id":"https:\/\/www.mpppst.gob.ve\/mpppstweb\/index.php\/2016\/10\/04\/comunicado\/"},"author":{"name":"MPPPST Prensa","@id":"https:\/\/www.mpppst.gob.ve\/mpppstweb\/#\/schema\/person\/fc187ee8ead412bd4c9304b62f900ea4"},"headline":"COMUNICADO","datePublished":"2016-10-04T16:11:49+00:00","dateModified":"2016-10-04T16:28:21+00:00","mainEntityOfPage":{"@id":"https:\/\/www.mpppst.gob.ve\/mpppstweb\/index.php\/2016\/10\/04\/comunicado\/"},"wordCount":515,"publisher":{"@id":"https:\/\/www.mpppst.gob.ve\/mpppstweb\/#organization"},"image":{"@id":"https:\/\/www.mpppst.gob.ve\/mpppstweb\/index.php\/2016\/10\/04\/comunicado\/#primaryimage"},"thumbnailUrl":"https:\/\/www.mpppst.gob.ve\/mpppstweb\/wp-content\/uploads\/2016\/10\/CANCILLER\u00cdA.jpg","keywords":["Gobierno Bolivariano"],"articleSection":["Gobierno Nacional","Noticias"],"inLanguage":"es"},{"@type":"WebPage","@id":"https:\/\/www.mpppst.gob.ve\/mpppstweb\/index.php\/2016\/10\/04\/comunicado\/","url":"https:\/\/www.mpppst.gob.ve\/mpppstweb\/index.php\/2016\/10\/04\/comunicado\/","name":"COMUNICADO - MPPPST","isPartOf":{"@id":"https:\/\/www.mpppst.gob.ve\/mpppstweb\/#website"},"primaryImageOfPage":{"@id":"https:\/\/www.mpppst.gob.ve\/mpppstweb\/index.php\/2016\/10\/04\/comunicado\/#primaryimage"},"image":{"@id":"https:\/\/www.mpppst.gob.ve\/mpppstweb\/index.php\/2016\/10\/04\/comunicado\/#primaryimage"},"thumbnailUrl":"https:\/\/www.mpppst.gob.ve\/mpppstweb\/wp-content\/uploads\/2016\/10\/CANCILLER\u00cdA.jpg","datePublished":"2016-10-04T16:11:49+00:00","dateModified":"2016-10-04T16:28:21+00:00","breadcrumb":{"@id":"https:\/\/www.mpppst.gob.ve\/mpppstweb\/index.php\/2016\/10\/04\/comunicado\/#breadcrumb"},"inLanguage":"es","potentialAction":[{"@type":"ReadAction","target":["https:\/\/www.mpppst.gob.ve\/mpppstweb\/index.php\/2016\/10\/04\/comunicado\/"]}]},{"@type":"ImageObject","inLanguage":"es","@id":"https:\/\/www.mpppst.gob.ve\/mpppstweb\/index.php\/2016\/10\/04\/comunicado\/#primaryimage","url":"https:\/\/www.mpppst.gob.ve\/mpppstweb\/wp-content\/uploads\/2016\/10\/CANCILLER\u00cdA.jpg","contentUrl":"https:\/\/www.mpppst.gob.ve\/mpppstweb\/wp-content\/uploads\/2016\/10\/CANCILLER\u00cdA.jpg","width":300,"height":227},{"@type":"BreadcrumbList","@id":"https:\/\/www.mpppst.gob.ve\/mpppstweb\/index.php\/2016\/10\/04\/comunicado\/#breadcrumb","itemListElement":[{"@type":"ListItem","position":1,"name":"Home","item":"https:\/\/www.mpppst.gob.ve\/mpppstweb\/"},{"@type":"ListItem","position":2,"name":"COMUNICADO"}]},{"@type":"WebSite","@id":"https:\/\/www.mpppst.gob.ve\/mpppstweb\/#website","url":"https:\/\/www.mpppst.gob.ve\/mpppstweb\/","name":"MPPPST","description":"Ministerio del Poder Popular para el Proceso Social de Trabajo","publisher":{"@id":"https:\/\/www.mpppst.gob.ve\/mpppstweb\/#organization"},"potentialAction":[{"@type":"SearchAction","target":{"@type":"EntryPoint","urlTemplate":"https:\/\/www.mpppst.gob.ve\/mpppstweb\/?s={search_term_string}"},"query-input":"required name=search_term_string"}],"inLanguage":"es"},{"@type":"Organization","@id":"https:\/\/www.mpppst.gob.ve\/mpppstweb\/#organization","name":"mpppst","url":"https:\/\/www.mpppst.gob.ve\/mpppstweb\/","logo":{"@type":"ImageObject","inLanguage":"es","@id":"https:\/\/www.mpppst.gob.ve\/mpppstweb\/#\/schema\/logo\/image\/","url":"https:\/\/www.mpppst.gob.ve\/mpppstweb\/wp-content\/uploads\/2025\/07\/cropped-cropped-g910.png","contentUrl":"https:\/\/www.mpppst.gob.ve\/mpppstweb\/wp-content\/uploads\/2025\/07\/cropped-cropped-g910.png","width":1080,"height":241,"caption":"mpppst"},"image":{"@id":"https:\/\/www.mpppst.gob.ve\/mpppstweb\/#\/schema\/logo\/image\/"}},{"@type":"Person","@id":"https:\/\/www.mpppst.gob.ve\/mpppstweb\/#\/schema\/person\/fc187ee8ead412bd4c9304b62f900ea4","name":"MPPPST Prensa","url":"https:\/\/www.mpppst.gob.ve\/mpppstweb\/index.php\/author\/prensa-mpppst\/"}]}},"_links":{"self":[{"href":"https:\/\/www.mpppst.gob.ve\/mpppstweb\/index.php\/wp-json\/wp\/v2\/posts\/8745"}],"collection":[{"href":"https:\/\/www.mpppst.gob.ve\/mpppstweb\/index.php\/wp-json\/wp\/v2\/posts"}],"about":[{"href":"https:\/\/www.mpppst.gob.ve\/mpppstweb\/index.php\/wp-json\/wp\/v2\/types\/post"}],"author":[{"embeddable":true,"href":"https:\/\/www.mpppst.gob.ve\/mpppstweb\/index.php\/wp-json\/wp\/v2\/users\/25"}],"replies":[{"embeddable":true,"href":"https:\/\/www.mpppst.gob.ve\/mpppstweb\/index.php\/wp-json\/wp\/v2\/comments?post=8745"}],"version-history":[{"count":1,"href":"https:\/\/www.mpppst.gob.ve\/mpppstweb\/index.php\/wp-json\/wp\/v2\/posts\/8745\/revisions"}],"predecessor-version":[{"id":8747,"href":"https:\/\/www.mpppst.gob.ve\/mpppstweb\/index.php\/wp-json\/wp\/v2\/posts\/8745\/revisions\/8747"}],"wp:featuredmedia":[{"embeddable":true,"href":"https:\/\/www.mpppst.gob.ve\/mpppstweb\/index.php\/wp-json\/wp\/v2\/media\/8746"}],"wp:attachment":[{"href":"https:\/\/www.mpppst.gob.ve\/mpppstweb\/index.php\/wp-json\/wp\/v2\/media?parent=8745"}],"wp:term":[{"taxonomy":"category","embeddable":true,"href":"https:\/\/www.mpppst.gob.ve\/mpppstweb\/index.php\/wp-json\/wp\/v2\/categories?post=8745"},{"taxonomy":"post_tag","embeddable":true,"href":"https:\/\/www.mpppst.gob.ve\/mpppstweb\/index.php\/wp-json\/wp\/v2\/tags?post=8745"}],"curies":[{"name":"wp","href":"https:\/\/api.w.org\/{rel}","templated":true}]}}