{"id":8754,"date":"2016-10-05T19:24:27","date_gmt":"2016-10-05T19:24:27","guid":{"rendered":"http:\/\/www.mpppst.gob.ve\/mpppstweb\/?p=8754"},"modified":"2016-10-05T19:24:27","modified_gmt":"2016-10-05T19:24:27","slug":"ministro-del-trabajo-ministerio-de-educacion-y-gobernacion-de-vargas-inauguran-escuela-mercedes-de-izzo","status":"publish","type":"post","link":"https:\/\/www.mpppst.gob.ve\/mpppstweb\/index.php\/2016\/10\/05\/ministro-del-trabajo-ministerio-de-educacion-y-gobernacion-de-vargas-inauguran-escuela-mercedes-de-izzo\/","title":{"rendered":"Ministro del Trabajo, Ministerio de Educaci\u00f3n y Gobernaci\u00f3n de Vargas  inauguran Escuela Mercedes de Izzo"},"content":{"rendered":"<p>Prensa (MPPPST). Este\u00a05 de octubre fue\u00a0inaugurada la Unidad Educativa Mercedes de Izzo en Petaquire, Carayaca, estado Vargas, como parte de las actividades programadas por el Gobierno revolucionario el inicio de a\u00f1o escolar 2016-2017. En esta inauguraci\u00f3n participaron, en expresi\u00f3n de unidad del Gobierno revolucionario, el ministro del Trabajo, Oswaldo Vera; la viceministra de educaci\u00f3n inicial y primaria, Gisela Toro y Jorge Luis Garc\u00eda Carneiro, gobernador de Vargas.<\/p>\n<p>La actividad estuvo presidida por el Ministro del Poder Popular para el Proceso Social de Trabajo, Oswaldo Vera, quien destac\u00f3 que esta escuela es un sue\u00f1o para esta poblaci\u00f3n agr\u00edcola de Petaquire, que ahora contar\u00e1 con educaci\u00f3n gratuita y de calidad.<\/p>\n<p>\u201cA pesar de la guerra econ\u00f3mica, la Revoluci\u00f3n Bolivariana se comprometi\u00f3 a continuar con los planes sociales, y por esa raz\u00f3n es que hoy con todo orgullo estamos inaugurando esta escuela so\u00f1ada por toda la comunidad. Por eso seguiremos con la inversi\u00f3n social e inauguraremos dos escuelas m\u00e1s pr\u00f3ximamente para esta poblaci\u00f3n\u201d.<\/p>\n<p>El ministro Vera sostuvo que pr\u00f3ximamente tambi\u00e9n ser\u00e1 construida una cancha deportiva en esta escuela para que los ni\u00f1os puedan realizar actividades deportivas y puedan tener un sano esparcimiento. Tal como lo asegur\u00f3 se trata de promover la educaci\u00f3n para el trabajo como fuente fundamental del proceso revolucionario.<\/p>\n<p><strong>Un solo Gobierno <\/strong><\/p>\n<p>Al acto tambi\u00e9n acudi\u00f3 el gobernador del estado Vargas, Jorge Luis Garc\u00eda Carneiro, quien inform\u00f3 que en esta obra el Gobierno Nacional invirti\u00f3 m\u00e1s de 16 millones de bol\u00edvares para que los ni\u00f1os de Petaquire puedan tener una educaci\u00f3n de calidad.<\/p>\n<p>El Gobernador destac\u00f3 que esta zona es muy favorable para producir alimentos como verduras, hortalizas y frutas, por eso los estudiantes llevar\u00e1n adelante iniciativas para producir alimentos a trav\u00e9s del programa de huertos escolares, impulsado por el Ministerio del Poder Popular para la Educaci\u00f3n.<\/p>\n<p>Durante el acto los ni\u00f1os y ni\u00f1as de esta instituci\u00f3n recibieron morrales con \u00fatiles escolares\u00a0y pr\u00f3ximamente\u00a0ser\u00e1n distribuidos libros de la Colecci\u00f3n Bicentenario.<\/p>\n<p>Adem\u00e1s, en el marco de esta inauguraci\u00f3n los ni\u00f1os realizaron distintos actos: \u00a0bailes, canciones y recitales, donde mostraron la felicidad de tener una escuela renovada y contar con nueva dotaci\u00f3n educativa.<\/p>\n<p>Redacci\u00f3n: Carlos Palacios<\/p>\n","protected":false},"excerpt":{"rendered":"<p>Prensa (MPPPST). Este\u00a05 de octubre fue\u00a0inaugurada la Unidad Educativa Mercedes de Izzo en Petaquire, Carayaca, estado &hellip; <a title=\"Ministro del Trabajo, Ministerio de Educaci\u00f3n y Gobernaci\u00f3n de Vargas  inauguran Escuela Mercedes de Izzo\" class=\"hm-read-more\" href=\"https:\/\/www.mpppst.gob.ve\/mpppstweb\/index.php\/2016\/10\/05\/ministro-del-trabajo-ministerio-de-educacion-y-gobernacion-de-vargas-inauguran-escuela-mercedes-de-izzo\/\"><span class=\"screen-reader-text\">Ministro del Trabajo, Ministerio de Educaci\u00f3n y Gobernaci\u00f3n de Vargas  inauguran Escuela Mercedes de Izzo<\/span>Read more<\/a><\/p>\n","protected":false},"author":25,"featured_media":8755,"comment_status":"closed","ping_status":"closed","sticky":false,"template":"","format":"standard","meta":{"footnotes":""},"categories":[82,83,163],"tags":[222,223,240],"yoast_head":"<!-- This site is optimized with the Yoast SEO plugin v22.5 - https:\/\/yoast.com\/wordpress\/plugins\/seo\/ -->\n<title>Ministro del Trabajo, Ministerio de Educaci\u00f3n y Gobernaci\u00f3n de Vargas inauguran Escuela Mercedes de Izzo - MPPPST<\/title>\n<meta name=\"robots\" content=\"index, follow, max-snippet:-1, max-image-preview:large, max-video-preview:-1\" \/>\n<link rel=\"canonical\" href=\"https:\/\/www.mpppst.gob.ve\/mpppstweb\/index.php\/2016\/10\/05\/ministro-del-trabajo-ministerio-de-educacion-y-gobernacion-de-vargas-inauguran-escuela-mercedes-de-izzo\/\" \/>\n<meta property=\"og:locale\" content=\"es_ES\" \/>\n<meta property=\"og:type\" content=\"article\" \/>\n<meta property=\"og:title\" content=\"Ministro del Trabajo, Ministerio de Educaci\u00f3n y Gobernaci\u00f3n de Vargas inauguran Escuela Mercedes de Izzo - MPPPST\" \/>\n<meta property=\"og:description\" content=\"Prensa (MPPPST). Este\u00a05 de octubre fue\u00a0inaugurada la Unidad Educativa Mercedes de Izzo en Petaquire, Carayaca, estado &hellip; Ministro del Trabajo, Ministerio de Educaci\u00f3n y Gobernaci\u00f3n de Vargas inauguran Escuela Mercedes de IzzoRead more\" \/>\n<meta property=\"og:url\" content=\"https:\/\/www.mpppst.gob.ve\/mpppstweb\/index.php\/2016\/10\/05\/ministro-del-trabajo-ministerio-de-educacion-y-gobernacion-de-vargas-inauguran-escuela-mercedes-de-izzo\/\" \/>\n<meta property=\"og:site_name\" content=\"MPPPST\" \/>\n<meta property=\"article:published_time\" content=\"2016-10-05T19:24:27+00:00\" \/>\n<meta property=\"og:image\" content=\"https:\/\/www.mpppst.gob.ve\/mpppstweb\/wp-content\/uploads\/2016\/10\/IMG_20161005_113726.jpg\" \/>\n\t<meta property=\"og:image:width\" content=\"2592\" \/>\n\t<meta property=\"og:image:height\" content=\"1944\" \/>\n\t<meta property=\"og:image:type\" content=\"image\/jpeg\" \/>\n<meta name=\"author\" content=\"MPPPST Prensa\" \/>\n<meta name=\"twitter:card\" content=\"summary_large_image\" \/>\n<meta name=\"twitter:label1\" content=\"Escrito por\" \/>\n\t<meta name=\"twitter:data1\" content=\"MPPPST Prensa\" \/>\n\t<meta name=\"twitter:label2\" content=\"Tiempo de lectura\" \/>\n\t<meta name=\"twitter:data2\" content=\"2 minutos\" \/>\n<script type=\"application\/ld+json\" class=\"yoast-schema-graph\">{\"@context\":\"https:\/\/schema.org\",\"@graph\":[{\"@type\":\"Article\",\"@id\":\"https:\/\/www.mpppst.gob.ve\/mpppstweb\/index.php\/2016\/10\/05\/ministro-del-trabajo-ministerio-de-educacion-y-gobernacion-de-vargas-inauguran-escuela-mercedes-de-izzo\/#article\",\"isPartOf\":{\"@id\":\"https:\/\/www.mpppst.gob.ve\/mpppstweb\/index.php\/2016\/10\/05\/ministro-del-trabajo-ministerio-de-educacion-y-gobernacion-de-vargas-inauguran-escuela-mercedes-de-izzo\/\"},\"author\":{\"name\":\"MPPPST Prensa\",\"@id\":\"https:\/\/www.mpppst.gob.ve\/mpppstweb\/#\/schema\/person\/fc187ee8ead412bd4c9304b62f900ea4\"},\"headline\":\"Ministro del Trabajo, Ministerio de Educaci\u00f3n y Gobernaci\u00f3n de Vargas inauguran Escuela Mercedes de Izzo\",\"datePublished\":\"2016-10-05T19:24:27+00:00\",\"dateModified\":\"2016-10-05T19:24:27+00:00\",\"mainEntityOfPage\":{\"@id\":\"https:\/\/www.mpppst.gob.ve\/mpppstweb\/index.php\/2016\/10\/05\/ministro-del-trabajo-ministerio-de-educacion-y-gobernacion-de-vargas-inauguran-escuela-mercedes-de-izzo\/\"},\"wordCount\":412,\"publisher\":{\"@id\":\"https:\/\/www.mpppst.gob.ve\/mpppstweb\/#organization\"},\"image\":{\"@id\":\"https:\/\/www.mpppst.gob.ve\/mpppstweb\/index.php\/2016\/10\/05\/ministro-del-trabajo-ministerio-de-educacion-y-gobernacion-de-vargas-inauguran-escuela-mercedes-de-izzo\/#primaryimage\"},\"thumbnailUrl\":\"https:\/\/www.mpppst.gob.ve\/mpppstweb\/wp-content\/uploads\/2016\/10\/IMG_20161005_113726.jpg\",\"keywords\":[\"Gobierno Bolivariano\",\"MPPPST\",\"Participaci\u00f3n popular y protag\u00f3nica\"],\"articleSection\":[\"Gobierno Nacional\",\"Ministerio\",\"Noticias\"],\"inLanguage\":\"es\"},{\"@type\":\"WebPage\",\"@id\":\"https:\/\/www.mpppst.gob.ve\/mpppstweb\/index.php\/2016\/10\/05\/ministro-del-trabajo-ministerio-de-educacion-y-gobernacion-de-vargas-inauguran-escuela-mercedes-de-izzo\/\",\"url\":\"https:\/\/www.mpppst.gob.ve\/mpppstweb\/index.php\/2016\/10\/05\/ministro-del-trabajo-ministerio-de-educacion-y-gobernacion-de-vargas-inauguran-escuela-mercedes-de-izzo\/\",\"name\":\"Ministro del Trabajo, Ministerio de Educaci\u00f3n y Gobernaci\u00f3n de Vargas inauguran Escuela Mercedes de Izzo - MPPPST\",\"isPartOf\":{\"@id\":\"https:\/\/www.mpppst.gob.ve\/mpppstweb\/#website\"},\"primaryImageOfPage\":{\"@id\":\"https:\/\/www.mpppst.gob.ve\/mpppstweb\/index.php\/2016\/10\/05\/ministro-del-trabajo-ministerio-de-educacion-y-gobernacion-de-vargas-inauguran-escuela-mercedes-de-izzo\/#primaryimage\"},\"image\":{\"@id\":\"https:\/\/www.mpppst.gob.ve\/mpppstweb\/index.php\/2016\/10\/05\/ministro-del-trabajo-ministerio-de-educacion-y-gobernacion-de-vargas-inauguran-escuela-mercedes-de-izzo\/#primaryimage\"},\"thumbnailUrl\":\"https:\/\/www.mpppst.gob.ve\/mpppstweb\/wp-content\/uploads\/2016\/10\/IMG_20161005_113726.jpg\",\"datePublished\":\"2016-10-05T19:24:27+00:00\",\"dateModified\":\"2016-10-05T19:24:27+00:00\",\"breadcrumb\":{\"@id\":\"https:\/\/www.mpppst.gob.ve\/mpppstweb\/index.php\/2016\/10\/05\/ministro-del-trabajo-ministerio-de-educacion-y-gobernacion-de-vargas-inauguran-escuela-mercedes-de-izzo\/#breadcrumb\"},\"inLanguage\":\"es\",\"potentialAction\":[{\"@type\":\"ReadAction\",\"target\":[\"https:\/\/www.mpppst.gob.ve\/mpppstweb\/index.php\/2016\/10\/05\/ministro-del-trabajo-ministerio-de-educacion-y-gobernacion-de-vargas-inauguran-escuela-mercedes-de-izzo\/\"]}]},{\"@type\":\"ImageObject\",\"inLanguage\":\"es\",\"@id\":\"https:\/\/www.mpppst.gob.ve\/mpppstweb\/index.php\/2016\/10\/05\/ministro-del-trabajo-ministerio-de-educacion-y-gobernacion-de-vargas-inauguran-escuela-mercedes-de-izzo\/#primaryimage\",\"url\":\"https:\/\/www.mpppst.gob.ve\/mpppstweb\/wp-content\/uploads\/2016\/10\/IMG_20161005_113726.jpg\",\"contentUrl\":\"https:\/\/www.mpppst.gob.ve\/mpppstweb\/wp-content\/uploads\/2016\/10\/IMG_20161005_113726.jpg\",\"width\":2592,\"height\":1944},{\"@type\":\"BreadcrumbList\",\"@id\":\"https:\/\/www.mpppst.gob.ve\/mpppstweb\/index.php\/2016\/10\/05\/ministro-del-trabajo-ministerio-de-educacion-y-gobernacion-de-vargas-inauguran-escuela-mercedes-de-izzo\/#breadcrumb\",\"itemListElement\":[{\"@type\":\"ListItem\",\"position\":1,\"name\":\"Home\",\"item\":\"https:\/\/www.mpppst.gob.ve\/mpppstweb\/\"},{\"@type\":\"ListItem\",\"position\":2,\"name\":\"Ministro del Trabajo, Ministerio de Educaci\u00f3n y Gobernaci\u00f3n de Vargas inauguran Escuela Mercedes de Izzo\"}]},{\"@type\":\"WebSite\",\"@id\":\"https:\/\/www.mpppst.gob.ve\/mpppstweb\/#website\",\"url\":\"https:\/\/www.mpppst.gob.ve\/mpppstweb\/\",\"name\":\"MPPPST\",\"description\":\"Ministerio del Poder Popular para el Proceso Social de Trabajo\",\"publisher\":{\"@id\":\"https:\/\/www.mpppst.gob.ve\/mpppstweb\/#organization\"},\"potentialAction\":[{\"@type\":\"SearchAction\",\"target\":{\"@type\":\"EntryPoint\",\"urlTemplate\":\"https:\/\/www.mpppst.gob.ve\/mpppstweb\/?s={search_term_string}\"},\"query-input\":\"required name=search_term_string\"}],\"inLanguage\":\"es\"},{\"@type\":\"Organization\",\"@id\":\"https:\/\/www.mpppst.gob.ve\/mpppstweb\/#organization\",\"name\":\"mpppst\",\"url\":\"https:\/\/www.mpppst.gob.ve\/mpppstweb\/\",\"logo\":{\"@type\":\"ImageObject\",\"inLanguage\":\"es\",\"@id\":\"https:\/\/www.mpppst.gob.ve\/mpppstweb\/#\/schema\/logo\/image\/\",\"url\":\"https:\/\/www.mpppst.gob.ve\/mpppstweb\/wp-content\/uploads\/2025\/07\/cropped-cropped-g910.png\",\"contentUrl\":\"https:\/\/www.mpppst.gob.ve\/mpppstweb\/wp-content\/uploads\/2025\/07\/cropped-cropped-g910.png\",\"width\":1080,\"height\":241,\"caption\":\"mpppst\"},\"image\":{\"@id\":\"https:\/\/www.mpppst.gob.ve\/mpppstweb\/#\/schema\/logo\/image\/\"}},{\"@type\":\"Person\",\"@id\":\"https:\/\/www.mpppst.gob.ve\/mpppstweb\/#\/schema\/person\/fc187ee8ead412bd4c9304b62f900ea4\",\"name\":\"MPPPST Prensa\",\"url\":\"https:\/\/www.mpppst.gob.ve\/mpppstweb\/index.php\/author\/prensa-mpppst\/\"}]}<\/script>\n<!-- \/ Yoast SEO plugin. -->","yoast_head_json":{"title":"Ministro del Trabajo, Ministerio de Educaci\u00f3n y Gobernaci\u00f3n de Vargas inauguran Escuela Mercedes de Izzo - MPPPST","robots":{"index":"index","follow":"follow","max-snippet":"max-snippet:-1","max-image-preview":"max-image-preview:large","max-video-preview":"max-video-preview:-1"},"canonical":"https:\/\/www.mpppst.gob.ve\/mpppstweb\/index.php\/2016\/10\/05\/ministro-del-trabajo-ministerio-de-educacion-y-gobernacion-de-vargas-inauguran-escuela-mercedes-de-izzo\/","og_locale":"es_ES","og_type":"article","og_title":"Ministro del Trabajo, Ministerio de Educaci\u00f3n y Gobernaci\u00f3n de Vargas inauguran Escuela Mercedes de Izzo - MPPPST","og_description":"Prensa (MPPPST). Este\u00a05 de octubre fue\u00a0inaugurada la Unidad Educativa Mercedes de Izzo en Petaquire, Carayaca, estado &hellip; Ministro del Trabajo, Ministerio de Educaci\u00f3n y Gobernaci\u00f3n de Vargas inauguran Escuela Mercedes de IzzoRead more","og_url":"https:\/\/www.mpppst.gob.ve\/mpppstweb\/index.php\/2016\/10\/05\/ministro-del-trabajo-ministerio-de-educacion-y-gobernacion-de-vargas-inauguran-escuela-mercedes-de-izzo\/","og_site_name":"MPPPST","article_published_time":"2016-10-05T19:24:27+00:00","og_image":[{"width":2592,"height":1944,"url":"https:\/\/www.mpppst.gob.ve\/mpppstweb\/wp-content\/uploads\/2016\/10\/IMG_20161005_113726.jpg","type":"image\/jpeg"}],"author":"MPPPST Prensa","twitter_card":"summary_large_image","twitter_misc":{"Escrito por":"MPPPST Prensa","Tiempo de lectura":"2 minutos"},"schema":{"@context":"https:\/\/schema.org","@graph":[{"@type":"Article","@id":"https:\/\/www.mpppst.gob.ve\/mpppstweb\/index.php\/2016\/10\/05\/ministro-del-trabajo-ministerio-de-educacion-y-gobernacion-de-vargas-inauguran-escuela-mercedes-de-izzo\/#article","isPartOf":{"@id":"https:\/\/www.mpppst.gob.ve\/mpppstweb\/index.php\/2016\/10\/05\/ministro-del-trabajo-ministerio-de-educacion-y-gobernacion-de-vargas-inauguran-escuela-mercedes-de-izzo\/"},"author":{"name":"MPPPST Prensa","@id":"https:\/\/www.mpppst.gob.ve\/mpppstweb\/#\/schema\/person\/fc187ee8ead412bd4c9304b62f900ea4"},"headline":"Ministro del Trabajo, Ministerio de Educaci\u00f3n y Gobernaci\u00f3n de Vargas inauguran Escuela Mercedes de Izzo","datePublished":"2016-10-05T19:24:27+00:00","dateModified":"2016-10-05T19:24:27+00:00","mainEntityOfPage":{"@id":"https:\/\/www.mpppst.gob.ve\/mpppstweb\/index.php\/2016\/10\/05\/ministro-del-trabajo-ministerio-de-educacion-y-gobernacion-de-vargas-inauguran-escuela-mercedes-de-izzo\/"},"wordCount":412,"publisher":{"@id":"https:\/\/www.mpppst.gob.ve\/mpppstweb\/#organization"},"image":{"@id":"https:\/\/www.mpppst.gob.ve\/mpppstweb\/index.php\/2016\/10\/05\/ministro-del-trabajo-ministerio-de-educacion-y-gobernacion-de-vargas-inauguran-escuela-mercedes-de-izzo\/#primaryimage"},"thumbnailUrl":"https:\/\/www.mpppst.gob.ve\/mpppstweb\/wp-content\/uploads\/2016\/10\/IMG_20161005_113726.jpg","keywords":["Gobierno Bolivariano","MPPPST","Participaci\u00f3n popular y protag\u00f3nica"],"articleSection":["Gobierno Nacional","Ministerio","Noticias"],"inLanguage":"es"},{"@type":"WebPage","@id":"https:\/\/www.mpppst.gob.ve\/mpppstweb\/index.php\/2016\/10\/05\/ministro-del-trabajo-ministerio-de-educacion-y-gobernacion-de-vargas-inauguran-escuela-mercedes-de-izzo\/","url":"https:\/\/www.mpppst.gob.ve\/mpppstweb\/index.php\/2016\/10\/05\/ministro-del-trabajo-ministerio-de-educacion-y-gobernacion-de-vargas-inauguran-escuela-mercedes-de-izzo\/","name":"Ministro del Trabajo, Ministerio de Educaci\u00f3n y Gobernaci\u00f3n de Vargas inauguran Escuela Mercedes de Izzo - MPPPST","isPartOf":{"@id":"https:\/\/www.mpppst.gob.ve\/mpppstweb\/#website"},"primaryImageOfPage":{"@id":"https:\/\/www.mpppst.gob.ve\/mpppstweb\/index.php\/2016\/10\/05\/ministro-del-trabajo-ministerio-de-educacion-y-gobernacion-de-vargas-inauguran-escuela-mercedes-de-izzo\/#primaryimage"},"image":{"@id":"https:\/\/www.mpppst.gob.ve\/mpppstweb\/index.php\/2016\/10\/05\/ministro-del-trabajo-ministerio-de-educacion-y-gobernacion-de-vargas-inauguran-escuela-mercedes-de-izzo\/#primaryimage"},"thumbnailUrl":"https:\/\/www.mpppst.gob.ve\/mpppstweb\/wp-content\/uploads\/2016\/10\/IMG_20161005_113726.jpg","datePublished":"2016-10-05T19:24:27+00:00","dateModified":"2016-10-05T19:24:27+00:00","breadcrumb":{"@id":"https:\/\/www.mpppst.gob.ve\/mpppstweb\/index.php\/2016\/10\/05\/ministro-del-trabajo-ministerio-de-educacion-y-gobernacion-de-vargas-inauguran-escuela-mercedes-de-izzo\/#breadcrumb"},"inLanguage":"es","potentialAction":[{"@type":"ReadAction","target":["https:\/\/www.mpppst.gob.ve\/mpppstweb\/index.php\/2016\/10\/05\/ministro-del-trabajo-ministerio-de-educacion-y-gobernacion-de-vargas-inauguran-escuela-mercedes-de-izzo\/"]}]},{"@type":"ImageObject","inLanguage":"es","@id":"https:\/\/www.mpppst.gob.ve\/mpppstweb\/index.php\/2016\/10\/05\/ministro-del-trabajo-ministerio-de-educacion-y-gobernacion-de-vargas-inauguran-escuela-mercedes-de-izzo\/#primaryimage","url":"https:\/\/www.mpppst.gob.ve\/mpppstweb\/wp-content\/uploads\/2016\/10\/IMG_20161005_113726.jpg","contentUrl":"https:\/\/www.mpppst.gob.ve\/mpppstweb\/wp-content\/uploads\/2016\/10\/IMG_20161005_113726.jpg","width":2592,"height":1944},{"@type":"BreadcrumbList","@id":"https:\/\/www.mpppst.gob.ve\/mpppstweb\/index.php\/2016\/10\/05\/ministro-del-trabajo-ministerio-de-educacion-y-gobernacion-de-vargas-inauguran-escuela-mercedes-de-izzo\/#breadcrumb","itemListElement":[{"@type":"ListItem","position":1,"name":"Home","item":"https:\/\/www.mpppst.gob.ve\/mpppstweb\/"},{"@type":"ListItem","position":2,"name":"Ministro del Trabajo, Ministerio de Educaci\u00f3n y Gobernaci\u00f3n de Vargas inauguran Escuela Mercedes de Izzo"}]},{"@type":"WebSite","@id":"https:\/\/www.mpppst.gob.ve\/mpppstweb\/#website","url":"https:\/\/www.mpppst.gob.ve\/mpppstweb\/","name":"MPPPST","description":"Ministerio del Poder Popular para el Proceso Social de Trabajo","publisher":{"@id":"https:\/\/www.mpppst.gob.ve\/mpppstweb\/#organization"},"potentialAction":[{"@type":"SearchAction","target":{"@type":"EntryPoint","urlTemplate":"https:\/\/www.mpppst.gob.ve\/mpppstweb\/?s={search_term_string}"},"query-input":"required name=search_term_string"}],"inLanguage":"es"},{"@type":"Organization","@id":"https:\/\/www.mpppst.gob.ve\/mpppstweb\/#organization","name":"mpppst","url":"https:\/\/www.mpppst.gob.ve\/mpppstweb\/","logo":{"@type":"ImageObject","inLanguage":"es","@id":"https:\/\/www.mpppst.gob.ve\/mpppstweb\/#\/schema\/logo\/image\/","url":"https:\/\/www.mpppst.gob.ve\/mpppstweb\/wp-content\/uploads\/2025\/07\/cropped-cropped-g910.png","contentUrl":"https:\/\/www.mpppst.gob.ve\/mpppstweb\/wp-content\/uploads\/2025\/07\/cropped-cropped-g910.png","width":1080,"height":241,"caption":"mpppst"},"image":{"@id":"https:\/\/www.mpppst.gob.ve\/mpppstweb\/#\/schema\/logo\/image\/"}},{"@type":"Person","@id":"https:\/\/www.mpppst.gob.ve\/mpppstweb\/#\/schema\/person\/fc187ee8ead412bd4c9304b62f900ea4","name":"MPPPST Prensa","url":"https:\/\/www.mpppst.gob.ve\/mpppstweb\/index.php\/author\/prensa-mpppst\/"}]}},"_links":{"self":[{"href":"https:\/\/www.mpppst.gob.ve\/mpppstweb\/index.php\/wp-json\/wp\/v2\/posts\/8754"}],"collection":[{"href":"https:\/\/www.mpppst.gob.ve\/mpppstweb\/index.php\/wp-json\/wp\/v2\/posts"}],"about":[{"href":"https:\/\/www.mpppst.gob.ve\/mpppstweb\/index.php\/wp-json\/wp\/v2\/types\/post"}],"author":[{"embeddable":true,"href":"https:\/\/www.mpppst.gob.ve\/mpppstweb\/index.php\/wp-json\/wp\/v2\/users\/25"}],"replies":[{"embeddable":true,"href":"https:\/\/www.mpppst.gob.ve\/mpppstweb\/index.php\/wp-json\/wp\/v2\/comments?post=8754"}],"version-history":[{"count":1,"href":"https:\/\/www.mpppst.gob.ve\/mpppstweb\/index.php\/wp-json\/wp\/v2\/posts\/8754\/revisions"}],"predecessor-version":[{"id":8756,"href":"https:\/\/www.mpppst.gob.ve\/mpppstweb\/index.php\/wp-json\/wp\/v2\/posts\/8754\/revisions\/8756"}],"wp:featuredmedia":[{"embeddable":true,"href":"https:\/\/www.mpppst.gob.ve\/mpppstweb\/index.php\/wp-json\/wp\/v2\/media\/8755"}],"wp:attachment":[{"href":"https:\/\/www.mpppst.gob.ve\/mpppstweb\/index.php\/wp-json\/wp\/v2\/media?parent=8754"}],"wp:term":[{"taxonomy":"category","embeddable":true,"href":"https:\/\/www.mpppst.gob.ve\/mpppstweb\/index.php\/wp-json\/wp\/v2\/categories?post=8754"},{"taxonomy":"post_tag","embeddable":true,"href":"https:\/\/www.mpppst.gob.ve\/mpppstweb\/index.php\/wp-json\/wp\/v2\/tags?post=8754"}],"curies":[{"name":"wp","href":"https:\/\/api.w.org\/{rel}","templated":true}]}}