{"id":8757,"date":"2016-10-05T19:30:50","date_gmt":"2016-10-05T19:30:50","guid":{"rendered":"http:\/\/www.mpppst.gob.ve\/mpppstweb\/?p=8757"},"modified":"2016-10-05T19:30:50","modified_gmt":"2016-10-05T19:30:50","slug":"viento-en-popa-convenio-inces-ciara-para-el-impulso-de-la-agricultura-urbana","status":"publish","type":"post","link":"https:\/\/www.mpppst.gob.ve\/mpppstweb\/index.php\/2016\/10\/05\/viento-en-popa-convenio-inces-ciara-para-el-impulso-de-la-agricultura-urbana\/","title":{"rendered":"Viento en popa convenio Inces-Ciara para el impulso de la agricultura urbana"},"content":{"rendered":"<p>Con el prop\u00f3sito de establecer l\u00edneas de trabajo conjuntas y coherentes, a trav\u00e9s de acciones mancomunadas para impulsar actividades agr\u00edcolas y pecuarias en zonas urbanas y periurbanas, el Instituto Nacional de Capacitaci\u00f3n y Educaci\u00f3n Socialista Inces estableci\u00f3 un convenio con la Fundaci\u00f3n de Capacitaci\u00f3n e Innovaci\u00f3n para el Desarrollo Rural (<em>CIARA<\/em>) con el cual se est\u00e1 impulsando\u00a0 la producci\u00f3n de todos los rubros en el contexto nacional.<\/p>\n<p>Al momento ya se pueden vislumbrar resultados tangibles. En los que va del segundo semestre del a\u00f1o se han captado 25.896 sujetos en formaci\u00f3n, de los cuales, el 45,49 por ciento (12.041) est\u00e1n inmersos en la agricultura urbana.<\/p>\n<p>Las principales actividades que se llevan a cabo entre ambas organizaciones luego del convenimiento son proyectos de investigaci\u00f3n, formaci\u00f3n y autoformaci\u00f3n colectiva, integral y continua, a parte de una necesaria formaci\u00f3n de formadores.<\/p>\n<p>En ese prop\u00f3sito se integran esfuerzos y recursos para fomentar las capacidades de organizaci\u00f3n social de cara a la producci\u00f3n agr\u00edcola, incluidas semillas y pl\u00e1ntulas que motorizan la demanda interna en todos los eslabones correspondientes a las cadenas productivas.<\/p>\n<p>Tanto Ciara como el Inces, tienen como poblaci\u00f3n objeto los trabajadores a nivel nacional, los sujetos de aprendizaje en el \u00e1rea y los promotores de proyectos agr\u00edcolas de cada uno de los Centros de Formaci\u00f3n Socialista (CFS) del instituto formador, adem\u00e1s de maestros y promotores t\u00e9cnicos productivos.<\/p>\n<p>Al principio, las partes acordaron conformar un Comit\u00e9 T\u00e9cnico Coordinador del Convenio que firm\u00f3 un acta que dio inicio a la cooperaci\u00f3n de ambas instituciones y fue cuando decidieron la realizaci\u00f3n del dise\u00f1o del plan de abordaje de certificaci\u00f3n, formaci\u00f3n y autoformaci\u00f3n permanente, en el proceso de activaci\u00f3n productiva de los Comit\u00e9s Locales de Abastecimiento Productivo (CLAP).<\/p>\n<p>De igual forma, para unificar criterios y avanzar con mayor decisi\u00f3n, se cruzaron los instrumentos de caracterizaci\u00f3n entre la Gerencia de Formaci\u00f3n Profesional del Inces, a trav\u00e9s de su unidad de Tecnolog\u00eda Educativa y el Ministerio del Poder Popular para la Agricultura Urbana, a trav\u00e9s del propio Ciara.<\/p>\n<p>Por Prensa Inces<\/p>\n","protected":false},"excerpt":{"rendered":"<p>Con el prop\u00f3sito de establecer l\u00edneas de trabajo conjuntas y coherentes, a trav\u00e9s de acciones mancomunadas &hellip; <a title=\"Viento en popa convenio Inces-Ciara para el impulso de la agricultura urbana\" class=\"hm-read-more\" href=\"https:\/\/www.mpppst.gob.ve\/mpppstweb\/index.php\/2016\/10\/05\/viento-en-popa-convenio-inces-ciara-para-el-impulso-de-la-agricultura-urbana\/\"><span class=\"screen-reader-text\">Viento en popa convenio Inces-Ciara para el impulso de la agricultura urbana<\/span>Read more<\/a><\/p>\n","protected":false},"author":25,"featured_media":8758,"comment_status":"closed","ping_status":"closed","sticky":false,"template":"","format":"standard","meta":{"footnotes":""},"categories":[204,239,83,163],"tags":[243,223],"yoast_head":"<!-- This site is optimized with the Yoast SEO plugin v22.5 - https:\/\/yoast.com\/wordpress\/plugins\/seo\/ -->\n<title>Viento en popa convenio Inces-Ciara para el impulso de la agricultura urbana - MPPPST<\/title>\n<meta name=\"robots\" content=\"index, follow, max-snippet:-1, max-image-preview:large, max-video-preview:-1\" \/>\n<link rel=\"canonical\" href=\"https:\/\/www.mpppst.gob.ve\/mpppstweb\/index.php\/2016\/10\/05\/viento-en-popa-convenio-inces-ciara-para-el-impulso-de-la-agricultura-urbana\/\" \/>\n<meta property=\"og:locale\" content=\"es_ES\" \/>\n<meta property=\"og:type\" content=\"article\" \/>\n<meta property=\"og:title\" content=\"Viento en popa convenio Inces-Ciara para el impulso de la agricultura urbana - MPPPST\" \/>\n<meta property=\"og:description\" content=\"Con el prop\u00f3sito de establecer l\u00edneas de trabajo conjuntas y coherentes, a trav\u00e9s de acciones mancomunadas &hellip; Viento en popa convenio Inces-Ciara para el impulso de la agricultura urbanaRead more\" \/>\n<meta property=\"og:url\" content=\"https:\/\/www.mpppst.gob.ve\/mpppstweb\/index.php\/2016\/10\/05\/viento-en-popa-convenio-inces-ciara-para-el-impulso-de-la-agricultura-urbana\/\" \/>\n<meta property=\"og:site_name\" content=\"MPPPST\" \/>\n<meta property=\"article:published_time\" content=\"2016-10-05T19:30:50+00:00\" \/>\n<meta property=\"og:image\" content=\"https:\/\/www.mpppst.gob.ve\/mpppstweb\/wp-content\/uploads\/2016\/10\/Ciara-Inces-0-convenio-30.09.16-1024x683.jpg\" \/>\n\t<meta property=\"og:image:width\" content=\"1024\" \/>\n\t<meta property=\"og:image:height\" content=\"683\" \/>\n\t<meta property=\"og:image:type\" content=\"image\/jpeg\" \/>\n<meta name=\"author\" content=\"MPPPST Prensa\" \/>\n<meta name=\"twitter:card\" content=\"summary_large_image\" \/>\n<meta name=\"twitter:label1\" content=\"Escrito por\" \/>\n\t<meta name=\"twitter:data1\" content=\"MPPPST Prensa\" \/>\n\t<meta name=\"twitter:label2\" content=\"Tiempo de lectura\" \/>\n\t<meta name=\"twitter:data2\" content=\"2 minutos\" \/>\n<script type=\"application\/ld+json\" class=\"yoast-schema-graph\">{\"@context\":\"https:\/\/schema.org\",\"@graph\":[{\"@type\":\"Article\",\"@id\":\"https:\/\/www.mpppst.gob.ve\/mpppstweb\/index.php\/2016\/10\/05\/viento-en-popa-convenio-inces-ciara-para-el-impulso-de-la-agricultura-urbana\/#article\",\"isPartOf\":{\"@id\":\"https:\/\/www.mpppst.gob.ve\/mpppstweb\/index.php\/2016\/10\/05\/viento-en-popa-convenio-inces-ciara-para-el-impulso-de-la-agricultura-urbana\/\"},\"author\":{\"name\":\"MPPPST Prensa\",\"@id\":\"https:\/\/www.mpppst.gob.ve\/mpppstweb\/#\/schema\/person\/fc187ee8ead412bd4c9304b62f900ea4\"},\"headline\":\"Viento en popa convenio Inces-Ciara para el impulso de la agricultura urbana\",\"datePublished\":\"2016-10-05T19:30:50+00:00\",\"dateModified\":\"2016-10-05T19:30:50+00:00\",\"mainEntityOfPage\":{\"@id\":\"https:\/\/www.mpppst.gob.ve\/mpppstweb\/index.php\/2016\/10\/05\/viento-en-popa-convenio-inces-ciara-para-el-impulso-de-la-agricultura-urbana\/\"},\"wordCount\":383,\"publisher\":{\"@id\":\"https:\/\/www.mpppst.gob.ve\/mpppstweb\/#organization\"},\"image\":{\"@id\":\"https:\/\/www.mpppst.gob.ve\/mpppstweb\/index.php\/2016\/10\/05\/viento-en-popa-convenio-inces-ciara-para-el-impulso-de-la-agricultura-urbana\/#primaryimage\"},\"thumbnailUrl\":\"https:\/\/www.mpppst.gob.ve\/mpppstweb\/wp-content\/uploads\/2016\/10\/Ciara-Inces-0-convenio-30.09.16.jpg\",\"keywords\":[\"INCES\",\"MPPPST\"],\"articleSection\":[\"Autoformaci\u00f3n desde el Proceso Social de Trabajo Colectiva\",\"Entes adscritos\",\"Ministerio\",\"Noticias\"],\"inLanguage\":\"es\"},{\"@type\":\"WebPage\",\"@id\":\"https:\/\/www.mpppst.gob.ve\/mpppstweb\/index.php\/2016\/10\/05\/viento-en-popa-convenio-inces-ciara-para-el-impulso-de-la-agricultura-urbana\/\",\"url\":\"https:\/\/www.mpppst.gob.ve\/mpppstweb\/index.php\/2016\/10\/05\/viento-en-popa-convenio-inces-ciara-para-el-impulso-de-la-agricultura-urbana\/\",\"name\":\"Viento en popa convenio Inces-Ciara para el impulso de la agricultura urbana - MPPPST\",\"isPartOf\":{\"@id\":\"https:\/\/www.mpppst.gob.ve\/mpppstweb\/#website\"},\"primaryImageOfPage\":{\"@id\":\"https:\/\/www.mpppst.gob.ve\/mpppstweb\/index.php\/2016\/10\/05\/viento-en-popa-convenio-inces-ciara-para-el-impulso-de-la-agricultura-urbana\/#primaryimage\"},\"image\":{\"@id\":\"https:\/\/www.mpppst.gob.ve\/mpppstweb\/index.php\/2016\/10\/05\/viento-en-popa-convenio-inces-ciara-para-el-impulso-de-la-agricultura-urbana\/#primaryimage\"},\"thumbnailUrl\":\"https:\/\/www.mpppst.gob.ve\/mpppstweb\/wp-content\/uploads\/2016\/10\/Ciara-Inces-0-convenio-30.09.16.jpg\",\"datePublished\":\"2016-10-05T19:30:50+00:00\",\"dateModified\":\"2016-10-05T19:30:50+00:00\",\"breadcrumb\":{\"@id\":\"https:\/\/www.mpppst.gob.ve\/mpppstweb\/index.php\/2016\/10\/05\/viento-en-popa-convenio-inces-ciara-para-el-impulso-de-la-agricultura-urbana\/#breadcrumb\"},\"inLanguage\":\"es\",\"potentialAction\":[{\"@type\":\"ReadAction\",\"target\":[\"https:\/\/www.mpppst.gob.ve\/mpppstweb\/index.php\/2016\/10\/05\/viento-en-popa-convenio-inces-ciara-para-el-impulso-de-la-agricultura-urbana\/\"]}]},{\"@type\":\"ImageObject\",\"inLanguage\":\"es\",\"@id\":\"https:\/\/www.mpppst.gob.ve\/mpppstweb\/index.php\/2016\/10\/05\/viento-en-popa-convenio-inces-ciara-para-el-impulso-de-la-agricultura-urbana\/#primaryimage\",\"url\":\"https:\/\/www.mpppst.gob.ve\/mpppstweb\/wp-content\/uploads\/2016\/10\/Ciara-Inces-0-convenio-30.09.16.jpg\",\"contentUrl\":\"https:\/\/www.mpppst.gob.ve\/mpppstweb\/wp-content\/uploads\/2016\/10\/Ciara-Inces-0-convenio-30.09.16.jpg\",\"width\":3648,\"height\":2432},{\"@type\":\"BreadcrumbList\",\"@id\":\"https:\/\/www.mpppst.gob.ve\/mpppstweb\/index.php\/2016\/10\/05\/viento-en-popa-convenio-inces-ciara-para-el-impulso-de-la-agricultura-urbana\/#breadcrumb\",\"itemListElement\":[{\"@type\":\"ListItem\",\"position\":1,\"name\":\"Home\",\"item\":\"https:\/\/www.mpppst.gob.ve\/mpppstweb\/\"},{\"@type\":\"ListItem\",\"position\":2,\"name\":\"Viento en popa convenio Inces-Ciara para el impulso de la agricultura urbana\"}]},{\"@type\":\"WebSite\",\"@id\":\"https:\/\/www.mpppst.gob.ve\/mpppstweb\/#website\",\"url\":\"https:\/\/www.mpppst.gob.ve\/mpppstweb\/\",\"name\":\"MPPPST\",\"description\":\"Ministerio del Poder Popular para el Proceso Social de Trabajo\",\"publisher\":{\"@id\":\"https:\/\/www.mpppst.gob.ve\/mpppstweb\/#organization\"},\"potentialAction\":[{\"@type\":\"SearchAction\",\"target\":{\"@type\":\"EntryPoint\",\"urlTemplate\":\"https:\/\/www.mpppst.gob.ve\/mpppstweb\/?s={search_term_string}\"},\"query-input\":\"required name=search_term_string\"}],\"inLanguage\":\"es\"},{\"@type\":\"Organization\",\"@id\":\"https:\/\/www.mpppst.gob.ve\/mpppstweb\/#organization\",\"name\":\"mpppst\",\"url\":\"https:\/\/www.mpppst.gob.ve\/mpppstweb\/\",\"logo\":{\"@type\":\"ImageObject\",\"inLanguage\":\"es\",\"@id\":\"https:\/\/www.mpppst.gob.ve\/mpppstweb\/#\/schema\/logo\/image\/\",\"url\":\"https:\/\/www.mpppst.gob.ve\/mpppstweb\/wp-content\/uploads\/2025\/07\/cropped-cropped-g910.png\",\"contentUrl\":\"https:\/\/www.mpppst.gob.ve\/mpppstweb\/wp-content\/uploads\/2025\/07\/cropped-cropped-g910.png\",\"width\":1080,\"height\":241,\"caption\":\"mpppst\"},\"image\":{\"@id\":\"https:\/\/www.mpppst.gob.ve\/mpppstweb\/#\/schema\/logo\/image\/\"}},{\"@type\":\"Person\",\"@id\":\"https:\/\/www.mpppst.gob.ve\/mpppstweb\/#\/schema\/person\/fc187ee8ead412bd4c9304b62f900ea4\",\"name\":\"MPPPST Prensa\",\"url\":\"https:\/\/www.mpppst.gob.ve\/mpppstweb\/index.php\/author\/prensa-mpppst\/\"}]}<\/script>\n<!-- \/ Yoast SEO plugin. -->","yoast_head_json":{"title":"Viento en popa convenio Inces-Ciara para el impulso de la agricultura urbana - MPPPST","robots":{"index":"index","follow":"follow","max-snippet":"max-snippet:-1","max-image-preview":"max-image-preview:large","max-video-preview":"max-video-preview:-1"},"canonical":"https:\/\/www.mpppst.gob.ve\/mpppstweb\/index.php\/2016\/10\/05\/viento-en-popa-convenio-inces-ciara-para-el-impulso-de-la-agricultura-urbana\/","og_locale":"es_ES","og_type":"article","og_title":"Viento en popa convenio Inces-Ciara para el impulso de la agricultura urbana - MPPPST","og_description":"Con el prop\u00f3sito de establecer l\u00edneas de trabajo conjuntas y coherentes, a trav\u00e9s de acciones mancomunadas &hellip; Viento en popa convenio Inces-Ciara para el impulso de la agricultura urbanaRead more","og_url":"https:\/\/www.mpppst.gob.ve\/mpppstweb\/index.php\/2016\/10\/05\/viento-en-popa-convenio-inces-ciara-para-el-impulso-de-la-agricultura-urbana\/","og_site_name":"MPPPST","article_published_time":"2016-10-05T19:30:50+00:00","og_image":[{"width":1024,"height":683,"url":"https:\/\/www.mpppst.gob.ve\/mpppstweb\/wp-content\/uploads\/2016\/10\/Ciara-Inces-0-convenio-30.09.16-1024x683.jpg","type":"image\/jpeg"}],"author":"MPPPST Prensa","twitter_card":"summary_large_image","twitter_misc":{"Escrito por":"MPPPST Prensa","Tiempo de lectura":"2 minutos"},"schema":{"@context":"https:\/\/schema.org","@graph":[{"@type":"Article","@id":"https:\/\/www.mpppst.gob.ve\/mpppstweb\/index.php\/2016\/10\/05\/viento-en-popa-convenio-inces-ciara-para-el-impulso-de-la-agricultura-urbana\/#article","isPartOf":{"@id":"https:\/\/www.mpppst.gob.ve\/mpppstweb\/index.php\/2016\/10\/05\/viento-en-popa-convenio-inces-ciara-para-el-impulso-de-la-agricultura-urbana\/"},"author":{"name":"MPPPST Prensa","@id":"https:\/\/www.mpppst.gob.ve\/mpppstweb\/#\/schema\/person\/fc187ee8ead412bd4c9304b62f900ea4"},"headline":"Viento en popa convenio Inces-Ciara para el impulso de la agricultura urbana","datePublished":"2016-10-05T19:30:50+00:00","dateModified":"2016-10-05T19:30:50+00:00","mainEntityOfPage":{"@id":"https:\/\/www.mpppst.gob.ve\/mpppstweb\/index.php\/2016\/10\/05\/viento-en-popa-convenio-inces-ciara-para-el-impulso-de-la-agricultura-urbana\/"},"wordCount":383,"publisher":{"@id":"https:\/\/www.mpppst.gob.ve\/mpppstweb\/#organization"},"image":{"@id":"https:\/\/www.mpppst.gob.ve\/mpppstweb\/index.php\/2016\/10\/05\/viento-en-popa-convenio-inces-ciara-para-el-impulso-de-la-agricultura-urbana\/#primaryimage"},"thumbnailUrl":"https:\/\/www.mpppst.gob.ve\/mpppstweb\/wp-content\/uploads\/2016\/10\/Ciara-Inces-0-convenio-30.09.16.jpg","keywords":["INCES","MPPPST"],"articleSection":["Autoformaci\u00f3n desde el Proceso Social de Trabajo Colectiva","Entes adscritos","Ministerio","Noticias"],"inLanguage":"es"},{"@type":"WebPage","@id":"https:\/\/www.mpppst.gob.ve\/mpppstweb\/index.php\/2016\/10\/05\/viento-en-popa-convenio-inces-ciara-para-el-impulso-de-la-agricultura-urbana\/","url":"https:\/\/www.mpppst.gob.ve\/mpppstweb\/index.php\/2016\/10\/05\/viento-en-popa-convenio-inces-ciara-para-el-impulso-de-la-agricultura-urbana\/","name":"Viento en popa convenio Inces-Ciara para el impulso de la agricultura urbana - MPPPST","isPartOf":{"@id":"https:\/\/www.mpppst.gob.ve\/mpppstweb\/#website"},"primaryImageOfPage":{"@id":"https:\/\/www.mpppst.gob.ve\/mpppstweb\/index.php\/2016\/10\/05\/viento-en-popa-convenio-inces-ciara-para-el-impulso-de-la-agricultura-urbana\/#primaryimage"},"image":{"@id":"https:\/\/www.mpppst.gob.ve\/mpppstweb\/index.php\/2016\/10\/05\/viento-en-popa-convenio-inces-ciara-para-el-impulso-de-la-agricultura-urbana\/#primaryimage"},"thumbnailUrl":"https:\/\/www.mpppst.gob.ve\/mpppstweb\/wp-content\/uploads\/2016\/10\/Ciara-Inces-0-convenio-30.09.16.jpg","datePublished":"2016-10-05T19:30:50+00:00","dateModified":"2016-10-05T19:30:50+00:00","breadcrumb":{"@id":"https:\/\/www.mpppst.gob.ve\/mpppstweb\/index.php\/2016\/10\/05\/viento-en-popa-convenio-inces-ciara-para-el-impulso-de-la-agricultura-urbana\/#breadcrumb"},"inLanguage":"es","potentialAction":[{"@type":"ReadAction","target":["https:\/\/www.mpppst.gob.ve\/mpppstweb\/index.php\/2016\/10\/05\/viento-en-popa-convenio-inces-ciara-para-el-impulso-de-la-agricultura-urbana\/"]}]},{"@type":"ImageObject","inLanguage":"es","@id":"https:\/\/www.mpppst.gob.ve\/mpppstweb\/index.php\/2016\/10\/05\/viento-en-popa-convenio-inces-ciara-para-el-impulso-de-la-agricultura-urbana\/#primaryimage","url":"https:\/\/www.mpppst.gob.ve\/mpppstweb\/wp-content\/uploads\/2016\/10\/Ciara-Inces-0-convenio-30.09.16.jpg","contentUrl":"https:\/\/www.mpppst.gob.ve\/mpppstweb\/wp-content\/uploads\/2016\/10\/Ciara-Inces-0-convenio-30.09.16.jpg","width":3648,"height":2432},{"@type":"BreadcrumbList","@id":"https:\/\/www.mpppst.gob.ve\/mpppstweb\/index.php\/2016\/10\/05\/viento-en-popa-convenio-inces-ciara-para-el-impulso-de-la-agricultura-urbana\/#breadcrumb","itemListElement":[{"@type":"ListItem","position":1,"name":"Home","item":"https:\/\/www.mpppst.gob.ve\/mpppstweb\/"},{"@type":"ListItem","position":2,"name":"Viento en popa convenio Inces-Ciara para el impulso de la agricultura urbana"}]},{"@type":"WebSite","@id":"https:\/\/www.mpppst.gob.ve\/mpppstweb\/#website","url":"https:\/\/www.mpppst.gob.ve\/mpppstweb\/","name":"MPPPST","description":"Ministerio del Poder Popular para el Proceso Social de Trabajo","publisher":{"@id":"https:\/\/www.mpppst.gob.ve\/mpppstweb\/#organization"},"potentialAction":[{"@type":"SearchAction","target":{"@type":"EntryPoint","urlTemplate":"https:\/\/www.mpppst.gob.ve\/mpppstweb\/?s={search_term_string}"},"query-input":"required name=search_term_string"}],"inLanguage":"es"},{"@type":"Organization","@id":"https:\/\/www.mpppst.gob.ve\/mpppstweb\/#organization","name":"mpppst","url":"https:\/\/www.mpppst.gob.ve\/mpppstweb\/","logo":{"@type":"ImageObject","inLanguage":"es","@id":"https:\/\/www.mpppst.gob.ve\/mpppstweb\/#\/schema\/logo\/image\/","url":"https:\/\/www.mpppst.gob.ve\/mpppstweb\/wp-content\/uploads\/2025\/07\/cropped-cropped-g910.png","contentUrl":"https:\/\/www.mpppst.gob.ve\/mpppstweb\/wp-content\/uploads\/2025\/07\/cropped-cropped-g910.png","width":1080,"height":241,"caption":"mpppst"},"image":{"@id":"https:\/\/www.mpppst.gob.ve\/mpppstweb\/#\/schema\/logo\/image\/"}},{"@type":"Person","@id":"https:\/\/www.mpppst.gob.ve\/mpppstweb\/#\/schema\/person\/fc187ee8ead412bd4c9304b62f900ea4","name":"MPPPST Prensa","url":"https:\/\/www.mpppst.gob.ve\/mpppstweb\/index.php\/author\/prensa-mpppst\/"}]}},"_links":{"self":[{"href":"https:\/\/www.mpppst.gob.ve\/mpppstweb\/index.php\/wp-json\/wp\/v2\/posts\/8757"}],"collection":[{"href":"https:\/\/www.mpppst.gob.ve\/mpppstweb\/index.php\/wp-json\/wp\/v2\/posts"}],"about":[{"href":"https:\/\/www.mpppst.gob.ve\/mpppstweb\/index.php\/wp-json\/wp\/v2\/types\/post"}],"author":[{"embeddable":true,"href":"https:\/\/www.mpppst.gob.ve\/mpppstweb\/index.php\/wp-json\/wp\/v2\/users\/25"}],"replies":[{"embeddable":true,"href":"https:\/\/www.mpppst.gob.ve\/mpppstweb\/index.php\/wp-json\/wp\/v2\/comments?post=8757"}],"version-history":[{"count":1,"href":"https:\/\/www.mpppst.gob.ve\/mpppstweb\/index.php\/wp-json\/wp\/v2\/posts\/8757\/revisions"}],"predecessor-version":[{"id":8759,"href":"https:\/\/www.mpppst.gob.ve\/mpppstweb\/index.php\/wp-json\/wp\/v2\/posts\/8757\/revisions\/8759"}],"wp:featuredmedia":[{"embeddable":true,"href":"https:\/\/www.mpppst.gob.ve\/mpppstweb\/index.php\/wp-json\/wp\/v2\/media\/8758"}],"wp:attachment":[{"href":"https:\/\/www.mpppst.gob.ve\/mpppstweb\/index.php\/wp-json\/wp\/v2\/media?parent=8757"}],"wp:term":[{"taxonomy":"category","embeddable":true,"href":"https:\/\/www.mpppst.gob.ve\/mpppstweb\/index.php\/wp-json\/wp\/v2\/categories?post=8757"},{"taxonomy":"post_tag","embeddable":true,"href":"https:\/\/www.mpppst.gob.ve\/mpppstweb\/index.php\/wp-json\/wp\/v2\/tags?post=8757"}],"curies":[{"name":"wp","href":"https:\/\/api.w.org\/{rel}","templated":true}]}}