{"id":8801,"date":"2016-10-07T16:24:57","date_gmt":"2016-10-07T16:24:57","guid":{"rendered":"http:\/\/www.mpppst.gob.ve\/mpppstweb\/?p=8801"},"modified":"2016-10-07T16:24:57","modified_gmt":"2016-10-07T16:24:57","slug":"ministro-vera-educacion-y-trabajo-son-los-elementos-fundamentales-para-la-construccion-de-una-patria","status":"publish","type":"post","link":"https:\/\/www.mpppst.gob.ve\/mpppstweb\/index.php\/2016\/10\/07\/ministro-vera-educacion-y-trabajo-son-los-elementos-fundamentales-para-la-construccion-de-una-patria\/","title":{"rendered":"Ministro Vera: \u201cEducaci\u00f3n y trabajo son los elementos fundamentales para la construcci\u00f3n de una Patria\u201d"},"content":{"rendered":"<p>Prensa (MPPPST). En el marco del inicio de clases en todo el pa\u00eds, el ministro del Poder Popular para el Proceso Social de Trabajo (MPPPST), Oswaldo Vera, se despleg\u00f3 en el marco de la inauguraci\u00f3n de escuelas que est\u00e1 llevando a cabo el Gobierno revolucionario, a trav\u00e9s del Ministerio del Poder Popular para la Educaci\u00f3n. En esta ocasi\u00f3n Vera particip\u00f3 de forma activa con el referido Despacho de Educaci\u00f3n y con la Gobernaci\u00f3n del estado Vargas.<\/p>\n<p>Se trata de un solo Gobierno garantizando la educaci\u00f3n de los ni\u00f1os y ni\u00f1as venezolanas, tal como lo dijeron los distintos voceros: impulsar la educaci\u00f3n en todos los rincones del pa\u00eds. De esta forma, la escuela inaugurada se llama Mercedes de Izzo. Est\u00e1 ubicada en una zona monta\u00f1osa, agr\u00edcola, campesina, en el sector Las Cocuizas de Carayaca, donde los ni\u00f1os articulan el conocimiento acad\u00e9mico con las pr\u00e1cticas diarias que les corresponde vivir en su entorno: siembra de zanahoria, ceboll\u00edn, lechuga, remolacha, acelga y otros productos para el consumo.<\/p>\n<p><strong>Educaci\u00f3n y trabajo para construir Patria <\/strong><\/p>\n<p>En ese sentido el ministro Vera se\u00f1al\u00f3 que \u201clos elementos fundamentales para la construcci\u00f3n de una Patria son la educaci\u00f3n y el trabajo que deben fungir como n\u00facleos del desarrollo de un pa\u00eds\u201d, as\u00ed lo sostuvo el Ministro del Proceso Social de Trabajo, Oswaldo Vera.<\/p>\n<p>El Ministro destac\u00f3 que la educaci\u00f3n y el trabajo permitir\u00e1n romper el modelo productivo que heredamos como lo es el rentismo petrolero. \u00a0\u201cLa educaci\u00f3n y el trabajo nos va a dar la formaci\u00f3n t\u00e9cnica y profesional, que nos puede permitir en un momento determinado romper las cadenas de la dependencia del modelo productivo que heredamos con el rentismo petrolero. Por eso debemos ir a un programa de industrializaci\u00f3n de nuestra Patria para convertir a Venezuela en una potencia.\u201d<\/p>\n<p>Vera sostuvo que a pesar de las matrices de opini\u00f3n que han creado algunos sectores de la derecha nacional, seg\u00fan las cuales se va a presentar ausentismo o \u00a0deserci\u00f3n escolar, dado que los\u00a0 ni\u00f1os tienen evidentes dificultades incluso para alimentarse, el Gobierno revolucionario se ha encargado de garantizar todas las condiciones necesarias para el comienzo de clases y la prosecuci\u00f3n de los estudiantes del pa\u00eds.<\/p>\n<p>\u201cNosotros como Gobierno revolucionario estamos dando respuestas a esta matriz, vamos a garantizar las canaimitas, los uniformes, vamos a garantizar la alimentaci\u00f3n en las escuelas a trav\u00e9s del Programa de Alimentaci\u00f3n Escolar, como esta escuela que cuenta con el comedor y que tiene incorporado el elemento socio productivo de la comunidad para garantizar que a trav\u00e9s de los CLAP lleguen los alimentos a los ni\u00f1os y a la poblaci\u00f3n\u201d.<\/p>\n<p>La m\u00e1xima autoridad del Ministerio del Trabajo, puntualiz\u00f3 que una de las labores fundamentales del Gobierno Revolucionario ha sido garantizar la educaci\u00f3n de calidad para la poblaci\u00f3n venezolana, labor que se seguir\u00e1 manteniendo solo en revoluci\u00f3n.<\/p>\n<p>\u201cMientras m\u00e1s campa\u00f1as haga la oposici\u00f3n nosotros seguiremos garantizando\u00a0 mayor revoluci\u00f3n y mayor trabajo, algo que es conocido en el mundo es que Venezuela se ha convertido en una gran escuela, donde m\u00e1s de\u00a0 mill\u00f3n 500 mil venezolanos(as) tienen acceso a la educaci\u00f3n universitaria\u201d. Por eso, tal como lo puntualiz\u00f3, en el pa\u00eds se sigue garantizando como prioridad que gran porcentaje del Presupuesto nacional est\u00e9 dirigido a la educaci\u00f3n.<\/p>\n<p>Por: Carlos Palacios<\/p>\n","protected":false},"excerpt":{"rendered":"<p>Prensa (MPPPST). En el marco del inicio de clases en todo el pa\u00eds, el ministro del &hellip; <a title=\"Ministro Vera: \u201cEducaci\u00f3n y trabajo son los elementos fundamentales para la construcci\u00f3n de una Patria\u201d\" class=\"hm-read-more\" href=\"https:\/\/www.mpppst.gob.ve\/mpppstweb\/index.php\/2016\/10\/07\/ministro-vera-educacion-y-trabajo-son-los-elementos-fundamentales-para-la-construccion-de-una-patria\/\"><span class=\"screen-reader-text\">Ministro Vera: \u201cEducaci\u00f3n y trabajo son los elementos fundamentales para la construcci\u00f3n de una Patria\u201d<\/span>Read more<\/a><\/p>\n","protected":false},"author":25,"featured_media":8803,"comment_status":"closed","ping_status":"closed","sticky":false,"template":"","format":"standard","meta":{"footnotes":""},"categories":[205,82,83,163],"tags":[],"yoast_head":"<!-- This site is optimized with the Yoast SEO plugin v22.5 - https:\/\/yoast.com\/wordpress\/plugins\/seo\/ -->\n<title>Ministro Vera: \u201cEducaci\u00f3n y trabajo son los elementos fundamentales para la construcci\u00f3n de una Patria\u201d - MPPPST<\/title>\n<meta name=\"robots\" content=\"index, follow, max-snippet:-1, max-image-preview:large, max-video-preview:-1\" \/>\n<link rel=\"canonical\" href=\"https:\/\/www.mpppst.gob.ve\/mpppstweb\/index.php\/2016\/10\/07\/ministro-vera-educacion-y-trabajo-son-los-elementos-fundamentales-para-la-construccion-de-una-patria\/\" \/>\n<meta property=\"og:locale\" content=\"es_ES\" \/>\n<meta property=\"og:type\" content=\"article\" \/>\n<meta property=\"og:title\" content=\"Ministro Vera: \u201cEducaci\u00f3n y trabajo son los elementos fundamentales para la construcci\u00f3n de una Patria\u201d - MPPPST\" \/>\n<meta property=\"og:description\" content=\"Prensa (MPPPST). En el marco del inicio de clases en todo el pa\u00eds, el ministro del &hellip; Ministro Vera: \u201cEducaci\u00f3n y trabajo son los elementos fundamentales para la construcci\u00f3n de una Patria\u201dRead more\" \/>\n<meta property=\"og:url\" content=\"https:\/\/www.mpppst.gob.ve\/mpppstweb\/index.php\/2016\/10\/07\/ministro-vera-educacion-y-trabajo-son-los-elementos-fundamentales-para-la-construccion-de-una-patria\/\" \/>\n<meta property=\"og:site_name\" content=\"MPPPST\" \/>\n<meta property=\"article:published_time\" content=\"2016-10-07T16:24:57+00:00\" \/>\n<meta property=\"og:image\" content=\"https:\/\/www.mpppst.gob.ve\/mpppstweb\/wp-content\/uploads\/2016\/10\/Oswaldo-Vera.jpg\" \/>\n\t<meta property=\"og:image:width\" content=\"600\" \/>\n\t<meta property=\"og:image:height\" content=\"400\" \/>\n\t<meta property=\"og:image:type\" content=\"image\/jpeg\" \/>\n<meta name=\"author\" content=\"MPPPST Prensa\" \/>\n<meta name=\"twitter:card\" content=\"summary_large_image\" \/>\n<meta name=\"twitter:label1\" content=\"Escrito por\" \/>\n\t<meta name=\"twitter:data1\" content=\"MPPPST Prensa\" \/>\n\t<meta name=\"twitter:label2\" content=\"Tiempo de lectura\" \/>\n\t<meta name=\"twitter:data2\" content=\"3 minutos\" \/>\n<script type=\"application\/ld+json\" class=\"yoast-schema-graph\">{\"@context\":\"https:\/\/schema.org\",\"@graph\":[{\"@type\":\"Article\",\"@id\":\"https:\/\/www.mpppst.gob.ve\/mpppstweb\/index.php\/2016\/10\/07\/ministro-vera-educacion-y-trabajo-son-los-elementos-fundamentales-para-la-construccion-de-una-patria\/#article\",\"isPartOf\":{\"@id\":\"https:\/\/www.mpppst.gob.ve\/mpppstweb\/index.php\/2016\/10\/07\/ministro-vera-educacion-y-trabajo-son-los-elementos-fundamentales-para-la-construccion-de-una-patria\/\"},\"author\":{\"name\":\"MPPPST Prensa\",\"@id\":\"https:\/\/www.mpppst.gob.ve\/mpppstweb\/#\/schema\/person\/fc187ee8ead412bd4c9304b62f900ea4\"},\"headline\":\"Ministro Vera: \u201cEducaci\u00f3n y trabajo son los elementos fundamentales para la construcci\u00f3n de una Patria\u201d\",\"datePublished\":\"2016-10-07T16:24:57+00:00\",\"dateModified\":\"2016-10-07T16:24:57+00:00\",\"mainEntityOfPage\":{\"@id\":\"https:\/\/www.mpppst.gob.ve\/mpppstweb\/index.php\/2016\/10\/07\/ministro-vera-educacion-y-trabajo-son-los-elementos-fundamentales-para-la-construccion-de-una-patria\/\"},\"wordCount\":607,\"publisher\":{\"@id\":\"https:\/\/www.mpppst.gob.ve\/mpppstweb\/#organization\"},\"image\":{\"@id\":\"https:\/\/www.mpppst.gob.ve\/mpppstweb\/index.php\/2016\/10\/07\/ministro-vera-educacion-y-trabajo-son-los-elementos-fundamentales-para-la-construccion-de-una-patria\/#primaryimage\"},\"thumbnailUrl\":\"https:\/\/www.mpppst.gob.ve\/mpppstweb\/wp-content\/uploads\/2016\/10\/Oswaldo-Vera.jpg\",\"articleSection\":[\"Autoformacion\",\"Gobierno Nacional\",\"Ministerio\",\"Noticias\"],\"inLanguage\":\"es\"},{\"@type\":\"WebPage\",\"@id\":\"https:\/\/www.mpppst.gob.ve\/mpppstweb\/index.php\/2016\/10\/07\/ministro-vera-educacion-y-trabajo-son-los-elementos-fundamentales-para-la-construccion-de-una-patria\/\",\"url\":\"https:\/\/www.mpppst.gob.ve\/mpppstweb\/index.php\/2016\/10\/07\/ministro-vera-educacion-y-trabajo-son-los-elementos-fundamentales-para-la-construccion-de-una-patria\/\",\"name\":\"Ministro Vera: \u201cEducaci\u00f3n y trabajo son los elementos fundamentales para la construcci\u00f3n de una Patria\u201d - MPPPST\",\"isPartOf\":{\"@id\":\"https:\/\/www.mpppst.gob.ve\/mpppstweb\/#website\"},\"primaryImageOfPage\":{\"@id\":\"https:\/\/www.mpppst.gob.ve\/mpppstweb\/index.php\/2016\/10\/07\/ministro-vera-educacion-y-trabajo-son-los-elementos-fundamentales-para-la-construccion-de-una-patria\/#primaryimage\"},\"image\":{\"@id\":\"https:\/\/www.mpppst.gob.ve\/mpppstweb\/index.php\/2016\/10\/07\/ministro-vera-educacion-y-trabajo-son-los-elementos-fundamentales-para-la-construccion-de-una-patria\/#primaryimage\"},\"thumbnailUrl\":\"https:\/\/www.mpppst.gob.ve\/mpppstweb\/wp-content\/uploads\/2016\/10\/Oswaldo-Vera.jpg\",\"datePublished\":\"2016-10-07T16:24:57+00:00\",\"dateModified\":\"2016-10-07T16:24:57+00:00\",\"breadcrumb\":{\"@id\":\"https:\/\/www.mpppst.gob.ve\/mpppstweb\/index.php\/2016\/10\/07\/ministro-vera-educacion-y-trabajo-son-los-elementos-fundamentales-para-la-construccion-de-una-patria\/#breadcrumb\"},\"inLanguage\":\"es\",\"potentialAction\":[{\"@type\":\"ReadAction\",\"target\":[\"https:\/\/www.mpppst.gob.ve\/mpppstweb\/index.php\/2016\/10\/07\/ministro-vera-educacion-y-trabajo-son-los-elementos-fundamentales-para-la-construccion-de-una-patria\/\"]}]},{\"@type\":\"ImageObject\",\"inLanguage\":\"es\",\"@id\":\"https:\/\/www.mpppst.gob.ve\/mpppstweb\/index.php\/2016\/10\/07\/ministro-vera-educacion-y-trabajo-son-los-elementos-fundamentales-para-la-construccion-de-una-patria\/#primaryimage\",\"url\":\"https:\/\/www.mpppst.gob.ve\/mpppstweb\/wp-content\/uploads\/2016\/10\/Oswaldo-Vera.jpg\",\"contentUrl\":\"https:\/\/www.mpppst.gob.ve\/mpppstweb\/wp-content\/uploads\/2016\/10\/Oswaldo-Vera.jpg\",\"width\":600,\"height\":400},{\"@type\":\"BreadcrumbList\",\"@id\":\"https:\/\/www.mpppst.gob.ve\/mpppstweb\/index.php\/2016\/10\/07\/ministro-vera-educacion-y-trabajo-son-los-elementos-fundamentales-para-la-construccion-de-una-patria\/#breadcrumb\",\"itemListElement\":[{\"@type\":\"ListItem\",\"position\":1,\"name\":\"Home\",\"item\":\"https:\/\/www.mpppst.gob.ve\/mpppstweb\/\"},{\"@type\":\"ListItem\",\"position\":2,\"name\":\"Ministro Vera: \u201cEducaci\u00f3n y trabajo son los elementos fundamentales para la construcci\u00f3n de una Patria\u201d\"}]},{\"@type\":\"WebSite\",\"@id\":\"https:\/\/www.mpppst.gob.ve\/mpppstweb\/#website\",\"url\":\"https:\/\/www.mpppst.gob.ve\/mpppstweb\/\",\"name\":\"MPPPST\",\"description\":\"Ministerio del Poder Popular para el Proceso Social de Trabajo\",\"publisher\":{\"@id\":\"https:\/\/www.mpppst.gob.ve\/mpppstweb\/#organization\"},\"potentialAction\":[{\"@type\":\"SearchAction\",\"target\":{\"@type\":\"EntryPoint\",\"urlTemplate\":\"https:\/\/www.mpppst.gob.ve\/mpppstweb\/?s={search_term_string}\"},\"query-input\":\"required name=search_term_string\"}],\"inLanguage\":\"es\"},{\"@type\":\"Organization\",\"@id\":\"https:\/\/www.mpppst.gob.ve\/mpppstweb\/#organization\",\"name\":\"mpppst\",\"url\":\"https:\/\/www.mpppst.gob.ve\/mpppstweb\/\",\"logo\":{\"@type\":\"ImageObject\",\"inLanguage\":\"es\",\"@id\":\"https:\/\/www.mpppst.gob.ve\/mpppstweb\/#\/schema\/logo\/image\/\",\"url\":\"https:\/\/www.mpppst.gob.ve\/mpppstweb\/wp-content\/uploads\/2025\/07\/cropped-cropped-g910.png\",\"contentUrl\":\"https:\/\/www.mpppst.gob.ve\/mpppstweb\/wp-content\/uploads\/2025\/07\/cropped-cropped-g910.png\",\"width\":1080,\"height\":241,\"caption\":\"mpppst\"},\"image\":{\"@id\":\"https:\/\/www.mpppst.gob.ve\/mpppstweb\/#\/schema\/logo\/image\/\"}},{\"@type\":\"Person\",\"@id\":\"https:\/\/www.mpppst.gob.ve\/mpppstweb\/#\/schema\/person\/fc187ee8ead412bd4c9304b62f900ea4\",\"name\":\"MPPPST Prensa\",\"url\":\"https:\/\/www.mpppst.gob.ve\/mpppstweb\/index.php\/author\/prensa-mpppst\/\"}]}<\/script>\n<!-- \/ Yoast SEO plugin. -->","yoast_head_json":{"title":"Ministro Vera: \u201cEducaci\u00f3n y trabajo son los elementos fundamentales para la construcci\u00f3n de una Patria\u201d - MPPPST","robots":{"index":"index","follow":"follow","max-snippet":"max-snippet:-1","max-image-preview":"max-image-preview:large","max-video-preview":"max-video-preview:-1"},"canonical":"https:\/\/www.mpppst.gob.ve\/mpppstweb\/index.php\/2016\/10\/07\/ministro-vera-educacion-y-trabajo-son-los-elementos-fundamentales-para-la-construccion-de-una-patria\/","og_locale":"es_ES","og_type":"article","og_title":"Ministro Vera: \u201cEducaci\u00f3n y trabajo son los elementos fundamentales para la construcci\u00f3n de una Patria\u201d - MPPPST","og_description":"Prensa (MPPPST). En el marco del inicio de clases en todo el pa\u00eds, el ministro del &hellip; Ministro Vera: \u201cEducaci\u00f3n y trabajo son los elementos fundamentales para la construcci\u00f3n de una Patria\u201dRead more","og_url":"https:\/\/www.mpppst.gob.ve\/mpppstweb\/index.php\/2016\/10\/07\/ministro-vera-educacion-y-trabajo-son-los-elementos-fundamentales-para-la-construccion-de-una-patria\/","og_site_name":"MPPPST","article_published_time":"2016-10-07T16:24:57+00:00","og_image":[{"width":600,"height":400,"url":"https:\/\/www.mpppst.gob.ve\/mpppstweb\/wp-content\/uploads\/2016\/10\/Oswaldo-Vera.jpg","type":"image\/jpeg"}],"author":"MPPPST Prensa","twitter_card":"summary_large_image","twitter_misc":{"Escrito por":"MPPPST Prensa","Tiempo de lectura":"3 minutos"},"schema":{"@context":"https:\/\/schema.org","@graph":[{"@type":"Article","@id":"https:\/\/www.mpppst.gob.ve\/mpppstweb\/index.php\/2016\/10\/07\/ministro-vera-educacion-y-trabajo-son-los-elementos-fundamentales-para-la-construccion-de-una-patria\/#article","isPartOf":{"@id":"https:\/\/www.mpppst.gob.ve\/mpppstweb\/index.php\/2016\/10\/07\/ministro-vera-educacion-y-trabajo-son-los-elementos-fundamentales-para-la-construccion-de-una-patria\/"},"author":{"name":"MPPPST Prensa","@id":"https:\/\/www.mpppst.gob.ve\/mpppstweb\/#\/schema\/person\/fc187ee8ead412bd4c9304b62f900ea4"},"headline":"Ministro Vera: \u201cEducaci\u00f3n y trabajo son los elementos fundamentales para la construcci\u00f3n de una Patria\u201d","datePublished":"2016-10-07T16:24:57+00:00","dateModified":"2016-10-07T16:24:57+00:00","mainEntityOfPage":{"@id":"https:\/\/www.mpppst.gob.ve\/mpppstweb\/index.php\/2016\/10\/07\/ministro-vera-educacion-y-trabajo-son-los-elementos-fundamentales-para-la-construccion-de-una-patria\/"},"wordCount":607,"publisher":{"@id":"https:\/\/www.mpppst.gob.ve\/mpppstweb\/#organization"},"image":{"@id":"https:\/\/www.mpppst.gob.ve\/mpppstweb\/index.php\/2016\/10\/07\/ministro-vera-educacion-y-trabajo-son-los-elementos-fundamentales-para-la-construccion-de-una-patria\/#primaryimage"},"thumbnailUrl":"https:\/\/www.mpppst.gob.ve\/mpppstweb\/wp-content\/uploads\/2016\/10\/Oswaldo-Vera.jpg","articleSection":["Autoformacion","Gobierno Nacional","Ministerio","Noticias"],"inLanguage":"es"},{"@type":"WebPage","@id":"https:\/\/www.mpppst.gob.ve\/mpppstweb\/index.php\/2016\/10\/07\/ministro-vera-educacion-y-trabajo-son-los-elementos-fundamentales-para-la-construccion-de-una-patria\/","url":"https:\/\/www.mpppst.gob.ve\/mpppstweb\/index.php\/2016\/10\/07\/ministro-vera-educacion-y-trabajo-son-los-elementos-fundamentales-para-la-construccion-de-una-patria\/","name":"Ministro Vera: \u201cEducaci\u00f3n y trabajo son los elementos fundamentales para la construcci\u00f3n de una Patria\u201d - MPPPST","isPartOf":{"@id":"https:\/\/www.mpppst.gob.ve\/mpppstweb\/#website"},"primaryImageOfPage":{"@id":"https:\/\/www.mpppst.gob.ve\/mpppstweb\/index.php\/2016\/10\/07\/ministro-vera-educacion-y-trabajo-son-los-elementos-fundamentales-para-la-construccion-de-una-patria\/#primaryimage"},"image":{"@id":"https:\/\/www.mpppst.gob.ve\/mpppstweb\/index.php\/2016\/10\/07\/ministro-vera-educacion-y-trabajo-son-los-elementos-fundamentales-para-la-construccion-de-una-patria\/#primaryimage"},"thumbnailUrl":"https:\/\/www.mpppst.gob.ve\/mpppstweb\/wp-content\/uploads\/2016\/10\/Oswaldo-Vera.jpg","datePublished":"2016-10-07T16:24:57+00:00","dateModified":"2016-10-07T16:24:57+00:00","breadcrumb":{"@id":"https:\/\/www.mpppst.gob.ve\/mpppstweb\/index.php\/2016\/10\/07\/ministro-vera-educacion-y-trabajo-son-los-elementos-fundamentales-para-la-construccion-de-una-patria\/#breadcrumb"},"inLanguage":"es","potentialAction":[{"@type":"ReadAction","target":["https:\/\/www.mpppst.gob.ve\/mpppstweb\/index.php\/2016\/10\/07\/ministro-vera-educacion-y-trabajo-son-los-elementos-fundamentales-para-la-construccion-de-una-patria\/"]}]},{"@type":"ImageObject","inLanguage":"es","@id":"https:\/\/www.mpppst.gob.ve\/mpppstweb\/index.php\/2016\/10\/07\/ministro-vera-educacion-y-trabajo-son-los-elementos-fundamentales-para-la-construccion-de-una-patria\/#primaryimage","url":"https:\/\/www.mpppst.gob.ve\/mpppstweb\/wp-content\/uploads\/2016\/10\/Oswaldo-Vera.jpg","contentUrl":"https:\/\/www.mpppst.gob.ve\/mpppstweb\/wp-content\/uploads\/2016\/10\/Oswaldo-Vera.jpg","width":600,"height":400},{"@type":"BreadcrumbList","@id":"https:\/\/www.mpppst.gob.ve\/mpppstweb\/index.php\/2016\/10\/07\/ministro-vera-educacion-y-trabajo-son-los-elementos-fundamentales-para-la-construccion-de-una-patria\/#breadcrumb","itemListElement":[{"@type":"ListItem","position":1,"name":"Home","item":"https:\/\/www.mpppst.gob.ve\/mpppstweb\/"},{"@type":"ListItem","position":2,"name":"Ministro Vera: \u201cEducaci\u00f3n y trabajo son los elementos fundamentales para la construcci\u00f3n de una Patria\u201d"}]},{"@type":"WebSite","@id":"https:\/\/www.mpppst.gob.ve\/mpppstweb\/#website","url":"https:\/\/www.mpppst.gob.ve\/mpppstweb\/","name":"MPPPST","description":"Ministerio del Poder Popular para el Proceso Social de Trabajo","publisher":{"@id":"https:\/\/www.mpppst.gob.ve\/mpppstweb\/#organization"},"potentialAction":[{"@type":"SearchAction","target":{"@type":"EntryPoint","urlTemplate":"https:\/\/www.mpppst.gob.ve\/mpppstweb\/?s={search_term_string}"},"query-input":"required name=search_term_string"}],"inLanguage":"es"},{"@type":"Organization","@id":"https:\/\/www.mpppst.gob.ve\/mpppstweb\/#organization","name":"mpppst","url":"https:\/\/www.mpppst.gob.ve\/mpppstweb\/","logo":{"@type":"ImageObject","inLanguage":"es","@id":"https:\/\/www.mpppst.gob.ve\/mpppstweb\/#\/schema\/logo\/image\/","url":"https:\/\/www.mpppst.gob.ve\/mpppstweb\/wp-content\/uploads\/2025\/07\/cropped-cropped-g910.png","contentUrl":"https:\/\/www.mpppst.gob.ve\/mpppstweb\/wp-content\/uploads\/2025\/07\/cropped-cropped-g910.png","width":1080,"height":241,"caption":"mpppst"},"image":{"@id":"https:\/\/www.mpppst.gob.ve\/mpppstweb\/#\/schema\/logo\/image\/"}},{"@type":"Person","@id":"https:\/\/www.mpppst.gob.ve\/mpppstweb\/#\/schema\/person\/fc187ee8ead412bd4c9304b62f900ea4","name":"MPPPST Prensa","url":"https:\/\/www.mpppst.gob.ve\/mpppstweb\/index.php\/author\/prensa-mpppst\/"}]}},"_links":{"self":[{"href":"https:\/\/www.mpppst.gob.ve\/mpppstweb\/index.php\/wp-json\/wp\/v2\/posts\/8801"}],"collection":[{"href":"https:\/\/www.mpppst.gob.ve\/mpppstweb\/index.php\/wp-json\/wp\/v2\/posts"}],"about":[{"href":"https:\/\/www.mpppst.gob.ve\/mpppstweb\/index.php\/wp-json\/wp\/v2\/types\/post"}],"author":[{"embeddable":true,"href":"https:\/\/www.mpppst.gob.ve\/mpppstweb\/index.php\/wp-json\/wp\/v2\/users\/25"}],"replies":[{"embeddable":true,"href":"https:\/\/www.mpppst.gob.ve\/mpppstweb\/index.php\/wp-json\/wp\/v2\/comments?post=8801"}],"version-history":[{"count":2,"href":"https:\/\/www.mpppst.gob.ve\/mpppstweb\/index.php\/wp-json\/wp\/v2\/posts\/8801\/revisions"}],"predecessor-version":[{"id":8805,"href":"https:\/\/www.mpppst.gob.ve\/mpppstweb\/index.php\/wp-json\/wp\/v2\/posts\/8801\/revisions\/8805"}],"wp:featuredmedia":[{"embeddable":true,"href":"https:\/\/www.mpppst.gob.ve\/mpppstweb\/index.php\/wp-json\/wp\/v2\/media\/8803"}],"wp:attachment":[{"href":"https:\/\/www.mpppst.gob.ve\/mpppstweb\/index.php\/wp-json\/wp\/v2\/media?parent=8801"}],"wp:term":[{"taxonomy":"category","embeddable":true,"href":"https:\/\/www.mpppst.gob.ve\/mpppstweb\/index.php\/wp-json\/wp\/v2\/categories?post=8801"},{"taxonomy":"post_tag","embeddable":true,"href":"https:\/\/www.mpppst.gob.ve\/mpppstweb\/index.php\/wp-json\/wp\/v2\/tags?post=8801"}],"curies":[{"name":"wp","href":"https:\/\/api.w.org\/{rel}","templated":true}]}}