{"id":8819,"date":"2016-10-07T20:59:33","date_gmt":"2016-10-07T20:59:33","guid":{"rendered":"http:\/\/www.mpppst.gob.ve\/mpppstweb\/?p=8819"},"modified":"2016-10-07T20:59:33","modified_gmt":"2016-10-07T20:59:33","slug":"mpppst-acompana-equipo-que-disenara-el-plan-de-formacion-y-autoformacion-de-la-base-aerea-libertador","status":"publish","type":"post","link":"https:\/\/www.mpppst.gob.ve\/mpppstweb\/index.php\/2016\/10\/07\/mpppst-acompana-equipo-que-disenara-el-plan-de-formacion-y-autoformacion-de-la-base-aerea-libertador\/","title":{"rendered":"MPPPST acompa\u00f1a equipo que dise\u00f1ar\u00e1 el plan de formaci\u00f3n y autoformaci\u00f3n de la Base A\u00e9rea Libertador"},"content":{"rendered":"<p>Prensa (MPPPST).- Un equipo promotor integrado por 25 trabajadores y trabajadoras de la Base A\u00e9rea El Libertador en el estado Aragua, fue conformado durante la primera semana del mes de octubre con la finalidad de realizar el diagn\u00f3stico del proceso productivo de la entidad de trabajo para poder elaborar el plan de formaci\u00f3n y autoformaci\u00f3n colectiva, integral, continua y permanente.<\/p>\n<p>La instalaci\u00f3n del equipo promotor fue posible gracias al trabajo conjunto que han venido desarrollando los trabajadores y trabajadoras de la Base A\u00e9rea junto al Centro de Encuentro para la Educaci\u00f3n y el Trabajo (CEET) del estado Aragua; en el que tambi\u00e9n estuvo presente el viceministro para Educaci\u00f3n y el Trabajo para la Liberaci\u00f3n, Luis Rodr\u00edguez, en representaci\u00f3n del Ministerio del poder Popular para el Proceso Social de Trabajo (MPPPST).<\/p>\n<p>Despu\u00e9s de la Asamblea realizada en la Base A\u00e9rea El Libertador se acord\u00f3 otra reuni\u00f3n con los integrantes del equipo promotor para planificar c\u00f3mo se efectuar\u00e1 el diagn\u00f3stico de la empresa, qu\u00e9 temas ser\u00e1n tratados, as\u00ed como las dimensiones, m\u00f3dulos, contenidos y metodolog\u00eda que debe tener el plan de autoformaci\u00f3n colectiva, integral, continua y permanente.<\/p>\n<p>Para esto se acord\u00f3 como estrategia con los trabajadores y trabajadoras de la Base A\u00e9rea sistematizar el diagn\u00f3stico, definir nudos cr\u00edticos, conformar equipos de estudio y trabajo en el Centro de Formaci\u00f3n de la Universidad Bolivariana de Trabajadores, Jes\u00fas Rivero.<\/p>\n<p>El MPPPST, a trav\u00e9s de su viceministerio para Educaci\u00f3n y el Trabajo para la Liberaci\u00f3n, se encarga de hacer cumplir lo estipulado en la Ley Org\u00e1nica del Trabajo, los Trabajadores y las Trabajadoras (LOTTT) en su t\u00edtulo V, que consagra la autoformaci\u00f3n de los trabajadores y trabajadoras. De esta forma, en su art\u00edculo 294 se concibe como formaci\u00f3n colectiva, integral, continua y permanente, la realizada por los trabajadores y trabajadoras en el proceso social de trabajo, desarrollando integralmente los aspectos cognitivos, afectivos y pr\u00e1cticos, superando la fragmentaci\u00f3n del saber, el conocimiento y la divisi\u00f3n entre las actividades manuales e intelectuales.<\/p>\n<p>Por: Elio Garc\u00eda<\/p>\n","protected":false},"excerpt":{"rendered":"<p>Prensa (MPPPST).- Un equipo promotor integrado por 25 trabajadores y trabajadoras de la Base A\u00e9rea El &hellip; <a title=\"MPPPST acompa\u00f1a equipo que dise\u00f1ar\u00e1 el plan de formaci\u00f3n y autoformaci\u00f3n de la Base A\u00e9rea Libertador\" class=\"hm-read-more\" href=\"https:\/\/www.mpppst.gob.ve\/mpppstweb\/index.php\/2016\/10\/07\/mpppst-acompana-equipo-que-disenara-el-plan-de-formacion-y-autoformacion-de-la-base-aerea-libertador\/\"><span class=\"screen-reader-text\">MPPPST acompa\u00f1a equipo que dise\u00f1ar\u00e1 el plan de formaci\u00f3n y autoformaci\u00f3n de la Base A\u00e9rea Libertador<\/span>Read more<\/a><\/p>\n","protected":false},"author":25,"featured_media":8820,"comment_status":"closed","ping_status":"closed","sticky":false,"template":"","format":"standard","meta":{"footnotes":""},"categories":[204,83,163,84],"tags":[244,222,223,227],"yoast_head":"<!-- This site is optimized with the Yoast SEO plugin v22.5 - https:\/\/yoast.com\/wordpress\/plugins\/seo\/ -->\n<title>MPPPST acompa\u00f1a equipo que dise\u00f1ar\u00e1 el plan de formaci\u00f3n y autoformaci\u00f3n de la Base A\u00e9rea Libertador - MPPPST<\/title>\n<meta name=\"robots\" content=\"index, follow, max-snippet:-1, max-image-preview:large, max-video-preview:-1\" \/>\n<link rel=\"canonical\" href=\"https:\/\/www.mpppst.gob.ve\/mpppstweb\/index.php\/2016\/10\/07\/mpppst-acompana-equipo-que-disenara-el-plan-de-formacion-y-autoformacion-de-la-base-aerea-libertador\/\" \/>\n<meta property=\"og:locale\" content=\"es_ES\" \/>\n<meta property=\"og:type\" content=\"article\" \/>\n<meta property=\"og:title\" content=\"MPPPST acompa\u00f1a equipo que dise\u00f1ar\u00e1 el plan de formaci\u00f3n y autoformaci\u00f3n de la Base A\u00e9rea Libertador - MPPPST\" \/>\n<meta property=\"og:description\" content=\"Prensa (MPPPST).- Un equipo promotor integrado por 25 trabajadores y trabajadoras de la Base A\u00e9rea El &hellip; MPPPST acompa\u00f1a equipo que dise\u00f1ar\u00e1 el plan de formaci\u00f3n y autoformaci\u00f3n de la Base A\u00e9rea LibertadorRead more\" \/>\n<meta property=\"og:url\" content=\"https:\/\/www.mpppst.gob.ve\/mpppstweb\/index.php\/2016\/10\/07\/mpppst-acompana-equipo-que-disenara-el-plan-de-formacion-y-autoformacion-de-la-base-aerea-libertador\/\" \/>\n<meta property=\"og:site_name\" content=\"MPPPST\" \/>\n<meta property=\"article:published_time\" content=\"2016-10-07T20:59:33+00:00\" \/>\n<meta property=\"og:image\" content=\"https:\/\/www.mpppst.gob.ve\/mpppstweb\/wp-content\/uploads\/2016\/10\/BASE-AEREQA.jpg\" \/>\n\t<meta property=\"og:image:width\" content=\"800\" \/>\n\t<meta property=\"og:image:height\" content=\"445\" \/>\n\t<meta property=\"og:image:type\" content=\"image\/jpeg\" \/>\n<meta name=\"author\" content=\"MPPPST Prensa\" \/>\n<meta name=\"twitter:card\" content=\"summary_large_image\" \/>\n<meta name=\"twitter:label1\" content=\"Escrito por\" \/>\n\t<meta name=\"twitter:data1\" content=\"MPPPST Prensa\" \/>\n\t<meta name=\"twitter:label2\" content=\"Tiempo de lectura\" \/>\n\t<meta name=\"twitter:data2\" content=\"2 minutos\" \/>\n<script type=\"application\/ld+json\" class=\"yoast-schema-graph\">{\"@context\":\"https:\/\/schema.org\",\"@graph\":[{\"@type\":\"Article\",\"@id\":\"https:\/\/www.mpppst.gob.ve\/mpppstweb\/index.php\/2016\/10\/07\/mpppst-acompana-equipo-que-disenara-el-plan-de-formacion-y-autoformacion-de-la-base-aerea-libertador\/#article\",\"isPartOf\":{\"@id\":\"https:\/\/www.mpppst.gob.ve\/mpppstweb\/index.php\/2016\/10\/07\/mpppst-acompana-equipo-que-disenara-el-plan-de-formacion-y-autoformacion-de-la-base-aerea-libertador\/\"},\"author\":{\"name\":\"MPPPST Prensa\",\"@id\":\"https:\/\/www.mpppst.gob.ve\/mpppstweb\/#\/schema\/person\/fc187ee8ead412bd4c9304b62f900ea4\"},\"headline\":\"MPPPST acompa\u00f1a equipo que dise\u00f1ar\u00e1 el plan de formaci\u00f3n y autoformaci\u00f3n de la Base A\u00e9rea Libertador\",\"datePublished\":\"2016-10-07T20:59:33+00:00\",\"dateModified\":\"2016-10-07T20:59:33+00:00\",\"mainEntityOfPage\":{\"@id\":\"https:\/\/www.mpppst.gob.ve\/mpppstweb\/index.php\/2016\/10\/07\/mpppst-acompana-equipo-que-disenara-el-plan-de-formacion-y-autoformacion-de-la-base-aerea-libertador\/\"},\"wordCount\":386,\"publisher\":{\"@id\":\"https:\/\/www.mpppst.gob.ve\/mpppstweb\/#organization\"},\"image\":{\"@id\":\"https:\/\/www.mpppst.gob.ve\/mpppstweb\/index.php\/2016\/10\/07\/mpppst-acompana-equipo-que-disenara-el-plan-de-formacion-y-autoformacion-de-la-base-aerea-libertador\/#primaryimage\"},\"thumbnailUrl\":\"https:\/\/www.mpppst.gob.ve\/mpppstweb\/wp-content\/uploads\/2016\/10\/BASE-AEREQA.jpg\",\"keywords\":[\"AUTOFORMACI\u00d3N COLECTIVA\",\"Gobierno Bolivariano\",\"MPPPST\",\"Proceso Social\"],\"articleSection\":[\"Autoformaci\u00f3n desde el Proceso Social de Trabajo Colectiva\",\"Ministerio\",\"Noticias\",\"Vida Laboral y Sindical\"],\"inLanguage\":\"es\"},{\"@type\":\"WebPage\",\"@id\":\"https:\/\/www.mpppst.gob.ve\/mpppstweb\/index.php\/2016\/10\/07\/mpppst-acompana-equipo-que-disenara-el-plan-de-formacion-y-autoformacion-de-la-base-aerea-libertador\/\",\"url\":\"https:\/\/www.mpppst.gob.ve\/mpppstweb\/index.php\/2016\/10\/07\/mpppst-acompana-equipo-que-disenara-el-plan-de-formacion-y-autoformacion-de-la-base-aerea-libertador\/\",\"name\":\"MPPPST acompa\u00f1a equipo que dise\u00f1ar\u00e1 el plan de formaci\u00f3n y autoformaci\u00f3n de la Base A\u00e9rea Libertador - MPPPST\",\"isPartOf\":{\"@id\":\"https:\/\/www.mpppst.gob.ve\/mpppstweb\/#website\"},\"primaryImageOfPage\":{\"@id\":\"https:\/\/www.mpppst.gob.ve\/mpppstweb\/index.php\/2016\/10\/07\/mpppst-acompana-equipo-que-disenara-el-plan-de-formacion-y-autoformacion-de-la-base-aerea-libertador\/#primaryimage\"},\"image\":{\"@id\":\"https:\/\/www.mpppst.gob.ve\/mpppstweb\/index.php\/2016\/10\/07\/mpppst-acompana-equipo-que-disenara-el-plan-de-formacion-y-autoformacion-de-la-base-aerea-libertador\/#primaryimage\"},\"thumbnailUrl\":\"https:\/\/www.mpppst.gob.ve\/mpppstweb\/wp-content\/uploads\/2016\/10\/BASE-AEREQA.jpg\",\"datePublished\":\"2016-10-07T20:59:33+00:00\",\"dateModified\":\"2016-10-07T20:59:33+00:00\",\"breadcrumb\":{\"@id\":\"https:\/\/www.mpppst.gob.ve\/mpppstweb\/index.php\/2016\/10\/07\/mpppst-acompana-equipo-que-disenara-el-plan-de-formacion-y-autoformacion-de-la-base-aerea-libertador\/#breadcrumb\"},\"inLanguage\":\"es\",\"potentialAction\":[{\"@type\":\"ReadAction\",\"target\":[\"https:\/\/www.mpppst.gob.ve\/mpppstweb\/index.php\/2016\/10\/07\/mpppst-acompana-equipo-que-disenara-el-plan-de-formacion-y-autoformacion-de-la-base-aerea-libertador\/\"]}]},{\"@type\":\"ImageObject\",\"inLanguage\":\"es\",\"@id\":\"https:\/\/www.mpppst.gob.ve\/mpppstweb\/index.php\/2016\/10\/07\/mpppst-acompana-equipo-que-disenara-el-plan-de-formacion-y-autoformacion-de-la-base-aerea-libertador\/#primaryimage\",\"url\":\"https:\/\/www.mpppst.gob.ve\/mpppstweb\/wp-content\/uploads\/2016\/10\/BASE-AEREQA.jpg\",\"contentUrl\":\"https:\/\/www.mpppst.gob.ve\/mpppstweb\/wp-content\/uploads\/2016\/10\/BASE-AEREQA.jpg\",\"width\":800,\"height\":445},{\"@type\":\"BreadcrumbList\",\"@id\":\"https:\/\/www.mpppst.gob.ve\/mpppstweb\/index.php\/2016\/10\/07\/mpppst-acompana-equipo-que-disenara-el-plan-de-formacion-y-autoformacion-de-la-base-aerea-libertador\/#breadcrumb\",\"itemListElement\":[{\"@type\":\"ListItem\",\"position\":1,\"name\":\"Home\",\"item\":\"https:\/\/www.mpppst.gob.ve\/mpppstweb\/\"},{\"@type\":\"ListItem\",\"position\":2,\"name\":\"MPPPST acompa\u00f1a equipo que dise\u00f1ar\u00e1 el plan de formaci\u00f3n y autoformaci\u00f3n de la Base A\u00e9rea Libertador\"}]},{\"@type\":\"WebSite\",\"@id\":\"https:\/\/www.mpppst.gob.ve\/mpppstweb\/#website\",\"url\":\"https:\/\/www.mpppst.gob.ve\/mpppstweb\/\",\"name\":\"MPPPST\",\"description\":\"Ministerio del Poder Popular para el Proceso Social de Trabajo\",\"publisher\":{\"@id\":\"https:\/\/www.mpppst.gob.ve\/mpppstweb\/#organization\"},\"potentialAction\":[{\"@type\":\"SearchAction\",\"target\":{\"@type\":\"EntryPoint\",\"urlTemplate\":\"https:\/\/www.mpppst.gob.ve\/mpppstweb\/?s={search_term_string}\"},\"query-input\":\"required name=search_term_string\"}],\"inLanguage\":\"es\"},{\"@type\":\"Organization\",\"@id\":\"https:\/\/www.mpppst.gob.ve\/mpppstweb\/#organization\",\"name\":\"mpppst\",\"url\":\"https:\/\/www.mpppst.gob.ve\/mpppstweb\/\",\"logo\":{\"@type\":\"ImageObject\",\"inLanguage\":\"es\",\"@id\":\"https:\/\/www.mpppst.gob.ve\/mpppstweb\/#\/schema\/logo\/image\/\",\"url\":\"https:\/\/www.mpppst.gob.ve\/mpppstweb\/wp-content\/uploads\/2025\/07\/cropped-cropped-g910.png\",\"contentUrl\":\"https:\/\/www.mpppst.gob.ve\/mpppstweb\/wp-content\/uploads\/2025\/07\/cropped-cropped-g910.png\",\"width\":1080,\"height\":241,\"caption\":\"mpppst\"},\"image\":{\"@id\":\"https:\/\/www.mpppst.gob.ve\/mpppstweb\/#\/schema\/logo\/image\/\"}},{\"@type\":\"Person\",\"@id\":\"https:\/\/www.mpppst.gob.ve\/mpppstweb\/#\/schema\/person\/fc187ee8ead412bd4c9304b62f900ea4\",\"name\":\"MPPPST Prensa\",\"url\":\"https:\/\/www.mpppst.gob.ve\/mpppstweb\/index.php\/author\/prensa-mpppst\/\"}]}<\/script>\n<!-- \/ Yoast SEO plugin. -->","yoast_head_json":{"title":"MPPPST acompa\u00f1a equipo que dise\u00f1ar\u00e1 el plan de formaci\u00f3n y autoformaci\u00f3n de la Base A\u00e9rea Libertador - MPPPST","robots":{"index":"index","follow":"follow","max-snippet":"max-snippet:-1","max-image-preview":"max-image-preview:large","max-video-preview":"max-video-preview:-1"},"canonical":"https:\/\/www.mpppst.gob.ve\/mpppstweb\/index.php\/2016\/10\/07\/mpppst-acompana-equipo-que-disenara-el-plan-de-formacion-y-autoformacion-de-la-base-aerea-libertador\/","og_locale":"es_ES","og_type":"article","og_title":"MPPPST acompa\u00f1a equipo que dise\u00f1ar\u00e1 el plan de formaci\u00f3n y autoformaci\u00f3n de la Base A\u00e9rea Libertador - MPPPST","og_description":"Prensa (MPPPST).- Un equipo promotor integrado por 25 trabajadores y trabajadoras de la Base A\u00e9rea El &hellip; MPPPST acompa\u00f1a equipo que dise\u00f1ar\u00e1 el plan de formaci\u00f3n y autoformaci\u00f3n de la Base A\u00e9rea LibertadorRead more","og_url":"https:\/\/www.mpppst.gob.ve\/mpppstweb\/index.php\/2016\/10\/07\/mpppst-acompana-equipo-que-disenara-el-plan-de-formacion-y-autoformacion-de-la-base-aerea-libertador\/","og_site_name":"MPPPST","article_published_time":"2016-10-07T20:59:33+00:00","og_image":[{"width":800,"height":445,"url":"https:\/\/www.mpppst.gob.ve\/mpppstweb\/wp-content\/uploads\/2016\/10\/BASE-AEREQA.jpg","type":"image\/jpeg"}],"author":"MPPPST Prensa","twitter_card":"summary_large_image","twitter_misc":{"Escrito por":"MPPPST Prensa","Tiempo de lectura":"2 minutos"},"schema":{"@context":"https:\/\/schema.org","@graph":[{"@type":"Article","@id":"https:\/\/www.mpppst.gob.ve\/mpppstweb\/index.php\/2016\/10\/07\/mpppst-acompana-equipo-que-disenara-el-plan-de-formacion-y-autoformacion-de-la-base-aerea-libertador\/#article","isPartOf":{"@id":"https:\/\/www.mpppst.gob.ve\/mpppstweb\/index.php\/2016\/10\/07\/mpppst-acompana-equipo-que-disenara-el-plan-de-formacion-y-autoformacion-de-la-base-aerea-libertador\/"},"author":{"name":"MPPPST Prensa","@id":"https:\/\/www.mpppst.gob.ve\/mpppstweb\/#\/schema\/person\/fc187ee8ead412bd4c9304b62f900ea4"},"headline":"MPPPST acompa\u00f1a equipo que dise\u00f1ar\u00e1 el plan de formaci\u00f3n y autoformaci\u00f3n de la Base A\u00e9rea Libertador","datePublished":"2016-10-07T20:59:33+00:00","dateModified":"2016-10-07T20:59:33+00:00","mainEntityOfPage":{"@id":"https:\/\/www.mpppst.gob.ve\/mpppstweb\/index.php\/2016\/10\/07\/mpppst-acompana-equipo-que-disenara-el-plan-de-formacion-y-autoformacion-de-la-base-aerea-libertador\/"},"wordCount":386,"publisher":{"@id":"https:\/\/www.mpppst.gob.ve\/mpppstweb\/#organization"},"image":{"@id":"https:\/\/www.mpppst.gob.ve\/mpppstweb\/index.php\/2016\/10\/07\/mpppst-acompana-equipo-que-disenara-el-plan-de-formacion-y-autoformacion-de-la-base-aerea-libertador\/#primaryimage"},"thumbnailUrl":"https:\/\/www.mpppst.gob.ve\/mpppstweb\/wp-content\/uploads\/2016\/10\/BASE-AEREQA.jpg","keywords":["AUTOFORMACI\u00d3N COLECTIVA","Gobierno Bolivariano","MPPPST","Proceso Social"],"articleSection":["Autoformaci\u00f3n desde el Proceso Social de Trabajo Colectiva","Ministerio","Noticias","Vida Laboral y Sindical"],"inLanguage":"es"},{"@type":"WebPage","@id":"https:\/\/www.mpppst.gob.ve\/mpppstweb\/index.php\/2016\/10\/07\/mpppst-acompana-equipo-que-disenara-el-plan-de-formacion-y-autoformacion-de-la-base-aerea-libertador\/","url":"https:\/\/www.mpppst.gob.ve\/mpppstweb\/index.php\/2016\/10\/07\/mpppst-acompana-equipo-que-disenara-el-plan-de-formacion-y-autoformacion-de-la-base-aerea-libertador\/","name":"MPPPST acompa\u00f1a equipo que dise\u00f1ar\u00e1 el plan de formaci\u00f3n y autoformaci\u00f3n de la Base A\u00e9rea Libertador - MPPPST","isPartOf":{"@id":"https:\/\/www.mpppst.gob.ve\/mpppstweb\/#website"},"primaryImageOfPage":{"@id":"https:\/\/www.mpppst.gob.ve\/mpppstweb\/index.php\/2016\/10\/07\/mpppst-acompana-equipo-que-disenara-el-plan-de-formacion-y-autoformacion-de-la-base-aerea-libertador\/#primaryimage"},"image":{"@id":"https:\/\/www.mpppst.gob.ve\/mpppstweb\/index.php\/2016\/10\/07\/mpppst-acompana-equipo-que-disenara-el-plan-de-formacion-y-autoformacion-de-la-base-aerea-libertador\/#primaryimage"},"thumbnailUrl":"https:\/\/www.mpppst.gob.ve\/mpppstweb\/wp-content\/uploads\/2016\/10\/BASE-AEREQA.jpg","datePublished":"2016-10-07T20:59:33+00:00","dateModified":"2016-10-07T20:59:33+00:00","breadcrumb":{"@id":"https:\/\/www.mpppst.gob.ve\/mpppstweb\/index.php\/2016\/10\/07\/mpppst-acompana-equipo-que-disenara-el-plan-de-formacion-y-autoformacion-de-la-base-aerea-libertador\/#breadcrumb"},"inLanguage":"es","potentialAction":[{"@type":"ReadAction","target":["https:\/\/www.mpppst.gob.ve\/mpppstweb\/index.php\/2016\/10\/07\/mpppst-acompana-equipo-que-disenara-el-plan-de-formacion-y-autoformacion-de-la-base-aerea-libertador\/"]}]},{"@type":"ImageObject","inLanguage":"es","@id":"https:\/\/www.mpppst.gob.ve\/mpppstweb\/index.php\/2016\/10\/07\/mpppst-acompana-equipo-que-disenara-el-plan-de-formacion-y-autoformacion-de-la-base-aerea-libertador\/#primaryimage","url":"https:\/\/www.mpppst.gob.ve\/mpppstweb\/wp-content\/uploads\/2016\/10\/BASE-AEREQA.jpg","contentUrl":"https:\/\/www.mpppst.gob.ve\/mpppstweb\/wp-content\/uploads\/2016\/10\/BASE-AEREQA.jpg","width":800,"height":445},{"@type":"BreadcrumbList","@id":"https:\/\/www.mpppst.gob.ve\/mpppstweb\/index.php\/2016\/10\/07\/mpppst-acompana-equipo-que-disenara-el-plan-de-formacion-y-autoformacion-de-la-base-aerea-libertador\/#breadcrumb","itemListElement":[{"@type":"ListItem","position":1,"name":"Home","item":"https:\/\/www.mpppst.gob.ve\/mpppstweb\/"},{"@type":"ListItem","position":2,"name":"MPPPST acompa\u00f1a equipo que dise\u00f1ar\u00e1 el plan de formaci\u00f3n y autoformaci\u00f3n de la Base A\u00e9rea Libertador"}]},{"@type":"WebSite","@id":"https:\/\/www.mpppst.gob.ve\/mpppstweb\/#website","url":"https:\/\/www.mpppst.gob.ve\/mpppstweb\/","name":"MPPPST","description":"Ministerio del Poder Popular para el Proceso Social de Trabajo","publisher":{"@id":"https:\/\/www.mpppst.gob.ve\/mpppstweb\/#organization"},"potentialAction":[{"@type":"SearchAction","target":{"@type":"EntryPoint","urlTemplate":"https:\/\/www.mpppst.gob.ve\/mpppstweb\/?s={search_term_string}"},"query-input":"required name=search_term_string"}],"inLanguage":"es"},{"@type":"Organization","@id":"https:\/\/www.mpppst.gob.ve\/mpppstweb\/#organization","name":"mpppst","url":"https:\/\/www.mpppst.gob.ve\/mpppstweb\/","logo":{"@type":"ImageObject","inLanguage":"es","@id":"https:\/\/www.mpppst.gob.ve\/mpppstweb\/#\/schema\/logo\/image\/","url":"https:\/\/www.mpppst.gob.ve\/mpppstweb\/wp-content\/uploads\/2025\/07\/cropped-cropped-g910.png","contentUrl":"https:\/\/www.mpppst.gob.ve\/mpppstweb\/wp-content\/uploads\/2025\/07\/cropped-cropped-g910.png","width":1080,"height":241,"caption":"mpppst"},"image":{"@id":"https:\/\/www.mpppst.gob.ve\/mpppstweb\/#\/schema\/logo\/image\/"}},{"@type":"Person","@id":"https:\/\/www.mpppst.gob.ve\/mpppstweb\/#\/schema\/person\/fc187ee8ead412bd4c9304b62f900ea4","name":"MPPPST Prensa","url":"https:\/\/www.mpppst.gob.ve\/mpppstweb\/index.php\/author\/prensa-mpppst\/"}]}},"_links":{"self":[{"href":"https:\/\/www.mpppst.gob.ve\/mpppstweb\/index.php\/wp-json\/wp\/v2\/posts\/8819"}],"collection":[{"href":"https:\/\/www.mpppst.gob.ve\/mpppstweb\/index.php\/wp-json\/wp\/v2\/posts"}],"about":[{"href":"https:\/\/www.mpppst.gob.ve\/mpppstweb\/index.php\/wp-json\/wp\/v2\/types\/post"}],"author":[{"embeddable":true,"href":"https:\/\/www.mpppst.gob.ve\/mpppstweb\/index.php\/wp-json\/wp\/v2\/users\/25"}],"replies":[{"embeddable":true,"href":"https:\/\/www.mpppst.gob.ve\/mpppstweb\/index.php\/wp-json\/wp\/v2\/comments?post=8819"}],"version-history":[{"count":1,"href":"https:\/\/www.mpppst.gob.ve\/mpppstweb\/index.php\/wp-json\/wp\/v2\/posts\/8819\/revisions"}],"predecessor-version":[{"id":8821,"href":"https:\/\/www.mpppst.gob.ve\/mpppstweb\/index.php\/wp-json\/wp\/v2\/posts\/8819\/revisions\/8821"}],"wp:featuredmedia":[{"embeddable":true,"href":"https:\/\/www.mpppst.gob.ve\/mpppstweb\/index.php\/wp-json\/wp\/v2\/media\/8820"}],"wp:attachment":[{"href":"https:\/\/www.mpppst.gob.ve\/mpppstweb\/index.php\/wp-json\/wp\/v2\/media?parent=8819"}],"wp:term":[{"taxonomy":"category","embeddable":true,"href":"https:\/\/www.mpppst.gob.ve\/mpppstweb\/index.php\/wp-json\/wp\/v2\/categories?post=8819"},{"taxonomy":"post_tag","embeddable":true,"href":"https:\/\/www.mpppst.gob.ve\/mpppstweb\/index.php\/wp-json\/wp\/v2\/tags?post=8819"}],"curies":[{"name":"wp","href":"https:\/\/api.w.org\/{rel}","templated":true}]}}