{"id":8901,"date":"2016-10-24T14:36:36","date_gmt":"2016-10-24T14:36:36","guid":{"rendered":"http:\/\/www.mpppst.gob.ve\/mpppstweb\/?p=8901"},"modified":"2016-10-24T14:36:46","modified_gmt":"2016-10-24T14:36:46","slug":"mpppst-arranco-plan-fabrica-adentro-en-cacao-oderi","status":"publish","type":"post","link":"https:\/\/www.mpppst.gob.ve\/mpppstweb\/index.php\/2016\/10\/24\/mpppst-arranco-plan-fabrica-adentro-en-cacao-oderi\/","title":{"rendered":"MPPPST arranc\u00f3 Plan F\u00e1brica Adentro en Cacao Oder\u00ed"},"content":{"rendered":"<p>En el marco de una d\u00e9cada de funcionamiento de la Empresa <em>Cacao Oder\u00ed<\/em>,\u00a0 el Ministerio del Poder Popular para el Proceso Social de Trabajo (MPPPST) inici\u00f3 en la referida empresa revolucionaria con gesti\u00f3n socialista, el Plan F\u00e1brica Adentro.<\/p>\n<p>Llegar a la Planta, ubicada en la troncal 9 de Caucagua, es encontrarse con una cultura ancestral de los negros que hacen vida en esa regi\u00f3n.\u00a0 Una cultura, modo y estilo de vida que asumi\u00f3 y asume el cacao como n\u00facleo de la actividad socio econ\u00f3mica en esa poblaci\u00f3n.<\/p>\n<p>La capacidad de producci\u00f3n es de 700 toneladas al a\u00f1o. Cacao Oder\u00ed cuenta adem\u00e1s con 16 tiendas en todo el pa\u00eds que proveen un producto cuya materia prima es el mejor del mundo: el cacao venezolano. De all\u00ed que la meta inmediata de cacao Oder\u00eda sea la de lograr el mejor chocolate del mundo.<\/p>\n<p><strong>10 a\u00f1os procesando el cacao venezolano \u00a0\u00a0<\/strong><\/p>\n<p>Faiez kassen, Presidente de la Empresa <em>Cacao Oder\u00ed, <\/em>\u00a0explic\u00f3 que en el a\u00f1o 2004 el Presidente Hugo Ch\u00e1vez se reuni\u00f3 con los trabajadores y trabajadoras del cacao, los cacaocultores(as) con el firme prop\u00f3sito de procesar el cacao en Venezuela. Y en el a\u00f1o 2006 la Empresa empezaba a ser una realidad.<\/p>\n<p>Explica Kassen que ahora existe un v\u00ednculo directo con los productores. \u201cEl productor arrima su cosecha que luego va a la red de distribuci\u00f3n\u201d, dice al tiempo que agrega que\u00a0 la empresa es un espacio en el cual la cr\u00edtica se convierte en una oportunidad para seguir creciendo. La direccionalidad es muy clara: conservar la Revoluci\u00f3n a trav\u00e9s del trabajo.<\/p>\n<p><strong>Producto certificado <\/strong><\/p>\n<p>El viceministro del Sistema Integrado de Inspecciones del MPPPST,\u00a0 Jos\u00e9 Ram\u00f3n Rivero, destac\u00f3 que el producto es un producto de calidad, \u201ccertificado por los trabajadores\u201d, lo que significa que cuenta con los debidos procesos de control. Explic\u00f3 que esto es sumamente importante, am\u00e9n de necesario, dado que en la d\u00e9cada de los a\u00f1os 50 se certificaba solo el producto, pero ahora se certifica todo el proceso, incluido el producto.<\/p>\n<p>Record\u00f3 la importancia que tanto la calidad del producto y del empaque representan. En tal sentido, record\u00f3 al Ch\u00e9 Guevara que, siendo Ministro de Industrias, enfatizaba en el tema del empaque de los productos.<\/p>\n<p>Asimismo, se\u00f1al\u00f3 que al comer un chocolate de Cacao Oder\u00ed los venezolanos no se est\u00e1n comiendo una golosina, sino toda una cultura: de trabajo, de relacionamiento, de encuentro con la naturaleza.<\/p>\n<p>El viceministro Rivero tambi\u00e9n los invit\u00f3 a seguir trabajando para salir a la guerra multifactorial a la que ha estado sometida Venezuela. \u201cDebemos \u00a0hacer nuestro trabajo comprometidos con el trabajo y con la Patria.<\/p>\n<p><strong>La Clase Obrera se pronuncia\u00a0 <\/strong><\/p>\n<ul>\n<li>Abraham Rincones, quien se dedica a trabajar en producci\u00f3n del chocolate, dijo estar orgulloso de que el Ministerio del Poder Popular para el Proceso Social de Trabajo, a trav\u00e9s de su ministro Oswaldo Vera, haya decidido arrancar el Plan F\u00e1brica Adentro, el cual fue ordenado por el Presidente Nicol\u00e1s Maduro, en Cacao Oder\u00ed. E hizo una solicitud: pidi\u00f3 la aprobaci\u00f3n de la Ley del Consejo de Trabajadores de las Empresas Socialistas.<\/li>\n<li>Por su parte, Yeny Cartagena precis\u00f3 que fue el 27 de octubre de 2006 cuando el Presidente Hugo Ch\u00e1vez Fr\u00edas inaugur\u00f3 Cacao Oder\u00ed en Caucagua, asunto del cual se enorgullece.<\/li>\n<li>Luis Urbina, hijo de cacaotero, invit\u00f3 a las autoridades del MPPPST a visitar la Planta Procesadora de Pl\u00e1tano, Argelia Laya, ubicada en San Jos\u00e9 de Barlovento. \u201cTenemos 10 a\u00f1os dando la lucha\u201d. Record\u00f3 que este proyecto naci\u00f3 para cubrir las necesidades de los barlovente\u00f1os, dado que antes empresas como la Guipuzcoana se llevaban el cacao del pa\u00eds. \u201cHoy nos deleitamos con nuestro propio chocolate\u2026 Para nosotros es un orgullo arrimar nuestro propio cacao para procesar el mejor chocolate del mundo\u201d.<\/li>\n<\/ul>\n<p><strong>Expresi\u00f3n cultural <\/strong><\/p>\n<p>El acto, en el marco del d\u00e9cimo Aniversario de <em>Cacao Oder\u00ed<\/em>, inici\u00f3 con una representaci\u00f3n del baile\u00a0 la Burriquita, una vez lleg\u00f3 el viceministro Rivero. M\u00e1s de 100 trabajadores lo esperaron para llevar a cabo una Asamblea que se tradujo en un fraterno conversatorio entre representantes del MPPPST y la Empresa <em>Cacao Oder\u00ed. <\/em>Una Asamblea, por cierto, en la que en todo momento dejaron sentado su decisiva disposici\u00f3n de seguir trabajando por la Empresa y por la Patria.<\/p>\n<p>Muy significativa result\u00f3 tambi\u00e9n la participaci\u00f3n de Fernando Mosquera, quien interpret\u00f3 trovas de Silvio Rodr\u00edguez (<em>El Elegido<\/em>), Pablo Milan\u00e9s (<em>Para Vivir<\/em>) y de Joan Manuel Serrat (<em>Caminante no hay camino<\/em>).<\/p>\n<p>Por Marbelys Mav\u00e1rez Laguna<\/p>\n","protected":false},"excerpt":{"rendered":"<p>En el marco de una d\u00e9cada de funcionamiento de la Empresa Cacao Oder\u00ed,\u00a0 el Ministerio del &hellip; <a title=\"MPPPST arranc\u00f3 Plan F\u00e1brica Adentro en Cacao Oder\u00ed\" class=\"hm-read-more\" href=\"https:\/\/www.mpppst.gob.ve\/mpppstweb\/index.php\/2016\/10\/24\/mpppst-arranco-plan-fabrica-adentro-en-cacao-oderi\/\"><span class=\"screen-reader-text\">MPPPST arranc\u00f3 Plan F\u00e1brica Adentro en Cacao Oder\u00ed<\/span>Read more<\/a><\/p>\n","protected":false},"author":25,"featured_media":8902,"comment_status":"closed","ping_status":"closed","sticky":false,"template":"","format":"standard","meta":{"footnotes":""},"categories":[83,163],"tags":[241,225,222,242,223,240,227],"yoast_head":"<!-- This site is optimized with the Yoast SEO plugin v22.5 - https:\/\/yoast.com\/wordpress\/plugins\/seo\/ -->\n<title>MPPPST arranc\u00f3 Plan F\u00e1brica Adentro en Cacao Oder\u00ed - MPPPST<\/title>\n<meta name=\"robots\" content=\"index, follow, max-snippet:-1, max-image-preview:large, max-video-preview:-1\" \/>\n<link rel=\"canonical\" href=\"https:\/\/www.mpppst.gob.ve\/mpppstweb\/index.php\/2016\/10\/24\/mpppst-arranco-plan-fabrica-adentro-en-cacao-oderi\/\" \/>\n<meta property=\"og:locale\" content=\"es_ES\" \/>\n<meta property=\"og:type\" content=\"article\" \/>\n<meta property=\"og:title\" content=\"MPPPST arranc\u00f3 Plan F\u00e1brica Adentro en Cacao Oder\u00ed - MPPPST\" \/>\n<meta property=\"og:description\" content=\"En el marco de una d\u00e9cada de funcionamiento de la Empresa Cacao Oder\u00ed,\u00a0 el Ministerio del &hellip; MPPPST arranc\u00f3 Plan F\u00e1brica Adentro en Cacao Oder\u00edRead more\" \/>\n<meta property=\"og:url\" content=\"https:\/\/www.mpppst.gob.ve\/mpppstweb\/index.php\/2016\/10\/24\/mpppst-arranco-plan-fabrica-adentro-en-cacao-oderi\/\" \/>\n<meta property=\"og:site_name\" content=\"MPPPST\" \/>\n<meta property=\"article:published_time\" content=\"2016-10-24T14:36:36+00:00\" \/>\n<meta property=\"article:modified_time\" content=\"2016-10-24T14:36:46+00:00\" \/>\n<meta property=\"og:image\" content=\"https:\/\/www.mpppst.gob.ve\/mpppstweb\/wp-content\/uploads\/2016\/10\/cacao-Oder\u00ed.jpg\" \/>\n\t<meta property=\"og:image:width\" content=\"800\" \/>\n\t<meta property=\"og:image:height\" content=\"445\" \/>\n\t<meta property=\"og:image:type\" content=\"image\/jpeg\" \/>\n<meta name=\"author\" content=\"MPPPST Prensa\" \/>\n<meta name=\"twitter:card\" content=\"summary_large_image\" \/>\n<meta name=\"twitter:label1\" content=\"Escrito por\" \/>\n\t<meta name=\"twitter:data1\" content=\"MPPPST Prensa\" \/>\n\t<meta name=\"twitter:label2\" content=\"Tiempo de lectura\" \/>\n\t<meta name=\"twitter:data2\" content=\"4 minutos\" \/>\n<script type=\"application\/ld+json\" class=\"yoast-schema-graph\">{\"@context\":\"https:\/\/schema.org\",\"@graph\":[{\"@type\":\"Article\",\"@id\":\"https:\/\/www.mpppst.gob.ve\/mpppstweb\/index.php\/2016\/10\/24\/mpppst-arranco-plan-fabrica-adentro-en-cacao-oderi\/#article\",\"isPartOf\":{\"@id\":\"https:\/\/www.mpppst.gob.ve\/mpppstweb\/index.php\/2016\/10\/24\/mpppst-arranco-plan-fabrica-adentro-en-cacao-oderi\/\"},\"author\":{\"name\":\"MPPPST Prensa\",\"@id\":\"https:\/\/www.mpppst.gob.ve\/mpppstweb\/#\/schema\/person\/fc187ee8ead412bd4c9304b62f900ea4\"},\"headline\":\"MPPPST arranc\u00f3 Plan F\u00e1brica Adentro en Cacao Oder\u00ed\",\"datePublished\":\"2016-10-24T14:36:36+00:00\",\"dateModified\":\"2016-10-24T14:36:46+00:00\",\"mainEntityOfPage\":{\"@id\":\"https:\/\/www.mpppst.gob.ve\/mpppstweb\/index.php\/2016\/10\/24\/mpppst-arranco-plan-fabrica-adentro-en-cacao-oderi\/\"},\"wordCount\":777,\"publisher\":{\"@id\":\"https:\/\/www.mpppst.gob.ve\/mpppstweb\/#organization\"},\"image\":{\"@id\":\"https:\/\/www.mpppst.gob.ve\/mpppstweb\/index.php\/2016\/10\/24\/mpppst-arranco-plan-fabrica-adentro-en-cacao-oderi\/#primaryimage\"},\"thumbnailUrl\":\"https:\/\/www.mpppst.gob.ve\/mpppstweb\/wp-content\/uploads\/2016\/10\/cacao-Oder\u00ed.jpg\",\"keywords\":[\"Cadenas productivas\",\"Fuerza Laboral\",\"Gobierno Bolivariano\",\"Justa distribuci\u00f3n de la riqueza\",\"MPPPST\",\"Participaci\u00f3n popular y protag\u00f3nica\",\"Proceso Social\"],\"articleSection\":[\"Ministerio\",\"Noticias\"],\"inLanguage\":\"es\"},{\"@type\":\"WebPage\",\"@id\":\"https:\/\/www.mpppst.gob.ve\/mpppstweb\/index.php\/2016\/10\/24\/mpppst-arranco-plan-fabrica-adentro-en-cacao-oderi\/\",\"url\":\"https:\/\/www.mpppst.gob.ve\/mpppstweb\/index.php\/2016\/10\/24\/mpppst-arranco-plan-fabrica-adentro-en-cacao-oderi\/\",\"name\":\"MPPPST arranc\u00f3 Plan F\u00e1brica Adentro en Cacao Oder\u00ed - MPPPST\",\"isPartOf\":{\"@id\":\"https:\/\/www.mpppst.gob.ve\/mpppstweb\/#website\"},\"primaryImageOfPage\":{\"@id\":\"https:\/\/www.mpppst.gob.ve\/mpppstweb\/index.php\/2016\/10\/24\/mpppst-arranco-plan-fabrica-adentro-en-cacao-oderi\/#primaryimage\"},\"image\":{\"@id\":\"https:\/\/www.mpppst.gob.ve\/mpppstweb\/index.php\/2016\/10\/24\/mpppst-arranco-plan-fabrica-adentro-en-cacao-oderi\/#primaryimage\"},\"thumbnailUrl\":\"https:\/\/www.mpppst.gob.ve\/mpppstweb\/wp-content\/uploads\/2016\/10\/cacao-Oder\u00ed.jpg\",\"datePublished\":\"2016-10-24T14:36:36+00:00\",\"dateModified\":\"2016-10-24T14:36:46+00:00\",\"breadcrumb\":{\"@id\":\"https:\/\/www.mpppst.gob.ve\/mpppstweb\/index.php\/2016\/10\/24\/mpppst-arranco-plan-fabrica-adentro-en-cacao-oderi\/#breadcrumb\"},\"inLanguage\":\"es\",\"potentialAction\":[{\"@type\":\"ReadAction\",\"target\":[\"https:\/\/www.mpppst.gob.ve\/mpppstweb\/index.php\/2016\/10\/24\/mpppst-arranco-plan-fabrica-adentro-en-cacao-oderi\/\"]}]},{\"@type\":\"ImageObject\",\"inLanguage\":\"es\",\"@id\":\"https:\/\/www.mpppst.gob.ve\/mpppstweb\/index.php\/2016\/10\/24\/mpppst-arranco-plan-fabrica-adentro-en-cacao-oderi\/#primaryimage\",\"url\":\"https:\/\/www.mpppst.gob.ve\/mpppstweb\/wp-content\/uploads\/2016\/10\/cacao-Oder\u00ed.jpg\",\"contentUrl\":\"https:\/\/www.mpppst.gob.ve\/mpppstweb\/wp-content\/uploads\/2016\/10\/cacao-Oder\u00ed.jpg\",\"width\":800,\"height\":445},{\"@type\":\"BreadcrumbList\",\"@id\":\"https:\/\/www.mpppst.gob.ve\/mpppstweb\/index.php\/2016\/10\/24\/mpppst-arranco-plan-fabrica-adentro-en-cacao-oderi\/#breadcrumb\",\"itemListElement\":[{\"@type\":\"ListItem\",\"position\":1,\"name\":\"Home\",\"item\":\"https:\/\/www.mpppst.gob.ve\/mpppstweb\/\"},{\"@type\":\"ListItem\",\"position\":2,\"name\":\"MPPPST arranc\u00f3 Plan F\u00e1brica Adentro en Cacao Oder\u00ed\"}]},{\"@type\":\"WebSite\",\"@id\":\"https:\/\/www.mpppst.gob.ve\/mpppstweb\/#website\",\"url\":\"https:\/\/www.mpppst.gob.ve\/mpppstweb\/\",\"name\":\"MPPPST\",\"description\":\"Ministerio del Poder Popular para el Proceso Social de Trabajo\",\"publisher\":{\"@id\":\"https:\/\/www.mpppst.gob.ve\/mpppstweb\/#organization\"},\"potentialAction\":[{\"@type\":\"SearchAction\",\"target\":{\"@type\":\"EntryPoint\",\"urlTemplate\":\"https:\/\/www.mpppst.gob.ve\/mpppstweb\/?s={search_term_string}\"},\"query-input\":\"required name=search_term_string\"}],\"inLanguage\":\"es\"},{\"@type\":\"Organization\",\"@id\":\"https:\/\/www.mpppst.gob.ve\/mpppstweb\/#organization\",\"name\":\"mpppst\",\"url\":\"https:\/\/www.mpppst.gob.ve\/mpppstweb\/\",\"logo\":{\"@type\":\"ImageObject\",\"inLanguage\":\"es\",\"@id\":\"https:\/\/www.mpppst.gob.ve\/mpppstweb\/#\/schema\/logo\/image\/\",\"url\":\"https:\/\/www.mpppst.gob.ve\/mpppstweb\/wp-content\/uploads\/2025\/07\/cropped-cropped-g910.png\",\"contentUrl\":\"https:\/\/www.mpppst.gob.ve\/mpppstweb\/wp-content\/uploads\/2025\/07\/cropped-cropped-g910.png\",\"width\":1080,\"height\":241,\"caption\":\"mpppst\"},\"image\":{\"@id\":\"https:\/\/www.mpppst.gob.ve\/mpppstweb\/#\/schema\/logo\/image\/\"}},{\"@type\":\"Person\",\"@id\":\"https:\/\/www.mpppst.gob.ve\/mpppstweb\/#\/schema\/person\/fc187ee8ead412bd4c9304b62f900ea4\",\"name\":\"MPPPST Prensa\",\"url\":\"https:\/\/www.mpppst.gob.ve\/mpppstweb\/index.php\/author\/prensa-mpppst\/\"}]}<\/script>\n<!-- \/ Yoast SEO plugin. -->","yoast_head_json":{"title":"MPPPST arranc\u00f3 Plan F\u00e1brica Adentro en Cacao Oder\u00ed - MPPPST","robots":{"index":"index","follow":"follow","max-snippet":"max-snippet:-1","max-image-preview":"max-image-preview:large","max-video-preview":"max-video-preview:-1"},"canonical":"https:\/\/www.mpppst.gob.ve\/mpppstweb\/index.php\/2016\/10\/24\/mpppst-arranco-plan-fabrica-adentro-en-cacao-oderi\/","og_locale":"es_ES","og_type":"article","og_title":"MPPPST arranc\u00f3 Plan F\u00e1brica Adentro en Cacao Oder\u00ed - MPPPST","og_description":"En el marco de una d\u00e9cada de funcionamiento de la Empresa Cacao Oder\u00ed,\u00a0 el Ministerio del &hellip; MPPPST arranc\u00f3 Plan F\u00e1brica Adentro en Cacao Oder\u00edRead more","og_url":"https:\/\/www.mpppst.gob.ve\/mpppstweb\/index.php\/2016\/10\/24\/mpppst-arranco-plan-fabrica-adentro-en-cacao-oderi\/","og_site_name":"MPPPST","article_published_time":"2016-10-24T14:36:36+00:00","article_modified_time":"2016-10-24T14:36:46+00:00","og_image":[{"width":800,"height":445,"url":"https:\/\/www.mpppst.gob.ve\/mpppstweb\/wp-content\/uploads\/2016\/10\/cacao-Oder\u00ed.jpg","type":"image\/jpeg"}],"author":"MPPPST Prensa","twitter_card":"summary_large_image","twitter_misc":{"Escrito por":"MPPPST Prensa","Tiempo de lectura":"4 minutos"},"schema":{"@context":"https:\/\/schema.org","@graph":[{"@type":"Article","@id":"https:\/\/www.mpppst.gob.ve\/mpppstweb\/index.php\/2016\/10\/24\/mpppst-arranco-plan-fabrica-adentro-en-cacao-oderi\/#article","isPartOf":{"@id":"https:\/\/www.mpppst.gob.ve\/mpppstweb\/index.php\/2016\/10\/24\/mpppst-arranco-plan-fabrica-adentro-en-cacao-oderi\/"},"author":{"name":"MPPPST Prensa","@id":"https:\/\/www.mpppst.gob.ve\/mpppstweb\/#\/schema\/person\/fc187ee8ead412bd4c9304b62f900ea4"},"headline":"MPPPST arranc\u00f3 Plan F\u00e1brica Adentro en Cacao Oder\u00ed","datePublished":"2016-10-24T14:36:36+00:00","dateModified":"2016-10-24T14:36:46+00:00","mainEntityOfPage":{"@id":"https:\/\/www.mpppst.gob.ve\/mpppstweb\/index.php\/2016\/10\/24\/mpppst-arranco-plan-fabrica-adentro-en-cacao-oderi\/"},"wordCount":777,"publisher":{"@id":"https:\/\/www.mpppst.gob.ve\/mpppstweb\/#organization"},"image":{"@id":"https:\/\/www.mpppst.gob.ve\/mpppstweb\/index.php\/2016\/10\/24\/mpppst-arranco-plan-fabrica-adentro-en-cacao-oderi\/#primaryimage"},"thumbnailUrl":"https:\/\/www.mpppst.gob.ve\/mpppstweb\/wp-content\/uploads\/2016\/10\/cacao-Oder\u00ed.jpg","keywords":["Cadenas productivas","Fuerza Laboral","Gobierno Bolivariano","Justa distribuci\u00f3n de la riqueza","MPPPST","Participaci\u00f3n popular y protag\u00f3nica","Proceso Social"],"articleSection":["Ministerio","Noticias"],"inLanguage":"es"},{"@type":"WebPage","@id":"https:\/\/www.mpppst.gob.ve\/mpppstweb\/index.php\/2016\/10\/24\/mpppst-arranco-plan-fabrica-adentro-en-cacao-oderi\/","url":"https:\/\/www.mpppst.gob.ve\/mpppstweb\/index.php\/2016\/10\/24\/mpppst-arranco-plan-fabrica-adentro-en-cacao-oderi\/","name":"MPPPST arranc\u00f3 Plan F\u00e1brica Adentro en Cacao Oder\u00ed - MPPPST","isPartOf":{"@id":"https:\/\/www.mpppst.gob.ve\/mpppstweb\/#website"},"primaryImageOfPage":{"@id":"https:\/\/www.mpppst.gob.ve\/mpppstweb\/index.php\/2016\/10\/24\/mpppst-arranco-plan-fabrica-adentro-en-cacao-oderi\/#primaryimage"},"image":{"@id":"https:\/\/www.mpppst.gob.ve\/mpppstweb\/index.php\/2016\/10\/24\/mpppst-arranco-plan-fabrica-adentro-en-cacao-oderi\/#primaryimage"},"thumbnailUrl":"https:\/\/www.mpppst.gob.ve\/mpppstweb\/wp-content\/uploads\/2016\/10\/cacao-Oder\u00ed.jpg","datePublished":"2016-10-24T14:36:36+00:00","dateModified":"2016-10-24T14:36:46+00:00","breadcrumb":{"@id":"https:\/\/www.mpppst.gob.ve\/mpppstweb\/index.php\/2016\/10\/24\/mpppst-arranco-plan-fabrica-adentro-en-cacao-oderi\/#breadcrumb"},"inLanguage":"es","potentialAction":[{"@type":"ReadAction","target":["https:\/\/www.mpppst.gob.ve\/mpppstweb\/index.php\/2016\/10\/24\/mpppst-arranco-plan-fabrica-adentro-en-cacao-oderi\/"]}]},{"@type":"ImageObject","inLanguage":"es","@id":"https:\/\/www.mpppst.gob.ve\/mpppstweb\/index.php\/2016\/10\/24\/mpppst-arranco-plan-fabrica-adentro-en-cacao-oderi\/#primaryimage","url":"https:\/\/www.mpppst.gob.ve\/mpppstweb\/wp-content\/uploads\/2016\/10\/cacao-Oder\u00ed.jpg","contentUrl":"https:\/\/www.mpppst.gob.ve\/mpppstweb\/wp-content\/uploads\/2016\/10\/cacao-Oder\u00ed.jpg","width":800,"height":445},{"@type":"BreadcrumbList","@id":"https:\/\/www.mpppst.gob.ve\/mpppstweb\/index.php\/2016\/10\/24\/mpppst-arranco-plan-fabrica-adentro-en-cacao-oderi\/#breadcrumb","itemListElement":[{"@type":"ListItem","position":1,"name":"Home","item":"https:\/\/www.mpppst.gob.ve\/mpppstweb\/"},{"@type":"ListItem","position":2,"name":"MPPPST arranc\u00f3 Plan F\u00e1brica Adentro en Cacao Oder\u00ed"}]},{"@type":"WebSite","@id":"https:\/\/www.mpppst.gob.ve\/mpppstweb\/#website","url":"https:\/\/www.mpppst.gob.ve\/mpppstweb\/","name":"MPPPST","description":"Ministerio del Poder Popular para el Proceso Social de Trabajo","publisher":{"@id":"https:\/\/www.mpppst.gob.ve\/mpppstweb\/#organization"},"potentialAction":[{"@type":"SearchAction","target":{"@type":"EntryPoint","urlTemplate":"https:\/\/www.mpppst.gob.ve\/mpppstweb\/?s={search_term_string}"},"query-input":"required name=search_term_string"}],"inLanguage":"es"},{"@type":"Organization","@id":"https:\/\/www.mpppst.gob.ve\/mpppstweb\/#organization","name":"mpppst","url":"https:\/\/www.mpppst.gob.ve\/mpppstweb\/","logo":{"@type":"ImageObject","inLanguage":"es","@id":"https:\/\/www.mpppst.gob.ve\/mpppstweb\/#\/schema\/logo\/image\/","url":"https:\/\/www.mpppst.gob.ve\/mpppstweb\/wp-content\/uploads\/2025\/07\/cropped-cropped-g910.png","contentUrl":"https:\/\/www.mpppst.gob.ve\/mpppstweb\/wp-content\/uploads\/2025\/07\/cropped-cropped-g910.png","width":1080,"height":241,"caption":"mpppst"},"image":{"@id":"https:\/\/www.mpppst.gob.ve\/mpppstweb\/#\/schema\/logo\/image\/"}},{"@type":"Person","@id":"https:\/\/www.mpppst.gob.ve\/mpppstweb\/#\/schema\/person\/fc187ee8ead412bd4c9304b62f900ea4","name":"MPPPST Prensa","url":"https:\/\/www.mpppst.gob.ve\/mpppstweb\/index.php\/author\/prensa-mpppst\/"}]}},"_links":{"self":[{"href":"https:\/\/www.mpppst.gob.ve\/mpppstweb\/index.php\/wp-json\/wp\/v2\/posts\/8901"}],"collection":[{"href":"https:\/\/www.mpppst.gob.ve\/mpppstweb\/index.php\/wp-json\/wp\/v2\/posts"}],"about":[{"href":"https:\/\/www.mpppst.gob.ve\/mpppstweb\/index.php\/wp-json\/wp\/v2\/types\/post"}],"author":[{"embeddable":true,"href":"https:\/\/www.mpppst.gob.ve\/mpppstweb\/index.php\/wp-json\/wp\/v2\/users\/25"}],"replies":[{"embeddable":true,"href":"https:\/\/www.mpppst.gob.ve\/mpppstweb\/index.php\/wp-json\/wp\/v2\/comments?post=8901"}],"version-history":[{"count":1,"href":"https:\/\/www.mpppst.gob.ve\/mpppstweb\/index.php\/wp-json\/wp\/v2\/posts\/8901\/revisions"}],"predecessor-version":[{"id":8903,"href":"https:\/\/www.mpppst.gob.ve\/mpppstweb\/index.php\/wp-json\/wp\/v2\/posts\/8901\/revisions\/8903"}],"wp:featuredmedia":[{"embeddable":true,"href":"https:\/\/www.mpppst.gob.ve\/mpppstweb\/index.php\/wp-json\/wp\/v2\/media\/8902"}],"wp:attachment":[{"href":"https:\/\/www.mpppst.gob.ve\/mpppstweb\/index.php\/wp-json\/wp\/v2\/media?parent=8901"}],"wp:term":[{"taxonomy":"category","embeddable":true,"href":"https:\/\/www.mpppst.gob.ve\/mpppstweb\/index.php\/wp-json\/wp\/v2\/categories?post=8901"},{"taxonomy":"post_tag","embeddable":true,"href":"https:\/\/www.mpppst.gob.ve\/mpppstweb\/index.php\/wp-json\/wp\/v2\/tags?post=8901"}],"curies":[{"name":"wp","href":"https:\/\/api.w.org\/{rel}","templated":true}]}}