{"id":8930,"date":"2016-10-27T14:15:10","date_gmt":"2016-10-27T14:15:10","guid":{"rendered":"http:\/\/www.mpppst.gob.ve\/mpppstweb\/?p=8930"},"modified":"2016-10-27T14:15:10","modified_gmt":"2016-10-27T14:15:10","slug":"todos-unidos-a-defender-la-paz-con-fuerza-productiva-y-movilizacion-popular","status":"publish","type":"post","link":"https:\/\/www.mpppst.gob.ve\/mpppstweb\/index.php\/2016\/10\/27\/todos-unidos-a-defender-la-paz-con-fuerza-productiva-y-movilizacion-popular\/","title":{"rendered":"Todos unidos a defender la paz con fuerza productiva y movilizaci\u00f3n popular"},"content":{"rendered":"<p>AVN.- El presidente de la Rep\u00fablica, Nicol\u00e1s Maduro, hizo un llamado a defender la paz y la estabilidad democr\u00e1tica con empuje productivo y movilizaci\u00f3n popular permanente.<\/p>\n<p>\u00abNecesitamos un pueblo en la calle debatiendo, defendido a la Revoluci\u00f3n, necesitamos a un pueblo trabajando produciendo, necesitamos a un pueblo estudiando form\u00e1ndose, necesitamos un pueblo culto y necesitamos un pueblo en la calle movilizado de manera permanente defendido su derecho a la paz\u00bb, expres\u00f3 este mi\u00e9rcoles el Mandatario desde las afueras del Palacio de Miraflores, tras recibir una multitud patriota en defensa de la paz.<\/p>\n<p>El jefe de Estado hizo esta reflexi\u00f3n despu\u00e9s que los partidos de derecha, agrupados en la autoproclamada Mesa de la Unidad Democr\u00e1tica, anunciaran la ejecuci\u00f3n de un golpe de Estado con un lenguaje ambiguo sustentado en art\u00edculos de la Constituci\u00f3n y con acciones propagand\u00edsticas desde el Parlamento, que no tiene efecto jur\u00eddico por su desacato al orden constitucional.<\/p>\n<p>\u00abAqu\u00ed est\u00e1 el pueblo diciendo: queremos paz, queremos patria, queremos revoluci\u00f3n. Que nadie se equivoque, est\u00e1n borrachos de desesperaci\u00f3n algunos sectores de la derecha\u00bb, alert\u00f3 Maduro.<\/p>\n<p>Advirti\u00f3 que el plan golpista es auspiciado por el presidente de Estados Unidos, Barack Obama. \u00abEs un coletazo de Obama que se va. Obama se va y quiere destruir a Venezuela antes de irse\u00bb, dijo.<\/p>\n<p>Tras cometer fraude en la recolecci\u00f3n de las firmas para iniciar un proceso revocatorio, la oposici\u00f3n venezolana convoc\u00f3 a sus seguidores a movilizarse con la amenaza de llegar al palacio presidencial en el centro de Caracas y a intentar desde Parlamento iniciar un \u00abjuicio pol\u00edtico y penal\u00bb contra Maduro, a pesar que la Constituci\u00f3n venezolana no otorga al Parlamento la potestad de efectuar un proceso de esa naturaleza.<\/p>\n<p>Como parte de la agenda golpista, la derecha tambi\u00e9n llam\u00f3 para este viernes a una huelga, mientras que la amenaza de llegar a Miraflores la pospusieron para venidero el jueves 03 de noviembre.<\/p>\n<p>Ante este escenario, y en medio de una coyuntura econ\u00f3mica, el presidente Maduro exhort\u00f3 a las fuerzas productivas del pa\u00eds a trabajar para avanzar en la generaci\u00f3n de nuevas condiciones que permitan construir diversificar el aparato productivo nacional, caracterizado por la monoproducci\u00f3n de petr\u00f3leo, cuyos precios han bajado m\u00e1s del 70%.<\/p>\n<p>\u00abVenezuela lo que necesita es trabajar, llamo a la clase obrera, a los trabajadores, a los empresarios honestos al trabajo\u00bb, convoc\u00f3.<\/p>\n<p>\u00abHay dos opciones: dejar que hagan da\u00f1o al pa\u00eds o salir a trabajar y dar todo lo bueno que est\u00e1 dentro de nosotros, trabajar que el pueblo decida. Trabajo y m\u00e1s trabajo\u00bb agreg\u00f3.<\/p>\n","protected":false},"excerpt":{"rendered":"<p>AVN.- El presidente de la Rep\u00fablica, Nicol\u00e1s Maduro, hizo un llamado a defender la paz y &hellip; <a title=\"Todos unidos a defender la paz con fuerza productiva y movilizaci\u00f3n popular\" class=\"hm-read-more\" href=\"https:\/\/www.mpppst.gob.ve\/mpppstweb\/index.php\/2016\/10\/27\/todos-unidos-a-defender-la-paz-con-fuerza-productiva-y-movilizacion-popular\/\"><span class=\"screen-reader-text\">Todos unidos a defender la paz con fuerza productiva y movilizaci\u00f3n popular<\/span>Read more<\/a><\/p>\n","protected":false},"author":25,"featured_media":8931,"comment_status":"closed","ping_status":"closed","sticky":false,"template":"","format":"standard","meta":{"footnotes":""},"categories":[82,163],"tags":[222,240],"yoast_head":"<!-- This site is optimized with the Yoast SEO plugin v22.5 - https:\/\/yoast.com\/wordpress\/plugins\/seo\/ -->\n<title>Todos unidos a defender la paz con fuerza productiva y movilizaci\u00f3n popular - MPPPST<\/title>\n<meta name=\"robots\" content=\"index, follow, max-snippet:-1, max-image-preview:large, max-video-preview:-1\" \/>\n<link rel=\"canonical\" href=\"https:\/\/www.mpppst.gob.ve\/mpppstweb\/index.php\/2016\/10\/27\/todos-unidos-a-defender-la-paz-con-fuerza-productiva-y-movilizacion-popular\/\" \/>\n<meta property=\"og:locale\" content=\"es_ES\" \/>\n<meta property=\"og:type\" content=\"article\" \/>\n<meta property=\"og:title\" content=\"Todos unidos a defender la paz con fuerza productiva y movilizaci\u00f3n popular - MPPPST\" \/>\n<meta property=\"og:description\" content=\"AVN.- El presidente de la Rep\u00fablica, Nicol\u00e1s Maduro, hizo un llamado a defender la paz y &hellip; Todos unidos a defender la paz con fuerza productiva y movilizaci\u00f3n popularRead more\" \/>\n<meta property=\"og:url\" content=\"https:\/\/www.mpppst.gob.ve\/mpppstweb\/index.php\/2016\/10\/27\/todos-unidos-a-defender-la-paz-con-fuerza-productiva-y-movilizacion-popular\/\" \/>\n<meta property=\"og:site_name\" content=\"MPPPST\" \/>\n<meta property=\"article:published_time\" content=\"2016-10-27T14:15:10+00:00\" \/>\n<meta property=\"og:image\" content=\"https:\/\/www.mpppst.gob.ve\/mpppstweb\/wp-content\/uploads\/2016\/10\/presidente.jpg\" \/>\n\t<meta property=\"og:image:width\" content=\"640\" \/>\n\t<meta property=\"og:image:height\" content=\"322\" \/>\n\t<meta property=\"og:image:type\" content=\"image\/jpeg\" \/>\n<meta name=\"author\" content=\"MPPPST Prensa\" \/>\n<meta name=\"twitter:card\" content=\"summary_large_image\" \/>\n<meta name=\"twitter:label1\" content=\"Escrito por\" \/>\n\t<meta name=\"twitter:data1\" content=\"MPPPST Prensa\" \/>\n\t<meta name=\"twitter:label2\" content=\"Tiempo de lectura\" \/>\n\t<meta name=\"twitter:data2\" content=\"2 minutos\" \/>\n<script type=\"application\/ld+json\" class=\"yoast-schema-graph\">{\"@context\":\"https:\/\/schema.org\",\"@graph\":[{\"@type\":\"Article\",\"@id\":\"https:\/\/www.mpppst.gob.ve\/mpppstweb\/index.php\/2016\/10\/27\/todos-unidos-a-defender-la-paz-con-fuerza-productiva-y-movilizacion-popular\/#article\",\"isPartOf\":{\"@id\":\"https:\/\/www.mpppst.gob.ve\/mpppstweb\/index.php\/2016\/10\/27\/todos-unidos-a-defender-la-paz-con-fuerza-productiva-y-movilizacion-popular\/\"},\"author\":{\"name\":\"MPPPST Prensa\",\"@id\":\"https:\/\/www.mpppst.gob.ve\/mpppstweb\/#\/schema\/person\/fc187ee8ead412bd4c9304b62f900ea4\"},\"headline\":\"Todos unidos a defender la paz con fuerza productiva y movilizaci\u00f3n popular\",\"datePublished\":\"2016-10-27T14:15:10+00:00\",\"dateModified\":\"2016-10-27T14:15:10+00:00\",\"mainEntityOfPage\":{\"@id\":\"https:\/\/www.mpppst.gob.ve\/mpppstweb\/index.php\/2016\/10\/27\/todos-unidos-a-defender-la-paz-con-fuerza-productiva-y-movilizacion-popular\/\"},\"wordCount\":461,\"publisher\":{\"@id\":\"https:\/\/www.mpppst.gob.ve\/mpppstweb\/#organization\"},\"image\":{\"@id\":\"https:\/\/www.mpppst.gob.ve\/mpppstweb\/index.php\/2016\/10\/27\/todos-unidos-a-defender-la-paz-con-fuerza-productiva-y-movilizacion-popular\/#primaryimage\"},\"thumbnailUrl\":\"https:\/\/www.mpppst.gob.ve\/mpppstweb\/wp-content\/uploads\/2016\/10\/presidente.jpg\",\"keywords\":[\"Gobierno Bolivariano\",\"Participaci\u00f3n popular y protag\u00f3nica\"],\"articleSection\":[\"Gobierno Nacional\",\"Noticias\"],\"inLanguage\":\"es\"},{\"@type\":\"WebPage\",\"@id\":\"https:\/\/www.mpppst.gob.ve\/mpppstweb\/index.php\/2016\/10\/27\/todos-unidos-a-defender-la-paz-con-fuerza-productiva-y-movilizacion-popular\/\",\"url\":\"https:\/\/www.mpppst.gob.ve\/mpppstweb\/index.php\/2016\/10\/27\/todos-unidos-a-defender-la-paz-con-fuerza-productiva-y-movilizacion-popular\/\",\"name\":\"Todos unidos a defender la paz con fuerza productiva y movilizaci\u00f3n popular - MPPPST\",\"isPartOf\":{\"@id\":\"https:\/\/www.mpppst.gob.ve\/mpppstweb\/#website\"},\"primaryImageOfPage\":{\"@id\":\"https:\/\/www.mpppst.gob.ve\/mpppstweb\/index.php\/2016\/10\/27\/todos-unidos-a-defender-la-paz-con-fuerza-productiva-y-movilizacion-popular\/#primaryimage\"},\"image\":{\"@id\":\"https:\/\/www.mpppst.gob.ve\/mpppstweb\/index.php\/2016\/10\/27\/todos-unidos-a-defender-la-paz-con-fuerza-productiva-y-movilizacion-popular\/#primaryimage\"},\"thumbnailUrl\":\"https:\/\/www.mpppst.gob.ve\/mpppstweb\/wp-content\/uploads\/2016\/10\/presidente.jpg\",\"datePublished\":\"2016-10-27T14:15:10+00:00\",\"dateModified\":\"2016-10-27T14:15:10+00:00\",\"breadcrumb\":{\"@id\":\"https:\/\/www.mpppst.gob.ve\/mpppstweb\/index.php\/2016\/10\/27\/todos-unidos-a-defender-la-paz-con-fuerza-productiva-y-movilizacion-popular\/#breadcrumb\"},\"inLanguage\":\"es\",\"potentialAction\":[{\"@type\":\"ReadAction\",\"target\":[\"https:\/\/www.mpppst.gob.ve\/mpppstweb\/index.php\/2016\/10\/27\/todos-unidos-a-defender-la-paz-con-fuerza-productiva-y-movilizacion-popular\/\"]}]},{\"@type\":\"ImageObject\",\"inLanguage\":\"es\",\"@id\":\"https:\/\/www.mpppst.gob.ve\/mpppstweb\/index.php\/2016\/10\/27\/todos-unidos-a-defender-la-paz-con-fuerza-productiva-y-movilizacion-popular\/#primaryimage\",\"url\":\"https:\/\/www.mpppst.gob.ve\/mpppstweb\/wp-content\/uploads\/2016\/10\/presidente.jpg\",\"contentUrl\":\"https:\/\/www.mpppst.gob.ve\/mpppstweb\/wp-content\/uploads\/2016\/10\/presidente.jpg\",\"width\":640,\"height\":322},{\"@type\":\"BreadcrumbList\",\"@id\":\"https:\/\/www.mpppst.gob.ve\/mpppstweb\/index.php\/2016\/10\/27\/todos-unidos-a-defender-la-paz-con-fuerza-productiva-y-movilizacion-popular\/#breadcrumb\",\"itemListElement\":[{\"@type\":\"ListItem\",\"position\":1,\"name\":\"Home\",\"item\":\"https:\/\/www.mpppst.gob.ve\/mpppstweb\/\"},{\"@type\":\"ListItem\",\"position\":2,\"name\":\"Todos unidos a defender la paz con fuerza productiva y movilizaci\u00f3n popular\"}]},{\"@type\":\"WebSite\",\"@id\":\"https:\/\/www.mpppst.gob.ve\/mpppstweb\/#website\",\"url\":\"https:\/\/www.mpppst.gob.ve\/mpppstweb\/\",\"name\":\"MPPPST\",\"description\":\"Ministerio del Poder Popular para el Proceso Social de Trabajo\",\"publisher\":{\"@id\":\"https:\/\/www.mpppst.gob.ve\/mpppstweb\/#organization\"},\"potentialAction\":[{\"@type\":\"SearchAction\",\"target\":{\"@type\":\"EntryPoint\",\"urlTemplate\":\"https:\/\/www.mpppst.gob.ve\/mpppstweb\/?s={search_term_string}\"},\"query-input\":\"required name=search_term_string\"}],\"inLanguage\":\"es\"},{\"@type\":\"Organization\",\"@id\":\"https:\/\/www.mpppst.gob.ve\/mpppstweb\/#organization\",\"name\":\"mpppst\",\"url\":\"https:\/\/www.mpppst.gob.ve\/mpppstweb\/\",\"logo\":{\"@type\":\"ImageObject\",\"inLanguage\":\"es\",\"@id\":\"https:\/\/www.mpppst.gob.ve\/mpppstweb\/#\/schema\/logo\/image\/\",\"url\":\"https:\/\/www.mpppst.gob.ve\/mpppstweb\/wp-content\/uploads\/2025\/07\/cropped-cropped-g910.png\",\"contentUrl\":\"https:\/\/www.mpppst.gob.ve\/mpppstweb\/wp-content\/uploads\/2025\/07\/cropped-cropped-g910.png\",\"width\":1080,\"height\":241,\"caption\":\"mpppst\"},\"image\":{\"@id\":\"https:\/\/www.mpppst.gob.ve\/mpppstweb\/#\/schema\/logo\/image\/\"}},{\"@type\":\"Person\",\"@id\":\"https:\/\/www.mpppst.gob.ve\/mpppstweb\/#\/schema\/person\/fc187ee8ead412bd4c9304b62f900ea4\",\"name\":\"MPPPST Prensa\",\"url\":\"https:\/\/www.mpppst.gob.ve\/mpppstweb\/index.php\/author\/prensa-mpppst\/\"}]}<\/script>\n<!-- \/ Yoast SEO plugin. -->","yoast_head_json":{"title":"Todos unidos a defender la paz con fuerza productiva y movilizaci\u00f3n popular - MPPPST","robots":{"index":"index","follow":"follow","max-snippet":"max-snippet:-1","max-image-preview":"max-image-preview:large","max-video-preview":"max-video-preview:-1"},"canonical":"https:\/\/www.mpppst.gob.ve\/mpppstweb\/index.php\/2016\/10\/27\/todos-unidos-a-defender-la-paz-con-fuerza-productiva-y-movilizacion-popular\/","og_locale":"es_ES","og_type":"article","og_title":"Todos unidos a defender la paz con fuerza productiva y movilizaci\u00f3n popular - MPPPST","og_description":"AVN.- El presidente de la Rep\u00fablica, Nicol\u00e1s Maduro, hizo un llamado a defender la paz y &hellip; Todos unidos a defender la paz con fuerza productiva y movilizaci\u00f3n popularRead more","og_url":"https:\/\/www.mpppst.gob.ve\/mpppstweb\/index.php\/2016\/10\/27\/todos-unidos-a-defender-la-paz-con-fuerza-productiva-y-movilizacion-popular\/","og_site_name":"MPPPST","article_published_time":"2016-10-27T14:15:10+00:00","og_image":[{"width":640,"height":322,"url":"https:\/\/www.mpppst.gob.ve\/mpppstweb\/wp-content\/uploads\/2016\/10\/presidente.jpg","type":"image\/jpeg"}],"author":"MPPPST Prensa","twitter_card":"summary_large_image","twitter_misc":{"Escrito por":"MPPPST Prensa","Tiempo de lectura":"2 minutos"},"schema":{"@context":"https:\/\/schema.org","@graph":[{"@type":"Article","@id":"https:\/\/www.mpppst.gob.ve\/mpppstweb\/index.php\/2016\/10\/27\/todos-unidos-a-defender-la-paz-con-fuerza-productiva-y-movilizacion-popular\/#article","isPartOf":{"@id":"https:\/\/www.mpppst.gob.ve\/mpppstweb\/index.php\/2016\/10\/27\/todos-unidos-a-defender-la-paz-con-fuerza-productiva-y-movilizacion-popular\/"},"author":{"name":"MPPPST Prensa","@id":"https:\/\/www.mpppst.gob.ve\/mpppstweb\/#\/schema\/person\/fc187ee8ead412bd4c9304b62f900ea4"},"headline":"Todos unidos a defender la paz con fuerza productiva y movilizaci\u00f3n popular","datePublished":"2016-10-27T14:15:10+00:00","dateModified":"2016-10-27T14:15:10+00:00","mainEntityOfPage":{"@id":"https:\/\/www.mpppst.gob.ve\/mpppstweb\/index.php\/2016\/10\/27\/todos-unidos-a-defender-la-paz-con-fuerza-productiva-y-movilizacion-popular\/"},"wordCount":461,"publisher":{"@id":"https:\/\/www.mpppst.gob.ve\/mpppstweb\/#organization"},"image":{"@id":"https:\/\/www.mpppst.gob.ve\/mpppstweb\/index.php\/2016\/10\/27\/todos-unidos-a-defender-la-paz-con-fuerza-productiva-y-movilizacion-popular\/#primaryimage"},"thumbnailUrl":"https:\/\/www.mpppst.gob.ve\/mpppstweb\/wp-content\/uploads\/2016\/10\/presidente.jpg","keywords":["Gobierno Bolivariano","Participaci\u00f3n popular y protag\u00f3nica"],"articleSection":["Gobierno Nacional","Noticias"],"inLanguage":"es"},{"@type":"WebPage","@id":"https:\/\/www.mpppst.gob.ve\/mpppstweb\/index.php\/2016\/10\/27\/todos-unidos-a-defender-la-paz-con-fuerza-productiva-y-movilizacion-popular\/","url":"https:\/\/www.mpppst.gob.ve\/mpppstweb\/index.php\/2016\/10\/27\/todos-unidos-a-defender-la-paz-con-fuerza-productiva-y-movilizacion-popular\/","name":"Todos unidos a defender la paz con fuerza productiva y movilizaci\u00f3n popular - MPPPST","isPartOf":{"@id":"https:\/\/www.mpppst.gob.ve\/mpppstweb\/#website"},"primaryImageOfPage":{"@id":"https:\/\/www.mpppst.gob.ve\/mpppstweb\/index.php\/2016\/10\/27\/todos-unidos-a-defender-la-paz-con-fuerza-productiva-y-movilizacion-popular\/#primaryimage"},"image":{"@id":"https:\/\/www.mpppst.gob.ve\/mpppstweb\/index.php\/2016\/10\/27\/todos-unidos-a-defender-la-paz-con-fuerza-productiva-y-movilizacion-popular\/#primaryimage"},"thumbnailUrl":"https:\/\/www.mpppst.gob.ve\/mpppstweb\/wp-content\/uploads\/2016\/10\/presidente.jpg","datePublished":"2016-10-27T14:15:10+00:00","dateModified":"2016-10-27T14:15:10+00:00","breadcrumb":{"@id":"https:\/\/www.mpppst.gob.ve\/mpppstweb\/index.php\/2016\/10\/27\/todos-unidos-a-defender-la-paz-con-fuerza-productiva-y-movilizacion-popular\/#breadcrumb"},"inLanguage":"es","potentialAction":[{"@type":"ReadAction","target":["https:\/\/www.mpppst.gob.ve\/mpppstweb\/index.php\/2016\/10\/27\/todos-unidos-a-defender-la-paz-con-fuerza-productiva-y-movilizacion-popular\/"]}]},{"@type":"ImageObject","inLanguage":"es","@id":"https:\/\/www.mpppst.gob.ve\/mpppstweb\/index.php\/2016\/10\/27\/todos-unidos-a-defender-la-paz-con-fuerza-productiva-y-movilizacion-popular\/#primaryimage","url":"https:\/\/www.mpppst.gob.ve\/mpppstweb\/wp-content\/uploads\/2016\/10\/presidente.jpg","contentUrl":"https:\/\/www.mpppst.gob.ve\/mpppstweb\/wp-content\/uploads\/2016\/10\/presidente.jpg","width":640,"height":322},{"@type":"BreadcrumbList","@id":"https:\/\/www.mpppst.gob.ve\/mpppstweb\/index.php\/2016\/10\/27\/todos-unidos-a-defender-la-paz-con-fuerza-productiva-y-movilizacion-popular\/#breadcrumb","itemListElement":[{"@type":"ListItem","position":1,"name":"Home","item":"https:\/\/www.mpppst.gob.ve\/mpppstweb\/"},{"@type":"ListItem","position":2,"name":"Todos unidos a defender la paz con fuerza productiva y movilizaci\u00f3n popular"}]},{"@type":"WebSite","@id":"https:\/\/www.mpppst.gob.ve\/mpppstweb\/#website","url":"https:\/\/www.mpppst.gob.ve\/mpppstweb\/","name":"MPPPST","description":"Ministerio del Poder Popular para el Proceso Social de Trabajo","publisher":{"@id":"https:\/\/www.mpppst.gob.ve\/mpppstweb\/#organization"},"potentialAction":[{"@type":"SearchAction","target":{"@type":"EntryPoint","urlTemplate":"https:\/\/www.mpppst.gob.ve\/mpppstweb\/?s={search_term_string}"},"query-input":"required name=search_term_string"}],"inLanguage":"es"},{"@type":"Organization","@id":"https:\/\/www.mpppst.gob.ve\/mpppstweb\/#organization","name":"mpppst","url":"https:\/\/www.mpppst.gob.ve\/mpppstweb\/","logo":{"@type":"ImageObject","inLanguage":"es","@id":"https:\/\/www.mpppst.gob.ve\/mpppstweb\/#\/schema\/logo\/image\/","url":"https:\/\/www.mpppst.gob.ve\/mpppstweb\/wp-content\/uploads\/2025\/07\/cropped-cropped-g910.png","contentUrl":"https:\/\/www.mpppst.gob.ve\/mpppstweb\/wp-content\/uploads\/2025\/07\/cropped-cropped-g910.png","width":1080,"height":241,"caption":"mpppst"},"image":{"@id":"https:\/\/www.mpppst.gob.ve\/mpppstweb\/#\/schema\/logo\/image\/"}},{"@type":"Person","@id":"https:\/\/www.mpppst.gob.ve\/mpppstweb\/#\/schema\/person\/fc187ee8ead412bd4c9304b62f900ea4","name":"MPPPST Prensa","url":"https:\/\/www.mpppst.gob.ve\/mpppstweb\/index.php\/author\/prensa-mpppst\/"}]}},"_links":{"self":[{"href":"https:\/\/www.mpppst.gob.ve\/mpppstweb\/index.php\/wp-json\/wp\/v2\/posts\/8930"}],"collection":[{"href":"https:\/\/www.mpppst.gob.ve\/mpppstweb\/index.php\/wp-json\/wp\/v2\/posts"}],"about":[{"href":"https:\/\/www.mpppst.gob.ve\/mpppstweb\/index.php\/wp-json\/wp\/v2\/types\/post"}],"author":[{"embeddable":true,"href":"https:\/\/www.mpppst.gob.ve\/mpppstweb\/index.php\/wp-json\/wp\/v2\/users\/25"}],"replies":[{"embeddable":true,"href":"https:\/\/www.mpppst.gob.ve\/mpppstweb\/index.php\/wp-json\/wp\/v2\/comments?post=8930"}],"version-history":[{"count":1,"href":"https:\/\/www.mpppst.gob.ve\/mpppstweb\/index.php\/wp-json\/wp\/v2\/posts\/8930\/revisions"}],"predecessor-version":[{"id":8932,"href":"https:\/\/www.mpppst.gob.ve\/mpppstweb\/index.php\/wp-json\/wp\/v2\/posts\/8930\/revisions\/8932"}],"wp:featuredmedia":[{"embeddable":true,"href":"https:\/\/www.mpppst.gob.ve\/mpppstweb\/index.php\/wp-json\/wp\/v2\/media\/8931"}],"wp:attachment":[{"href":"https:\/\/www.mpppst.gob.ve\/mpppstweb\/index.php\/wp-json\/wp\/v2\/media?parent=8930"}],"wp:term":[{"taxonomy":"category","embeddable":true,"href":"https:\/\/www.mpppst.gob.ve\/mpppstweb\/index.php\/wp-json\/wp\/v2\/categories?post=8930"},{"taxonomy":"post_tag","embeddable":true,"href":"https:\/\/www.mpppst.gob.ve\/mpppstweb\/index.php\/wp-json\/wp\/v2\/tags?post=8930"}],"curies":[{"name":"wp","href":"https:\/\/api.w.org\/{rel}","templated":true}]}}