{"id":8950,"date":"2016-10-28T16:24:56","date_gmt":"2016-10-28T16:24:56","guid":{"rendered":"http:\/\/www.mpppst.gob.ve\/mpppstweb\/?p=8950"},"modified":"2016-10-28T16:26:28","modified_gmt":"2016-10-28T16:26:28","slug":"ministro-vera-fracaso-el-paro-de-la-mud","status":"publish","type":"post","link":"https:\/\/www.mpppst.gob.ve\/mpppstweb\/index.php\/2016\/10\/28\/ministro-vera-fracaso-el-paro-de-la-mud\/","title":{"rendered":"Ministro Vera: El paro de la MUD fracas\u00f3"},"content":{"rendered":"<p>El ministro del Poder Popular para el Proceso Social de Trabajo, Oswaldo Vera, se\u00f1al\u00f3 que en el pa\u00eds se est\u00e1 trabajando en total normalidad. \u201cNo hay perturbaci\u00f3n alguna. La banca est\u00e1 trabajando 100%, tambi\u00e9n el sector petrolero, el de comunicaciones, la CANTV, el sector comercial\u2026 Lo que demuestra que de nuevo fracasa la derecha que pretend\u00eda llevar a cabo un paro en el pa\u00eds, y fue la Clase Obrera la que impidi\u00f3 la paralizaci\u00f3n de las actividades\u201d, raz\u00f3n por la cual felicit\u00f3 a los trabajadores y trabajadoras del pa\u00eds.<\/p>\n<p>Asimismo, manifest\u00f3 que desde muy temprano se realiz\u00f3 un recorrido, para determinar el funcionamiento normal de las actividades del pa\u00eds, y efectivamente se pudo corroborar que los venezolanos y las venezolanas no quieren un paro. Conjuntamente con la Fuerza Armada Nacional Bolivariana (FANB), con la Clase Obrera, con industriales que hacen vida en FEDEINDUSTRIA, se llev\u00f3 a cabo un proceso de inspecciones y se pudo determinar el fracaso \u00a0rotundo del\u00a0 insurreccional paro.<\/p>\n<p><strong>Sobre el aumento salarial \u00a0\u00a0\u00a0<\/strong><\/p>\n<p>Sobre el aumento del salario m\u00ednimo que pas\u00f3 de bol\u00edvares 22.576 a 27.091 y el ticket de alimentaci\u00f3n que \u00a0pas\u00f3 de bol\u00edvares 42.480 a 63.720, lo que ubica al \u00a0salario m\u00ednimo integral en Bs 65.056 a Bs 90.811, dijo que mientras la derecha convoc\u00f3 un paro en el pa\u00eds, el Presidente Nicol\u00e1s Maduro anunci\u00f3 un nuevo aumento salarial, con lo cual se garantizan las condiciones de vida de la Clase Obrera, de los Pensionados, de los Jubilados.<br \/>\nPor otra parte,\u00a0 manifest\u00f3 que en 17 a\u00f1os, pese a las guarimbas impuestas durante todo este tiempo y a pesar de la guerra incesante,\u00a0 se han dado aumentos salariales con el firme prop\u00f3sito de proteger la capacidad de compra de productos, bienes y servicios de los venezolanos y las venezolanas.<\/p>\n<p>Este nuevo aumento, el n\u00famero 35 y el cuarto del 2016, \u00a0tiene una incidencia en todas las tablas salariales. \u201cEs un aumento general del salario\u201d.<\/p>\n<p><strong>Sigue la actividad productiva <\/strong><\/p>\n<p>Agreg\u00f3 que lo que realmente afecta al pa\u00eds es la intenci\u00f3n de paralizar las actividades. Y \u201cen la medida que m\u00e1s se busque afectar al pueblo m\u00e1s vamos a trabajar por \u00e9l\u201d. Entre las prerrogativas de esta nueva decisi\u00f3n del Gobierno revolucionario, refiri\u00f3 que los aguinaldos fueron llevados \u00a0a tres meses para pensionados y jubilados. \u201cPodemos decir que los trabajadores y trabajadoras, los pensionados y jubilados est\u00e1n de fiesta celebrando el nuevo poder adquisitivo\u201d<\/p>\n<p>Igualmente, fue contundente al invitar a los empresarios del pa\u00eds a trabajar responsablemente por la Patria, pues \u201cno vamos a aceptar un golpe de Estado como el del 2002, cuando hubo cierre de empresas y niveles de desempleo\u201d<\/p>\n<p>Por: Marbelys Mav\u00e1rez Laguna<\/p>\n<p>&nbsp;<\/p>\n<p><strong>\u00a0<\/strong><\/p>\n","protected":false},"excerpt":{"rendered":"<p>El ministro del Poder Popular para el Proceso Social de Trabajo, Oswaldo Vera, se\u00f1al\u00f3 que en &hellip; <a title=\"Ministro Vera: El paro de la MUD fracas\u00f3\" class=\"hm-read-more\" href=\"https:\/\/www.mpppst.gob.ve\/mpppstweb\/index.php\/2016\/10\/28\/ministro-vera-fracaso-el-paro-de-la-mud\/\"><span class=\"screen-reader-text\">Ministro Vera: El paro de la MUD fracas\u00f3<\/span>Read more<\/a><\/p>\n","protected":false},"author":25,"featured_media":8951,"comment_status":"closed","ping_status":"closed","sticky":false,"template":"","format":"standard","meta":{"footnotes":""},"categories":[197,195,83,181],"tags":[229,225,222,223,240,227],"yoast_head":"<!-- This site is optimized with the Yoast SEO plugin v22.5 - https:\/\/yoast.com\/wordpress\/plugins\/seo\/ -->\n<title>Ministro Vera: El paro de la MUD fracas\u00f3 - MPPPST<\/title>\n<meta name=\"robots\" content=\"index, follow, max-snippet:-1, max-image-preview:large, max-video-preview:-1\" \/>\n<link rel=\"canonical\" href=\"https:\/\/www.mpppst.gob.ve\/mpppstweb\/index.php\/2016\/10\/28\/ministro-vera-fracaso-el-paro-de-la-mud\/\" \/>\n<meta property=\"og:locale\" content=\"es_ES\" \/>\n<meta property=\"og:type\" content=\"article\" \/>\n<meta property=\"og:title\" content=\"Ministro Vera: El paro de la MUD fracas\u00f3 - MPPPST\" \/>\n<meta property=\"og:description\" content=\"El ministro del Poder Popular para el Proceso Social de Trabajo, Oswaldo Vera, se\u00f1al\u00f3 que en &hellip; Ministro Vera: El paro de la MUD fracas\u00f3Read more\" \/>\n<meta property=\"og:url\" content=\"https:\/\/www.mpppst.gob.ve\/mpppstweb\/index.php\/2016\/10\/28\/ministro-vera-fracaso-el-paro-de-la-mud\/\" \/>\n<meta property=\"og:site_name\" content=\"MPPPST\" \/>\n<meta property=\"article:published_time\" content=\"2016-10-28T16:24:56+00:00\" \/>\n<meta property=\"article:modified_time\" content=\"2016-10-28T16:26:28+00:00\" \/>\n<meta property=\"og:image\" content=\"https:\/\/www.mpppst.gob.ve\/mpppstweb\/wp-content\/uploads\/2016\/10\/ministro-vera.jpg\" \/>\n\t<meta property=\"og:image:width\" content=\"800\" \/>\n\t<meta property=\"og:image:height\" content=\"445\" \/>\n\t<meta property=\"og:image:type\" content=\"image\/jpeg\" \/>\n<meta name=\"author\" content=\"MPPPST Prensa\" \/>\n<meta name=\"twitter:card\" content=\"summary_large_image\" \/>\n<meta name=\"twitter:label1\" content=\"Escrito por\" \/>\n\t<meta name=\"twitter:data1\" content=\"MPPPST Prensa\" \/>\n\t<meta name=\"twitter:label2\" content=\"Tiempo de lectura\" \/>\n\t<meta name=\"twitter:data2\" content=\"2 minutos\" \/>\n<script type=\"application\/ld+json\" class=\"yoast-schema-graph\">{\"@context\":\"https:\/\/schema.org\",\"@graph\":[{\"@type\":\"Article\",\"@id\":\"https:\/\/www.mpppst.gob.ve\/mpppstweb\/index.php\/2016\/10\/28\/ministro-vera-fracaso-el-paro-de-la-mud\/#article\",\"isPartOf\":{\"@id\":\"https:\/\/www.mpppst.gob.ve\/mpppstweb\/index.php\/2016\/10\/28\/ministro-vera-fracaso-el-paro-de-la-mud\/\"},\"author\":{\"name\":\"MPPPST Prensa\",\"@id\":\"https:\/\/www.mpppst.gob.ve\/mpppstweb\/#\/schema\/person\/fc187ee8ead412bd4c9304b62f900ea4\"},\"headline\":\"Ministro Vera: El paro de la MUD fracas\u00f3\",\"datePublished\":\"2016-10-28T16:24:56+00:00\",\"dateModified\":\"2016-10-28T16:26:28+00:00\",\"mainEntityOfPage\":{\"@id\":\"https:\/\/www.mpppst.gob.ve\/mpppstweb\/index.php\/2016\/10\/28\/ministro-vera-fracaso-el-paro-de-la-mud\/\"},\"wordCount\":463,\"publisher\":{\"@id\":\"https:\/\/www.mpppst.gob.ve\/mpppstweb\/#organization\"},\"image\":{\"@id\":\"https:\/\/www.mpppst.gob.ve\/mpppstweb\/index.php\/2016\/10\/28\/ministro-vera-fracaso-el-paro-de-la-mud\/#primaryimage\"},\"thumbnailUrl\":\"https:\/\/www.mpppst.gob.ve\/mpppstweb\/wp-content\/uploads\/2016\/10\/ministro-vera.jpg\",\"keywords\":[\"Defensa Integral\",\"Fuerza Laboral\",\"Gobierno Bolivariano\",\"MPPPST\",\"Participaci\u00f3n popular y protag\u00f3nica\",\"Proceso Social\"],\"articleSection\":[\"Defensa de Trabajadores y Trabajadoras\",\"Fuerza de Trabajo\",\"Ministerio\",\"Movimiento Obrero\"],\"inLanguage\":\"es\"},{\"@type\":\"WebPage\",\"@id\":\"https:\/\/www.mpppst.gob.ve\/mpppstweb\/index.php\/2016\/10\/28\/ministro-vera-fracaso-el-paro-de-la-mud\/\",\"url\":\"https:\/\/www.mpppst.gob.ve\/mpppstweb\/index.php\/2016\/10\/28\/ministro-vera-fracaso-el-paro-de-la-mud\/\",\"name\":\"Ministro Vera: El paro de la MUD fracas\u00f3 - MPPPST\",\"isPartOf\":{\"@id\":\"https:\/\/www.mpppst.gob.ve\/mpppstweb\/#website\"},\"primaryImageOfPage\":{\"@id\":\"https:\/\/www.mpppst.gob.ve\/mpppstweb\/index.php\/2016\/10\/28\/ministro-vera-fracaso-el-paro-de-la-mud\/#primaryimage\"},\"image\":{\"@id\":\"https:\/\/www.mpppst.gob.ve\/mpppstweb\/index.php\/2016\/10\/28\/ministro-vera-fracaso-el-paro-de-la-mud\/#primaryimage\"},\"thumbnailUrl\":\"https:\/\/www.mpppst.gob.ve\/mpppstweb\/wp-content\/uploads\/2016\/10\/ministro-vera.jpg\",\"datePublished\":\"2016-10-28T16:24:56+00:00\",\"dateModified\":\"2016-10-28T16:26:28+00:00\",\"breadcrumb\":{\"@id\":\"https:\/\/www.mpppst.gob.ve\/mpppstweb\/index.php\/2016\/10\/28\/ministro-vera-fracaso-el-paro-de-la-mud\/#breadcrumb\"},\"inLanguage\":\"es\",\"potentialAction\":[{\"@type\":\"ReadAction\",\"target\":[\"https:\/\/www.mpppst.gob.ve\/mpppstweb\/index.php\/2016\/10\/28\/ministro-vera-fracaso-el-paro-de-la-mud\/\"]}]},{\"@type\":\"ImageObject\",\"inLanguage\":\"es\",\"@id\":\"https:\/\/www.mpppst.gob.ve\/mpppstweb\/index.php\/2016\/10\/28\/ministro-vera-fracaso-el-paro-de-la-mud\/#primaryimage\",\"url\":\"https:\/\/www.mpppst.gob.ve\/mpppstweb\/wp-content\/uploads\/2016\/10\/ministro-vera.jpg\",\"contentUrl\":\"https:\/\/www.mpppst.gob.ve\/mpppstweb\/wp-content\/uploads\/2016\/10\/ministro-vera.jpg\",\"width\":800,\"height\":445},{\"@type\":\"BreadcrumbList\",\"@id\":\"https:\/\/www.mpppst.gob.ve\/mpppstweb\/index.php\/2016\/10\/28\/ministro-vera-fracaso-el-paro-de-la-mud\/#breadcrumb\",\"itemListElement\":[{\"@type\":\"ListItem\",\"position\":1,\"name\":\"Home\",\"item\":\"https:\/\/www.mpppst.gob.ve\/mpppstweb\/\"},{\"@type\":\"ListItem\",\"position\":2,\"name\":\"Ministro Vera: El paro de la MUD fracas\u00f3\"}]},{\"@type\":\"WebSite\",\"@id\":\"https:\/\/www.mpppst.gob.ve\/mpppstweb\/#website\",\"url\":\"https:\/\/www.mpppst.gob.ve\/mpppstweb\/\",\"name\":\"MPPPST\",\"description\":\"Ministerio del Poder Popular para el Proceso Social de Trabajo\",\"publisher\":{\"@id\":\"https:\/\/www.mpppst.gob.ve\/mpppstweb\/#organization\"},\"potentialAction\":[{\"@type\":\"SearchAction\",\"target\":{\"@type\":\"EntryPoint\",\"urlTemplate\":\"https:\/\/www.mpppst.gob.ve\/mpppstweb\/?s={search_term_string}\"},\"query-input\":\"required name=search_term_string\"}],\"inLanguage\":\"es\"},{\"@type\":\"Organization\",\"@id\":\"https:\/\/www.mpppst.gob.ve\/mpppstweb\/#organization\",\"name\":\"mpppst\",\"url\":\"https:\/\/www.mpppst.gob.ve\/mpppstweb\/\",\"logo\":{\"@type\":\"ImageObject\",\"inLanguage\":\"es\",\"@id\":\"https:\/\/www.mpppst.gob.ve\/mpppstweb\/#\/schema\/logo\/image\/\",\"url\":\"https:\/\/www.mpppst.gob.ve\/mpppstweb\/wp-content\/uploads\/2025\/07\/cropped-cropped-g910.png\",\"contentUrl\":\"https:\/\/www.mpppst.gob.ve\/mpppstweb\/wp-content\/uploads\/2025\/07\/cropped-cropped-g910.png\",\"width\":1080,\"height\":241,\"caption\":\"mpppst\"},\"image\":{\"@id\":\"https:\/\/www.mpppst.gob.ve\/mpppstweb\/#\/schema\/logo\/image\/\"}},{\"@type\":\"Person\",\"@id\":\"https:\/\/www.mpppst.gob.ve\/mpppstweb\/#\/schema\/person\/fc187ee8ead412bd4c9304b62f900ea4\",\"name\":\"MPPPST Prensa\",\"url\":\"https:\/\/www.mpppst.gob.ve\/mpppstweb\/index.php\/author\/prensa-mpppst\/\"}]}<\/script>\n<!-- \/ Yoast SEO plugin. -->","yoast_head_json":{"title":"Ministro Vera: El paro de la MUD fracas\u00f3 - MPPPST","robots":{"index":"index","follow":"follow","max-snippet":"max-snippet:-1","max-image-preview":"max-image-preview:large","max-video-preview":"max-video-preview:-1"},"canonical":"https:\/\/www.mpppst.gob.ve\/mpppstweb\/index.php\/2016\/10\/28\/ministro-vera-fracaso-el-paro-de-la-mud\/","og_locale":"es_ES","og_type":"article","og_title":"Ministro Vera: El paro de la MUD fracas\u00f3 - MPPPST","og_description":"El ministro del Poder Popular para el Proceso Social de Trabajo, Oswaldo Vera, se\u00f1al\u00f3 que en &hellip; Ministro Vera: El paro de la MUD fracas\u00f3Read more","og_url":"https:\/\/www.mpppst.gob.ve\/mpppstweb\/index.php\/2016\/10\/28\/ministro-vera-fracaso-el-paro-de-la-mud\/","og_site_name":"MPPPST","article_published_time":"2016-10-28T16:24:56+00:00","article_modified_time":"2016-10-28T16:26:28+00:00","og_image":[{"width":800,"height":445,"url":"https:\/\/www.mpppst.gob.ve\/mpppstweb\/wp-content\/uploads\/2016\/10\/ministro-vera.jpg","type":"image\/jpeg"}],"author":"MPPPST Prensa","twitter_card":"summary_large_image","twitter_misc":{"Escrito por":"MPPPST Prensa","Tiempo de lectura":"2 minutos"},"schema":{"@context":"https:\/\/schema.org","@graph":[{"@type":"Article","@id":"https:\/\/www.mpppst.gob.ve\/mpppstweb\/index.php\/2016\/10\/28\/ministro-vera-fracaso-el-paro-de-la-mud\/#article","isPartOf":{"@id":"https:\/\/www.mpppst.gob.ve\/mpppstweb\/index.php\/2016\/10\/28\/ministro-vera-fracaso-el-paro-de-la-mud\/"},"author":{"name":"MPPPST Prensa","@id":"https:\/\/www.mpppst.gob.ve\/mpppstweb\/#\/schema\/person\/fc187ee8ead412bd4c9304b62f900ea4"},"headline":"Ministro Vera: El paro de la MUD fracas\u00f3","datePublished":"2016-10-28T16:24:56+00:00","dateModified":"2016-10-28T16:26:28+00:00","mainEntityOfPage":{"@id":"https:\/\/www.mpppst.gob.ve\/mpppstweb\/index.php\/2016\/10\/28\/ministro-vera-fracaso-el-paro-de-la-mud\/"},"wordCount":463,"publisher":{"@id":"https:\/\/www.mpppst.gob.ve\/mpppstweb\/#organization"},"image":{"@id":"https:\/\/www.mpppst.gob.ve\/mpppstweb\/index.php\/2016\/10\/28\/ministro-vera-fracaso-el-paro-de-la-mud\/#primaryimage"},"thumbnailUrl":"https:\/\/www.mpppst.gob.ve\/mpppstweb\/wp-content\/uploads\/2016\/10\/ministro-vera.jpg","keywords":["Defensa Integral","Fuerza Laboral","Gobierno Bolivariano","MPPPST","Participaci\u00f3n popular y protag\u00f3nica","Proceso Social"],"articleSection":["Defensa de Trabajadores y Trabajadoras","Fuerza de Trabajo","Ministerio","Movimiento Obrero"],"inLanguage":"es"},{"@type":"WebPage","@id":"https:\/\/www.mpppst.gob.ve\/mpppstweb\/index.php\/2016\/10\/28\/ministro-vera-fracaso-el-paro-de-la-mud\/","url":"https:\/\/www.mpppst.gob.ve\/mpppstweb\/index.php\/2016\/10\/28\/ministro-vera-fracaso-el-paro-de-la-mud\/","name":"Ministro Vera: El paro de la MUD fracas\u00f3 - MPPPST","isPartOf":{"@id":"https:\/\/www.mpppst.gob.ve\/mpppstweb\/#website"},"primaryImageOfPage":{"@id":"https:\/\/www.mpppst.gob.ve\/mpppstweb\/index.php\/2016\/10\/28\/ministro-vera-fracaso-el-paro-de-la-mud\/#primaryimage"},"image":{"@id":"https:\/\/www.mpppst.gob.ve\/mpppstweb\/index.php\/2016\/10\/28\/ministro-vera-fracaso-el-paro-de-la-mud\/#primaryimage"},"thumbnailUrl":"https:\/\/www.mpppst.gob.ve\/mpppstweb\/wp-content\/uploads\/2016\/10\/ministro-vera.jpg","datePublished":"2016-10-28T16:24:56+00:00","dateModified":"2016-10-28T16:26:28+00:00","breadcrumb":{"@id":"https:\/\/www.mpppst.gob.ve\/mpppstweb\/index.php\/2016\/10\/28\/ministro-vera-fracaso-el-paro-de-la-mud\/#breadcrumb"},"inLanguage":"es","potentialAction":[{"@type":"ReadAction","target":["https:\/\/www.mpppst.gob.ve\/mpppstweb\/index.php\/2016\/10\/28\/ministro-vera-fracaso-el-paro-de-la-mud\/"]}]},{"@type":"ImageObject","inLanguage":"es","@id":"https:\/\/www.mpppst.gob.ve\/mpppstweb\/index.php\/2016\/10\/28\/ministro-vera-fracaso-el-paro-de-la-mud\/#primaryimage","url":"https:\/\/www.mpppst.gob.ve\/mpppstweb\/wp-content\/uploads\/2016\/10\/ministro-vera.jpg","contentUrl":"https:\/\/www.mpppst.gob.ve\/mpppstweb\/wp-content\/uploads\/2016\/10\/ministro-vera.jpg","width":800,"height":445},{"@type":"BreadcrumbList","@id":"https:\/\/www.mpppst.gob.ve\/mpppstweb\/index.php\/2016\/10\/28\/ministro-vera-fracaso-el-paro-de-la-mud\/#breadcrumb","itemListElement":[{"@type":"ListItem","position":1,"name":"Home","item":"https:\/\/www.mpppst.gob.ve\/mpppstweb\/"},{"@type":"ListItem","position":2,"name":"Ministro Vera: El paro de la MUD fracas\u00f3"}]},{"@type":"WebSite","@id":"https:\/\/www.mpppst.gob.ve\/mpppstweb\/#website","url":"https:\/\/www.mpppst.gob.ve\/mpppstweb\/","name":"MPPPST","description":"Ministerio del Poder Popular para el Proceso Social de Trabajo","publisher":{"@id":"https:\/\/www.mpppst.gob.ve\/mpppstweb\/#organization"},"potentialAction":[{"@type":"SearchAction","target":{"@type":"EntryPoint","urlTemplate":"https:\/\/www.mpppst.gob.ve\/mpppstweb\/?s={search_term_string}"},"query-input":"required name=search_term_string"}],"inLanguage":"es"},{"@type":"Organization","@id":"https:\/\/www.mpppst.gob.ve\/mpppstweb\/#organization","name":"mpppst","url":"https:\/\/www.mpppst.gob.ve\/mpppstweb\/","logo":{"@type":"ImageObject","inLanguage":"es","@id":"https:\/\/www.mpppst.gob.ve\/mpppstweb\/#\/schema\/logo\/image\/","url":"https:\/\/www.mpppst.gob.ve\/mpppstweb\/wp-content\/uploads\/2025\/07\/cropped-cropped-g910.png","contentUrl":"https:\/\/www.mpppst.gob.ve\/mpppstweb\/wp-content\/uploads\/2025\/07\/cropped-cropped-g910.png","width":1080,"height":241,"caption":"mpppst"},"image":{"@id":"https:\/\/www.mpppst.gob.ve\/mpppstweb\/#\/schema\/logo\/image\/"}},{"@type":"Person","@id":"https:\/\/www.mpppst.gob.ve\/mpppstweb\/#\/schema\/person\/fc187ee8ead412bd4c9304b62f900ea4","name":"MPPPST Prensa","url":"https:\/\/www.mpppst.gob.ve\/mpppstweb\/index.php\/author\/prensa-mpppst\/"}]}},"_links":{"self":[{"href":"https:\/\/www.mpppst.gob.ve\/mpppstweb\/index.php\/wp-json\/wp\/v2\/posts\/8950"}],"collection":[{"href":"https:\/\/www.mpppst.gob.ve\/mpppstweb\/index.php\/wp-json\/wp\/v2\/posts"}],"about":[{"href":"https:\/\/www.mpppst.gob.ve\/mpppstweb\/index.php\/wp-json\/wp\/v2\/types\/post"}],"author":[{"embeddable":true,"href":"https:\/\/www.mpppst.gob.ve\/mpppstweb\/index.php\/wp-json\/wp\/v2\/users\/25"}],"replies":[{"embeddable":true,"href":"https:\/\/www.mpppst.gob.ve\/mpppstweb\/index.php\/wp-json\/wp\/v2\/comments?post=8950"}],"version-history":[{"count":2,"href":"https:\/\/www.mpppst.gob.ve\/mpppstweb\/index.php\/wp-json\/wp\/v2\/posts\/8950\/revisions"}],"predecessor-version":[{"id":8953,"href":"https:\/\/www.mpppst.gob.ve\/mpppstweb\/index.php\/wp-json\/wp\/v2\/posts\/8950\/revisions\/8953"}],"wp:featuredmedia":[{"embeddable":true,"href":"https:\/\/www.mpppst.gob.ve\/mpppstweb\/index.php\/wp-json\/wp\/v2\/media\/8951"}],"wp:attachment":[{"href":"https:\/\/www.mpppst.gob.ve\/mpppstweb\/index.php\/wp-json\/wp\/v2\/media?parent=8950"}],"wp:term":[{"taxonomy":"category","embeddable":true,"href":"https:\/\/www.mpppst.gob.ve\/mpppstweb\/index.php\/wp-json\/wp\/v2\/categories?post=8950"},{"taxonomy":"post_tag","embeddable":true,"href":"https:\/\/www.mpppst.gob.ve\/mpppstweb\/index.php\/wp-json\/wp\/v2\/tags?post=8950"}],"curies":[{"name":"wp","href":"https:\/\/api.w.org\/{rel}","templated":true}]}}