{"id":8954,"date":"2016-10-28T19:40:54","date_gmt":"2016-10-28T19:40:54","guid":{"rendered":"http:\/\/www.mpppst.gob.ve\/mpppstweb\/?p=8954"},"modified":"2016-10-28T19:40:54","modified_gmt":"2016-10-28T19:40:54","slug":"cvp-de-28-entidades-de-trabajo-pasaron-el-taller-formativo","status":"publish","type":"post","link":"https:\/\/www.mpppst.gob.ve\/mpppstweb\/index.php\/2016\/10\/28\/cvp-de-28-entidades-de-trabajo-pasaron-el-taller-formativo\/","title":{"rendered":"CVP de 28 entidades de trabajo pasaron el taller formativo"},"content":{"rendered":"<p>Prensa (MPPPST).- La Clase Obrera se forma como Corresponsales Voluntarios del Pueblo (CVP). De esta forma, 28 aspirantes a CVP en su segunda cohorte 2016, fueron certificados este jueves en el taller que tiene como objetivo primordial potenciar y fortalecer las acciones comunicacionales de la Revoluci\u00f3n Social en Venezuela y el Mundo, desde el nivel local, parroquial, municipal, estadal, provincial, nacional hasta llegar al nivel continental y mundial. Esta actividad se llev\u00f3 a cabo en el Sal\u00f3n de Eventos de la Tesorer\u00eda de la Seguridad Social (TSS), ente adscrito al Ministerio del Poder Popular para el Proceso Social de Trabajo (MPPPST).<\/p>\n<p>La bienvenida que se les dio a los participantes estuvo de la mano del doctor Rafael R\u00edos, quien es el presidente de la Tesorer\u00eda de la Seguridad Social (TSS), y se dirigi\u00f3 a los presentes invit\u00e1ndolos a ser voceros y voceras de los logros de la Revoluci\u00f3n, que pese a la coyuntura provocada por actores de la derecha nacional con sus aliados internacionales, siguen en pie beneficiando al pueblo, a quien en definitiva se debe la Revoluci\u00f3n.<\/p>\n<p><strong>Los temas: <\/strong><\/p>\n<p>Reinaldo Tamaris, Vicecoordinador Nacional de Organizaci\u00f3n y Redes Sociales del movimiento de los CVO, expuso sobre la importancia y los alcances de informar a trav\u00e9s de las redes sociales m\u00e1s comunes de la actualidad: Twitter, Instagram, Blog, Facebook, Whatsapp, entre otros.<\/p>\n<p>Marbelys Mav\u00e1rez, Vicecoordinadora de Formaci\u00f3n, Periodista y Trabajadora Social, explic\u00f3 detalladamente cada uno de los g\u00e9neros period\u00edsticos: la noticia, la entrevista, el reportaje, la cr\u00f3nica y los textos de opini\u00f3n; herramientas fundamentales para visibilizar, difundir, informar, en torno a cualquier hecho noticioso. Destac\u00f3 la importancia de tales g\u00e9neros explicados prolijamente por los autores Cardet y Le\u00f1ero, los cuales fueron\u00a0 le\u00eddos antes del Encuentro para realizar una prueba con la que se evaluaron sus conocimientos y de esa manera acreditarlos como Corresponsales Voluntarios del Pueblo en un Curso que contempla una formaci\u00f3n por etapas hasta llegar a los 5 a\u00f1os.<\/p>\n<p>Por \u00faltimo, el Coordinador Nacional del movimiento CVP, Ernesto Wong durante su intervenci\u00f3n sobre el Dec\u00e1logo del corresponsal voluntario resalt\u00f3 que los CVP deben ser revolucionarios chavistas y transformadores de la Patria, estudiosos permanente del proceso y la gesti\u00f3n comunicacional, asuntos necesarios en estos tiempos.<\/p>\n<p>Adem\u00e1s, resalt\u00f3 que este Curso debe ser motivador de l\u00edderes y colectivos, porque ellos y ellas desempe\u00f1an un papel muy significativo en el sublime objetivo de lograr la trasformaci\u00f3n, al tiempo que agregaba la importancia que representa esta formaci\u00f3n tanto para los espacios inmediatos en los que se desarrolla el Corresponsal, como para la Patria.<\/p>\n<p><strong>Objetivos del movimiento de CVP<\/strong><\/p>\n<ul>\n<li>Alcanzar una masiva difusi\u00f3n en tiempo real de las noticias y mensajes emitidos por la Coordinaci\u00f3n Nacional y los provenientes de los l\u00edderes de la Revoluci\u00f3n a trav\u00e9s de los instrumentos aprobados (Twitter, Blog, Whatsapp, Youtube, Instagram y Facebook).<\/li>\n<li>Lograr la mejor autoformaci\u00f3n en materia de comunicaci\u00f3n y prensa de todo aquel trabajador o trabajadora, estudiante, ama de casa, persona con discapacidad que as\u00ed lo desee, sea miembro o est\u00e9 inmerso o inmersa en la praxis del socialismo bolivariano en una instituci\u00f3n p\u00fablica o privada, en una misi\u00f3n social o en un movimiento social o pol\u00edtico.<\/li>\n<li>Motivar a sus miembros a asumir una participaci\u00f3n activa en la Misi\u00f3n Robinson Digital (MRD) en Venezuela mediante la difusi\u00f3n, a trav\u00e9s de los instrumentos del\u00a0 movimiento CVP, del contenido formativo en la tem\u00e1tica digital. Y finalmente, crear la cultura de la superaci\u00f3n permanente mediante acciones comunicativas y estrat\u00e9gicas como son los Cursos, Talleres, Encuentros y Foros por internet o presenciales para la formaci\u00f3n comunicacional de sus miembros.<\/li>\n<\/ul>\n<p>Por Elio Garc\u00eda<\/p>\n<p>&nbsp;<\/p>\n","protected":false},"excerpt":{"rendered":"<p>Prensa (MPPPST).- La Clase Obrera se forma como Corresponsales Voluntarios del Pueblo (CVP). De esta forma, &hellip; <a title=\"CVP de 28 entidades de trabajo pasaron el taller formativo\" class=\"hm-read-more\" href=\"https:\/\/www.mpppst.gob.ve\/mpppstweb\/index.php\/2016\/10\/28\/cvp-de-28-entidades-de-trabajo-pasaron-el-taller-formativo\/\"><span class=\"screen-reader-text\">CVP de 28 entidades de trabajo pasaron el taller formativo<\/span>Read more<\/a><\/p>\n","protected":false},"author":25,"featured_media":8955,"comment_status":"closed","ping_status":"closed","sticky":false,"template":"","format":"standard","meta":{"footnotes":""},"categories":[239,83,163],"tags":[244,229,223],"yoast_head":"<!-- This site is optimized with the Yoast SEO plugin v22.5 - https:\/\/yoast.com\/wordpress\/plugins\/seo\/ -->\n<title>CVP de 28 entidades de trabajo pasaron el taller formativo - MPPPST<\/title>\n<meta name=\"robots\" content=\"index, follow, max-snippet:-1, max-image-preview:large, max-video-preview:-1\" \/>\n<link rel=\"canonical\" href=\"https:\/\/www.mpppst.gob.ve\/mpppstweb\/index.php\/2016\/10\/28\/cvp-de-28-entidades-de-trabajo-pasaron-el-taller-formativo\/\" \/>\n<meta property=\"og:locale\" content=\"es_ES\" \/>\n<meta property=\"og:type\" content=\"article\" \/>\n<meta property=\"og:title\" content=\"CVP de 28 entidades de trabajo pasaron el taller formativo - MPPPST\" \/>\n<meta property=\"og:description\" content=\"Prensa (MPPPST).- La Clase Obrera se forma como Corresponsales Voluntarios del Pueblo (CVP). De esta forma, &hellip; CVP de 28 entidades de trabajo pasaron el taller formativoRead more\" \/>\n<meta property=\"og:url\" content=\"https:\/\/www.mpppst.gob.ve\/mpppstweb\/index.php\/2016\/10\/28\/cvp-de-28-entidades-de-trabajo-pasaron-el-taller-formativo\/\" \/>\n<meta property=\"og:site_name\" content=\"MPPPST\" \/>\n<meta property=\"article:published_time\" content=\"2016-10-28T19:40:54+00:00\" \/>\n<meta property=\"og:image\" content=\"https:\/\/www.mpppst.gob.ve\/mpppstweb\/wp-content\/uploads\/2016\/10\/foto-cvp.jpg\" \/>\n\t<meta property=\"og:image:width\" content=\"800\" \/>\n\t<meta property=\"og:image:height\" content=\"445\" \/>\n\t<meta property=\"og:image:type\" content=\"image\/jpeg\" \/>\n<meta name=\"author\" content=\"MPPPST Prensa\" \/>\n<meta name=\"twitter:card\" content=\"summary_large_image\" \/>\n<meta name=\"twitter:label1\" content=\"Escrito por\" \/>\n\t<meta name=\"twitter:data1\" content=\"MPPPST Prensa\" \/>\n\t<meta name=\"twitter:label2\" content=\"Tiempo de lectura\" \/>\n\t<meta name=\"twitter:data2\" content=\"3 minutos\" \/>\n<script type=\"application\/ld+json\" class=\"yoast-schema-graph\">{\"@context\":\"https:\/\/schema.org\",\"@graph\":[{\"@type\":\"Article\",\"@id\":\"https:\/\/www.mpppst.gob.ve\/mpppstweb\/index.php\/2016\/10\/28\/cvp-de-28-entidades-de-trabajo-pasaron-el-taller-formativo\/#article\",\"isPartOf\":{\"@id\":\"https:\/\/www.mpppst.gob.ve\/mpppstweb\/index.php\/2016\/10\/28\/cvp-de-28-entidades-de-trabajo-pasaron-el-taller-formativo\/\"},\"author\":{\"name\":\"MPPPST Prensa\",\"@id\":\"https:\/\/www.mpppst.gob.ve\/mpppstweb\/#\/schema\/person\/fc187ee8ead412bd4c9304b62f900ea4\"},\"headline\":\"CVP de 28 entidades de trabajo pasaron el taller formativo\",\"datePublished\":\"2016-10-28T19:40:54+00:00\",\"dateModified\":\"2016-10-28T19:40:54+00:00\",\"mainEntityOfPage\":{\"@id\":\"https:\/\/www.mpppst.gob.ve\/mpppstweb\/index.php\/2016\/10\/28\/cvp-de-28-entidades-de-trabajo-pasaron-el-taller-formativo\/\"},\"wordCount\":650,\"publisher\":{\"@id\":\"https:\/\/www.mpppst.gob.ve\/mpppstweb\/#organization\"},\"image\":{\"@id\":\"https:\/\/www.mpppst.gob.ve\/mpppstweb\/index.php\/2016\/10\/28\/cvp-de-28-entidades-de-trabajo-pasaron-el-taller-formativo\/#primaryimage\"},\"thumbnailUrl\":\"https:\/\/www.mpppst.gob.ve\/mpppstweb\/wp-content\/uploads\/2016\/10\/foto-cvp.jpg\",\"keywords\":[\"AUTOFORMACI\u00d3N COLECTIVA\",\"Defensa Integral\",\"MPPPST\"],\"articleSection\":[\"Entes adscritos\",\"Ministerio\",\"Noticias\"],\"inLanguage\":\"es\"},{\"@type\":\"WebPage\",\"@id\":\"https:\/\/www.mpppst.gob.ve\/mpppstweb\/index.php\/2016\/10\/28\/cvp-de-28-entidades-de-trabajo-pasaron-el-taller-formativo\/\",\"url\":\"https:\/\/www.mpppst.gob.ve\/mpppstweb\/index.php\/2016\/10\/28\/cvp-de-28-entidades-de-trabajo-pasaron-el-taller-formativo\/\",\"name\":\"CVP de 28 entidades de trabajo pasaron el taller formativo - MPPPST\",\"isPartOf\":{\"@id\":\"https:\/\/www.mpppst.gob.ve\/mpppstweb\/#website\"},\"primaryImageOfPage\":{\"@id\":\"https:\/\/www.mpppst.gob.ve\/mpppstweb\/index.php\/2016\/10\/28\/cvp-de-28-entidades-de-trabajo-pasaron-el-taller-formativo\/#primaryimage\"},\"image\":{\"@id\":\"https:\/\/www.mpppst.gob.ve\/mpppstweb\/index.php\/2016\/10\/28\/cvp-de-28-entidades-de-trabajo-pasaron-el-taller-formativo\/#primaryimage\"},\"thumbnailUrl\":\"https:\/\/www.mpppst.gob.ve\/mpppstweb\/wp-content\/uploads\/2016\/10\/foto-cvp.jpg\",\"datePublished\":\"2016-10-28T19:40:54+00:00\",\"dateModified\":\"2016-10-28T19:40:54+00:00\",\"breadcrumb\":{\"@id\":\"https:\/\/www.mpppst.gob.ve\/mpppstweb\/index.php\/2016\/10\/28\/cvp-de-28-entidades-de-trabajo-pasaron-el-taller-formativo\/#breadcrumb\"},\"inLanguage\":\"es\",\"potentialAction\":[{\"@type\":\"ReadAction\",\"target\":[\"https:\/\/www.mpppst.gob.ve\/mpppstweb\/index.php\/2016\/10\/28\/cvp-de-28-entidades-de-trabajo-pasaron-el-taller-formativo\/\"]}]},{\"@type\":\"ImageObject\",\"inLanguage\":\"es\",\"@id\":\"https:\/\/www.mpppst.gob.ve\/mpppstweb\/index.php\/2016\/10\/28\/cvp-de-28-entidades-de-trabajo-pasaron-el-taller-formativo\/#primaryimage\",\"url\":\"https:\/\/www.mpppst.gob.ve\/mpppstweb\/wp-content\/uploads\/2016\/10\/foto-cvp.jpg\",\"contentUrl\":\"https:\/\/www.mpppst.gob.ve\/mpppstweb\/wp-content\/uploads\/2016\/10\/foto-cvp.jpg\",\"width\":800,\"height\":445},{\"@type\":\"BreadcrumbList\",\"@id\":\"https:\/\/www.mpppst.gob.ve\/mpppstweb\/index.php\/2016\/10\/28\/cvp-de-28-entidades-de-trabajo-pasaron-el-taller-formativo\/#breadcrumb\",\"itemListElement\":[{\"@type\":\"ListItem\",\"position\":1,\"name\":\"Home\",\"item\":\"https:\/\/www.mpppst.gob.ve\/mpppstweb\/\"},{\"@type\":\"ListItem\",\"position\":2,\"name\":\"CVP de 28 entidades de trabajo pasaron el taller formativo\"}]},{\"@type\":\"WebSite\",\"@id\":\"https:\/\/www.mpppst.gob.ve\/mpppstweb\/#website\",\"url\":\"https:\/\/www.mpppst.gob.ve\/mpppstweb\/\",\"name\":\"MPPPST\",\"description\":\"Ministerio del Poder Popular para el Proceso Social de Trabajo\",\"publisher\":{\"@id\":\"https:\/\/www.mpppst.gob.ve\/mpppstweb\/#organization\"},\"potentialAction\":[{\"@type\":\"SearchAction\",\"target\":{\"@type\":\"EntryPoint\",\"urlTemplate\":\"https:\/\/www.mpppst.gob.ve\/mpppstweb\/?s={search_term_string}\"},\"query-input\":\"required name=search_term_string\"}],\"inLanguage\":\"es\"},{\"@type\":\"Organization\",\"@id\":\"https:\/\/www.mpppst.gob.ve\/mpppstweb\/#organization\",\"name\":\"mpppst\",\"url\":\"https:\/\/www.mpppst.gob.ve\/mpppstweb\/\",\"logo\":{\"@type\":\"ImageObject\",\"inLanguage\":\"es\",\"@id\":\"https:\/\/www.mpppst.gob.ve\/mpppstweb\/#\/schema\/logo\/image\/\",\"url\":\"https:\/\/www.mpppst.gob.ve\/mpppstweb\/wp-content\/uploads\/2025\/07\/cropped-cropped-g910.png\",\"contentUrl\":\"https:\/\/www.mpppst.gob.ve\/mpppstweb\/wp-content\/uploads\/2025\/07\/cropped-cropped-g910.png\",\"width\":1080,\"height\":241,\"caption\":\"mpppst\"},\"image\":{\"@id\":\"https:\/\/www.mpppst.gob.ve\/mpppstweb\/#\/schema\/logo\/image\/\"}},{\"@type\":\"Person\",\"@id\":\"https:\/\/www.mpppst.gob.ve\/mpppstweb\/#\/schema\/person\/fc187ee8ead412bd4c9304b62f900ea4\",\"name\":\"MPPPST Prensa\",\"url\":\"https:\/\/www.mpppst.gob.ve\/mpppstweb\/index.php\/author\/prensa-mpppst\/\"}]}<\/script>\n<!-- \/ Yoast SEO plugin. -->","yoast_head_json":{"title":"CVP de 28 entidades de trabajo pasaron el taller formativo - MPPPST","robots":{"index":"index","follow":"follow","max-snippet":"max-snippet:-1","max-image-preview":"max-image-preview:large","max-video-preview":"max-video-preview:-1"},"canonical":"https:\/\/www.mpppst.gob.ve\/mpppstweb\/index.php\/2016\/10\/28\/cvp-de-28-entidades-de-trabajo-pasaron-el-taller-formativo\/","og_locale":"es_ES","og_type":"article","og_title":"CVP de 28 entidades de trabajo pasaron el taller formativo - MPPPST","og_description":"Prensa (MPPPST).- La Clase Obrera se forma como Corresponsales Voluntarios del Pueblo (CVP). De esta forma, &hellip; CVP de 28 entidades de trabajo pasaron el taller formativoRead more","og_url":"https:\/\/www.mpppst.gob.ve\/mpppstweb\/index.php\/2016\/10\/28\/cvp-de-28-entidades-de-trabajo-pasaron-el-taller-formativo\/","og_site_name":"MPPPST","article_published_time":"2016-10-28T19:40:54+00:00","og_image":[{"width":800,"height":445,"url":"https:\/\/www.mpppst.gob.ve\/mpppstweb\/wp-content\/uploads\/2016\/10\/foto-cvp.jpg","type":"image\/jpeg"}],"author":"MPPPST Prensa","twitter_card":"summary_large_image","twitter_misc":{"Escrito por":"MPPPST Prensa","Tiempo de lectura":"3 minutos"},"schema":{"@context":"https:\/\/schema.org","@graph":[{"@type":"Article","@id":"https:\/\/www.mpppst.gob.ve\/mpppstweb\/index.php\/2016\/10\/28\/cvp-de-28-entidades-de-trabajo-pasaron-el-taller-formativo\/#article","isPartOf":{"@id":"https:\/\/www.mpppst.gob.ve\/mpppstweb\/index.php\/2016\/10\/28\/cvp-de-28-entidades-de-trabajo-pasaron-el-taller-formativo\/"},"author":{"name":"MPPPST Prensa","@id":"https:\/\/www.mpppst.gob.ve\/mpppstweb\/#\/schema\/person\/fc187ee8ead412bd4c9304b62f900ea4"},"headline":"CVP de 28 entidades de trabajo pasaron el taller formativo","datePublished":"2016-10-28T19:40:54+00:00","dateModified":"2016-10-28T19:40:54+00:00","mainEntityOfPage":{"@id":"https:\/\/www.mpppst.gob.ve\/mpppstweb\/index.php\/2016\/10\/28\/cvp-de-28-entidades-de-trabajo-pasaron-el-taller-formativo\/"},"wordCount":650,"publisher":{"@id":"https:\/\/www.mpppst.gob.ve\/mpppstweb\/#organization"},"image":{"@id":"https:\/\/www.mpppst.gob.ve\/mpppstweb\/index.php\/2016\/10\/28\/cvp-de-28-entidades-de-trabajo-pasaron-el-taller-formativo\/#primaryimage"},"thumbnailUrl":"https:\/\/www.mpppst.gob.ve\/mpppstweb\/wp-content\/uploads\/2016\/10\/foto-cvp.jpg","keywords":["AUTOFORMACI\u00d3N COLECTIVA","Defensa Integral","MPPPST"],"articleSection":["Entes adscritos","Ministerio","Noticias"],"inLanguage":"es"},{"@type":"WebPage","@id":"https:\/\/www.mpppst.gob.ve\/mpppstweb\/index.php\/2016\/10\/28\/cvp-de-28-entidades-de-trabajo-pasaron-el-taller-formativo\/","url":"https:\/\/www.mpppst.gob.ve\/mpppstweb\/index.php\/2016\/10\/28\/cvp-de-28-entidades-de-trabajo-pasaron-el-taller-formativo\/","name":"CVP de 28 entidades de trabajo pasaron el taller formativo - MPPPST","isPartOf":{"@id":"https:\/\/www.mpppst.gob.ve\/mpppstweb\/#website"},"primaryImageOfPage":{"@id":"https:\/\/www.mpppst.gob.ve\/mpppstweb\/index.php\/2016\/10\/28\/cvp-de-28-entidades-de-trabajo-pasaron-el-taller-formativo\/#primaryimage"},"image":{"@id":"https:\/\/www.mpppst.gob.ve\/mpppstweb\/index.php\/2016\/10\/28\/cvp-de-28-entidades-de-trabajo-pasaron-el-taller-formativo\/#primaryimage"},"thumbnailUrl":"https:\/\/www.mpppst.gob.ve\/mpppstweb\/wp-content\/uploads\/2016\/10\/foto-cvp.jpg","datePublished":"2016-10-28T19:40:54+00:00","dateModified":"2016-10-28T19:40:54+00:00","breadcrumb":{"@id":"https:\/\/www.mpppst.gob.ve\/mpppstweb\/index.php\/2016\/10\/28\/cvp-de-28-entidades-de-trabajo-pasaron-el-taller-formativo\/#breadcrumb"},"inLanguage":"es","potentialAction":[{"@type":"ReadAction","target":["https:\/\/www.mpppst.gob.ve\/mpppstweb\/index.php\/2016\/10\/28\/cvp-de-28-entidades-de-trabajo-pasaron-el-taller-formativo\/"]}]},{"@type":"ImageObject","inLanguage":"es","@id":"https:\/\/www.mpppst.gob.ve\/mpppstweb\/index.php\/2016\/10\/28\/cvp-de-28-entidades-de-trabajo-pasaron-el-taller-formativo\/#primaryimage","url":"https:\/\/www.mpppst.gob.ve\/mpppstweb\/wp-content\/uploads\/2016\/10\/foto-cvp.jpg","contentUrl":"https:\/\/www.mpppst.gob.ve\/mpppstweb\/wp-content\/uploads\/2016\/10\/foto-cvp.jpg","width":800,"height":445},{"@type":"BreadcrumbList","@id":"https:\/\/www.mpppst.gob.ve\/mpppstweb\/index.php\/2016\/10\/28\/cvp-de-28-entidades-de-trabajo-pasaron-el-taller-formativo\/#breadcrumb","itemListElement":[{"@type":"ListItem","position":1,"name":"Home","item":"https:\/\/www.mpppst.gob.ve\/mpppstweb\/"},{"@type":"ListItem","position":2,"name":"CVP de 28 entidades de trabajo pasaron el taller formativo"}]},{"@type":"WebSite","@id":"https:\/\/www.mpppst.gob.ve\/mpppstweb\/#website","url":"https:\/\/www.mpppst.gob.ve\/mpppstweb\/","name":"MPPPST","description":"Ministerio del Poder Popular para el Proceso Social de Trabajo","publisher":{"@id":"https:\/\/www.mpppst.gob.ve\/mpppstweb\/#organization"},"potentialAction":[{"@type":"SearchAction","target":{"@type":"EntryPoint","urlTemplate":"https:\/\/www.mpppst.gob.ve\/mpppstweb\/?s={search_term_string}"},"query-input":"required name=search_term_string"}],"inLanguage":"es"},{"@type":"Organization","@id":"https:\/\/www.mpppst.gob.ve\/mpppstweb\/#organization","name":"mpppst","url":"https:\/\/www.mpppst.gob.ve\/mpppstweb\/","logo":{"@type":"ImageObject","inLanguage":"es","@id":"https:\/\/www.mpppst.gob.ve\/mpppstweb\/#\/schema\/logo\/image\/","url":"https:\/\/www.mpppst.gob.ve\/mpppstweb\/wp-content\/uploads\/2025\/07\/cropped-cropped-g910.png","contentUrl":"https:\/\/www.mpppst.gob.ve\/mpppstweb\/wp-content\/uploads\/2025\/07\/cropped-cropped-g910.png","width":1080,"height":241,"caption":"mpppst"},"image":{"@id":"https:\/\/www.mpppst.gob.ve\/mpppstweb\/#\/schema\/logo\/image\/"}},{"@type":"Person","@id":"https:\/\/www.mpppst.gob.ve\/mpppstweb\/#\/schema\/person\/fc187ee8ead412bd4c9304b62f900ea4","name":"MPPPST Prensa","url":"https:\/\/www.mpppst.gob.ve\/mpppstweb\/index.php\/author\/prensa-mpppst\/"}]}},"_links":{"self":[{"href":"https:\/\/www.mpppst.gob.ve\/mpppstweb\/index.php\/wp-json\/wp\/v2\/posts\/8954"}],"collection":[{"href":"https:\/\/www.mpppst.gob.ve\/mpppstweb\/index.php\/wp-json\/wp\/v2\/posts"}],"about":[{"href":"https:\/\/www.mpppst.gob.ve\/mpppstweb\/index.php\/wp-json\/wp\/v2\/types\/post"}],"author":[{"embeddable":true,"href":"https:\/\/www.mpppst.gob.ve\/mpppstweb\/index.php\/wp-json\/wp\/v2\/users\/25"}],"replies":[{"embeddable":true,"href":"https:\/\/www.mpppst.gob.ve\/mpppstweb\/index.php\/wp-json\/wp\/v2\/comments?post=8954"}],"version-history":[{"count":1,"href":"https:\/\/www.mpppst.gob.ve\/mpppstweb\/index.php\/wp-json\/wp\/v2\/posts\/8954\/revisions"}],"predecessor-version":[{"id":8956,"href":"https:\/\/www.mpppst.gob.ve\/mpppstweb\/index.php\/wp-json\/wp\/v2\/posts\/8954\/revisions\/8956"}],"wp:featuredmedia":[{"embeddable":true,"href":"https:\/\/www.mpppst.gob.ve\/mpppstweb\/index.php\/wp-json\/wp\/v2\/media\/8955"}],"wp:attachment":[{"href":"https:\/\/www.mpppst.gob.ve\/mpppstweb\/index.php\/wp-json\/wp\/v2\/media?parent=8954"}],"wp:term":[{"taxonomy":"category","embeddable":true,"href":"https:\/\/www.mpppst.gob.ve\/mpppstweb\/index.php\/wp-json\/wp\/v2\/categories?post=8954"},{"taxonomy":"post_tag","embeddable":true,"href":"https:\/\/www.mpppst.gob.ve\/mpppstweb\/index.php\/wp-json\/wp\/v2\/tags?post=8954"}],"curies":[{"name":"wp","href":"https:\/\/api.w.org\/{rel}","templated":true}]}}