{"id":8960,"date":"2016-10-28T21:16:45","date_gmt":"2016-10-28T21:16:45","guid":{"rendered":"http:\/\/www.mpppst.gob.ve\/mpppstweb\/?p=8960"},"modified":"2016-10-28T21:17:30","modified_gmt":"2016-10-28T21:17:30","slug":"carlos-lopez-comites-obreros-productivos-se-desplegaron-en-el-pais","status":"publish","type":"post","link":"https:\/\/www.mpppst.gob.ve\/mpppstweb\/index.php\/2016\/10\/28\/carlos-lopez-comites-obreros-productivos-se-desplegaron-en-el-pais\/","title":{"rendered":"Carlos L\u00f3pez: Comit\u00e9s Obreros Productivos se desplegaron en el pa\u00eds"},"content":{"rendered":"<p>Prensa MPPPST.- El Coordinador Nacional de la Central Bolivariana Socialista de Trabajadores (CBST), Carlos L\u00f3pez, inform\u00f3 que desde tempranas horas de la ma\u00f1ana del viernes 28 de octubre, m\u00e1s de 7 mil trabajadores y trabajadoras que integran los Comit\u00e9s Obreros Productivos estuvieron desplegados en cada una de las empresas del pa\u00eds controlando y vigilando que todas estuvieran laborando con normalidad.<\/p>\n<p>Explic\u00f3 que este comit\u00e9 que trabaja en conjunto con el Ministerio del Poder Popular para el Proceso Social de Trabajo (MPPPST), est\u00e1 integrado tambi\u00e9n por el Ministerio del Poder Popular para la Defensa y la Milicia Bolivariana, y que en su informe preliminar determinaron que todas las empresas productivas del \u00e1rea de alimentos, del \u00e1rea qu\u00edmico- farmac\u00e9utico, y el \u00e1rea de higiene personal se encuentran trabajando con normalidad.<\/p>\n<p>Dijo que \u201cla clase obrera no ha ca\u00eddo en las trampas golpistas (de la derecha), a pesar de que tenemos a\u00f1os aguantando guarimbas, y la clase obrera se mantiene firme con la Revoluci\u00f3n Bolivariana\u201d.<\/p>\n<p>Finalmente invit\u00f3 a todos los trabajadores y trabajadoras revolucionarios a tomar las calles el pr\u00f3ximo jueves 3 de noviembre, \u201cese d\u00eda vamos a tomar las calles completas, la clase obrera le toca una de las sietes avenidas, que es la avenida Bol\u00edvar. El resto de las avenidas van a ser tomadas por las mujeres, por los campesinos, por los ind\u00edgenas, los j\u00f3venes, de manera de hacer una gran presencia activa de la revoluci\u00f3n el pr\u00f3ximo jueves. Esta derrota del d\u00eda de hoy que le dimos a este paro golpista, esta derrota que le dimos a la derecha aventurera se va a consolidar con estos pasos de avance que vamos hacer los pr\u00f3ximos d\u00edas\u201d.<\/p>\n<p>Por Elio Garc\u00eda<\/p>\n","protected":false},"excerpt":{"rendered":"<p>Prensa MPPPST.- El Coordinador Nacional de la Central Bolivariana Socialista de Trabajadores (CBST), Carlos L\u00f3pez, inform\u00f3 &hellip; <a title=\"Carlos L\u00f3pez: Comit\u00e9s Obreros Productivos se desplegaron en el pa\u00eds\" class=\"hm-read-more\" href=\"https:\/\/www.mpppst.gob.ve\/mpppstweb\/index.php\/2016\/10\/28\/carlos-lopez-comites-obreros-productivos-se-desplegaron-en-el-pais\/\"><span class=\"screen-reader-text\">Carlos L\u00f3pez: Comit\u00e9s Obreros Productivos se desplegaron en el pa\u00eds<\/span>Read more<\/a><\/p>\n","protected":false},"author":25,"featured_media":8961,"comment_status":"closed","ping_status":"closed","sticky":false,"template":"","format":"standard","meta":{"footnotes":""},"categories":[203,163,84],"tags":[229,225,222,240,227],"yoast_head":"<!-- This site is optimized with the Yoast SEO plugin v22.5 - https:\/\/yoast.com\/wordpress\/plugins\/seo\/ -->\n<title>Carlos L\u00f3pez: Comit\u00e9s Obreros Productivos se desplegaron en el pa\u00eds - MPPPST<\/title>\n<meta name=\"robots\" content=\"index, follow, max-snippet:-1, max-image-preview:large, max-video-preview:-1\" \/>\n<link rel=\"canonical\" href=\"https:\/\/www.mpppst.gob.ve\/mpppstweb\/index.php\/2016\/10\/28\/carlos-lopez-comites-obreros-productivos-se-desplegaron-en-el-pais\/\" \/>\n<meta property=\"og:locale\" content=\"es_ES\" \/>\n<meta property=\"og:type\" content=\"article\" \/>\n<meta property=\"og:title\" content=\"Carlos L\u00f3pez: Comit\u00e9s Obreros Productivos se desplegaron en el pa\u00eds - MPPPST\" \/>\n<meta property=\"og:description\" content=\"Prensa MPPPST.- El Coordinador Nacional de la Central Bolivariana Socialista de Trabajadores (CBST), Carlos L\u00f3pez, inform\u00f3 &hellip; Carlos L\u00f3pez: Comit\u00e9s Obreros Productivos se desplegaron en el pa\u00edsRead more\" \/>\n<meta property=\"og:url\" content=\"https:\/\/www.mpppst.gob.ve\/mpppstweb\/index.php\/2016\/10\/28\/carlos-lopez-comites-obreros-productivos-se-desplegaron-en-el-pais\/\" \/>\n<meta property=\"og:site_name\" content=\"MPPPST\" \/>\n<meta property=\"article:published_time\" content=\"2016-10-28T21:16:45+00:00\" \/>\n<meta property=\"article:modified_time\" content=\"2016-10-28T21:17:30+00:00\" \/>\n<meta property=\"og:image\" content=\"https:\/\/www.mpppst.gob.ve\/mpppstweb\/wp-content\/uploads\/2016\/10\/Carlos-L\u00f3pez.jpg\" \/>\n\t<meta property=\"og:image:width\" content=\"800\" \/>\n\t<meta property=\"og:image:height\" content=\"445\" \/>\n\t<meta property=\"og:image:type\" content=\"image\/jpeg\" \/>\n<meta name=\"author\" content=\"MPPPST Prensa\" \/>\n<meta name=\"twitter:card\" content=\"summary_large_image\" \/>\n<meta name=\"twitter:label1\" content=\"Escrito por\" \/>\n\t<meta name=\"twitter:data1\" content=\"MPPPST Prensa\" \/>\n\t<meta name=\"twitter:label2\" content=\"Tiempo de lectura\" \/>\n\t<meta name=\"twitter:data2\" content=\"1 minuto\" \/>\n<script type=\"application\/ld+json\" class=\"yoast-schema-graph\">{\"@context\":\"https:\/\/schema.org\",\"@graph\":[{\"@type\":\"Article\",\"@id\":\"https:\/\/www.mpppst.gob.ve\/mpppstweb\/index.php\/2016\/10\/28\/carlos-lopez-comites-obreros-productivos-se-desplegaron-en-el-pais\/#article\",\"isPartOf\":{\"@id\":\"https:\/\/www.mpppst.gob.ve\/mpppstweb\/index.php\/2016\/10\/28\/carlos-lopez-comites-obreros-productivos-se-desplegaron-en-el-pais\/\"},\"author\":{\"name\":\"MPPPST Prensa\",\"@id\":\"https:\/\/www.mpppst.gob.ve\/mpppstweb\/#\/schema\/person\/fc187ee8ead412bd4c9304b62f900ea4\"},\"headline\":\"Carlos L\u00f3pez: Comit\u00e9s Obreros Productivos se desplegaron en el pa\u00eds\",\"datePublished\":\"2016-10-28T21:16:45+00:00\",\"dateModified\":\"2016-10-28T21:17:30+00:00\",\"mainEntityOfPage\":{\"@id\":\"https:\/\/www.mpppst.gob.ve\/mpppstweb\/index.php\/2016\/10\/28\/carlos-lopez-comites-obreros-productivos-se-desplegaron-en-el-pais\/\"},\"wordCount\":311,\"publisher\":{\"@id\":\"https:\/\/www.mpppst.gob.ve\/mpppstweb\/#organization\"},\"image\":{\"@id\":\"https:\/\/www.mpppst.gob.ve\/mpppstweb\/index.php\/2016\/10\/28\/carlos-lopez-comites-obreros-productivos-se-desplegaron-en-el-pais\/#primaryimage\"},\"thumbnailUrl\":\"https:\/\/www.mpppst.gob.ve\/mpppstweb\/wp-content\/uploads\/2016\/10\/Carlos-L\u00f3pez.jpg\",\"keywords\":[\"Defensa Integral\",\"Fuerza Laboral\",\"Gobierno Bolivariano\",\"Participaci\u00f3n popular y protag\u00f3nica\",\"Proceso Social\"],\"articleSection\":[\"Central Bolivariana Socialista de los Trabajadores (CBST)\",\"Noticias\",\"Vida Laboral y Sindical\"],\"inLanguage\":\"es\"},{\"@type\":\"WebPage\",\"@id\":\"https:\/\/www.mpppst.gob.ve\/mpppstweb\/index.php\/2016\/10\/28\/carlos-lopez-comites-obreros-productivos-se-desplegaron-en-el-pais\/\",\"url\":\"https:\/\/www.mpppst.gob.ve\/mpppstweb\/index.php\/2016\/10\/28\/carlos-lopez-comites-obreros-productivos-se-desplegaron-en-el-pais\/\",\"name\":\"Carlos L\u00f3pez: Comit\u00e9s Obreros Productivos se desplegaron en el pa\u00eds - MPPPST\",\"isPartOf\":{\"@id\":\"https:\/\/www.mpppst.gob.ve\/mpppstweb\/#website\"},\"primaryImageOfPage\":{\"@id\":\"https:\/\/www.mpppst.gob.ve\/mpppstweb\/index.php\/2016\/10\/28\/carlos-lopez-comites-obreros-productivos-se-desplegaron-en-el-pais\/#primaryimage\"},\"image\":{\"@id\":\"https:\/\/www.mpppst.gob.ve\/mpppstweb\/index.php\/2016\/10\/28\/carlos-lopez-comites-obreros-productivos-se-desplegaron-en-el-pais\/#primaryimage\"},\"thumbnailUrl\":\"https:\/\/www.mpppst.gob.ve\/mpppstweb\/wp-content\/uploads\/2016\/10\/Carlos-L\u00f3pez.jpg\",\"datePublished\":\"2016-10-28T21:16:45+00:00\",\"dateModified\":\"2016-10-28T21:17:30+00:00\",\"breadcrumb\":{\"@id\":\"https:\/\/www.mpppst.gob.ve\/mpppstweb\/index.php\/2016\/10\/28\/carlos-lopez-comites-obreros-productivos-se-desplegaron-en-el-pais\/#breadcrumb\"},\"inLanguage\":\"es\",\"potentialAction\":[{\"@type\":\"ReadAction\",\"target\":[\"https:\/\/www.mpppst.gob.ve\/mpppstweb\/index.php\/2016\/10\/28\/carlos-lopez-comites-obreros-productivos-se-desplegaron-en-el-pais\/\"]}]},{\"@type\":\"ImageObject\",\"inLanguage\":\"es\",\"@id\":\"https:\/\/www.mpppst.gob.ve\/mpppstweb\/index.php\/2016\/10\/28\/carlos-lopez-comites-obreros-productivos-se-desplegaron-en-el-pais\/#primaryimage\",\"url\":\"https:\/\/www.mpppst.gob.ve\/mpppstweb\/wp-content\/uploads\/2016\/10\/Carlos-L\u00f3pez.jpg\",\"contentUrl\":\"https:\/\/www.mpppst.gob.ve\/mpppstweb\/wp-content\/uploads\/2016\/10\/Carlos-L\u00f3pez.jpg\",\"width\":800,\"height\":445},{\"@type\":\"BreadcrumbList\",\"@id\":\"https:\/\/www.mpppst.gob.ve\/mpppstweb\/index.php\/2016\/10\/28\/carlos-lopez-comites-obreros-productivos-se-desplegaron-en-el-pais\/#breadcrumb\",\"itemListElement\":[{\"@type\":\"ListItem\",\"position\":1,\"name\":\"Home\",\"item\":\"https:\/\/www.mpppst.gob.ve\/mpppstweb\/\"},{\"@type\":\"ListItem\",\"position\":2,\"name\":\"Carlos L\u00f3pez: Comit\u00e9s Obreros Productivos se desplegaron en el pa\u00eds\"}]},{\"@type\":\"WebSite\",\"@id\":\"https:\/\/www.mpppst.gob.ve\/mpppstweb\/#website\",\"url\":\"https:\/\/www.mpppst.gob.ve\/mpppstweb\/\",\"name\":\"MPPPST\",\"description\":\"Ministerio del Poder Popular para el Proceso Social de Trabajo\",\"publisher\":{\"@id\":\"https:\/\/www.mpppst.gob.ve\/mpppstweb\/#organization\"},\"potentialAction\":[{\"@type\":\"SearchAction\",\"target\":{\"@type\":\"EntryPoint\",\"urlTemplate\":\"https:\/\/www.mpppst.gob.ve\/mpppstweb\/?s={search_term_string}\"},\"query-input\":\"required name=search_term_string\"}],\"inLanguage\":\"es\"},{\"@type\":\"Organization\",\"@id\":\"https:\/\/www.mpppst.gob.ve\/mpppstweb\/#organization\",\"name\":\"mpppst\",\"url\":\"https:\/\/www.mpppst.gob.ve\/mpppstweb\/\",\"logo\":{\"@type\":\"ImageObject\",\"inLanguage\":\"es\",\"@id\":\"https:\/\/www.mpppst.gob.ve\/mpppstweb\/#\/schema\/logo\/image\/\",\"url\":\"https:\/\/www.mpppst.gob.ve\/mpppstweb\/wp-content\/uploads\/2025\/07\/cropped-cropped-g910.png\",\"contentUrl\":\"https:\/\/www.mpppst.gob.ve\/mpppstweb\/wp-content\/uploads\/2025\/07\/cropped-cropped-g910.png\",\"width\":1080,\"height\":241,\"caption\":\"mpppst\"},\"image\":{\"@id\":\"https:\/\/www.mpppst.gob.ve\/mpppstweb\/#\/schema\/logo\/image\/\"}},{\"@type\":\"Person\",\"@id\":\"https:\/\/www.mpppst.gob.ve\/mpppstweb\/#\/schema\/person\/fc187ee8ead412bd4c9304b62f900ea4\",\"name\":\"MPPPST Prensa\",\"url\":\"https:\/\/www.mpppst.gob.ve\/mpppstweb\/index.php\/author\/prensa-mpppst\/\"}]}<\/script>\n<!-- \/ Yoast SEO plugin. -->","yoast_head_json":{"title":"Carlos L\u00f3pez: Comit\u00e9s Obreros Productivos se desplegaron en el pa\u00eds - MPPPST","robots":{"index":"index","follow":"follow","max-snippet":"max-snippet:-1","max-image-preview":"max-image-preview:large","max-video-preview":"max-video-preview:-1"},"canonical":"https:\/\/www.mpppst.gob.ve\/mpppstweb\/index.php\/2016\/10\/28\/carlos-lopez-comites-obreros-productivos-se-desplegaron-en-el-pais\/","og_locale":"es_ES","og_type":"article","og_title":"Carlos L\u00f3pez: Comit\u00e9s Obreros Productivos se desplegaron en el pa\u00eds - MPPPST","og_description":"Prensa MPPPST.- El Coordinador Nacional de la Central Bolivariana Socialista de Trabajadores (CBST), Carlos L\u00f3pez, inform\u00f3 &hellip; Carlos L\u00f3pez: Comit\u00e9s Obreros Productivos se desplegaron en el pa\u00edsRead more","og_url":"https:\/\/www.mpppst.gob.ve\/mpppstweb\/index.php\/2016\/10\/28\/carlos-lopez-comites-obreros-productivos-se-desplegaron-en-el-pais\/","og_site_name":"MPPPST","article_published_time":"2016-10-28T21:16:45+00:00","article_modified_time":"2016-10-28T21:17:30+00:00","og_image":[{"width":800,"height":445,"url":"https:\/\/www.mpppst.gob.ve\/mpppstweb\/wp-content\/uploads\/2016\/10\/Carlos-L\u00f3pez.jpg","type":"image\/jpeg"}],"author":"MPPPST Prensa","twitter_card":"summary_large_image","twitter_misc":{"Escrito por":"MPPPST Prensa","Tiempo de lectura":"1 minuto"},"schema":{"@context":"https:\/\/schema.org","@graph":[{"@type":"Article","@id":"https:\/\/www.mpppst.gob.ve\/mpppstweb\/index.php\/2016\/10\/28\/carlos-lopez-comites-obreros-productivos-se-desplegaron-en-el-pais\/#article","isPartOf":{"@id":"https:\/\/www.mpppst.gob.ve\/mpppstweb\/index.php\/2016\/10\/28\/carlos-lopez-comites-obreros-productivos-se-desplegaron-en-el-pais\/"},"author":{"name":"MPPPST Prensa","@id":"https:\/\/www.mpppst.gob.ve\/mpppstweb\/#\/schema\/person\/fc187ee8ead412bd4c9304b62f900ea4"},"headline":"Carlos L\u00f3pez: Comit\u00e9s Obreros Productivos se desplegaron en el pa\u00eds","datePublished":"2016-10-28T21:16:45+00:00","dateModified":"2016-10-28T21:17:30+00:00","mainEntityOfPage":{"@id":"https:\/\/www.mpppst.gob.ve\/mpppstweb\/index.php\/2016\/10\/28\/carlos-lopez-comites-obreros-productivos-se-desplegaron-en-el-pais\/"},"wordCount":311,"publisher":{"@id":"https:\/\/www.mpppst.gob.ve\/mpppstweb\/#organization"},"image":{"@id":"https:\/\/www.mpppst.gob.ve\/mpppstweb\/index.php\/2016\/10\/28\/carlos-lopez-comites-obreros-productivos-se-desplegaron-en-el-pais\/#primaryimage"},"thumbnailUrl":"https:\/\/www.mpppst.gob.ve\/mpppstweb\/wp-content\/uploads\/2016\/10\/Carlos-L\u00f3pez.jpg","keywords":["Defensa Integral","Fuerza Laboral","Gobierno Bolivariano","Participaci\u00f3n popular y protag\u00f3nica","Proceso Social"],"articleSection":["Central Bolivariana Socialista de los Trabajadores (CBST)","Noticias","Vida Laboral y Sindical"],"inLanguage":"es"},{"@type":"WebPage","@id":"https:\/\/www.mpppst.gob.ve\/mpppstweb\/index.php\/2016\/10\/28\/carlos-lopez-comites-obreros-productivos-se-desplegaron-en-el-pais\/","url":"https:\/\/www.mpppst.gob.ve\/mpppstweb\/index.php\/2016\/10\/28\/carlos-lopez-comites-obreros-productivos-se-desplegaron-en-el-pais\/","name":"Carlos L\u00f3pez: Comit\u00e9s Obreros Productivos se desplegaron en el pa\u00eds - MPPPST","isPartOf":{"@id":"https:\/\/www.mpppst.gob.ve\/mpppstweb\/#website"},"primaryImageOfPage":{"@id":"https:\/\/www.mpppst.gob.ve\/mpppstweb\/index.php\/2016\/10\/28\/carlos-lopez-comites-obreros-productivos-se-desplegaron-en-el-pais\/#primaryimage"},"image":{"@id":"https:\/\/www.mpppst.gob.ve\/mpppstweb\/index.php\/2016\/10\/28\/carlos-lopez-comites-obreros-productivos-se-desplegaron-en-el-pais\/#primaryimage"},"thumbnailUrl":"https:\/\/www.mpppst.gob.ve\/mpppstweb\/wp-content\/uploads\/2016\/10\/Carlos-L\u00f3pez.jpg","datePublished":"2016-10-28T21:16:45+00:00","dateModified":"2016-10-28T21:17:30+00:00","breadcrumb":{"@id":"https:\/\/www.mpppst.gob.ve\/mpppstweb\/index.php\/2016\/10\/28\/carlos-lopez-comites-obreros-productivos-se-desplegaron-en-el-pais\/#breadcrumb"},"inLanguage":"es","potentialAction":[{"@type":"ReadAction","target":["https:\/\/www.mpppst.gob.ve\/mpppstweb\/index.php\/2016\/10\/28\/carlos-lopez-comites-obreros-productivos-se-desplegaron-en-el-pais\/"]}]},{"@type":"ImageObject","inLanguage":"es","@id":"https:\/\/www.mpppst.gob.ve\/mpppstweb\/index.php\/2016\/10\/28\/carlos-lopez-comites-obreros-productivos-se-desplegaron-en-el-pais\/#primaryimage","url":"https:\/\/www.mpppst.gob.ve\/mpppstweb\/wp-content\/uploads\/2016\/10\/Carlos-L\u00f3pez.jpg","contentUrl":"https:\/\/www.mpppst.gob.ve\/mpppstweb\/wp-content\/uploads\/2016\/10\/Carlos-L\u00f3pez.jpg","width":800,"height":445},{"@type":"BreadcrumbList","@id":"https:\/\/www.mpppst.gob.ve\/mpppstweb\/index.php\/2016\/10\/28\/carlos-lopez-comites-obreros-productivos-se-desplegaron-en-el-pais\/#breadcrumb","itemListElement":[{"@type":"ListItem","position":1,"name":"Home","item":"https:\/\/www.mpppst.gob.ve\/mpppstweb\/"},{"@type":"ListItem","position":2,"name":"Carlos L\u00f3pez: Comit\u00e9s Obreros Productivos se desplegaron en el pa\u00eds"}]},{"@type":"WebSite","@id":"https:\/\/www.mpppst.gob.ve\/mpppstweb\/#website","url":"https:\/\/www.mpppst.gob.ve\/mpppstweb\/","name":"MPPPST","description":"Ministerio del Poder Popular para el Proceso Social de Trabajo","publisher":{"@id":"https:\/\/www.mpppst.gob.ve\/mpppstweb\/#organization"},"potentialAction":[{"@type":"SearchAction","target":{"@type":"EntryPoint","urlTemplate":"https:\/\/www.mpppst.gob.ve\/mpppstweb\/?s={search_term_string}"},"query-input":"required name=search_term_string"}],"inLanguage":"es"},{"@type":"Organization","@id":"https:\/\/www.mpppst.gob.ve\/mpppstweb\/#organization","name":"mpppst","url":"https:\/\/www.mpppst.gob.ve\/mpppstweb\/","logo":{"@type":"ImageObject","inLanguage":"es","@id":"https:\/\/www.mpppst.gob.ve\/mpppstweb\/#\/schema\/logo\/image\/","url":"https:\/\/www.mpppst.gob.ve\/mpppstweb\/wp-content\/uploads\/2025\/07\/cropped-cropped-g910.png","contentUrl":"https:\/\/www.mpppst.gob.ve\/mpppstweb\/wp-content\/uploads\/2025\/07\/cropped-cropped-g910.png","width":1080,"height":241,"caption":"mpppst"},"image":{"@id":"https:\/\/www.mpppst.gob.ve\/mpppstweb\/#\/schema\/logo\/image\/"}},{"@type":"Person","@id":"https:\/\/www.mpppst.gob.ve\/mpppstweb\/#\/schema\/person\/fc187ee8ead412bd4c9304b62f900ea4","name":"MPPPST Prensa","url":"https:\/\/www.mpppst.gob.ve\/mpppstweb\/index.php\/author\/prensa-mpppst\/"}]}},"_links":{"self":[{"href":"https:\/\/www.mpppst.gob.ve\/mpppstweb\/index.php\/wp-json\/wp\/v2\/posts\/8960"}],"collection":[{"href":"https:\/\/www.mpppst.gob.ve\/mpppstweb\/index.php\/wp-json\/wp\/v2\/posts"}],"about":[{"href":"https:\/\/www.mpppst.gob.ve\/mpppstweb\/index.php\/wp-json\/wp\/v2\/types\/post"}],"author":[{"embeddable":true,"href":"https:\/\/www.mpppst.gob.ve\/mpppstweb\/index.php\/wp-json\/wp\/v2\/users\/25"}],"replies":[{"embeddable":true,"href":"https:\/\/www.mpppst.gob.ve\/mpppstweb\/index.php\/wp-json\/wp\/v2\/comments?post=8960"}],"version-history":[{"count":2,"href":"https:\/\/www.mpppst.gob.ve\/mpppstweb\/index.php\/wp-json\/wp\/v2\/posts\/8960\/revisions"}],"predecessor-version":[{"id":8963,"href":"https:\/\/www.mpppst.gob.ve\/mpppstweb\/index.php\/wp-json\/wp\/v2\/posts\/8960\/revisions\/8963"}],"wp:featuredmedia":[{"embeddable":true,"href":"https:\/\/www.mpppst.gob.ve\/mpppstweb\/index.php\/wp-json\/wp\/v2\/media\/8961"}],"wp:attachment":[{"href":"https:\/\/www.mpppst.gob.ve\/mpppstweb\/index.php\/wp-json\/wp\/v2\/media?parent=8960"}],"wp:term":[{"taxonomy":"category","embeddable":true,"href":"https:\/\/www.mpppst.gob.ve\/mpppstweb\/index.php\/wp-json\/wp\/v2\/categories?post=8960"},{"taxonomy":"post_tag","embeddable":true,"href":"https:\/\/www.mpppst.gob.ve\/mpppstweb\/index.php\/wp-json\/wp\/v2\/tags?post=8960"}],"curies":[{"name":"wp","href":"https:\/\/api.w.org\/{rel}","templated":true}]}}