{"id":8976,"date":"2016-10-29T23:20:38","date_gmt":"2016-10-29T23:20:38","guid":{"rendered":"http:\/\/www.mpppst.gob.ve\/mpppstweb\/?p=8976"},"modified":"2016-10-29T23:36:11","modified_gmt":"2016-10-29T23:36:11","slug":"satelite-simon-bolivar-7-anos-brindando-salud-y-educacion","status":"publish","type":"post","link":"https:\/\/www.mpppst.gob.ve\/mpppstweb\/index.php\/2016\/10\/29\/satelite-simon-bolivar-7-anos-brindando-salud-y-educacion\/","title":{"rendered":"Sat\u00e9lite Sim\u00f3n Bol\u00edvar: 7 a\u00f1os brindando salud y educaci\u00f3n"},"content":{"rendered":"<p>Desde el a\u00f1o 2009, hace siete a\u00f1os, Venezuela entr\u00f3 en la etapa: la era satelital. El prop\u00f3sito consisti\u00f3 en beneficiar a sectores excluidos que no pueden pagar servicios de telefon\u00eda e Internet. Y a quienes no pueden detectar a tiempo diagn\u00f3sticos m\u00e9dicos, o todav\u00eda se mantienen al margen del sistema educativo.<\/p>\n<p><strong>De los inicios<\/strong><\/p>\n<p>El Estado venezolano evidenci\u00f3 la imperiosa necesidad de un sat\u00e9lite propio luego del golpe de Estado del a\u00f1o 2002, episodio en el cual result\u00f3 muy f\u00e1cil desinformar a la poblaci\u00f3n venezolana sobre lo que estaba ocurriendo en el pa\u00eds. Nace, por lo tanto, un proyecto fundado en los valores de paz y amor. De manera tal que la tecnolog\u00eda espacial deb\u00eda formar parte de la vida cotidiana del sector p\u00fablico.<\/p>\n<p>Por lo tanto, despu\u00e9s de los acontecimientos del a\u00f1o 2002 el Ejecutivo Nacional, encabezado por su m\u00e1ximo l\u00edder, Hugo Ch\u00e1vez Fr\u00edas, se convenci\u00f3 de ser copart\u00edcipes de la tecnolog\u00eda espacial. El arranque: 2004, cuando se hizo urgente\u00a0 empezar con las telecomunicaciones en funci\u00f3n de nuestra soberan\u00eda y de los intereses nacionales. Desde esta \u00f3ptica no es caprichosa la expresi\u00f3n cuyo contenido y significado habla por s\u00ed misma: \u201cahora seremos soberanos hasta en el espacio\u201d<\/p>\n<p>Muchos se preguntar\u00e1n cu\u00e1ndo comenz\u00f3 el primer viaje de un\u00a0 sat\u00e9lite hacia el espacio y\u00a0 qu\u00e9 pa\u00eds inici\u00f3 lo que para muchas naciones estigmatizadas de tercer mundistas result\u00f3, por muchos a\u00f1os, una verdadera utop\u00eda. Pues bien, la fecha emblem\u00e1tica es 1957, a\u00f1o en el cual fue lanzado el primer sat\u00e9lite por los rusos. Inmediatamente Estados Unidos se incorpora a la carrera espacial.<\/p>\n<p>Como podemos observar el despliegue en el marco de la carrera espacial tiene como contexto hist\u00f3rico la guerra fr\u00eda, episodio en el cual dos bloques, la ex Uni\u00f3n de Rep\u00fablicas Socialistas Sovi\u00e9ticas y Estados Unidos, se disputaban el poder.<\/p>\n<p><strong>A\u00f1o 2005: la firma del contrato<\/strong><\/p>\n<p>Una vez afianzada la idea de la necesidad de un sat\u00e9lite venezolano, el Ministerio del Poder Popular para Ciencia y Tecnolog\u00eda emprendi\u00f3 una tit\u00e1nica tarea para lograr la utop\u00eda posible: un sat\u00e9lite para Indoam\u00e9rica y El Caribe con el fin de afianzar la suma de felicidad en los pa\u00edses que conforman la Gran Patria.<\/p>\n<p>De tal manera que el 01 de Noviembre del a\u00f1o 2005 Venezuela firm\u00f3 el contrato con la Rep\u00fablica Popular de China, \u00fanico pa\u00eds que en las cl\u00e1usulas del Convenio acept\u00f3 no s\u00f3lo la fabricaci\u00f3n del gran artefacto, pues tambi\u00e9n estuvo de acuerdo en hacer la debida transferencia de los conocimientos a profesionales venezolanos. Sin duda, una se\u00f1al que habla per s\u00e9 de la firme disposici\u00f3n para lograr la independencia tecnol\u00f3gica.<\/p>\n<p><strong>Sat\u00e9lite en detalle<\/strong><\/p>\n<p>Luego de firmado el contrato se inici\u00f3 la ejecuci\u00f3n exitosa de un proyecto complejo. Con muchas aristas, hecho con alta tecnolog\u00eda, pero tambi\u00e9n torpedeado, ya que se dio una especie de soborno de los pa\u00edses imperialistas, seg\u00fan el cual deb\u00edamos conformarnos s\u00f3lo con su tecnolog\u00eda\u2026 No obstante, esta plataforma\u00a0 naci\u00f3 de la mano del Socialismo, raz\u00f3n por la cual nosotros no llegamos a aceptar la imposici\u00f3n tecnol\u00f3gica para depender de los fabricantes y de sus conocimientos.<\/p>\n<p>Dentro de los beneficios que brinda el Sat\u00e9lite Sim\u00f3n Bol\u00edvar se encuentran la tele-medicina y la tele- educaci\u00f3n. A trav\u00e9s de la tele-medicina, por ejemplo, se transmiten \u00a0y reciben \u00a0radiograf\u00edas, ultrasonidos, resonancias magn\u00e9ticas, mamograf\u00edas, etc de personas que se encuentran muy lejanas de los centros primarios de atenci\u00f3n en salud. De tal forma que el tratamiento de una persona que se encuentra en un pueblito de Delta Amacuro se realiza en forma inmediata y no tenemos que esperar que este paciente se desplace desde su lugar hasta la ciudad.<\/p>\n<p>En el caso de la tele-educaci\u00f3n,\u00a0 cualquier ciudadano tiene\u00a0 acceso a programas educacionales sin necesidad de estar f\u00edsicamente en un sal\u00f3n de clases, llegando a un gran n\u00famero de estudiantes a la vez, mediante tecnolog\u00edas de tele-comunicaci\u00f3n por sat\u00e9lite.<\/p>\n<p><strong>\u00bfPor qu\u00e9 el sat\u00e9lite surge de la mano con una pol\u00edtica socialista?<\/strong>\u00a0 A pesar de la complejidad que este tema implica en la praxis, sobre todo en pa\u00edses que han estado cobijados por las pr\u00e1cticas del capitalismo, es importante explicar que el sat\u00e9lite se soporta en una pol\u00edtica socialista porque su principal cometido consiste en beneficiar a sectores desasistidos del pa\u00eds, a quienes se encuentran en zonas remotas de la gran patria y que por sus caracter\u00edsticas han estado excluidos de los beneficios que ofrecen sus Estados.\u00a0 Se trata de atender a quienes han estado \u201cinvisibilizados\u201d en nuestra historia.<\/p>\n<p>Existen otros argumentos que explican por qu\u00e9 se trata de un proyecto socialista: Su concepto y dise\u00f1o, la forma de ejecutarlo parte del concepto socialista; dicho en otras palabras, propone la coexistencia de todos ante un bien com\u00fan y no un mecanismo intermediario de producci\u00f3n de ganancia que beneficia a un sector peque\u00f1o.<\/p>\n<p>Vale destacar que existe \u00a0una tendencia en las operadoras mundiales de telecomunicaciones que acaparan los servicios para decirle a los pa\u00edses peque\u00f1os que no nos incorporemos en esas tecnolog\u00edas, que son asuntos costosos y complejos y por tanto que tales pa\u00edses \u00a0nos ayudar\u00edan, incluso, con regalarnos el servicio, lo cual se traduce en un mecanismo de dominaci\u00f3n y de manejo de masas tremendo.<\/p>\n<p>Actualmente, en la uni\u00f3n internacional de telecomunicaciones, hay corrientes que proponen que los miembros de esta Organizaci\u00f3n\u00a0 tengan derecho a \u00f3rbitas en el espacio. En otras palabras, se est\u00e1 promoviendo la privatizaci\u00f3n tambi\u00e9n del espacio. No obstante, estas iniciativas se han topado con un muro construido por algunos pa\u00edses entre los que se halla Venezuela, naci\u00f3n desde la cual se concibe el espacio ultraterrestre como un bien de la humanidad y en consecuencia nadie tiene o podr\u00e1 tener propiedad sobre el mismo. No debe existir hegemon\u00eda alguna, pues la concepci\u00f3n del capitalismo que determina la ganancia por la ganancia, como \u00fanico mecanismo fundamental y motivaci\u00f3n del ser humano, est\u00e1 perdiendo vigencia de forma acelerada en los d\u00edas que vivimos.<\/p>\n<p>En relaci\u00f3n con la cobertura es importante manifestar que el sat\u00e9lite\u00a0 ilumina a El Caribe y Suram\u00e9rica en banda C que se usa para transmisi\u00f3n en TV y radio. Desde esta banda iluminamos a Cuba, Jamaica, Hait\u00ed, Salvador, Guatemala, Honduras, Panam\u00e1, Colombia, Per\u00fa, Ecuador, Bolivia, Chile, Argentina, Paraguay, Uruguay, Brasil. Iluminamos casi toda Suram\u00e9rica, excepto la Patagonia al sur porque all\u00ed no hay mucha probabilidad de implementar programas sociales. Tampoco \u00a0iluminamos\u00a0 Estados Unidos ni M\u00e9xico. En todo caso, el sat\u00e9lite es una herramienta de integraci\u00f3n regional muy importante que permite la incorporaci\u00f3n de programas en la regi\u00f3n.<\/p>\n<p><strong>\u00bfY las estaciones en Venezuela?<\/strong><\/p>\n<p>El pa\u00eds cuenta con dos estaciones terrenas: Bamari, en Gu\u00e1rico\u00a0 y otra en Luepa, estado Bol\u00edvar. Han sido creadas para el control del\u00a0 sat\u00e9lite. Por cierto, nuestras estaciones son 100% venezolanas. Y en su construcci\u00f3n particip\u00f3 tanto el sector p\u00fablico como el sector privado venezolano.<\/p>\n<p><strong>Soberanos hasta en el espacio, e inclusivos desde \u00e9l<\/strong><\/p>\n<p>Tal como lo consagra el art\u00edculo 1 de la Constituci\u00f3n de la Rep\u00fablica Bolivariana de Venezuela, nuestro pa\u00eds tiene como derecho irrenunciable la soberan\u00eda, independencia, libertad y la autodeterminaci\u00f3n nacional. En su art\u00edculo 2 tambi\u00e9n contempla \u201cla preeminencia de los derechos sociales\u201d sobre otros. Coherentes con estos mandatos de la Constituci\u00f3n, el Ejecutivo Nacional, a trav\u00e9s del Ministerio del Poder Popular para Ciencia y Tecnolog\u00eda, promovi\u00f3 una pol\u00edtica tecnol\u00f3gica para dar legitimidad y hacer viva la letra de la Constituci\u00f3n, as\u00ed como el gran sue\u00f1o del Presidente de la Rep\u00fablica.<\/p>\n<p>\u201cVenezuela est\u00e1 dici\u00e9ndole a sus hermanos que debemos soltarnos de los mal llamados grandes del mundo que se adue\u00f1aron del espacio con fines netamente econ\u00f3micos\u201d. Para muestra un bot\u00f3n. Al revisar la literatura sobre el particular, encontramos un texto de Herbert I. Shiler, quien en el libro Comunicaci\u00f3n de masas e imperialismo yanqui, de la d\u00e9cada de los a\u00f1os 60 se\u00f1alaba, aludiendo\u00a0 la posici\u00f3n oficial del presidente Dwight Eisenhower, lo siguiente:<\/p>\n<p>\u201cEsta naci\u00f3n ha seguido por tradici\u00f3n una pol\u00edtica de llevar las comunicaciones, tales como los servicios internacionales de tel\u00e9grafos, tel\u00e9fonos y otros, por medio de empresas privadas y sujetas a licencias y legislaci\u00f3n\u00a0 oficiales. Tenemos los primeros medios de comunicaci\u00f3n del mundo. En consecuencia, el gobierno deber\u00e1 animar en\u00e9rgicamente a la empresa privada para que establezca y opere transmisiones satelitales para FINES RENTABLES\u201d (destacado propio).\u00a0 (Shiler; ob. Cit. p\u00e1g. 122)<\/p>\n<p>El Sat\u00e9lite Sim\u00f3n Bol\u00edvar ha redundado en telefon\u00eda para la gente que no ha contado con redes de fibra \u00f3ptica, telefon\u00eda, Internet u otros sistemas de comunicaci\u00f3n porque sencillamente no tienen c\u00f3mo pagar tales servicios. Esta plataforma satelital busca articular y hacer m\u00e1s eficiente y efectivo los sistemas de salud y de educaci\u00f3n. No se trata, pues, de utilizar el sat\u00e9lite con fines de espionaje ni de vigilancia. Se trata de un logro que tiene un alto contenido social.<\/p>\n<p>&nbsp;<\/p>\n<p>Por: Marbelys Mav\u00e1rez Laguna<\/p>\n<p>&nbsp;<\/p>\n","protected":false},"excerpt":{"rendered":"<p>Desde el a\u00f1o 2009, hace siete a\u00f1os, Venezuela entr\u00f3 en la etapa: la era satelital. El &hellip; <a title=\"Sat\u00e9lite Sim\u00f3n Bol\u00edvar: 7 a\u00f1os brindando salud y educaci\u00f3n\" class=\"hm-read-more\" href=\"https:\/\/www.mpppst.gob.ve\/mpppstweb\/index.php\/2016\/10\/29\/satelite-simon-bolivar-7-anos-brindando-salud-y-educacion\/\"><span class=\"screen-reader-text\">Sat\u00e9lite Sim\u00f3n Bol\u00edvar: 7 a\u00f1os brindando salud y educaci\u00f3n<\/span>Read more<\/a><\/p>\n","protected":false},"author":25,"featured_media":8977,"comment_status":"closed","ping_status":"closed","sticky":false,"template":"","format":"standard","meta":{"footnotes":""},"categories":[248,8,163,208,166],"tags":[241,229,222],"yoast_head":"<!-- This site is optimized with the Yoast SEO plugin v22.5 - https:\/\/yoast.com\/wordpress\/plugins\/seo\/ -->\n<title>Sat\u00e9lite Sim\u00f3n Bol\u00edvar: 7 a\u00f1os brindando salud y educaci\u00f3n - MPPPST<\/title>\n<meta name=\"robots\" content=\"index, follow, max-snippet:-1, max-image-preview:large, max-video-preview:-1\" \/>\n<link rel=\"canonical\" href=\"https:\/\/www.mpppst.gob.ve\/mpppstweb\/index.php\/2016\/10\/29\/satelite-simon-bolivar-7-anos-brindando-salud-y-educacion\/\" \/>\n<meta property=\"og:locale\" content=\"es_ES\" \/>\n<meta property=\"og:type\" content=\"article\" \/>\n<meta property=\"og:title\" content=\"Sat\u00e9lite Sim\u00f3n Bol\u00edvar: 7 a\u00f1os brindando salud y educaci\u00f3n - MPPPST\" \/>\n<meta property=\"og:description\" content=\"Desde el a\u00f1o 2009, hace siete a\u00f1os, Venezuela entr\u00f3 en la etapa: la era satelital. El &hellip; Sat\u00e9lite Sim\u00f3n Bol\u00edvar: 7 a\u00f1os brindando salud y educaci\u00f3nRead more\" \/>\n<meta property=\"og:url\" content=\"https:\/\/www.mpppst.gob.ve\/mpppstweb\/index.php\/2016\/10\/29\/satelite-simon-bolivar-7-anos-brindando-salud-y-educacion\/\" \/>\n<meta property=\"og:site_name\" content=\"MPPPST\" \/>\n<meta property=\"article:published_time\" content=\"2016-10-29T23:20:38+00:00\" \/>\n<meta property=\"article:modified_time\" content=\"2016-10-29T23:36:11+00:00\" \/>\n<meta property=\"og:image\" content=\"https:\/\/www.mpppst.gob.ve\/mpppstweb\/wp-content\/uploads\/2016\/10\/sat\u00e9lite-sim\u00f3n-bol\u00edvar.png\" \/>\n\t<meta property=\"og:image:width\" content=\"800\" \/>\n\t<meta property=\"og:image:height\" content=\"445\" \/>\n\t<meta property=\"og:image:type\" content=\"image\/png\" \/>\n<meta name=\"author\" content=\"MPPPST Prensa\" \/>\n<meta name=\"twitter:card\" content=\"summary_large_image\" \/>\n<meta name=\"twitter:label1\" content=\"Escrito por\" \/>\n\t<meta name=\"twitter:data1\" content=\"MPPPST Prensa\" \/>\n\t<meta name=\"twitter:label2\" content=\"Tiempo de lectura\" \/>\n\t<meta name=\"twitter:data2\" content=\"8 minutos\" \/>\n<script type=\"application\/ld+json\" class=\"yoast-schema-graph\">{\"@context\":\"https:\/\/schema.org\",\"@graph\":[{\"@type\":\"Article\",\"@id\":\"https:\/\/www.mpppst.gob.ve\/mpppstweb\/index.php\/2016\/10\/29\/satelite-simon-bolivar-7-anos-brindando-salud-y-educacion\/#article\",\"isPartOf\":{\"@id\":\"https:\/\/www.mpppst.gob.ve\/mpppstweb\/index.php\/2016\/10\/29\/satelite-simon-bolivar-7-anos-brindando-salud-y-educacion\/\"},\"author\":{\"name\":\"MPPPST Prensa\",\"@id\":\"https:\/\/www.mpppst.gob.ve\/mpppstweb\/#\/schema\/person\/fc187ee8ead412bd4c9304b62f900ea4\"},\"headline\":\"Sat\u00e9lite Sim\u00f3n Bol\u00edvar: 7 a\u00f1os brindando salud y educaci\u00f3n\",\"datePublished\":\"2016-10-29T23:20:38+00:00\",\"dateModified\":\"2016-10-29T23:36:11+00:00\",\"mainEntityOfPage\":{\"@id\":\"https:\/\/www.mpppst.gob.ve\/mpppstweb\/index.php\/2016\/10\/29\/satelite-simon-bolivar-7-anos-brindando-salud-y-educacion\/\"},\"wordCount\":1617,\"publisher\":{\"@id\":\"https:\/\/www.mpppst.gob.ve\/mpppstweb\/#organization\"},\"image\":{\"@id\":\"https:\/\/www.mpppst.gob.ve\/mpppstweb\/index.php\/2016\/10\/29\/satelite-simon-bolivar-7-anos-brindando-salud-y-educacion\/#primaryimage\"},\"thumbnailUrl\":\"https:\/\/www.mpppst.gob.ve\/mpppstweb\/wp-content\/uploads\/2016\/10\/sat\u00e9lite-sim\u00f3n-bol\u00edvar.png\",\"keywords\":[\"Cadenas productivas\",\"Defensa Integral\",\"Gobierno Bolivariano\"],\"articleSection\":[\"Ciencia y tecnolog\u00eda\",\"Internacionales\",\"Noticias\",\"Otros Ministerios\",\"Venezuela y el Mundo\"],\"inLanguage\":\"es\"},{\"@type\":\"WebPage\",\"@id\":\"https:\/\/www.mpppst.gob.ve\/mpppstweb\/index.php\/2016\/10\/29\/satelite-simon-bolivar-7-anos-brindando-salud-y-educacion\/\",\"url\":\"https:\/\/www.mpppst.gob.ve\/mpppstweb\/index.php\/2016\/10\/29\/satelite-simon-bolivar-7-anos-brindando-salud-y-educacion\/\",\"name\":\"Sat\u00e9lite Sim\u00f3n Bol\u00edvar: 7 a\u00f1os brindando salud y educaci\u00f3n - MPPPST\",\"isPartOf\":{\"@id\":\"https:\/\/www.mpppst.gob.ve\/mpppstweb\/#website\"},\"primaryImageOfPage\":{\"@id\":\"https:\/\/www.mpppst.gob.ve\/mpppstweb\/index.php\/2016\/10\/29\/satelite-simon-bolivar-7-anos-brindando-salud-y-educacion\/#primaryimage\"},\"image\":{\"@id\":\"https:\/\/www.mpppst.gob.ve\/mpppstweb\/index.php\/2016\/10\/29\/satelite-simon-bolivar-7-anos-brindando-salud-y-educacion\/#primaryimage\"},\"thumbnailUrl\":\"https:\/\/www.mpppst.gob.ve\/mpppstweb\/wp-content\/uploads\/2016\/10\/sat\u00e9lite-sim\u00f3n-bol\u00edvar.png\",\"datePublished\":\"2016-10-29T23:20:38+00:00\",\"dateModified\":\"2016-10-29T23:36:11+00:00\",\"breadcrumb\":{\"@id\":\"https:\/\/www.mpppst.gob.ve\/mpppstweb\/index.php\/2016\/10\/29\/satelite-simon-bolivar-7-anos-brindando-salud-y-educacion\/#breadcrumb\"},\"inLanguage\":\"es\",\"potentialAction\":[{\"@type\":\"ReadAction\",\"target\":[\"https:\/\/www.mpppst.gob.ve\/mpppstweb\/index.php\/2016\/10\/29\/satelite-simon-bolivar-7-anos-brindando-salud-y-educacion\/\"]}]},{\"@type\":\"ImageObject\",\"inLanguage\":\"es\",\"@id\":\"https:\/\/www.mpppst.gob.ve\/mpppstweb\/index.php\/2016\/10\/29\/satelite-simon-bolivar-7-anos-brindando-salud-y-educacion\/#primaryimage\",\"url\":\"https:\/\/www.mpppst.gob.ve\/mpppstweb\/wp-content\/uploads\/2016\/10\/sat\u00e9lite-sim\u00f3n-bol\u00edvar.png\",\"contentUrl\":\"https:\/\/www.mpppst.gob.ve\/mpppstweb\/wp-content\/uploads\/2016\/10\/sat\u00e9lite-sim\u00f3n-bol\u00edvar.png\",\"width\":800,\"height\":445},{\"@type\":\"BreadcrumbList\",\"@id\":\"https:\/\/www.mpppst.gob.ve\/mpppstweb\/index.php\/2016\/10\/29\/satelite-simon-bolivar-7-anos-brindando-salud-y-educacion\/#breadcrumb\",\"itemListElement\":[{\"@type\":\"ListItem\",\"position\":1,\"name\":\"Home\",\"item\":\"https:\/\/www.mpppst.gob.ve\/mpppstweb\/\"},{\"@type\":\"ListItem\",\"position\":2,\"name\":\"Sat\u00e9lite Sim\u00f3n Bol\u00edvar: 7 a\u00f1os brindando salud y educaci\u00f3n\"}]},{\"@type\":\"WebSite\",\"@id\":\"https:\/\/www.mpppst.gob.ve\/mpppstweb\/#website\",\"url\":\"https:\/\/www.mpppst.gob.ve\/mpppstweb\/\",\"name\":\"MPPPST\",\"description\":\"Ministerio del Poder Popular para el Proceso Social de Trabajo\",\"publisher\":{\"@id\":\"https:\/\/www.mpppst.gob.ve\/mpppstweb\/#organization\"},\"potentialAction\":[{\"@type\":\"SearchAction\",\"target\":{\"@type\":\"EntryPoint\",\"urlTemplate\":\"https:\/\/www.mpppst.gob.ve\/mpppstweb\/?s={search_term_string}\"},\"query-input\":\"required name=search_term_string\"}],\"inLanguage\":\"es\"},{\"@type\":\"Organization\",\"@id\":\"https:\/\/www.mpppst.gob.ve\/mpppstweb\/#organization\",\"name\":\"mpppst\",\"url\":\"https:\/\/www.mpppst.gob.ve\/mpppstweb\/\",\"logo\":{\"@type\":\"ImageObject\",\"inLanguage\":\"es\",\"@id\":\"https:\/\/www.mpppst.gob.ve\/mpppstweb\/#\/schema\/logo\/image\/\",\"url\":\"https:\/\/www.mpppst.gob.ve\/mpppstweb\/wp-content\/uploads\/2025\/07\/cropped-cropped-g910.png\",\"contentUrl\":\"https:\/\/www.mpppst.gob.ve\/mpppstweb\/wp-content\/uploads\/2025\/07\/cropped-cropped-g910.png\",\"width\":1080,\"height\":241,\"caption\":\"mpppst\"},\"image\":{\"@id\":\"https:\/\/www.mpppst.gob.ve\/mpppstweb\/#\/schema\/logo\/image\/\"}},{\"@type\":\"Person\",\"@id\":\"https:\/\/www.mpppst.gob.ve\/mpppstweb\/#\/schema\/person\/fc187ee8ead412bd4c9304b62f900ea4\",\"name\":\"MPPPST Prensa\",\"url\":\"https:\/\/www.mpppst.gob.ve\/mpppstweb\/index.php\/author\/prensa-mpppst\/\"}]}<\/script>\n<!-- \/ Yoast SEO plugin. -->","yoast_head_json":{"title":"Sat\u00e9lite Sim\u00f3n Bol\u00edvar: 7 a\u00f1os brindando salud y educaci\u00f3n - MPPPST","robots":{"index":"index","follow":"follow","max-snippet":"max-snippet:-1","max-image-preview":"max-image-preview:large","max-video-preview":"max-video-preview:-1"},"canonical":"https:\/\/www.mpppst.gob.ve\/mpppstweb\/index.php\/2016\/10\/29\/satelite-simon-bolivar-7-anos-brindando-salud-y-educacion\/","og_locale":"es_ES","og_type":"article","og_title":"Sat\u00e9lite Sim\u00f3n Bol\u00edvar: 7 a\u00f1os brindando salud y educaci\u00f3n - MPPPST","og_description":"Desde el a\u00f1o 2009, hace siete a\u00f1os, Venezuela entr\u00f3 en la etapa: la era satelital. El &hellip; Sat\u00e9lite Sim\u00f3n Bol\u00edvar: 7 a\u00f1os brindando salud y educaci\u00f3nRead more","og_url":"https:\/\/www.mpppst.gob.ve\/mpppstweb\/index.php\/2016\/10\/29\/satelite-simon-bolivar-7-anos-brindando-salud-y-educacion\/","og_site_name":"MPPPST","article_published_time":"2016-10-29T23:20:38+00:00","article_modified_time":"2016-10-29T23:36:11+00:00","og_image":[{"width":800,"height":445,"url":"https:\/\/www.mpppst.gob.ve\/mpppstweb\/wp-content\/uploads\/2016\/10\/sat\u00e9lite-sim\u00f3n-bol\u00edvar.png","type":"image\/png"}],"author":"MPPPST Prensa","twitter_card":"summary_large_image","twitter_misc":{"Escrito por":"MPPPST Prensa","Tiempo de lectura":"8 minutos"},"schema":{"@context":"https:\/\/schema.org","@graph":[{"@type":"Article","@id":"https:\/\/www.mpppst.gob.ve\/mpppstweb\/index.php\/2016\/10\/29\/satelite-simon-bolivar-7-anos-brindando-salud-y-educacion\/#article","isPartOf":{"@id":"https:\/\/www.mpppst.gob.ve\/mpppstweb\/index.php\/2016\/10\/29\/satelite-simon-bolivar-7-anos-brindando-salud-y-educacion\/"},"author":{"name":"MPPPST Prensa","@id":"https:\/\/www.mpppst.gob.ve\/mpppstweb\/#\/schema\/person\/fc187ee8ead412bd4c9304b62f900ea4"},"headline":"Sat\u00e9lite Sim\u00f3n Bol\u00edvar: 7 a\u00f1os brindando salud y educaci\u00f3n","datePublished":"2016-10-29T23:20:38+00:00","dateModified":"2016-10-29T23:36:11+00:00","mainEntityOfPage":{"@id":"https:\/\/www.mpppst.gob.ve\/mpppstweb\/index.php\/2016\/10\/29\/satelite-simon-bolivar-7-anos-brindando-salud-y-educacion\/"},"wordCount":1617,"publisher":{"@id":"https:\/\/www.mpppst.gob.ve\/mpppstweb\/#organization"},"image":{"@id":"https:\/\/www.mpppst.gob.ve\/mpppstweb\/index.php\/2016\/10\/29\/satelite-simon-bolivar-7-anos-brindando-salud-y-educacion\/#primaryimage"},"thumbnailUrl":"https:\/\/www.mpppst.gob.ve\/mpppstweb\/wp-content\/uploads\/2016\/10\/sat\u00e9lite-sim\u00f3n-bol\u00edvar.png","keywords":["Cadenas productivas","Defensa Integral","Gobierno Bolivariano"],"articleSection":["Ciencia y tecnolog\u00eda","Internacionales","Noticias","Otros Ministerios","Venezuela y el Mundo"],"inLanguage":"es"},{"@type":"WebPage","@id":"https:\/\/www.mpppst.gob.ve\/mpppstweb\/index.php\/2016\/10\/29\/satelite-simon-bolivar-7-anos-brindando-salud-y-educacion\/","url":"https:\/\/www.mpppst.gob.ve\/mpppstweb\/index.php\/2016\/10\/29\/satelite-simon-bolivar-7-anos-brindando-salud-y-educacion\/","name":"Sat\u00e9lite Sim\u00f3n Bol\u00edvar: 7 a\u00f1os brindando salud y educaci\u00f3n - MPPPST","isPartOf":{"@id":"https:\/\/www.mpppst.gob.ve\/mpppstweb\/#website"},"primaryImageOfPage":{"@id":"https:\/\/www.mpppst.gob.ve\/mpppstweb\/index.php\/2016\/10\/29\/satelite-simon-bolivar-7-anos-brindando-salud-y-educacion\/#primaryimage"},"image":{"@id":"https:\/\/www.mpppst.gob.ve\/mpppstweb\/index.php\/2016\/10\/29\/satelite-simon-bolivar-7-anos-brindando-salud-y-educacion\/#primaryimage"},"thumbnailUrl":"https:\/\/www.mpppst.gob.ve\/mpppstweb\/wp-content\/uploads\/2016\/10\/sat\u00e9lite-sim\u00f3n-bol\u00edvar.png","datePublished":"2016-10-29T23:20:38+00:00","dateModified":"2016-10-29T23:36:11+00:00","breadcrumb":{"@id":"https:\/\/www.mpppst.gob.ve\/mpppstweb\/index.php\/2016\/10\/29\/satelite-simon-bolivar-7-anos-brindando-salud-y-educacion\/#breadcrumb"},"inLanguage":"es","potentialAction":[{"@type":"ReadAction","target":["https:\/\/www.mpppst.gob.ve\/mpppstweb\/index.php\/2016\/10\/29\/satelite-simon-bolivar-7-anos-brindando-salud-y-educacion\/"]}]},{"@type":"ImageObject","inLanguage":"es","@id":"https:\/\/www.mpppst.gob.ve\/mpppstweb\/index.php\/2016\/10\/29\/satelite-simon-bolivar-7-anos-brindando-salud-y-educacion\/#primaryimage","url":"https:\/\/www.mpppst.gob.ve\/mpppstweb\/wp-content\/uploads\/2016\/10\/sat\u00e9lite-sim\u00f3n-bol\u00edvar.png","contentUrl":"https:\/\/www.mpppst.gob.ve\/mpppstweb\/wp-content\/uploads\/2016\/10\/sat\u00e9lite-sim\u00f3n-bol\u00edvar.png","width":800,"height":445},{"@type":"BreadcrumbList","@id":"https:\/\/www.mpppst.gob.ve\/mpppstweb\/index.php\/2016\/10\/29\/satelite-simon-bolivar-7-anos-brindando-salud-y-educacion\/#breadcrumb","itemListElement":[{"@type":"ListItem","position":1,"name":"Home","item":"https:\/\/www.mpppst.gob.ve\/mpppstweb\/"},{"@type":"ListItem","position":2,"name":"Sat\u00e9lite Sim\u00f3n Bol\u00edvar: 7 a\u00f1os brindando salud y educaci\u00f3n"}]},{"@type":"WebSite","@id":"https:\/\/www.mpppst.gob.ve\/mpppstweb\/#website","url":"https:\/\/www.mpppst.gob.ve\/mpppstweb\/","name":"MPPPST","description":"Ministerio del Poder Popular para el Proceso Social de Trabajo","publisher":{"@id":"https:\/\/www.mpppst.gob.ve\/mpppstweb\/#organization"},"potentialAction":[{"@type":"SearchAction","target":{"@type":"EntryPoint","urlTemplate":"https:\/\/www.mpppst.gob.ve\/mpppstweb\/?s={search_term_string}"},"query-input":"required name=search_term_string"}],"inLanguage":"es"},{"@type":"Organization","@id":"https:\/\/www.mpppst.gob.ve\/mpppstweb\/#organization","name":"mpppst","url":"https:\/\/www.mpppst.gob.ve\/mpppstweb\/","logo":{"@type":"ImageObject","inLanguage":"es","@id":"https:\/\/www.mpppst.gob.ve\/mpppstweb\/#\/schema\/logo\/image\/","url":"https:\/\/www.mpppst.gob.ve\/mpppstweb\/wp-content\/uploads\/2025\/07\/cropped-cropped-g910.png","contentUrl":"https:\/\/www.mpppst.gob.ve\/mpppstweb\/wp-content\/uploads\/2025\/07\/cropped-cropped-g910.png","width":1080,"height":241,"caption":"mpppst"},"image":{"@id":"https:\/\/www.mpppst.gob.ve\/mpppstweb\/#\/schema\/logo\/image\/"}},{"@type":"Person","@id":"https:\/\/www.mpppst.gob.ve\/mpppstweb\/#\/schema\/person\/fc187ee8ead412bd4c9304b62f900ea4","name":"MPPPST Prensa","url":"https:\/\/www.mpppst.gob.ve\/mpppstweb\/index.php\/author\/prensa-mpppst\/"}]}},"_links":{"self":[{"href":"https:\/\/www.mpppst.gob.ve\/mpppstweb\/index.php\/wp-json\/wp\/v2\/posts\/8976"}],"collection":[{"href":"https:\/\/www.mpppst.gob.ve\/mpppstweb\/index.php\/wp-json\/wp\/v2\/posts"}],"about":[{"href":"https:\/\/www.mpppst.gob.ve\/mpppstweb\/index.php\/wp-json\/wp\/v2\/types\/post"}],"author":[{"embeddable":true,"href":"https:\/\/www.mpppst.gob.ve\/mpppstweb\/index.php\/wp-json\/wp\/v2\/users\/25"}],"replies":[{"embeddable":true,"href":"https:\/\/www.mpppst.gob.ve\/mpppstweb\/index.php\/wp-json\/wp\/v2\/comments?post=8976"}],"version-history":[{"count":1,"href":"https:\/\/www.mpppst.gob.ve\/mpppstweb\/index.php\/wp-json\/wp\/v2\/posts\/8976\/revisions"}],"predecessor-version":[{"id":8978,"href":"https:\/\/www.mpppst.gob.ve\/mpppstweb\/index.php\/wp-json\/wp\/v2\/posts\/8976\/revisions\/8978"}],"wp:featuredmedia":[{"embeddable":true,"href":"https:\/\/www.mpppst.gob.ve\/mpppstweb\/index.php\/wp-json\/wp\/v2\/media\/8977"}],"wp:attachment":[{"href":"https:\/\/www.mpppst.gob.ve\/mpppstweb\/index.php\/wp-json\/wp\/v2\/media?parent=8976"}],"wp:term":[{"taxonomy":"category","embeddable":true,"href":"https:\/\/www.mpppst.gob.ve\/mpppstweb\/index.php\/wp-json\/wp\/v2\/categories?post=8976"},{"taxonomy":"post_tag","embeddable":true,"href":"https:\/\/www.mpppst.gob.ve\/mpppstweb\/index.php\/wp-json\/wp\/v2\/tags?post=8976"}],"curies":[{"name":"wp","href":"https:\/\/api.w.org\/{rel}","templated":true}]}}