{"id":8982,"date":"2016-10-30T00:09:37","date_gmt":"2016-10-30T00:09:37","guid":{"rendered":"http:\/\/www.mpppst.gob.ve\/mpppstweb\/?p=8982"},"modified":"2016-10-30T00:09:37","modified_gmt":"2016-10-30T00:09:37","slug":"ministro-vera-inaugura-consultorio-popular-y-entrega-tarjetas-hogares-de-la-patria-en-portuguesa","status":"publish","type":"post","link":"https:\/\/www.mpppst.gob.ve\/mpppstweb\/index.php\/2016\/10\/30\/ministro-vera-inaugura-consultorio-popular-y-entrega-tarjetas-hogares-de-la-patria-en-portuguesa\/","title":{"rendered":"Ministro Vera inaugura Consultorio Popular y entrega tarjetas Hogares de la Patria en Portuguesa"},"content":{"rendered":"<p>El despliegue asumido por el ministro del Poder Popular para el Proceso Social de Trabajo, Oswaldo Vera, con el fin de atender a los sectores m\u00e1s vulnerables de algunas regiones del pa\u00eds ha sido realmente significativo y contundente. El fin: proteger a los m\u00e1s afectados por la cruenta coyuntura actual.<\/p>\n<p>El d\u00eda de hoy inaugur\u00f3 un Consultorio Popular Tipo 2 en el sector Los Colorado Maparia, Turen, en el estado Portuguesa. Estuvo acompa\u00f1ado del Gobernador Reinaldo Casta\u00f1eda y del Alcalde de Tur\u00e9n Onofrio Cavallo. Tambi\u00e9n<br \/>\ninaugur\u00f3\u00a0 la Base de Misi\u00f3n Socialista \u00abBarrio Uni\u00f3n\u00bb,\u00a0 y entreg\u00f3 de Tarjetas de Hogares de la Patria a las familias con necesidades sentidas.<\/p>\n<p><strong>De Misi\u00f3n en Misi\u00f3n <\/strong><\/p>\n<p>El ministro Vera fue recibido por un grupo de participante de la Misi\u00f3n Cultura, quienes ofrecieron un baile en el marco del despliegue realizado el d\u00eda de hoy. Asimismo, resalt\u00f3 en su visita al estado Portuguesa la entrega de las Tarjetas de Hogares de la Patria beneficiando hasta el momento a \u00a0familias de bajos recursos.<\/p>\n<p>De esta manera, contin\u00faan las pol\u00edticas sociales para el pueblo, apoyando las misiones de la mano del presidente Nicol\u00e1s Maduro Moros y apoyando el 73 % en el debate del presupuesto 2017, para garantizar los beneficios en materia social.<\/p>\n<p>Por Marbelys Mav\u00e1rez Laguna<\/p>\n","protected":false},"excerpt":{"rendered":"<p>El despliegue asumido por el ministro del Poder Popular para el Proceso Social de Trabajo, Oswaldo &hellip; <a title=\"Ministro Vera inaugura Consultorio Popular y entrega tarjetas Hogares de la Patria en Portuguesa\" class=\"hm-read-more\" href=\"https:\/\/www.mpppst.gob.ve\/mpppstweb\/index.php\/2016\/10\/30\/ministro-vera-inaugura-consultorio-popular-y-entrega-tarjetas-hogares-de-la-patria-en-portuguesa\/\"><span class=\"screen-reader-text\">Ministro Vera inaugura Consultorio Popular y entrega tarjetas Hogares de la Patria en Portuguesa<\/span>Read more<\/a><\/p>\n","protected":false},"author":25,"featured_media":8983,"comment_status":"closed","ping_status":"closed","sticky":false,"template":"","format":"standard","meta":{"footnotes":""},"categories":[83,218,163],"tags":[242,223,240],"yoast_head":"<!-- This site is optimized with the Yoast SEO plugin v22.5 - https:\/\/yoast.com\/wordpress\/plugins\/seo\/ -->\n<title>Ministro Vera inaugura Consultorio Popular y entrega tarjetas Hogares de la Patria en Portuguesa - MPPPST<\/title>\n<meta name=\"robots\" content=\"index, follow, max-snippet:-1, max-image-preview:large, max-video-preview:-1\" \/>\n<link rel=\"canonical\" href=\"https:\/\/www.mpppst.gob.ve\/mpppstweb\/index.php\/2016\/10\/30\/ministro-vera-inaugura-consultorio-popular-y-entrega-tarjetas-hogares-de-la-patria-en-portuguesa\/\" \/>\n<meta property=\"og:locale\" content=\"es_ES\" \/>\n<meta property=\"og:type\" content=\"article\" \/>\n<meta property=\"og:title\" content=\"Ministro Vera inaugura Consultorio Popular y entrega tarjetas Hogares de la Patria en Portuguesa - MPPPST\" \/>\n<meta property=\"og:description\" content=\"El despliegue asumido por el ministro del Poder Popular para el Proceso Social de Trabajo, Oswaldo &hellip; Ministro Vera inaugura Consultorio Popular y entrega tarjetas Hogares de la Patria en PortuguesaRead more\" \/>\n<meta property=\"og:url\" content=\"https:\/\/www.mpppst.gob.ve\/mpppstweb\/index.php\/2016\/10\/30\/ministro-vera-inaugura-consultorio-popular-y-entrega-tarjetas-hogares-de-la-patria-en-portuguesa\/\" \/>\n<meta property=\"og:site_name\" content=\"MPPPST\" \/>\n<meta property=\"article:published_time\" content=\"2016-10-30T00:09:37+00:00\" \/>\n<meta property=\"og:image\" content=\"https:\/\/www.mpppst.gob.ve\/mpppstweb\/wp-content\/uploads\/2016\/10\/Ministro-en-Portuguesa-1.jpg\" \/>\n\t<meta property=\"og:image:width\" content=\"1280\" \/>\n\t<meta property=\"og:image:height\" content=\"960\" \/>\n\t<meta property=\"og:image:type\" content=\"image\/jpeg\" \/>\n<meta name=\"author\" content=\"MPPPST Prensa\" \/>\n<meta name=\"twitter:card\" content=\"summary_large_image\" \/>\n<meta name=\"twitter:label1\" content=\"Escrito por\" \/>\n\t<meta name=\"twitter:data1\" content=\"MPPPST Prensa\" \/>\n\t<meta name=\"twitter:label2\" content=\"Tiempo de lectura\" \/>\n\t<meta name=\"twitter:data2\" content=\"1 minuto\" \/>\n<script type=\"application\/ld+json\" class=\"yoast-schema-graph\">{\"@context\":\"https:\/\/schema.org\",\"@graph\":[{\"@type\":\"Article\",\"@id\":\"https:\/\/www.mpppst.gob.ve\/mpppstweb\/index.php\/2016\/10\/30\/ministro-vera-inaugura-consultorio-popular-y-entrega-tarjetas-hogares-de-la-patria-en-portuguesa\/#article\",\"isPartOf\":{\"@id\":\"https:\/\/www.mpppst.gob.ve\/mpppstweb\/index.php\/2016\/10\/30\/ministro-vera-inaugura-consultorio-popular-y-entrega-tarjetas-hogares-de-la-patria-en-portuguesa\/\"},\"author\":{\"name\":\"MPPPST Prensa\",\"@id\":\"https:\/\/www.mpppst.gob.ve\/mpppstweb\/#\/schema\/person\/fc187ee8ead412bd4c9304b62f900ea4\"},\"headline\":\"Ministro Vera inaugura Consultorio Popular y entrega tarjetas Hogares de la Patria en Portuguesa\",\"datePublished\":\"2016-10-30T00:09:37+00:00\",\"dateModified\":\"2016-10-30T00:09:37+00:00\",\"mainEntityOfPage\":{\"@id\":\"https:\/\/www.mpppst.gob.ve\/mpppstweb\/index.php\/2016\/10\/30\/ministro-vera-inaugura-consultorio-popular-y-entrega-tarjetas-hogares-de-la-patria-en-portuguesa\/\"},\"wordCount\":238,\"publisher\":{\"@id\":\"https:\/\/www.mpppst.gob.ve\/mpppstweb\/#organization\"},\"image\":{\"@id\":\"https:\/\/www.mpppst.gob.ve\/mpppstweb\/index.php\/2016\/10\/30\/ministro-vera-inaugura-consultorio-popular-y-entrega-tarjetas-hogares-de-la-patria-en-portuguesa\/#primaryimage\"},\"thumbnailUrl\":\"https:\/\/www.mpppst.gob.ve\/mpppstweb\/wp-content\/uploads\/2016\/10\/Ministro-en-Portuguesa-1.jpg\",\"keywords\":[\"Justa distribuci\u00f3n de la riqueza\",\"MPPPST\",\"Participaci\u00f3n popular y protag\u00f3nica\"],\"articleSection\":[\"Ministerio\",\"Misiones y Grandes Misiones\",\"Noticias\"],\"inLanguage\":\"es\"},{\"@type\":\"WebPage\",\"@id\":\"https:\/\/www.mpppst.gob.ve\/mpppstweb\/index.php\/2016\/10\/30\/ministro-vera-inaugura-consultorio-popular-y-entrega-tarjetas-hogares-de-la-patria-en-portuguesa\/\",\"url\":\"https:\/\/www.mpppst.gob.ve\/mpppstweb\/index.php\/2016\/10\/30\/ministro-vera-inaugura-consultorio-popular-y-entrega-tarjetas-hogares-de-la-patria-en-portuguesa\/\",\"name\":\"Ministro Vera inaugura Consultorio Popular y entrega tarjetas Hogares de la Patria en Portuguesa - MPPPST\",\"isPartOf\":{\"@id\":\"https:\/\/www.mpppst.gob.ve\/mpppstweb\/#website\"},\"primaryImageOfPage\":{\"@id\":\"https:\/\/www.mpppst.gob.ve\/mpppstweb\/index.php\/2016\/10\/30\/ministro-vera-inaugura-consultorio-popular-y-entrega-tarjetas-hogares-de-la-patria-en-portuguesa\/#primaryimage\"},\"image\":{\"@id\":\"https:\/\/www.mpppst.gob.ve\/mpppstweb\/index.php\/2016\/10\/30\/ministro-vera-inaugura-consultorio-popular-y-entrega-tarjetas-hogares-de-la-patria-en-portuguesa\/#primaryimage\"},\"thumbnailUrl\":\"https:\/\/www.mpppst.gob.ve\/mpppstweb\/wp-content\/uploads\/2016\/10\/Ministro-en-Portuguesa-1.jpg\",\"datePublished\":\"2016-10-30T00:09:37+00:00\",\"dateModified\":\"2016-10-30T00:09:37+00:00\",\"breadcrumb\":{\"@id\":\"https:\/\/www.mpppst.gob.ve\/mpppstweb\/index.php\/2016\/10\/30\/ministro-vera-inaugura-consultorio-popular-y-entrega-tarjetas-hogares-de-la-patria-en-portuguesa\/#breadcrumb\"},\"inLanguage\":\"es\",\"potentialAction\":[{\"@type\":\"ReadAction\",\"target\":[\"https:\/\/www.mpppst.gob.ve\/mpppstweb\/index.php\/2016\/10\/30\/ministro-vera-inaugura-consultorio-popular-y-entrega-tarjetas-hogares-de-la-patria-en-portuguesa\/\"]}]},{\"@type\":\"ImageObject\",\"inLanguage\":\"es\",\"@id\":\"https:\/\/www.mpppst.gob.ve\/mpppstweb\/index.php\/2016\/10\/30\/ministro-vera-inaugura-consultorio-popular-y-entrega-tarjetas-hogares-de-la-patria-en-portuguesa\/#primaryimage\",\"url\":\"https:\/\/www.mpppst.gob.ve\/mpppstweb\/wp-content\/uploads\/2016\/10\/Ministro-en-Portuguesa-1.jpg\",\"contentUrl\":\"https:\/\/www.mpppst.gob.ve\/mpppstweb\/wp-content\/uploads\/2016\/10\/Ministro-en-Portuguesa-1.jpg\",\"width\":1280,\"height\":960},{\"@type\":\"BreadcrumbList\",\"@id\":\"https:\/\/www.mpppst.gob.ve\/mpppstweb\/index.php\/2016\/10\/30\/ministro-vera-inaugura-consultorio-popular-y-entrega-tarjetas-hogares-de-la-patria-en-portuguesa\/#breadcrumb\",\"itemListElement\":[{\"@type\":\"ListItem\",\"position\":1,\"name\":\"Home\",\"item\":\"https:\/\/www.mpppst.gob.ve\/mpppstweb\/\"},{\"@type\":\"ListItem\",\"position\":2,\"name\":\"Ministro Vera inaugura Consultorio Popular y entrega tarjetas Hogares de la Patria en Portuguesa\"}]},{\"@type\":\"WebSite\",\"@id\":\"https:\/\/www.mpppst.gob.ve\/mpppstweb\/#website\",\"url\":\"https:\/\/www.mpppst.gob.ve\/mpppstweb\/\",\"name\":\"MPPPST\",\"description\":\"Ministerio del Poder Popular para el Proceso Social de Trabajo\",\"publisher\":{\"@id\":\"https:\/\/www.mpppst.gob.ve\/mpppstweb\/#organization\"},\"potentialAction\":[{\"@type\":\"SearchAction\",\"target\":{\"@type\":\"EntryPoint\",\"urlTemplate\":\"https:\/\/www.mpppst.gob.ve\/mpppstweb\/?s={search_term_string}\"},\"query-input\":\"required name=search_term_string\"}],\"inLanguage\":\"es\"},{\"@type\":\"Organization\",\"@id\":\"https:\/\/www.mpppst.gob.ve\/mpppstweb\/#organization\",\"name\":\"mpppst\",\"url\":\"https:\/\/www.mpppst.gob.ve\/mpppstweb\/\",\"logo\":{\"@type\":\"ImageObject\",\"inLanguage\":\"es\",\"@id\":\"https:\/\/www.mpppst.gob.ve\/mpppstweb\/#\/schema\/logo\/image\/\",\"url\":\"https:\/\/www.mpppst.gob.ve\/mpppstweb\/wp-content\/uploads\/2025\/07\/cropped-cropped-g910.png\",\"contentUrl\":\"https:\/\/www.mpppst.gob.ve\/mpppstweb\/wp-content\/uploads\/2025\/07\/cropped-cropped-g910.png\",\"width\":1080,\"height\":241,\"caption\":\"mpppst\"},\"image\":{\"@id\":\"https:\/\/www.mpppst.gob.ve\/mpppstweb\/#\/schema\/logo\/image\/\"}},{\"@type\":\"Person\",\"@id\":\"https:\/\/www.mpppst.gob.ve\/mpppstweb\/#\/schema\/person\/fc187ee8ead412bd4c9304b62f900ea4\",\"name\":\"MPPPST Prensa\",\"url\":\"https:\/\/www.mpppst.gob.ve\/mpppstweb\/index.php\/author\/prensa-mpppst\/\"}]}<\/script>\n<!-- \/ Yoast SEO plugin. -->","yoast_head_json":{"title":"Ministro Vera inaugura Consultorio Popular y entrega tarjetas Hogares de la Patria en Portuguesa - MPPPST","robots":{"index":"index","follow":"follow","max-snippet":"max-snippet:-1","max-image-preview":"max-image-preview:large","max-video-preview":"max-video-preview:-1"},"canonical":"https:\/\/www.mpppst.gob.ve\/mpppstweb\/index.php\/2016\/10\/30\/ministro-vera-inaugura-consultorio-popular-y-entrega-tarjetas-hogares-de-la-patria-en-portuguesa\/","og_locale":"es_ES","og_type":"article","og_title":"Ministro Vera inaugura Consultorio Popular y entrega tarjetas Hogares de la Patria en Portuguesa - MPPPST","og_description":"El despliegue asumido por el ministro del Poder Popular para el Proceso Social de Trabajo, Oswaldo &hellip; Ministro Vera inaugura Consultorio Popular y entrega tarjetas Hogares de la Patria en PortuguesaRead more","og_url":"https:\/\/www.mpppst.gob.ve\/mpppstweb\/index.php\/2016\/10\/30\/ministro-vera-inaugura-consultorio-popular-y-entrega-tarjetas-hogares-de-la-patria-en-portuguesa\/","og_site_name":"MPPPST","article_published_time":"2016-10-30T00:09:37+00:00","og_image":[{"width":1280,"height":960,"url":"https:\/\/www.mpppst.gob.ve\/mpppstweb\/wp-content\/uploads\/2016\/10\/Ministro-en-Portuguesa-1.jpg","type":"image\/jpeg"}],"author":"MPPPST Prensa","twitter_card":"summary_large_image","twitter_misc":{"Escrito por":"MPPPST Prensa","Tiempo de lectura":"1 minuto"},"schema":{"@context":"https:\/\/schema.org","@graph":[{"@type":"Article","@id":"https:\/\/www.mpppst.gob.ve\/mpppstweb\/index.php\/2016\/10\/30\/ministro-vera-inaugura-consultorio-popular-y-entrega-tarjetas-hogares-de-la-patria-en-portuguesa\/#article","isPartOf":{"@id":"https:\/\/www.mpppst.gob.ve\/mpppstweb\/index.php\/2016\/10\/30\/ministro-vera-inaugura-consultorio-popular-y-entrega-tarjetas-hogares-de-la-patria-en-portuguesa\/"},"author":{"name":"MPPPST Prensa","@id":"https:\/\/www.mpppst.gob.ve\/mpppstweb\/#\/schema\/person\/fc187ee8ead412bd4c9304b62f900ea4"},"headline":"Ministro Vera inaugura Consultorio Popular y entrega tarjetas Hogares de la Patria en Portuguesa","datePublished":"2016-10-30T00:09:37+00:00","dateModified":"2016-10-30T00:09:37+00:00","mainEntityOfPage":{"@id":"https:\/\/www.mpppst.gob.ve\/mpppstweb\/index.php\/2016\/10\/30\/ministro-vera-inaugura-consultorio-popular-y-entrega-tarjetas-hogares-de-la-patria-en-portuguesa\/"},"wordCount":238,"publisher":{"@id":"https:\/\/www.mpppst.gob.ve\/mpppstweb\/#organization"},"image":{"@id":"https:\/\/www.mpppst.gob.ve\/mpppstweb\/index.php\/2016\/10\/30\/ministro-vera-inaugura-consultorio-popular-y-entrega-tarjetas-hogares-de-la-patria-en-portuguesa\/#primaryimage"},"thumbnailUrl":"https:\/\/www.mpppst.gob.ve\/mpppstweb\/wp-content\/uploads\/2016\/10\/Ministro-en-Portuguesa-1.jpg","keywords":["Justa distribuci\u00f3n de la riqueza","MPPPST","Participaci\u00f3n popular y protag\u00f3nica"],"articleSection":["Ministerio","Misiones y Grandes Misiones","Noticias"],"inLanguage":"es"},{"@type":"WebPage","@id":"https:\/\/www.mpppst.gob.ve\/mpppstweb\/index.php\/2016\/10\/30\/ministro-vera-inaugura-consultorio-popular-y-entrega-tarjetas-hogares-de-la-patria-en-portuguesa\/","url":"https:\/\/www.mpppst.gob.ve\/mpppstweb\/index.php\/2016\/10\/30\/ministro-vera-inaugura-consultorio-popular-y-entrega-tarjetas-hogares-de-la-patria-en-portuguesa\/","name":"Ministro Vera inaugura Consultorio Popular y entrega tarjetas Hogares de la Patria en Portuguesa - MPPPST","isPartOf":{"@id":"https:\/\/www.mpppst.gob.ve\/mpppstweb\/#website"},"primaryImageOfPage":{"@id":"https:\/\/www.mpppst.gob.ve\/mpppstweb\/index.php\/2016\/10\/30\/ministro-vera-inaugura-consultorio-popular-y-entrega-tarjetas-hogares-de-la-patria-en-portuguesa\/#primaryimage"},"image":{"@id":"https:\/\/www.mpppst.gob.ve\/mpppstweb\/index.php\/2016\/10\/30\/ministro-vera-inaugura-consultorio-popular-y-entrega-tarjetas-hogares-de-la-patria-en-portuguesa\/#primaryimage"},"thumbnailUrl":"https:\/\/www.mpppst.gob.ve\/mpppstweb\/wp-content\/uploads\/2016\/10\/Ministro-en-Portuguesa-1.jpg","datePublished":"2016-10-30T00:09:37+00:00","dateModified":"2016-10-30T00:09:37+00:00","breadcrumb":{"@id":"https:\/\/www.mpppst.gob.ve\/mpppstweb\/index.php\/2016\/10\/30\/ministro-vera-inaugura-consultorio-popular-y-entrega-tarjetas-hogares-de-la-patria-en-portuguesa\/#breadcrumb"},"inLanguage":"es","potentialAction":[{"@type":"ReadAction","target":["https:\/\/www.mpppst.gob.ve\/mpppstweb\/index.php\/2016\/10\/30\/ministro-vera-inaugura-consultorio-popular-y-entrega-tarjetas-hogares-de-la-patria-en-portuguesa\/"]}]},{"@type":"ImageObject","inLanguage":"es","@id":"https:\/\/www.mpppst.gob.ve\/mpppstweb\/index.php\/2016\/10\/30\/ministro-vera-inaugura-consultorio-popular-y-entrega-tarjetas-hogares-de-la-patria-en-portuguesa\/#primaryimage","url":"https:\/\/www.mpppst.gob.ve\/mpppstweb\/wp-content\/uploads\/2016\/10\/Ministro-en-Portuguesa-1.jpg","contentUrl":"https:\/\/www.mpppst.gob.ve\/mpppstweb\/wp-content\/uploads\/2016\/10\/Ministro-en-Portuguesa-1.jpg","width":1280,"height":960},{"@type":"BreadcrumbList","@id":"https:\/\/www.mpppst.gob.ve\/mpppstweb\/index.php\/2016\/10\/30\/ministro-vera-inaugura-consultorio-popular-y-entrega-tarjetas-hogares-de-la-patria-en-portuguesa\/#breadcrumb","itemListElement":[{"@type":"ListItem","position":1,"name":"Home","item":"https:\/\/www.mpppst.gob.ve\/mpppstweb\/"},{"@type":"ListItem","position":2,"name":"Ministro Vera inaugura Consultorio Popular y entrega tarjetas Hogares de la Patria en Portuguesa"}]},{"@type":"WebSite","@id":"https:\/\/www.mpppst.gob.ve\/mpppstweb\/#website","url":"https:\/\/www.mpppst.gob.ve\/mpppstweb\/","name":"MPPPST","description":"Ministerio del Poder Popular para el Proceso Social de Trabajo","publisher":{"@id":"https:\/\/www.mpppst.gob.ve\/mpppstweb\/#organization"},"potentialAction":[{"@type":"SearchAction","target":{"@type":"EntryPoint","urlTemplate":"https:\/\/www.mpppst.gob.ve\/mpppstweb\/?s={search_term_string}"},"query-input":"required name=search_term_string"}],"inLanguage":"es"},{"@type":"Organization","@id":"https:\/\/www.mpppst.gob.ve\/mpppstweb\/#organization","name":"mpppst","url":"https:\/\/www.mpppst.gob.ve\/mpppstweb\/","logo":{"@type":"ImageObject","inLanguage":"es","@id":"https:\/\/www.mpppst.gob.ve\/mpppstweb\/#\/schema\/logo\/image\/","url":"https:\/\/www.mpppst.gob.ve\/mpppstweb\/wp-content\/uploads\/2025\/07\/cropped-cropped-g910.png","contentUrl":"https:\/\/www.mpppst.gob.ve\/mpppstweb\/wp-content\/uploads\/2025\/07\/cropped-cropped-g910.png","width":1080,"height":241,"caption":"mpppst"},"image":{"@id":"https:\/\/www.mpppst.gob.ve\/mpppstweb\/#\/schema\/logo\/image\/"}},{"@type":"Person","@id":"https:\/\/www.mpppst.gob.ve\/mpppstweb\/#\/schema\/person\/fc187ee8ead412bd4c9304b62f900ea4","name":"MPPPST Prensa","url":"https:\/\/www.mpppst.gob.ve\/mpppstweb\/index.php\/author\/prensa-mpppst\/"}]}},"_links":{"self":[{"href":"https:\/\/www.mpppst.gob.ve\/mpppstweb\/index.php\/wp-json\/wp\/v2\/posts\/8982"}],"collection":[{"href":"https:\/\/www.mpppst.gob.ve\/mpppstweb\/index.php\/wp-json\/wp\/v2\/posts"}],"about":[{"href":"https:\/\/www.mpppst.gob.ve\/mpppstweb\/index.php\/wp-json\/wp\/v2\/types\/post"}],"author":[{"embeddable":true,"href":"https:\/\/www.mpppst.gob.ve\/mpppstweb\/index.php\/wp-json\/wp\/v2\/users\/25"}],"replies":[{"embeddable":true,"href":"https:\/\/www.mpppst.gob.ve\/mpppstweb\/index.php\/wp-json\/wp\/v2\/comments?post=8982"}],"version-history":[{"count":1,"href":"https:\/\/www.mpppst.gob.ve\/mpppstweb\/index.php\/wp-json\/wp\/v2\/posts\/8982\/revisions"}],"predecessor-version":[{"id":8984,"href":"https:\/\/www.mpppst.gob.ve\/mpppstweb\/index.php\/wp-json\/wp\/v2\/posts\/8982\/revisions\/8984"}],"wp:featuredmedia":[{"embeddable":true,"href":"https:\/\/www.mpppst.gob.ve\/mpppstweb\/index.php\/wp-json\/wp\/v2\/media\/8983"}],"wp:attachment":[{"href":"https:\/\/www.mpppst.gob.ve\/mpppstweb\/index.php\/wp-json\/wp\/v2\/media?parent=8982"}],"wp:term":[{"taxonomy":"category","embeddable":true,"href":"https:\/\/www.mpppst.gob.ve\/mpppstweb\/index.php\/wp-json\/wp\/v2\/categories?post=8982"},{"taxonomy":"post_tag","embeddable":true,"href":"https:\/\/www.mpppst.gob.ve\/mpppstweb\/index.php\/wp-json\/wp\/v2\/tags?post=8982"}],"curies":[{"name":"wp","href":"https:\/\/api.w.org\/{rel}","templated":true}]}}