{"id":8985,"date":"2016-10-30T21:55:51","date_gmt":"2016-10-30T21:55:51","guid":{"rendered":"http:\/\/www.mpppst.gob.ve\/mpppstweb\/?p=8985"},"modified":"2016-10-30T21:55:51","modified_gmt":"2016-10-30T21:55:51","slug":"61-de-los-venezolanos-consideran-que-tema-economico-debe-ser-prioridad-en-dialogo","status":"publish","type":"post","link":"https:\/\/www.mpppst.gob.ve\/mpppstweb\/index.php\/2016\/10\/30\/61-de-los-venezolanos-consideran-que-tema-economico-debe-ser-prioridad-en-dialogo\/","title":{"rendered":"61% de los venezolanos consideran que tema econ\u00f3mico debe ser prioridad en di\u00e1logo"},"content":{"rendered":"<p>De acuerdo con el \u00faltimo estudio Monitor Pa\u00eds de la empresa encuestadora Hinterlaces, el 83% de los venezolanos respalda el proceso de di\u00e1logo entre el Gobierno bolivariano y la oposici\u00f3n venezolana, y un 61% se\u00f1ala que el tema econ\u00f3mico debe ser prioridad en esos encuentros.<\/p>\n<p>El estudio, presentado por el periodista Jos\u00e9 Vicente Rangel en su programa Jos\u00e9 Vicente Hoy, que transmite el canal privado Televen, fue realizado entre el 11 al 22 de octubre de 2016, con 1.580 entrevistas directas en hogares todo el pa\u00eds.<\/p>\n<p>El reporte ejecutivo de Hinterlaces detalla adem\u00e1s que el 84% de los venezolanos est\u00e1 de acuerdo con que haya una mediaci\u00f3n internacional que promueva el di\u00e1logo entre el Gobierno del presidente Nicol\u00e1s Maduro y la oposici\u00f3n, mientras que s\u00f3lo un 14% de los encuestados manifest\u00f3 estar en desacuerdo y 2% no contestaron.<\/p>\n<p>En cuanto a la mediaci\u00f3n del Papa Francisco para promover la paz y el dialogo en Venezuela, un 87% de los venezolanos dijo estar de acuerdo contra un 10% de los entrevistados que manifestaron estar en desacuerdo y 3% que no contest\u00f3 a la pregunta.<\/p>\n<p>Asimismo, a la pregunta: \u00ab\u00bfUsted estar\u00eda &#8216;de acuerdo&#8217; o &#8216;en desacuerdo&#8217; con que haya una intervenci\u00f3n internacional en Venezuela para sacar al presidente Maduro del poder?\u00bb, 76% contest\u00f3 estar en desacuerdo, 19% de acuerdo y 5% dijeron no saber o no contest\u00f3.<\/p>\n<p>De igual forma, 87% de los venezolanos se\u00f1al\u00f3 estar en desacuerdo con que haya una intervenci\u00f3n militar internacional en Venezuela. S\u00f3lo 10% de los encuestados dijo estar de acuerdo y 3% no contest\u00f3.<\/p>\n<p>Por AVN<\/p>\n<p>&nbsp;<\/p>\n","protected":false},"excerpt":{"rendered":"<p>De acuerdo con el \u00faltimo estudio Monitor Pa\u00eds de la empresa encuestadora Hinterlaces, el 83% de &hellip; <a title=\"61% de los venezolanos consideran que tema econ\u00f3mico debe ser prioridad en di\u00e1logo\" class=\"hm-read-more\" href=\"https:\/\/www.mpppst.gob.ve\/mpppstweb\/index.php\/2016\/10\/30\/61-de-los-venezolanos-consideran-que-tema-economico-debe-ser-prioridad-en-dialogo\/\"><span class=\"screen-reader-text\">61% de los venezolanos consideran que tema econ\u00f3mico debe ser prioridad en di\u00e1logo<\/span>Read more<\/a><\/p>\n","protected":false},"author":25,"featured_media":8986,"comment_status":"closed","ping_status":"closed","sticky":false,"template":"","format":"standard","meta":{"footnotes":""},"categories":[82,163],"tags":[242],"yoast_head":"<!-- This site is optimized with the Yoast SEO plugin v22.5 - https:\/\/yoast.com\/wordpress\/plugins\/seo\/ -->\n<title>61% de los venezolanos consideran que tema econ\u00f3mico debe ser prioridad en di\u00e1logo - MPPPST<\/title>\n<meta name=\"robots\" content=\"index, follow, max-snippet:-1, max-image-preview:large, max-video-preview:-1\" \/>\n<link rel=\"canonical\" href=\"https:\/\/www.mpppst.gob.ve\/mpppstweb\/index.php\/2016\/10\/30\/61-de-los-venezolanos-consideran-que-tema-economico-debe-ser-prioridad-en-dialogo\/\" \/>\n<meta property=\"og:locale\" content=\"es_ES\" \/>\n<meta property=\"og:type\" content=\"article\" \/>\n<meta property=\"og:title\" content=\"61% de los venezolanos consideran que tema econ\u00f3mico debe ser prioridad en di\u00e1logo - MPPPST\" \/>\n<meta property=\"og:description\" content=\"De acuerdo con el \u00faltimo estudio Monitor Pa\u00eds de la empresa encuestadora Hinterlaces, el 83% de &hellip; 61% de los venezolanos consideran que tema econ\u00f3mico debe ser prioridad en di\u00e1logoRead more\" \/>\n<meta property=\"og:url\" content=\"https:\/\/www.mpppst.gob.ve\/mpppstweb\/index.php\/2016\/10\/30\/61-de-los-venezolanos-consideran-que-tema-economico-debe-ser-prioridad-en-dialogo\/\" \/>\n<meta property=\"og:site_name\" content=\"MPPPST\" \/>\n<meta property=\"article:published_time\" content=\"2016-10-30T21:55:51+00:00\" \/>\n<meta property=\"og:image\" content=\"https:\/\/www.mpppst.gob.ve\/mpppstweb\/wp-content\/uploads\/2016\/10\/venezolanos.jpg\" \/>\n\t<meta property=\"og:image:width\" content=\"800\" \/>\n\t<meta property=\"og:image:height\" content=\"445\" \/>\n\t<meta property=\"og:image:type\" content=\"image\/jpeg\" \/>\n<meta name=\"author\" content=\"MPPPST Prensa\" \/>\n<meta name=\"twitter:card\" content=\"summary_large_image\" \/>\n<meta name=\"twitter:label1\" content=\"Escrito por\" \/>\n\t<meta name=\"twitter:data1\" content=\"MPPPST Prensa\" \/>\n\t<meta name=\"twitter:label2\" content=\"Tiempo de lectura\" \/>\n\t<meta name=\"twitter:data2\" content=\"1 minuto\" \/>\n<script type=\"application\/ld+json\" class=\"yoast-schema-graph\">{\"@context\":\"https:\/\/schema.org\",\"@graph\":[{\"@type\":\"Article\",\"@id\":\"https:\/\/www.mpppst.gob.ve\/mpppstweb\/index.php\/2016\/10\/30\/61-de-los-venezolanos-consideran-que-tema-economico-debe-ser-prioridad-en-dialogo\/#article\",\"isPartOf\":{\"@id\":\"https:\/\/www.mpppst.gob.ve\/mpppstweb\/index.php\/2016\/10\/30\/61-de-los-venezolanos-consideran-que-tema-economico-debe-ser-prioridad-en-dialogo\/\"},\"author\":{\"name\":\"MPPPST Prensa\",\"@id\":\"https:\/\/www.mpppst.gob.ve\/mpppstweb\/#\/schema\/person\/fc187ee8ead412bd4c9304b62f900ea4\"},\"headline\":\"61% de los venezolanos consideran que tema econ\u00f3mico debe ser prioridad en di\u00e1logo\",\"datePublished\":\"2016-10-30T21:55:51+00:00\",\"dateModified\":\"2016-10-30T21:55:51+00:00\",\"mainEntityOfPage\":{\"@id\":\"https:\/\/www.mpppst.gob.ve\/mpppstweb\/index.php\/2016\/10\/30\/61-de-los-venezolanos-consideran-que-tema-economico-debe-ser-prioridad-en-dialogo\/\"},\"wordCount\":275,\"publisher\":{\"@id\":\"https:\/\/www.mpppst.gob.ve\/mpppstweb\/#organization\"},\"image\":{\"@id\":\"https:\/\/www.mpppst.gob.ve\/mpppstweb\/index.php\/2016\/10\/30\/61-de-los-venezolanos-consideran-que-tema-economico-debe-ser-prioridad-en-dialogo\/#primaryimage\"},\"thumbnailUrl\":\"https:\/\/www.mpppst.gob.ve\/mpppstweb\/wp-content\/uploads\/2016\/10\/venezolanos.jpg\",\"keywords\":[\"Justa distribuci\u00f3n de la riqueza\"],\"articleSection\":[\"Gobierno Nacional\",\"Noticias\"],\"inLanguage\":\"es\"},{\"@type\":\"WebPage\",\"@id\":\"https:\/\/www.mpppst.gob.ve\/mpppstweb\/index.php\/2016\/10\/30\/61-de-los-venezolanos-consideran-que-tema-economico-debe-ser-prioridad-en-dialogo\/\",\"url\":\"https:\/\/www.mpppst.gob.ve\/mpppstweb\/index.php\/2016\/10\/30\/61-de-los-venezolanos-consideran-que-tema-economico-debe-ser-prioridad-en-dialogo\/\",\"name\":\"61% de los venezolanos consideran que tema econ\u00f3mico debe ser prioridad en di\u00e1logo - MPPPST\",\"isPartOf\":{\"@id\":\"https:\/\/www.mpppst.gob.ve\/mpppstweb\/#website\"},\"primaryImageOfPage\":{\"@id\":\"https:\/\/www.mpppst.gob.ve\/mpppstweb\/index.php\/2016\/10\/30\/61-de-los-venezolanos-consideran-que-tema-economico-debe-ser-prioridad-en-dialogo\/#primaryimage\"},\"image\":{\"@id\":\"https:\/\/www.mpppst.gob.ve\/mpppstweb\/index.php\/2016\/10\/30\/61-de-los-venezolanos-consideran-que-tema-economico-debe-ser-prioridad-en-dialogo\/#primaryimage\"},\"thumbnailUrl\":\"https:\/\/www.mpppst.gob.ve\/mpppstweb\/wp-content\/uploads\/2016\/10\/venezolanos.jpg\",\"datePublished\":\"2016-10-30T21:55:51+00:00\",\"dateModified\":\"2016-10-30T21:55:51+00:00\",\"breadcrumb\":{\"@id\":\"https:\/\/www.mpppst.gob.ve\/mpppstweb\/index.php\/2016\/10\/30\/61-de-los-venezolanos-consideran-que-tema-economico-debe-ser-prioridad-en-dialogo\/#breadcrumb\"},\"inLanguage\":\"es\",\"potentialAction\":[{\"@type\":\"ReadAction\",\"target\":[\"https:\/\/www.mpppst.gob.ve\/mpppstweb\/index.php\/2016\/10\/30\/61-de-los-venezolanos-consideran-que-tema-economico-debe-ser-prioridad-en-dialogo\/\"]}]},{\"@type\":\"ImageObject\",\"inLanguage\":\"es\",\"@id\":\"https:\/\/www.mpppst.gob.ve\/mpppstweb\/index.php\/2016\/10\/30\/61-de-los-venezolanos-consideran-que-tema-economico-debe-ser-prioridad-en-dialogo\/#primaryimage\",\"url\":\"https:\/\/www.mpppst.gob.ve\/mpppstweb\/wp-content\/uploads\/2016\/10\/venezolanos.jpg\",\"contentUrl\":\"https:\/\/www.mpppst.gob.ve\/mpppstweb\/wp-content\/uploads\/2016\/10\/venezolanos.jpg\",\"width\":800,\"height\":445},{\"@type\":\"BreadcrumbList\",\"@id\":\"https:\/\/www.mpppst.gob.ve\/mpppstweb\/index.php\/2016\/10\/30\/61-de-los-venezolanos-consideran-que-tema-economico-debe-ser-prioridad-en-dialogo\/#breadcrumb\",\"itemListElement\":[{\"@type\":\"ListItem\",\"position\":1,\"name\":\"Home\",\"item\":\"https:\/\/www.mpppst.gob.ve\/mpppstweb\/\"},{\"@type\":\"ListItem\",\"position\":2,\"name\":\"61% de los venezolanos consideran que tema econ\u00f3mico debe ser prioridad en di\u00e1logo\"}]},{\"@type\":\"WebSite\",\"@id\":\"https:\/\/www.mpppst.gob.ve\/mpppstweb\/#website\",\"url\":\"https:\/\/www.mpppst.gob.ve\/mpppstweb\/\",\"name\":\"MPPPST\",\"description\":\"Ministerio del Poder Popular para el Proceso Social de Trabajo\",\"publisher\":{\"@id\":\"https:\/\/www.mpppst.gob.ve\/mpppstweb\/#organization\"},\"potentialAction\":[{\"@type\":\"SearchAction\",\"target\":{\"@type\":\"EntryPoint\",\"urlTemplate\":\"https:\/\/www.mpppst.gob.ve\/mpppstweb\/?s={search_term_string}\"},\"query-input\":\"required name=search_term_string\"}],\"inLanguage\":\"es\"},{\"@type\":\"Organization\",\"@id\":\"https:\/\/www.mpppst.gob.ve\/mpppstweb\/#organization\",\"name\":\"mpppst\",\"url\":\"https:\/\/www.mpppst.gob.ve\/mpppstweb\/\",\"logo\":{\"@type\":\"ImageObject\",\"inLanguage\":\"es\",\"@id\":\"https:\/\/www.mpppst.gob.ve\/mpppstweb\/#\/schema\/logo\/image\/\",\"url\":\"https:\/\/www.mpppst.gob.ve\/mpppstweb\/wp-content\/uploads\/2025\/07\/cropped-cropped-g910.png\",\"contentUrl\":\"https:\/\/www.mpppst.gob.ve\/mpppstweb\/wp-content\/uploads\/2025\/07\/cropped-cropped-g910.png\",\"width\":1080,\"height\":241,\"caption\":\"mpppst\"},\"image\":{\"@id\":\"https:\/\/www.mpppst.gob.ve\/mpppstweb\/#\/schema\/logo\/image\/\"}},{\"@type\":\"Person\",\"@id\":\"https:\/\/www.mpppst.gob.ve\/mpppstweb\/#\/schema\/person\/fc187ee8ead412bd4c9304b62f900ea4\",\"name\":\"MPPPST Prensa\",\"url\":\"https:\/\/www.mpppst.gob.ve\/mpppstweb\/index.php\/author\/prensa-mpppst\/\"}]}<\/script>\n<!-- \/ Yoast SEO plugin. -->","yoast_head_json":{"title":"61% de los venezolanos consideran que tema econ\u00f3mico debe ser prioridad en di\u00e1logo - MPPPST","robots":{"index":"index","follow":"follow","max-snippet":"max-snippet:-1","max-image-preview":"max-image-preview:large","max-video-preview":"max-video-preview:-1"},"canonical":"https:\/\/www.mpppst.gob.ve\/mpppstweb\/index.php\/2016\/10\/30\/61-de-los-venezolanos-consideran-que-tema-economico-debe-ser-prioridad-en-dialogo\/","og_locale":"es_ES","og_type":"article","og_title":"61% de los venezolanos consideran que tema econ\u00f3mico debe ser prioridad en di\u00e1logo - MPPPST","og_description":"De acuerdo con el \u00faltimo estudio Monitor Pa\u00eds de la empresa encuestadora Hinterlaces, el 83% de &hellip; 61% de los venezolanos consideran que tema econ\u00f3mico debe ser prioridad en di\u00e1logoRead more","og_url":"https:\/\/www.mpppst.gob.ve\/mpppstweb\/index.php\/2016\/10\/30\/61-de-los-venezolanos-consideran-que-tema-economico-debe-ser-prioridad-en-dialogo\/","og_site_name":"MPPPST","article_published_time":"2016-10-30T21:55:51+00:00","og_image":[{"width":800,"height":445,"url":"https:\/\/www.mpppst.gob.ve\/mpppstweb\/wp-content\/uploads\/2016\/10\/venezolanos.jpg","type":"image\/jpeg"}],"author":"MPPPST Prensa","twitter_card":"summary_large_image","twitter_misc":{"Escrito por":"MPPPST Prensa","Tiempo de lectura":"1 minuto"},"schema":{"@context":"https:\/\/schema.org","@graph":[{"@type":"Article","@id":"https:\/\/www.mpppst.gob.ve\/mpppstweb\/index.php\/2016\/10\/30\/61-de-los-venezolanos-consideran-que-tema-economico-debe-ser-prioridad-en-dialogo\/#article","isPartOf":{"@id":"https:\/\/www.mpppst.gob.ve\/mpppstweb\/index.php\/2016\/10\/30\/61-de-los-venezolanos-consideran-que-tema-economico-debe-ser-prioridad-en-dialogo\/"},"author":{"name":"MPPPST Prensa","@id":"https:\/\/www.mpppst.gob.ve\/mpppstweb\/#\/schema\/person\/fc187ee8ead412bd4c9304b62f900ea4"},"headline":"61% de los venezolanos consideran que tema econ\u00f3mico debe ser prioridad en di\u00e1logo","datePublished":"2016-10-30T21:55:51+00:00","dateModified":"2016-10-30T21:55:51+00:00","mainEntityOfPage":{"@id":"https:\/\/www.mpppst.gob.ve\/mpppstweb\/index.php\/2016\/10\/30\/61-de-los-venezolanos-consideran-que-tema-economico-debe-ser-prioridad-en-dialogo\/"},"wordCount":275,"publisher":{"@id":"https:\/\/www.mpppst.gob.ve\/mpppstweb\/#organization"},"image":{"@id":"https:\/\/www.mpppst.gob.ve\/mpppstweb\/index.php\/2016\/10\/30\/61-de-los-venezolanos-consideran-que-tema-economico-debe-ser-prioridad-en-dialogo\/#primaryimage"},"thumbnailUrl":"https:\/\/www.mpppst.gob.ve\/mpppstweb\/wp-content\/uploads\/2016\/10\/venezolanos.jpg","keywords":["Justa distribuci\u00f3n de la riqueza"],"articleSection":["Gobierno Nacional","Noticias"],"inLanguage":"es"},{"@type":"WebPage","@id":"https:\/\/www.mpppst.gob.ve\/mpppstweb\/index.php\/2016\/10\/30\/61-de-los-venezolanos-consideran-que-tema-economico-debe-ser-prioridad-en-dialogo\/","url":"https:\/\/www.mpppst.gob.ve\/mpppstweb\/index.php\/2016\/10\/30\/61-de-los-venezolanos-consideran-que-tema-economico-debe-ser-prioridad-en-dialogo\/","name":"61% de los venezolanos consideran que tema econ\u00f3mico debe ser prioridad en di\u00e1logo - MPPPST","isPartOf":{"@id":"https:\/\/www.mpppst.gob.ve\/mpppstweb\/#website"},"primaryImageOfPage":{"@id":"https:\/\/www.mpppst.gob.ve\/mpppstweb\/index.php\/2016\/10\/30\/61-de-los-venezolanos-consideran-que-tema-economico-debe-ser-prioridad-en-dialogo\/#primaryimage"},"image":{"@id":"https:\/\/www.mpppst.gob.ve\/mpppstweb\/index.php\/2016\/10\/30\/61-de-los-venezolanos-consideran-que-tema-economico-debe-ser-prioridad-en-dialogo\/#primaryimage"},"thumbnailUrl":"https:\/\/www.mpppst.gob.ve\/mpppstweb\/wp-content\/uploads\/2016\/10\/venezolanos.jpg","datePublished":"2016-10-30T21:55:51+00:00","dateModified":"2016-10-30T21:55:51+00:00","breadcrumb":{"@id":"https:\/\/www.mpppst.gob.ve\/mpppstweb\/index.php\/2016\/10\/30\/61-de-los-venezolanos-consideran-que-tema-economico-debe-ser-prioridad-en-dialogo\/#breadcrumb"},"inLanguage":"es","potentialAction":[{"@type":"ReadAction","target":["https:\/\/www.mpppst.gob.ve\/mpppstweb\/index.php\/2016\/10\/30\/61-de-los-venezolanos-consideran-que-tema-economico-debe-ser-prioridad-en-dialogo\/"]}]},{"@type":"ImageObject","inLanguage":"es","@id":"https:\/\/www.mpppst.gob.ve\/mpppstweb\/index.php\/2016\/10\/30\/61-de-los-venezolanos-consideran-que-tema-economico-debe-ser-prioridad-en-dialogo\/#primaryimage","url":"https:\/\/www.mpppst.gob.ve\/mpppstweb\/wp-content\/uploads\/2016\/10\/venezolanos.jpg","contentUrl":"https:\/\/www.mpppst.gob.ve\/mpppstweb\/wp-content\/uploads\/2016\/10\/venezolanos.jpg","width":800,"height":445},{"@type":"BreadcrumbList","@id":"https:\/\/www.mpppst.gob.ve\/mpppstweb\/index.php\/2016\/10\/30\/61-de-los-venezolanos-consideran-que-tema-economico-debe-ser-prioridad-en-dialogo\/#breadcrumb","itemListElement":[{"@type":"ListItem","position":1,"name":"Home","item":"https:\/\/www.mpppst.gob.ve\/mpppstweb\/"},{"@type":"ListItem","position":2,"name":"61% de los venezolanos consideran que tema econ\u00f3mico debe ser prioridad en di\u00e1logo"}]},{"@type":"WebSite","@id":"https:\/\/www.mpppst.gob.ve\/mpppstweb\/#website","url":"https:\/\/www.mpppst.gob.ve\/mpppstweb\/","name":"MPPPST","description":"Ministerio del Poder Popular para el Proceso Social de Trabajo","publisher":{"@id":"https:\/\/www.mpppst.gob.ve\/mpppstweb\/#organization"},"potentialAction":[{"@type":"SearchAction","target":{"@type":"EntryPoint","urlTemplate":"https:\/\/www.mpppst.gob.ve\/mpppstweb\/?s={search_term_string}"},"query-input":"required name=search_term_string"}],"inLanguage":"es"},{"@type":"Organization","@id":"https:\/\/www.mpppst.gob.ve\/mpppstweb\/#organization","name":"mpppst","url":"https:\/\/www.mpppst.gob.ve\/mpppstweb\/","logo":{"@type":"ImageObject","inLanguage":"es","@id":"https:\/\/www.mpppst.gob.ve\/mpppstweb\/#\/schema\/logo\/image\/","url":"https:\/\/www.mpppst.gob.ve\/mpppstweb\/wp-content\/uploads\/2025\/07\/cropped-cropped-g910.png","contentUrl":"https:\/\/www.mpppst.gob.ve\/mpppstweb\/wp-content\/uploads\/2025\/07\/cropped-cropped-g910.png","width":1080,"height":241,"caption":"mpppst"},"image":{"@id":"https:\/\/www.mpppst.gob.ve\/mpppstweb\/#\/schema\/logo\/image\/"}},{"@type":"Person","@id":"https:\/\/www.mpppst.gob.ve\/mpppstweb\/#\/schema\/person\/fc187ee8ead412bd4c9304b62f900ea4","name":"MPPPST Prensa","url":"https:\/\/www.mpppst.gob.ve\/mpppstweb\/index.php\/author\/prensa-mpppst\/"}]}},"_links":{"self":[{"href":"https:\/\/www.mpppst.gob.ve\/mpppstweb\/index.php\/wp-json\/wp\/v2\/posts\/8985"}],"collection":[{"href":"https:\/\/www.mpppst.gob.ve\/mpppstweb\/index.php\/wp-json\/wp\/v2\/posts"}],"about":[{"href":"https:\/\/www.mpppst.gob.ve\/mpppstweb\/index.php\/wp-json\/wp\/v2\/types\/post"}],"author":[{"embeddable":true,"href":"https:\/\/www.mpppst.gob.ve\/mpppstweb\/index.php\/wp-json\/wp\/v2\/users\/25"}],"replies":[{"embeddable":true,"href":"https:\/\/www.mpppst.gob.ve\/mpppstweb\/index.php\/wp-json\/wp\/v2\/comments?post=8985"}],"version-history":[{"count":1,"href":"https:\/\/www.mpppst.gob.ve\/mpppstweb\/index.php\/wp-json\/wp\/v2\/posts\/8985\/revisions"}],"predecessor-version":[{"id":8987,"href":"https:\/\/www.mpppst.gob.ve\/mpppstweb\/index.php\/wp-json\/wp\/v2\/posts\/8985\/revisions\/8987"}],"wp:featuredmedia":[{"embeddable":true,"href":"https:\/\/www.mpppst.gob.ve\/mpppstweb\/index.php\/wp-json\/wp\/v2\/media\/8986"}],"wp:attachment":[{"href":"https:\/\/www.mpppst.gob.ve\/mpppstweb\/index.php\/wp-json\/wp\/v2\/media?parent=8985"}],"wp:term":[{"taxonomy":"category","embeddable":true,"href":"https:\/\/www.mpppst.gob.ve\/mpppstweb\/index.php\/wp-json\/wp\/v2\/categories?post=8985"},{"taxonomy":"post_tag","embeddable":true,"href":"https:\/\/www.mpppst.gob.ve\/mpppstweb\/index.php\/wp-json\/wp\/v2\/tags?post=8985"}],"curies":[{"name":"wp","href":"https:\/\/api.w.org\/{rel}","templated":true}]}}