{"id":8988,"date":"2016-10-30T22:03:08","date_gmt":"2016-10-30T22:03:08","guid":{"rendered":"http:\/\/www.mpppst.gob.ve\/mpppstweb\/?p=8988"},"modified":"2016-10-30T22:03:08","modified_gmt":"2016-10-30T22:03:08","slug":"maduro-el-pueblo-dio-una-leccion-contundente-a-la-derecha-extrema-que-promueve-el-odio","status":"publish","type":"post","link":"https:\/\/www.mpppst.gob.ve\/mpppstweb\/index.php\/2016\/10\/30\/maduro-el-pueblo-dio-una-leccion-contundente-a-la-derecha-extrema-que-promueve-el-odio\/","title":{"rendered":"Maduro: \u201cEl pueblo dio una lecci\u00f3n contundente a la derecha extrema que promueve el odio\u201d"},"content":{"rendered":"<p>El presidente de la Rep\u00fablica Bolivariana de Venezuela, Nicol\u00e1s Maduro, manifest\u00f3 este s\u00e1bado\u00a0 a trav\u00e9s de su cuenta en Twitter @NicolasMaduro que el pueblo venezolano dio una lecci\u00f3n contundente a la burgues\u00eda, tras su fallido llamado a paro nacional, que pretend\u00eda desestabilizar a la econom\u00eda del pa\u00eds.<\/p>\n<p><strong>Por la paz <\/strong><\/p>\n<p>Asimismo, ratific\u00f3 que el pueblo venezolano apuesta por la paz y por la consolidaci\u00f3n de Venezuela como una patria independiente y soberana, por lo cual llam\u00f3 nuevamente a avanzar unidos para la conquista de nuevas victorias. As\u00ed lo manifest\u00f3 en su cuenta en Twitter, @Nicol\u00e1sMaduro,\u00a0 record\u00f3 que frente a esa esencia popular se contrapone una derecha antidemocr\u00e1tica.<\/p>\n<p>Las expresiones del Presidente Nicol\u00e1s Maduro son respuestas a las \u00faltimas expresiones dadas por el pueblo venezolano que ha decidido volcarse a las calles con el fin de defender sus conquistas. Vale destacar que el Gobierno tiene como centro principal incidir sobre las clases sociales\u00a0 hist\u00f3ricamente excluidas, las cuales, precisamente, han sido el centro de la acci\u00f3n de la Revoluci\u00f3n.<\/p>\n<p>Por YvkeMundial<\/p>\n","protected":false},"excerpt":{"rendered":"<p>El presidente de la Rep\u00fablica Bolivariana de Venezuela, Nicol\u00e1s Maduro, manifest\u00f3 este s\u00e1bado\u00a0 a trav\u00e9s de &hellip; <a title=\"Maduro: \u201cEl pueblo dio una lecci\u00f3n contundente a la derecha extrema que promueve el odio\u201d\" class=\"hm-read-more\" href=\"https:\/\/www.mpppst.gob.ve\/mpppstweb\/index.php\/2016\/10\/30\/maduro-el-pueblo-dio-una-leccion-contundente-a-la-derecha-extrema-que-promueve-el-odio\/\"><span class=\"screen-reader-text\">Maduro: \u201cEl pueblo dio una lecci\u00f3n contundente a la derecha extrema que promueve el odio\u201d<\/span>Read more<\/a><\/p>\n","protected":false},"author":25,"featured_media":8989,"comment_status":"closed","ping_status":"closed","sticky":false,"template":"","format":"standard","meta":{"footnotes":""},"categories":[82,163,213],"tags":[222,240],"yoast_head":"<!-- This site is optimized with the Yoast SEO plugin v22.5 - https:\/\/yoast.com\/wordpress\/plugins\/seo\/ -->\n<title>Maduro: \u201cEl pueblo dio una lecci\u00f3n contundente a la derecha extrema que promueve el odio\u201d - MPPPST<\/title>\n<meta name=\"robots\" content=\"index, follow, max-snippet:-1, max-image-preview:large, max-video-preview:-1\" \/>\n<link rel=\"canonical\" href=\"https:\/\/www.mpppst.gob.ve\/mpppstweb\/index.php\/2016\/10\/30\/maduro-el-pueblo-dio-una-leccion-contundente-a-la-derecha-extrema-que-promueve-el-odio\/\" \/>\n<meta property=\"og:locale\" content=\"es_ES\" \/>\n<meta property=\"og:type\" content=\"article\" \/>\n<meta property=\"og:title\" content=\"Maduro: \u201cEl pueblo dio una lecci\u00f3n contundente a la derecha extrema que promueve el odio\u201d - MPPPST\" \/>\n<meta property=\"og:description\" content=\"El presidente de la Rep\u00fablica Bolivariana de Venezuela, Nicol\u00e1s Maduro, manifest\u00f3 este s\u00e1bado\u00a0 a trav\u00e9s de &hellip; Maduro: \u201cEl pueblo dio una lecci\u00f3n contundente a la derecha extrema que promueve el odio\u201dRead more\" \/>\n<meta property=\"og:url\" content=\"https:\/\/www.mpppst.gob.ve\/mpppstweb\/index.php\/2016\/10\/30\/maduro-el-pueblo-dio-una-leccion-contundente-a-la-derecha-extrema-que-promueve-el-odio\/\" \/>\n<meta property=\"og:site_name\" content=\"MPPPST\" \/>\n<meta property=\"article:published_time\" content=\"2016-10-30T22:03:08+00:00\" \/>\n<meta property=\"og:image\" content=\"https:\/\/www.mpppst.gob.ve\/mpppstweb\/wp-content\/uploads\/2016\/10\/Maduro-y-Pueblo.jpg\" \/>\n\t<meta property=\"og:image:width\" content=\"618\" \/>\n\t<meta property=\"og:image:height\" content=\"468\" \/>\n\t<meta property=\"og:image:type\" content=\"image\/jpeg\" \/>\n<meta name=\"author\" content=\"MPPPST Prensa\" \/>\n<meta name=\"twitter:card\" content=\"summary_large_image\" \/>\n<meta name=\"twitter:label1\" content=\"Escrito por\" \/>\n\t<meta name=\"twitter:data1\" content=\"MPPPST Prensa\" \/>\n\t<meta name=\"twitter:label2\" content=\"Tiempo de lectura\" \/>\n\t<meta name=\"twitter:data2\" content=\"1 minuto\" \/>\n<script type=\"application\/ld+json\" class=\"yoast-schema-graph\">{\"@context\":\"https:\/\/schema.org\",\"@graph\":[{\"@type\":\"Article\",\"@id\":\"https:\/\/www.mpppst.gob.ve\/mpppstweb\/index.php\/2016\/10\/30\/maduro-el-pueblo-dio-una-leccion-contundente-a-la-derecha-extrema-que-promueve-el-odio\/#article\",\"isPartOf\":{\"@id\":\"https:\/\/www.mpppst.gob.ve\/mpppstweb\/index.php\/2016\/10\/30\/maduro-el-pueblo-dio-una-leccion-contundente-a-la-derecha-extrema-que-promueve-el-odio\/\"},\"author\":{\"name\":\"MPPPST Prensa\",\"@id\":\"https:\/\/www.mpppst.gob.ve\/mpppstweb\/#\/schema\/person\/fc187ee8ead412bd4c9304b62f900ea4\"},\"headline\":\"Maduro: \u201cEl pueblo dio una lecci\u00f3n contundente a la derecha extrema que promueve el odio\u201d\",\"datePublished\":\"2016-10-30T22:03:08+00:00\",\"dateModified\":\"2016-10-30T22:03:08+00:00\",\"mainEntityOfPage\":{\"@id\":\"https:\/\/www.mpppst.gob.ve\/mpppstweb\/index.php\/2016\/10\/30\/maduro-el-pueblo-dio-una-leccion-contundente-a-la-derecha-extrema-que-promueve-el-odio\/\"},\"wordCount\":201,\"publisher\":{\"@id\":\"https:\/\/www.mpppst.gob.ve\/mpppstweb\/#organization\"},\"image\":{\"@id\":\"https:\/\/www.mpppst.gob.ve\/mpppstweb\/index.php\/2016\/10\/30\/maduro-el-pueblo-dio-una-leccion-contundente-a-la-derecha-extrema-que-promueve-el-odio\/#primaryimage\"},\"thumbnailUrl\":\"https:\/\/www.mpppst.gob.ve\/mpppstweb\/wp-content\/uploads\/2016\/10\/Maduro-y-Pueblo.jpg\",\"keywords\":[\"Gobierno Bolivariano\",\"Participaci\u00f3n popular y protag\u00f3nica\"],\"articleSection\":[\"Gobierno Nacional\",\"Noticias\",\"Presidencia de la Rep\u00fablica\"],\"inLanguage\":\"es\"},{\"@type\":\"WebPage\",\"@id\":\"https:\/\/www.mpppst.gob.ve\/mpppstweb\/index.php\/2016\/10\/30\/maduro-el-pueblo-dio-una-leccion-contundente-a-la-derecha-extrema-que-promueve-el-odio\/\",\"url\":\"https:\/\/www.mpppst.gob.ve\/mpppstweb\/index.php\/2016\/10\/30\/maduro-el-pueblo-dio-una-leccion-contundente-a-la-derecha-extrema-que-promueve-el-odio\/\",\"name\":\"Maduro: \u201cEl pueblo dio una lecci\u00f3n contundente a la derecha extrema que promueve el odio\u201d - MPPPST\",\"isPartOf\":{\"@id\":\"https:\/\/www.mpppst.gob.ve\/mpppstweb\/#website\"},\"primaryImageOfPage\":{\"@id\":\"https:\/\/www.mpppst.gob.ve\/mpppstweb\/index.php\/2016\/10\/30\/maduro-el-pueblo-dio-una-leccion-contundente-a-la-derecha-extrema-que-promueve-el-odio\/#primaryimage\"},\"image\":{\"@id\":\"https:\/\/www.mpppst.gob.ve\/mpppstweb\/index.php\/2016\/10\/30\/maduro-el-pueblo-dio-una-leccion-contundente-a-la-derecha-extrema-que-promueve-el-odio\/#primaryimage\"},\"thumbnailUrl\":\"https:\/\/www.mpppst.gob.ve\/mpppstweb\/wp-content\/uploads\/2016\/10\/Maduro-y-Pueblo.jpg\",\"datePublished\":\"2016-10-30T22:03:08+00:00\",\"dateModified\":\"2016-10-30T22:03:08+00:00\",\"breadcrumb\":{\"@id\":\"https:\/\/www.mpppst.gob.ve\/mpppstweb\/index.php\/2016\/10\/30\/maduro-el-pueblo-dio-una-leccion-contundente-a-la-derecha-extrema-que-promueve-el-odio\/#breadcrumb\"},\"inLanguage\":\"es\",\"potentialAction\":[{\"@type\":\"ReadAction\",\"target\":[\"https:\/\/www.mpppst.gob.ve\/mpppstweb\/index.php\/2016\/10\/30\/maduro-el-pueblo-dio-una-leccion-contundente-a-la-derecha-extrema-que-promueve-el-odio\/\"]}]},{\"@type\":\"ImageObject\",\"inLanguage\":\"es\",\"@id\":\"https:\/\/www.mpppst.gob.ve\/mpppstweb\/index.php\/2016\/10\/30\/maduro-el-pueblo-dio-una-leccion-contundente-a-la-derecha-extrema-que-promueve-el-odio\/#primaryimage\",\"url\":\"https:\/\/www.mpppst.gob.ve\/mpppstweb\/wp-content\/uploads\/2016\/10\/Maduro-y-Pueblo.jpg\",\"contentUrl\":\"https:\/\/www.mpppst.gob.ve\/mpppstweb\/wp-content\/uploads\/2016\/10\/Maduro-y-Pueblo.jpg\",\"width\":618,\"height\":468},{\"@type\":\"BreadcrumbList\",\"@id\":\"https:\/\/www.mpppst.gob.ve\/mpppstweb\/index.php\/2016\/10\/30\/maduro-el-pueblo-dio-una-leccion-contundente-a-la-derecha-extrema-que-promueve-el-odio\/#breadcrumb\",\"itemListElement\":[{\"@type\":\"ListItem\",\"position\":1,\"name\":\"Home\",\"item\":\"https:\/\/www.mpppst.gob.ve\/mpppstweb\/\"},{\"@type\":\"ListItem\",\"position\":2,\"name\":\"Maduro: \u201cEl pueblo dio una lecci\u00f3n contundente a la derecha extrema que promueve el odio\u201d\"}]},{\"@type\":\"WebSite\",\"@id\":\"https:\/\/www.mpppst.gob.ve\/mpppstweb\/#website\",\"url\":\"https:\/\/www.mpppst.gob.ve\/mpppstweb\/\",\"name\":\"MPPPST\",\"description\":\"Ministerio del Poder Popular para el Proceso Social de Trabajo\",\"publisher\":{\"@id\":\"https:\/\/www.mpppst.gob.ve\/mpppstweb\/#organization\"},\"potentialAction\":[{\"@type\":\"SearchAction\",\"target\":{\"@type\":\"EntryPoint\",\"urlTemplate\":\"https:\/\/www.mpppst.gob.ve\/mpppstweb\/?s={search_term_string}\"},\"query-input\":\"required name=search_term_string\"}],\"inLanguage\":\"es\"},{\"@type\":\"Organization\",\"@id\":\"https:\/\/www.mpppst.gob.ve\/mpppstweb\/#organization\",\"name\":\"mpppst\",\"url\":\"https:\/\/www.mpppst.gob.ve\/mpppstweb\/\",\"logo\":{\"@type\":\"ImageObject\",\"inLanguage\":\"es\",\"@id\":\"https:\/\/www.mpppst.gob.ve\/mpppstweb\/#\/schema\/logo\/image\/\",\"url\":\"https:\/\/www.mpppst.gob.ve\/mpppstweb\/wp-content\/uploads\/2025\/07\/cropped-cropped-g910.png\",\"contentUrl\":\"https:\/\/www.mpppst.gob.ve\/mpppstweb\/wp-content\/uploads\/2025\/07\/cropped-cropped-g910.png\",\"width\":1080,\"height\":241,\"caption\":\"mpppst\"},\"image\":{\"@id\":\"https:\/\/www.mpppst.gob.ve\/mpppstweb\/#\/schema\/logo\/image\/\"}},{\"@type\":\"Person\",\"@id\":\"https:\/\/www.mpppst.gob.ve\/mpppstweb\/#\/schema\/person\/fc187ee8ead412bd4c9304b62f900ea4\",\"name\":\"MPPPST Prensa\",\"url\":\"https:\/\/www.mpppst.gob.ve\/mpppstweb\/index.php\/author\/prensa-mpppst\/\"}]}<\/script>\n<!-- \/ Yoast SEO plugin. -->","yoast_head_json":{"title":"Maduro: \u201cEl pueblo dio una lecci\u00f3n contundente a la derecha extrema que promueve el odio\u201d - MPPPST","robots":{"index":"index","follow":"follow","max-snippet":"max-snippet:-1","max-image-preview":"max-image-preview:large","max-video-preview":"max-video-preview:-1"},"canonical":"https:\/\/www.mpppst.gob.ve\/mpppstweb\/index.php\/2016\/10\/30\/maduro-el-pueblo-dio-una-leccion-contundente-a-la-derecha-extrema-que-promueve-el-odio\/","og_locale":"es_ES","og_type":"article","og_title":"Maduro: \u201cEl pueblo dio una lecci\u00f3n contundente a la derecha extrema que promueve el odio\u201d - MPPPST","og_description":"El presidente de la Rep\u00fablica Bolivariana de Venezuela, Nicol\u00e1s Maduro, manifest\u00f3 este s\u00e1bado\u00a0 a trav\u00e9s de &hellip; Maduro: \u201cEl pueblo dio una lecci\u00f3n contundente a la derecha extrema que promueve el odio\u201dRead more","og_url":"https:\/\/www.mpppst.gob.ve\/mpppstweb\/index.php\/2016\/10\/30\/maduro-el-pueblo-dio-una-leccion-contundente-a-la-derecha-extrema-que-promueve-el-odio\/","og_site_name":"MPPPST","article_published_time":"2016-10-30T22:03:08+00:00","og_image":[{"width":618,"height":468,"url":"https:\/\/www.mpppst.gob.ve\/mpppstweb\/wp-content\/uploads\/2016\/10\/Maduro-y-Pueblo.jpg","type":"image\/jpeg"}],"author":"MPPPST Prensa","twitter_card":"summary_large_image","twitter_misc":{"Escrito por":"MPPPST Prensa","Tiempo de lectura":"1 minuto"},"schema":{"@context":"https:\/\/schema.org","@graph":[{"@type":"Article","@id":"https:\/\/www.mpppst.gob.ve\/mpppstweb\/index.php\/2016\/10\/30\/maduro-el-pueblo-dio-una-leccion-contundente-a-la-derecha-extrema-que-promueve-el-odio\/#article","isPartOf":{"@id":"https:\/\/www.mpppst.gob.ve\/mpppstweb\/index.php\/2016\/10\/30\/maduro-el-pueblo-dio-una-leccion-contundente-a-la-derecha-extrema-que-promueve-el-odio\/"},"author":{"name":"MPPPST Prensa","@id":"https:\/\/www.mpppst.gob.ve\/mpppstweb\/#\/schema\/person\/fc187ee8ead412bd4c9304b62f900ea4"},"headline":"Maduro: \u201cEl pueblo dio una lecci\u00f3n contundente a la derecha extrema que promueve el odio\u201d","datePublished":"2016-10-30T22:03:08+00:00","dateModified":"2016-10-30T22:03:08+00:00","mainEntityOfPage":{"@id":"https:\/\/www.mpppst.gob.ve\/mpppstweb\/index.php\/2016\/10\/30\/maduro-el-pueblo-dio-una-leccion-contundente-a-la-derecha-extrema-que-promueve-el-odio\/"},"wordCount":201,"publisher":{"@id":"https:\/\/www.mpppst.gob.ve\/mpppstweb\/#organization"},"image":{"@id":"https:\/\/www.mpppst.gob.ve\/mpppstweb\/index.php\/2016\/10\/30\/maduro-el-pueblo-dio-una-leccion-contundente-a-la-derecha-extrema-que-promueve-el-odio\/#primaryimage"},"thumbnailUrl":"https:\/\/www.mpppst.gob.ve\/mpppstweb\/wp-content\/uploads\/2016\/10\/Maduro-y-Pueblo.jpg","keywords":["Gobierno Bolivariano","Participaci\u00f3n popular y protag\u00f3nica"],"articleSection":["Gobierno Nacional","Noticias","Presidencia de la Rep\u00fablica"],"inLanguage":"es"},{"@type":"WebPage","@id":"https:\/\/www.mpppst.gob.ve\/mpppstweb\/index.php\/2016\/10\/30\/maduro-el-pueblo-dio-una-leccion-contundente-a-la-derecha-extrema-que-promueve-el-odio\/","url":"https:\/\/www.mpppst.gob.ve\/mpppstweb\/index.php\/2016\/10\/30\/maduro-el-pueblo-dio-una-leccion-contundente-a-la-derecha-extrema-que-promueve-el-odio\/","name":"Maduro: \u201cEl pueblo dio una lecci\u00f3n contundente a la derecha extrema que promueve el odio\u201d - MPPPST","isPartOf":{"@id":"https:\/\/www.mpppst.gob.ve\/mpppstweb\/#website"},"primaryImageOfPage":{"@id":"https:\/\/www.mpppst.gob.ve\/mpppstweb\/index.php\/2016\/10\/30\/maduro-el-pueblo-dio-una-leccion-contundente-a-la-derecha-extrema-que-promueve-el-odio\/#primaryimage"},"image":{"@id":"https:\/\/www.mpppst.gob.ve\/mpppstweb\/index.php\/2016\/10\/30\/maduro-el-pueblo-dio-una-leccion-contundente-a-la-derecha-extrema-que-promueve-el-odio\/#primaryimage"},"thumbnailUrl":"https:\/\/www.mpppst.gob.ve\/mpppstweb\/wp-content\/uploads\/2016\/10\/Maduro-y-Pueblo.jpg","datePublished":"2016-10-30T22:03:08+00:00","dateModified":"2016-10-30T22:03:08+00:00","breadcrumb":{"@id":"https:\/\/www.mpppst.gob.ve\/mpppstweb\/index.php\/2016\/10\/30\/maduro-el-pueblo-dio-una-leccion-contundente-a-la-derecha-extrema-que-promueve-el-odio\/#breadcrumb"},"inLanguage":"es","potentialAction":[{"@type":"ReadAction","target":["https:\/\/www.mpppst.gob.ve\/mpppstweb\/index.php\/2016\/10\/30\/maduro-el-pueblo-dio-una-leccion-contundente-a-la-derecha-extrema-que-promueve-el-odio\/"]}]},{"@type":"ImageObject","inLanguage":"es","@id":"https:\/\/www.mpppst.gob.ve\/mpppstweb\/index.php\/2016\/10\/30\/maduro-el-pueblo-dio-una-leccion-contundente-a-la-derecha-extrema-que-promueve-el-odio\/#primaryimage","url":"https:\/\/www.mpppst.gob.ve\/mpppstweb\/wp-content\/uploads\/2016\/10\/Maduro-y-Pueblo.jpg","contentUrl":"https:\/\/www.mpppst.gob.ve\/mpppstweb\/wp-content\/uploads\/2016\/10\/Maduro-y-Pueblo.jpg","width":618,"height":468},{"@type":"BreadcrumbList","@id":"https:\/\/www.mpppst.gob.ve\/mpppstweb\/index.php\/2016\/10\/30\/maduro-el-pueblo-dio-una-leccion-contundente-a-la-derecha-extrema-que-promueve-el-odio\/#breadcrumb","itemListElement":[{"@type":"ListItem","position":1,"name":"Home","item":"https:\/\/www.mpppst.gob.ve\/mpppstweb\/"},{"@type":"ListItem","position":2,"name":"Maduro: \u201cEl pueblo dio una lecci\u00f3n contundente a la derecha extrema que promueve el odio\u201d"}]},{"@type":"WebSite","@id":"https:\/\/www.mpppst.gob.ve\/mpppstweb\/#website","url":"https:\/\/www.mpppst.gob.ve\/mpppstweb\/","name":"MPPPST","description":"Ministerio del Poder Popular para el Proceso Social de Trabajo","publisher":{"@id":"https:\/\/www.mpppst.gob.ve\/mpppstweb\/#organization"},"potentialAction":[{"@type":"SearchAction","target":{"@type":"EntryPoint","urlTemplate":"https:\/\/www.mpppst.gob.ve\/mpppstweb\/?s={search_term_string}"},"query-input":"required name=search_term_string"}],"inLanguage":"es"},{"@type":"Organization","@id":"https:\/\/www.mpppst.gob.ve\/mpppstweb\/#organization","name":"mpppst","url":"https:\/\/www.mpppst.gob.ve\/mpppstweb\/","logo":{"@type":"ImageObject","inLanguage":"es","@id":"https:\/\/www.mpppst.gob.ve\/mpppstweb\/#\/schema\/logo\/image\/","url":"https:\/\/www.mpppst.gob.ve\/mpppstweb\/wp-content\/uploads\/2025\/07\/cropped-cropped-g910.png","contentUrl":"https:\/\/www.mpppst.gob.ve\/mpppstweb\/wp-content\/uploads\/2025\/07\/cropped-cropped-g910.png","width":1080,"height":241,"caption":"mpppst"},"image":{"@id":"https:\/\/www.mpppst.gob.ve\/mpppstweb\/#\/schema\/logo\/image\/"}},{"@type":"Person","@id":"https:\/\/www.mpppst.gob.ve\/mpppstweb\/#\/schema\/person\/fc187ee8ead412bd4c9304b62f900ea4","name":"MPPPST Prensa","url":"https:\/\/www.mpppst.gob.ve\/mpppstweb\/index.php\/author\/prensa-mpppst\/"}]}},"_links":{"self":[{"href":"https:\/\/www.mpppst.gob.ve\/mpppstweb\/index.php\/wp-json\/wp\/v2\/posts\/8988"}],"collection":[{"href":"https:\/\/www.mpppst.gob.ve\/mpppstweb\/index.php\/wp-json\/wp\/v2\/posts"}],"about":[{"href":"https:\/\/www.mpppst.gob.ve\/mpppstweb\/index.php\/wp-json\/wp\/v2\/types\/post"}],"author":[{"embeddable":true,"href":"https:\/\/www.mpppst.gob.ve\/mpppstweb\/index.php\/wp-json\/wp\/v2\/users\/25"}],"replies":[{"embeddable":true,"href":"https:\/\/www.mpppst.gob.ve\/mpppstweb\/index.php\/wp-json\/wp\/v2\/comments?post=8988"}],"version-history":[{"count":1,"href":"https:\/\/www.mpppst.gob.ve\/mpppstweb\/index.php\/wp-json\/wp\/v2\/posts\/8988\/revisions"}],"predecessor-version":[{"id":8990,"href":"https:\/\/www.mpppst.gob.ve\/mpppstweb\/index.php\/wp-json\/wp\/v2\/posts\/8988\/revisions\/8990"}],"wp:featuredmedia":[{"embeddable":true,"href":"https:\/\/www.mpppst.gob.ve\/mpppstweb\/index.php\/wp-json\/wp\/v2\/media\/8989"}],"wp:attachment":[{"href":"https:\/\/www.mpppst.gob.ve\/mpppstweb\/index.php\/wp-json\/wp\/v2\/media?parent=8988"}],"wp:term":[{"taxonomy":"category","embeddable":true,"href":"https:\/\/www.mpppst.gob.ve\/mpppstweb\/index.php\/wp-json\/wp\/v2\/categories?post=8988"},{"taxonomy":"post_tag","embeddable":true,"href":"https:\/\/www.mpppst.gob.ve\/mpppstweb\/index.php\/wp-json\/wp\/v2\/tags?post=8988"}],"curies":[{"name":"wp","href":"https:\/\/api.w.org\/{rel}","templated":true}]}}