{"id":8992,"date":"2016-10-31T14:46:04","date_gmt":"2016-10-31T14:46:04","guid":{"rendered":"http:\/\/www.mpppst.gob.ve\/mpppstweb\/?p=8992"},"modified":"2016-10-31T14:46:04","modified_gmt":"2016-10-31T14:46:04","slug":"ejecutivo-ratifica-voluntad-de-dialogo-en-inicio-de-reuniones-con-sectores-de-oposicion","status":"publish","type":"post","link":"https:\/\/www.mpppst.gob.ve\/mpppstweb\/index.php\/2016\/10\/31\/ejecutivo-ratifica-voluntad-de-dialogo-en-inicio-de-reuniones-con-sectores-de-oposicion\/","title":{"rendered":"Ejecutivo ratifica voluntad de di\u00e1logo en inicio de reuniones con sectores de oposici\u00f3n"},"content":{"rendered":"<p>AVN.- El presidente de la Rep\u00fablica, Nicol\u00e1s Maduro, ratific\u00f3 su disposici\u00f3n de mantener al di\u00e1logo con los representantes de la oposici\u00f3n en funci\u00f3n de los m\u00e1ximos intereses del pa\u00eds.<\/p>\n<p>\u00abVengo dispuesto a escuchar y ojal\u00e1 a ser escuchado y a buscar puntos de encuentro en funci\u00f3n de las grandes mayor\u00edas del pa\u00eds, de los intereses nacionales\u00bb, indic\u00f3 el presidente Maduro al instalarse en la noche de este domingo la mesa de di\u00e1logo, en La Rinconada, Caracas, entre representantes de la oposici\u00f3n y el gobierno.<\/p>\n<p>Por la oposici\u00f3n asisten el secretario general de la Mesa de la Unidad Democr\u00e1tica, Jes\u00fas Torrealba; el directivo del partido Primero Justicia, Carlos Ocariz; el vocero de Acci\u00f3n Democr\u00e1tica, Luis Alquiles Moremno y el coordinador de asuntos internacionales del partido Un Nuevo Tiempo, Timoteo Zambrano, reci\u00e9n expulsado de la vocer\u00eda internacional de la MUD.<\/p>\n<p>Por el gobierno participan el alcalde de Caracas, Jorge Rodr\u00edguez; la canciller de la Rep\u00fablica, Delcy Rodr\u00edguez, el diputado del Bloque de la Patria, El\u00edas Jaua y ex embajador de Venezuela ante la Organizaci\u00f3n de Estados Americanos, Roy Chaderton.<\/p>\n<p>El jefe de Estado ratific\u00f3 que la voluntad del Ejecutivo de asumir \u00abun compromiso profundo, yo asumo un compromiso profundo por este di\u00e1logo que arranca el d\u00eda de hoy (domingo)\u00bb.<\/p>\n<p>Destac\u00f3 que el Gobierno Bolivariano siempre ha trabajado por abrir espacios de di\u00e1logos con sectores adversos a la Revoluci\u00f3n Bolivariana. Record\u00f3 el proceso de di\u00e1logo con sectores de la oposici\u00f3n, convocado en noviembre de 2002 por el Comandante Hugo Ch\u00e1vez.<\/p>\n<p>\u00abY ah\u00ed estuvimos noviembre, diciembre, c\u00f3mo olvidar esos meses del a\u00f1o 2002, enero, febrero, marzo de 2003 y luego logramos un acuerdo que permiti\u00f3 desarrollar una agenda de paz\u00bb, destac\u00f3.<\/p>\n<p>Dijo que esta nueva oportunidad de di\u00e1logo representa una oportunidad para \u00abdesarmar el odio, la intolerancia y abrirle camino al amor entre los venezolanos y venezolanas\u00bb.<\/p>\n<p>Subray\u00f3 que el camino hacia la paz no debe ser una alternativa, sino una necesidad para la b\u00fasqueda del inter\u00e9s com\u00fan del pa\u00eds.<\/p>\n<p>Previo a la instalaci\u00f3n de la mesa de di\u00e1logo, el representante del Vaticano, monse\u00f1or Claudio Mar\u00eda Celli, manifest\u00f3 la importancia del di\u00e1logo para promover el respeto a la convivencia del pueblo venezolano. \u00abHoy necesitamos encontrar caminos que aunque dif\u00edciles conducen a una paz, segura y duradera\u00bb, indic\u00f3.<\/p>\n<p>Dijo que aunque el proceso de di\u00e1logo representa un desaf\u00edo \u00abel di\u00e1logo es el camino principal de la pol\u00edtica. El di\u00e1logo es el instrumento social que permite construir\u00a0 un pueblo donde las diferencias se armonizan en un proyecto conjunto\u00bb.<\/p>\n<p>&nbsp;<\/p>\n","protected":false},"excerpt":{"rendered":"<p>AVN.- El presidente de la Rep\u00fablica, Nicol\u00e1s Maduro, ratific\u00f3 su disposici\u00f3n de mantener al di\u00e1logo con &hellip; <a title=\"Ejecutivo ratifica voluntad de di\u00e1logo en inicio de reuniones con sectores de oposici\u00f3n\" class=\"hm-read-more\" href=\"https:\/\/www.mpppst.gob.ve\/mpppstweb\/index.php\/2016\/10\/31\/ejecutivo-ratifica-voluntad-de-dialogo-en-inicio-de-reuniones-con-sectores-de-oposicion\/\"><span class=\"screen-reader-text\">Ejecutivo ratifica voluntad de di\u00e1logo en inicio de reuniones con sectores de oposici\u00f3n<\/span>Read more<\/a><\/p>\n","protected":false},"author":25,"featured_media":8993,"comment_status":"closed","ping_status":"closed","sticky":false,"template":"","format":"standard","meta":{"footnotes":""},"categories":[82,163,213],"tags":[229,222],"yoast_head":"<!-- This site is optimized with the Yoast SEO plugin v22.5 - https:\/\/yoast.com\/wordpress\/plugins\/seo\/ -->\n<title>Ejecutivo ratifica voluntad de di\u00e1logo en inicio de reuniones con sectores de oposici\u00f3n - MPPPST<\/title>\n<meta name=\"robots\" content=\"index, follow, max-snippet:-1, max-image-preview:large, max-video-preview:-1\" \/>\n<link rel=\"canonical\" href=\"https:\/\/www.mpppst.gob.ve\/mpppstweb\/index.php\/2016\/10\/31\/ejecutivo-ratifica-voluntad-de-dialogo-en-inicio-de-reuniones-con-sectores-de-oposicion\/\" \/>\n<meta property=\"og:locale\" content=\"es_ES\" \/>\n<meta property=\"og:type\" content=\"article\" \/>\n<meta property=\"og:title\" content=\"Ejecutivo ratifica voluntad de di\u00e1logo en inicio de reuniones con sectores de oposici\u00f3n - MPPPST\" \/>\n<meta property=\"og:description\" content=\"AVN.- El presidente de la Rep\u00fablica, Nicol\u00e1s Maduro, ratific\u00f3 su disposici\u00f3n de mantener al di\u00e1logo con &hellip; Ejecutivo ratifica voluntad de di\u00e1logo en inicio de reuniones con sectores de oposici\u00f3nRead more\" \/>\n<meta property=\"og:url\" content=\"https:\/\/www.mpppst.gob.ve\/mpppstweb\/index.php\/2016\/10\/31\/ejecutivo-ratifica-voluntad-de-dialogo-en-inicio-de-reuniones-con-sectores-de-oposicion\/\" \/>\n<meta property=\"og:site_name\" content=\"MPPPST\" \/>\n<meta property=\"article:published_time\" content=\"2016-10-31T14:46:04+00:00\" \/>\n<meta property=\"og:image\" content=\"https:\/\/www.mpppst.gob.ve\/mpppstweb\/wp-content\/uploads\/2016\/10\/dialogo.jpg\" \/>\n\t<meta property=\"og:image:width\" content=\"800\" \/>\n\t<meta property=\"og:image:height\" content=\"445\" \/>\n\t<meta property=\"og:image:type\" content=\"image\/jpeg\" \/>\n<meta name=\"author\" content=\"MPPPST Prensa\" \/>\n<meta name=\"twitter:card\" content=\"summary_large_image\" \/>\n<meta name=\"twitter:label1\" content=\"Escrito por\" \/>\n\t<meta name=\"twitter:data1\" content=\"MPPPST Prensa\" \/>\n\t<meta name=\"twitter:label2\" content=\"Tiempo de lectura\" \/>\n\t<meta name=\"twitter:data2\" content=\"2 minutos\" \/>\n<script type=\"application\/ld+json\" class=\"yoast-schema-graph\">{\"@context\":\"https:\/\/schema.org\",\"@graph\":[{\"@type\":\"Article\",\"@id\":\"https:\/\/www.mpppst.gob.ve\/mpppstweb\/index.php\/2016\/10\/31\/ejecutivo-ratifica-voluntad-de-dialogo-en-inicio-de-reuniones-con-sectores-de-oposicion\/#article\",\"isPartOf\":{\"@id\":\"https:\/\/www.mpppst.gob.ve\/mpppstweb\/index.php\/2016\/10\/31\/ejecutivo-ratifica-voluntad-de-dialogo-en-inicio-de-reuniones-con-sectores-de-oposicion\/\"},\"author\":{\"name\":\"MPPPST Prensa\",\"@id\":\"https:\/\/www.mpppst.gob.ve\/mpppstweb\/#\/schema\/person\/fc187ee8ead412bd4c9304b62f900ea4\"},\"headline\":\"Ejecutivo ratifica voluntad de di\u00e1logo en inicio de reuniones con sectores de oposici\u00f3n\",\"datePublished\":\"2016-10-31T14:46:04+00:00\",\"dateModified\":\"2016-10-31T14:46:04+00:00\",\"mainEntityOfPage\":{\"@id\":\"https:\/\/www.mpppst.gob.ve\/mpppstweb\/index.php\/2016\/10\/31\/ejecutivo-ratifica-voluntad-de-dialogo-en-inicio-de-reuniones-con-sectores-de-oposicion\/\"},\"wordCount\":476,\"publisher\":{\"@id\":\"https:\/\/www.mpppst.gob.ve\/mpppstweb\/#organization\"},\"image\":{\"@id\":\"https:\/\/www.mpppst.gob.ve\/mpppstweb\/index.php\/2016\/10\/31\/ejecutivo-ratifica-voluntad-de-dialogo-en-inicio-de-reuniones-con-sectores-de-oposicion\/#primaryimage\"},\"thumbnailUrl\":\"https:\/\/www.mpppst.gob.ve\/mpppstweb\/wp-content\/uploads\/2016\/10\/dialogo.jpg\",\"keywords\":[\"Defensa Integral\",\"Gobierno Bolivariano\"],\"articleSection\":[\"Gobierno Nacional\",\"Noticias\",\"Presidencia de la Rep\u00fablica\"],\"inLanguage\":\"es\"},{\"@type\":\"WebPage\",\"@id\":\"https:\/\/www.mpppst.gob.ve\/mpppstweb\/index.php\/2016\/10\/31\/ejecutivo-ratifica-voluntad-de-dialogo-en-inicio-de-reuniones-con-sectores-de-oposicion\/\",\"url\":\"https:\/\/www.mpppst.gob.ve\/mpppstweb\/index.php\/2016\/10\/31\/ejecutivo-ratifica-voluntad-de-dialogo-en-inicio-de-reuniones-con-sectores-de-oposicion\/\",\"name\":\"Ejecutivo ratifica voluntad de di\u00e1logo en inicio de reuniones con sectores de oposici\u00f3n - MPPPST\",\"isPartOf\":{\"@id\":\"https:\/\/www.mpppst.gob.ve\/mpppstweb\/#website\"},\"primaryImageOfPage\":{\"@id\":\"https:\/\/www.mpppst.gob.ve\/mpppstweb\/index.php\/2016\/10\/31\/ejecutivo-ratifica-voluntad-de-dialogo-en-inicio-de-reuniones-con-sectores-de-oposicion\/#primaryimage\"},\"image\":{\"@id\":\"https:\/\/www.mpppst.gob.ve\/mpppstweb\/index.php\/2016\/10\/31\/ejecutivo-ratifica-voluntad-de-dialogo-en-inicio-de-reuniones-con-sectores-de-oposicion\/#primaryimage\"},\"thumbnailUrl\":\"https:\/\/www.mpppst.gob.ve\/mpppstweb\/wp-content\/uploads\/2016\/10\/dialogo.jpg\",\"datePublished\":\"2016-10-31T14:46:04+00:00\",\"dateModified\":\"2016-10-31T14:46:04+00:00\",\"breadcrumb\":{\"@id\":\"https:\/\/www.mpppst.gob.ve\/mpppstweb\/index.php\/2016\/10\/31\/ejecutivo-ratifica-voluntad-de-dialogo-en-inicio-de-reuniones-con-sectores-de-oposicion\/#breadcrumb\"},\"inLanguage\":\"es\",\"potentialAction\":[{\"@type\":\"ReadAction\",\"target\":[\"https:\/\/www.mpppst.gob.ve\/mpppstweb\/index.php\/2016\/10\/31\/ejecutivo-ratifica-voluntad-de-dialogo-en-inicio-de-reuniones-con-sectores-de-oposicion\/\"]}]},{\"@type\":\"ImageObject\",\"inLanguage\":\"es\",\"@id\":\"https:\/\/www.mpppst.gob.ve\/mpppstweb\/index.php\/2016\/10\/31\/ejecutivo-ratifica-voluntad-de-dialogo-en-inicio-de-reuniones-con-sectores-de-oposicion\/#primaryimage\",\"url\":\"https:\/\/www.mpppst.gob.ve\/mpppstweb\/wp-content\/uploads\/2016\/10\/dialogo.jpg\",\"contentUrl\":\"https:\/\/www.mpppst.gob.ve\/mpppstweb\/wp-content\/uploads\/2016\/10\/dialogo.jpg\",\"width\":800,\"height\":445},{\"@type\":\"BreadcrumbList\",\"@id\":\"https:\/\/www.mpppst.gob.ve\/mpppstweb\/index.php\/2016\/10\/31\/ejecutivo-ratifica-voluntad-de-dialogo-en-inicio-de-reuniones-con-sectores-de-oposicion\/#breadcrumb\",\"itemListElement\":[{\"@type\":\"ListItem\",\"position\":1,\"name\":\"Home\",\"item\":\"https:\/\/www.mpppst.gob.ve\/mpppstweb\/\"},{\"@type\":\"ListItem\",\"position\":2,\"name\":\"Ejecutivo ratifica voluntad de di\u00e1logo en inicio de reuniones con sectores de oposici\u00f3n\"}]},{\"@type\":\"WebSite\",\"@id\":\"https:\/\/www.mpppst.gob.ve\/mpppstweb\/#website\",\"url\":\"https:\/\/www.mpppst.gob.ve\/mpppstweb\/\",\"name\":\"MPPPST\",\"description\":\"Ministerio del Poder Popular para el Proceso Social de Trabajo\",\"publisher\":{\"@id\":\"https:\/\/www.mpppst.gob.ve\/mpppstweb\/#organization\"},\"potentialAction\":[{\"@type\":\"SearchAction\",\"target\":{\"@type\":\"EntryPoint\",\"urlTemplate\":\"https:\/\/www.mpppst.gob.ve\/mpppstweb\/?s={search_term_string}\"},\"query-input\":\"required name=search_term_string\"}],\"inLanguage\":\"es\"},{\"@type\":\"Organization\",\"@id\":\"https:\/\/www.mpppst.gob.ve\/mpppstweb\/#organization\",\"name\":\"mpppst\",\"url\":\"https:\/\/www.mpppst.gob.ve\/mpppstweb\/\",\"logo\":{\"@type\":\"ImageObject\",\"inLanguage\":\"es\",\"@id\":\"https:\/\/www.mpppst.gob.ve\/mpppstweb\/#\/schema\/logo\/image\/\",\"url\":\"https:\/\/www.mpppst.gob.ve\/mpppstweb\/wp-content\/uploads\/2025\/07\/cropped-cropped-g910.png\",\"contentUrl\":\"https:\/\/www.mpppst.gob.ve\/mpppstweb\/wp-content\/uploads\/2025\/07\/cropped-cropped-g910.png\",\"width\":1080,\"height\":241,\"caption\":\"mpppst\"},\"image\":{\"@id\":\"https:\/\/www.mpppst.gob.ve\/mpppstweb\/#\/schema\/logo\/image\/\"}},{\"@type\":\"Person\",\"@id\":\"https:\/\/www.mpppst.gob.ve\/mpppstweb\/#\/schema\/person\/fc187ee8ead412bd4c9304b62f900ea4\",\"name\":\"MPPPST Prensa\",\"url\":\"https:\/\/www.mpppst.gob.ve\/mpppstweb\/index.php\/author\/prensa-mpppst\/\"}]}<\/script>\n<!-- \/ Yoast SEO plugin. -->","yoast_head_json":{"title":"Ejecutivo ratifica voluntad de di\u00e1logo en inicio de reuniones con sectores de oposici\u00f3n - MPPPST","robots":{"index":"index","follow":"follow","max-snippet":"max-snippet:-1","max-image-preview":"max-image-preview:large","max-video-preview":"max-video-preview:-1"},"canonical":"https:\/\/www.mpppst.gob.ve\/mpppstweb\/index.php\/2016\/10\/31\/ejecutivo-ratifica-voluntad-de-dialogo-en-inicio-de-reuniones-con-sectores-de-oposicion\/","og_locale":"es_ES","og_type":"article","og_title":"Ejecutivo ratifica voluntad de di\u00e1logo en inicio de reuniones con sectores de oposici\u00f3n - MPPPST","og_description":"AVN.- El presidente de la Rep\u00fablica, Nicol\u00e1s Maduro, ratific\u00f3 su disposici\u00f3n de mantener al di\u00e1logo con &hellip; Ejecutivo ratifica voluntad de di\u00e1logo en inicio de reuniones con sectores de oposici\u00f3nRead more","og_url":"https:\/\/www.mpppst.gob.ve\/mpppstweb\/index.php\/2016\/10\/31\/ejecutivo-ratifica-voluntad-de-dialogo-en-inicio-de-reuniones-con-sectores-de-oposicion\/","og_site_name":"MPPPST","article_published_time":"2016-10-31T14:46:04+00:00","og_image":[{"width":800,"height":445,"url":"https:\/\/www.mpppst.gob.ve\/mpppstweb\/wp-content\/uploads\/2016\/10\/dialogo.jpg","type":"image\/jpeg"}],"author":"MPPPST Prensa","twitter_card":"summary_large_image","twitter_misc":{"Escrito por":"MPPPST Prensa","Tiempo de lectura":"2 minutos"},"schema":{"@context":"https:\/\/schema.org","@graph":[{"@type":"Article","@id":"https:\/\/www.mpppst.gob.ve\/mpppstweb\/index.php\/2016\/10\/31\/ejecutivo-ratifica-voluntad-de-dialogo-en-inicio-de-reuniones-con-sectores-de-oposicion\/#article","isPartOf":{"@id":"https:\/\/www.mpppst.gob.ve\/mpppstweb\/index.php\/2016\/10\/31\/ejecutivo-ratifica-voluntad-de-dialogo-en-inicio-de-reuniones-con-sectores-de-oposicion\/"},"author":{"name":"MPPPST Prensa","@id":"https:\/\/www.mpppst.gob.ve\/mpppstweb\/#\/schema\/person\/fc187ee8ead412bd4c9304b62f900ea4"},"headline":"Ejecutivo ratifica voluntad de di\u00e1logo en inicio de reuniones con sectores de oposici\u00f3n","datePublished":"2016-10-31T14:46:04+00:00","dateModified":"2016-10-31T14:46:04+00:00","mainEntityOfPage":{"@id":"https:\/\/www.mpppst.gob.ve\/mpppstweb\/index.php\/2016\/10\/31\/ejecutivo-ratifica-voluntad-de-dialogo-en-inicio-de-reuniones-con-sectores-de-oposicion\/"},"wordCount":476,"publisher":{"@id":"https:\/\/www.mpppst.gob.ve\/mpppstweb\/#organization"},"image":{"@id":"https:\/\/www.mpppst.gob.ve\/mpppstweb\/index.php\/2016\/10\/31\/ejecutivo-ratifica-voluntad-de-dialogo-en-inicio-de-reuniones-con-sectores-de-oposicion\/#primaryimage"},"thumbnailUrl":"https:\/\/www.mpppst.gob.ve\/mpppstweb\/wp-content\/uploads\/2016\/10\/dialogo.jpg","keywords":["Defensa Integral","Gobierno Bolivariano"],"articleSection":["Gobierno Nacional","Noticias","Presidencia de la Rep\u00fablica"],"inLanguage":"es"},{"@type":"WebPage","@id":"https:\/\/www.mpppst.gob.ve\/mpppstweb\/index.php\/2016\/10\/31\/ejecutivo-ratifica-voluntad-de-dialogo-en-inicio-de-reuniones-con-sectores-de-oposicion\/","url":"https:\/\/www.mpppst.gob.ve\/mpppstweb\/index.php\/2016\/10\/31\/ejecutivo-ratifica-voluntad-de-dialogo-en-inicio-de-reuniones-con-sectores-de-oposicion\/","name":"Ejecutivo ratifica voluntad de di\u00e1logo en inicio de reuniones con sectores de oposici\u00f3n - MPPPST","isPartOf":{"@id":"https:\/\/www.mpppst.gob.ve\/mpppstweb\/#website"},"primaryImageOfPage":{"@id":"https:\/\/www.mpppst.gob.ve\/mpppstweb\/index.php\/2016\/10\/31\/ejecutivo-ratifica-voluntad-de-dialogo-en-inicio-de-reuniones-con-sectores-de-oposicion\/#primaryimage"},"image":{"@id":"https:\/\/www.mpppst.gob.ve\/mpppstweb\/index.php\/2016\/10\/31\/ejecutivo-ratifica-voluntad-de-dialogo-en-inicio-de-reuniones-con-sectores-de-oposicion\/#primaryimage"},"thumbnailUrl":"https:\/\/www.mpppst.gob.ve\/mpppstweb\/wp-content\/uploads\/2016\/10\/dialogo.jpg","datePublished":"2016-10-31T14:46:04+00:00","dateModified":"2016-10-31T14:46:04+00:00","breadcrumb":{"@id":"https:\/\/www.mpppst.gob.ve\/mpppstweb\/index.php\/2016\/10\/31\/ejecutivo-ratifica-voluntad-de-dialogo-en-inicio-de-reuniones-con-sectores-de-oposicion\/#breadcrumb"},"inLanguage":"es","potentialAction":[{"@type":"ReadAction","target":["https:\/\/www.mpppst.gob.ve\/mpppstweb\/index.php\/2016\/10\/31\/ejecutivo-ratifica-voluntad-de-dialogo-en-inicio-de-reuniones-con-sectores-de-oposicion\/"]}]},{"@type":"ImageObject","inLanguage":"es","@id":"https:\/\/www.mpppst.gob.ve\/mpppstweb\/index.php\/2016\/10\/31\/ejecutivo-ratifica-voluntad-de-dialogo-en-inicio-de-reuniones-con-sectores-de-oposicion\/#primaryimage","url":"https:\/\/www.mpppst.gob.ve\/mpppstweb\/wp-content\/uploads\/2016\/10\/dialogo.jpg","contentUrl":"https:\/\/www.mpppst.gob.ve\/mpppstweb\/wp-content\/uploads\/2016\/10\/dialogo.jpg","width":800,"height":445},{"@type":"BreadcrumbList","@id":"https:\/\/www.mpppst.gob.ve\/mpppstweb\/index.php\/2016\/10\/31\/ejecutivo-ratifica-voluntad-de-dialogo-en-inicio-de-reuniones-con-sectores-de-oposicion\/#breadcrumb","itemListElement":[{"@type":"ListItem","position":1,"name":"Home","item":"https:\/\/www.mpppst.gob.ve\/mpppstweb\/"},{"@type":"ListItem","position":2,"name":"Ejecutivo ratifica voluntad de di\u00e1logo en inicio de reuniones con sectores de oposici\u00f3n"}]},{"@type":"WebSite","@id":"https:\/\/www.mpppst.gob.ve\/mpppstweb\/#website","url":"https:\/\/www.mpppst.gob.ve\/mpppstweb\/","name":"MPPPST","description":"Ministerio del Poder Popular para el Proceso Social de Trabajo","publisher":{"@id":"https:\/\/www.mpppst.gob.ve\/mpppstweb\/#organization"},"potentialAction":[{"@type":"SearchAction","target":{"@type":"EntryPoint","urlTemplate":"https:\/\/www.mpppst.gob.ve\/mpppstweb\/?s={search_term_string}"},"query-input":"required name=search_term_string"}],"inLanguage":"es"},{"@type":"Organization","@id":"https:\/\/www.mpppst.gob.ve\/mpppstweb\/#organization","name":"mpppst","url":"https:\/\/www.mpppst.gob.ve\/mpppstweb\/","logo":{"@type":"ImageObject","inLanguage":"es","@id":"https:\/\/www.mpppst.gob.ve\/mpppstweb\/#\/schema\/logo\/image\/","url":"https:\/\/www.mpppst.gob.ve\/mpppstweb\/wp-content\/uploads\/2025\/07\/cropped-cropped-g910.png","contentUrl":"https:\/\/www.mpppst.gob.ve\/mpppstweb\/wp-content\/uploads\/2025\/07\/cropped-cropped-g910.png","width":1080,"height":241,"caption":"mpppst"},"image":{"@id":"https:\/\/www.mpppst.gob.ve\/mpppstweb\/#\/schema\/logo\/image\/"}},{"@type":"Person","@id":"https:\/\/www.mpppst.gob.ve\/mpppstweb\/#\/schema\/person\/fc187ee8ead412bd4c9304b62f900ea4","name":"MPPPST Prensa","url":"https:\/\/www.mpppst.gob.ve\/mpppstweb\/index.php\/author\/prensa-mpppst\/"}]}},"_links":{"self":[{"href":"https:\/\/www.mpppst.gob.ve\/mpppstweb\/index.php\/wp-json\/wp\/v2\/posts\/8992"}],"collection":[{"href":"https:\/\/www.mpppst.gob.ve\/mpppstweb\/index.php\/wp-json\/wp\/v2\/posts"}],"about":[{"href":"https:\/\/www.mpppst.gob.ve\/mpppstweb\/index.php\/wp-json\/wp\/v2\/types\/post"}],"author":[{"embeddable":true,"href":"https:\/\/www.mpppst.gob.ve\/mpppstweb\/index.php\/wp-json\/wp\/v2\/users\/25"}],"replies":[{"embeddable":true,"href":"https:\/\/www.mpppst.gob.ve\/mpppstweb\/index.php\/wp-json\/wp\/v2\/comments?post=8992"}],"version-history":[{"count":1,"href":"https:\/\/www.mpppst.gob.ve\/mpppstweb\/index.php\/wp-json\/wp\/v2\/posts\/8992\/revisions"}],"predecessor-version":[{"id":8994,"href":"https:\/\/www.mpppst.gob.ve\/mpppstweb\/index.php\/wp-json\/wp\/v2\/posts\/8992\/revisions\/8994"}],"wp:featuredmedia":[{"embeddable":true,"href":"https:\/\/www.mpppst.gob.ve\/mpppstweb\/index.php\/wp-json\/wp\/v2\/media\/8993"}],"wp:attachment":[{"href":"https:\/\/www.mpppst.gob.ve\/mpppstweb\/index.php\/wp-json\/wp\/v2\/media?parent=8992"}],"wp:term":[{"taxonomy":"category","embeddable":true,"href":"https:\/\/www.mpppst.gob.ve\/mpppstweb\/index.php\/wp-json\/wp\/v2\/categories?post=8992"},{"taxonomy":"post_tag","embeddable":true,"href":"https:\/\/www.mpppst.gob.ve\/mpppstweb\/index.php\/wp-json\/wp\/v2\/tags?post=8992"}],"curies":[{"name":"wp","href":"https:\/\/api.w.org\/{rel}","templated":true}]}}