{"id":8998,"date":"2016-10-31T16:43:55","date_gmt":"2016-10-31T16:43:55","guid":{"rendered":"http:\/\/www.mpppst.gob.ve\/mpppstweb\/?p=8998"},"modified":"2016-10-31T16:43:55","modified_gmt":"2016-10-31T16:43:55","slug":"se-instalaran-cuatro-mesas-tematicas-para-desarrollo-del-dialogo-nacional","status":"publish","type":"post","link":"https:\/\/www.mpppst.gob.ve\/mpppstweb\/index.php\/2016\/10\/31\/se-instalaran-cuatro-mesas-tematicas-para-desarrollo-del-dialogo-nacional\/","title":{"rendered":"Se instalar\u00e1n cuatro mesas tem\u00e1ticas para desarrollo del di\u00e1logo nacional"},"content":{"rendered":"<p>AVN.- El Gobierno Bolivariano y la oposici\u00f3n pol\u00edtica acordaron instalar cuatro mesas tem\u00e1ticas para llevar adelante el di\u00e1logo nacional que comenz\u00f3 este domingo pasadas las ocho de la noche y culmin\u00f3 despu\u00e9s de las dos de la madrugada de este lunes 31 de octubre en las instalaciones del Museo Alejandro Otero de Caracas.<\/p>\n<p>En este primer encuentro acord\u00f3 adoptar como base de trabajo la propuesta de los acompa\u00f1antes internacionales para abordar los ejes tem\u00e1ticos, la metodolog\u00eda y el cronograma del di\u00e1logo. Cada mesa ser\u00e1 coordinada por uno de los acompa\u00f1antes y participar\u00e1n uno de los representantes del Gobierno y uno de la oposici\u00f3n, quienes podr\u00e1n nominar a sus respectivos asesores t\u00e9cnicos.<\/p>\n<p>Las mesas tem\u00e1ticas quedaron conformadas del modo siguiente: 1. Paz, Respeto al Estado de Derecho y a la Soberan\u00eda Nacional, coordinada por Jos\u00e9 Luis Rodr\u00edguez Zapatero; 2. Verdad, Justicia, Derechos Humanos, Reparaci\u00f3n de V\u00edctimas y Reconciliaci\u00f3n, coordinada por el Vaticano; 3. Econ\u00f3mico-Social, coordinada por Leonel Fern\u00e1ndez; y 4. Generaci\u00f3n de Confianza y Cronograma Electoral, coordinada por Mart\u00edn Torrijos.<\/p>\n<p>Gobierno y oposici\u00f3n se comprometieron, adem\u00e1s, a disminuir el tono de agresividad del lenguaje utilizado en el debate pol\u00edtico con el prop\u00f3sito de mantener y preservar un ambiente de paz y de concordia, as\u00ed como a instalar de manera inmediata las mesas tem\u00e1ticas y evaluar sus avances en forma peri\u00f3dica. El pr\u00f3ximo encuentro ser\u00e1 el 11 de noviembre.<\/p>\n<p>A esta primera reuni\u00f3n acudieron el presidente de la Rep\u00fablica, Nicol\u00e1s Maduro, y los acompa\u00f1antes internacionales monse\u00f1or Claudio Mar\u00eda Celli, enviado especial del Papa Francisco; Ernesto Samper, secretario general de la Uni\u00f3n Suramericana de Naciones (Unasur), y los expresidentes Jos\u00e9 Luis Rodr\u00edguez Zapatero (Espa\u00f1a), Leonel Fern\u00e1ndez (Rep\u00fablica Dominicana) y Mart\u00edn Torrijos (Panam\u00e1).<\/p>\n<p>Como representantes de la oposici\u00f3n asistieron el secretario general de la Mesa de la Unidad Democr\u00e1tica (MUD), Jes\u00fas Torrealba; Carlos Ocariz; de Primero Justicia; Luis Alquiles Moreno, de Acci\u00f3n Democr\u00e1tica, y\u00a0Timoteo Zambrano, de Un Nuevo Tiempo.<\/p>\n<p>Por el gobierno estuvieron presentes los cuatro dirigentes socialistas designados para el di\u00e1logo:\u00a0Jorge Rodr\u00edguez,\u00a0alcalde de Caracas; Delcy Rodr\u00edguez, la canciller de la Rep\u00fablica;\u00a0El\u00edas Jaua, diputado del Bloque de la patria; y\u00a0Roy Chaderton, diplom\u00e1tico, ex canciller y embajador de Venezuela ante diversas instancias.<\/p>\n<p>Al finalizar esta primera reuni\u00f3n, Venezuela expres\u00f3 \u00absu reconocimiento profundo a la Santa Sede, a Unasur y a los expresidentes Fern\u00e1ndez, Rodr\u00edguez Zapatero y Torrijos, por sus denodados esfuerzos en aras del di\u00e1logo de paz\u00bb, reza el texto del acuerdo.<\/p>\n<p><strong>Temas de trabajo<\/strong><\/p>\n<p>Durante este primer encuentro, ambas partes acordaron atender ocho temas:<\/p>\n<p>1.- Compromiso conjunto para el mantenimiento de la paz y el entendimiento entre los venezolanos.<br \/>\n2.- Revisi\u00f3n de la situaci\u00f3n de personas privadas de libertad.<br \/>\n3.- Caso de los Diputados del estado Amazonas.<br \/>\n4.- Cronograma e institucionalidad electoral y respeto a los procesos electorales previstos en la Constituci\u00f3n.<br \/>\n5.- Funcionamiento y Autonom\u00eda de los Poderes P\u00fablicos y respeto de sus respectivas competencias constitucionales.<br \/>\n6.- Compromiso conjunto para mejorar las condiciones de abastecimiento de alimentos y medicinas.<br \/>\n7.- Explorar alternativas que conlleve la acci\u00f3n conjunta de los \u00f3rganos del Estado para atender los temas econ\u00f3micos m\u00e1s urgentes.<br \/>\n8.- Formulamos votos para que los problemas de los venezolanos se resuelvan en el marco de la soberan\u00eda nacional, agradeciendo altamente el acompa\u00f1amiento internacional en apoyo a este di\u00e1logo pol\u00edtico.<\/p>\n","protected":false},"excerpt":{"rendered":"<p>AVN.- El Gobierno Bolivariano y la oposici\u00f3n pol\u00edtica acordaron instalar cuatro mesas tem\u00e1ticas para llevar adelante &hellip; <a title=\"Se instalar\u00e1n cuatro mesas tem\u00e1ticas para desarrollo del di\u00e1logo nacional\" class=\"hm-read-more\" href=\"https:\/\/www.mpppst.gob.ve\/mpppstweb\/index.php\/2016\/10\/31\/se-instalaran-cuatro-mesas-tematicas-para-desarrollo-del-dialogo-nacional\/\"><span class=\"screen-reader-text\">Se instalar\u00e1n cuatro mesas tem\u00e1ticas para desarrollo del di\u00e1logo nacional<\/span>Read more<\/a><\/p>\n","protected":false},"author":25,"featured_media":8999,"comment_status":"closed","ping_status":"closed","sticky":false,"template":"","format":"standard","meta":{"footnotes":""},"categories":[82],"tags":[229,222],"yoast_head":"<!-- This site is optimized with the Yoast SEO plugin v22.5 - https:\/\/yoast.com\/wordpress\/plugins\/seo\/ -->\n<title>Se instalar\u00e1n cuatro mesas tem\u00e1ticas para desarrollo del di\u00e1logo nacional - MPPPST<\/title>\n<meta name=\"robots\" content=\"index, follow, max-snippet:-1, max-image-preview:large, max-video-preview:-1\" \/>\n<link rel=\"canonical\" href=\"https:\/\/www.mpppst.gob.ve\/mpppstweb\/index.php\/2016\/10\/31\/se-instalaran-cuatro-mesas-tematicas-para-desarrollo-del-dialogo-nacional\/\" \/>\n<meta property=\"og:locale\" content=\"es_ES\" \/>\n<meta property=\"og:type\" content=\"article\" \/>\n<meta property=\"og:title\" content=\"Se instalar\u00e1n cuatro mesas tem\u00e1ticas para desarrollo del di\u00e1logo nacional - MPPPST\" \/>\n<meta property=\"og:description\" content=\"AVN.- El Gobierno Bolivariano y la oposici\u00f3n pol\u00edtica acordaron instalar cuatro mesas tem\u00e1ticas para llevar adelante &hellip; Se instalar\u00e1n cuatro mesas tem\u00e1ticas para desarrollo del di\u00e1logo nacionalRead more\" \/>\n<meta property=\"og:url\" content=\"https:\/\/www.mpppst.gob.ve\/mpppstweb\/index.php\/2016\/10\/31\/se-instalaran-cuatro-mesas-tematicas-para-desarrollo-del-dialogo-nacional\/\" \/>\n<meta property=\"og:site_name\" content=\"MPPPST\" \/>\n<meta property=\"article:published_time\" content=\"2016-10-31T16:43:55+00:00\" \/>\n<meta property=\"og:image\" content=\"https:\/\/www.mpppst.gob.ve\/mpppstweb\/wp-content\/uploads\/2016\/10\/013_img_8244_1477877320.jpg\" \/>\n\t<meta property=\"og:image:width\" content=\"800\" \/>\n\t<meta property=\"og:image:height\" content=\"445\" \/>\n\t<meta property=\"og:image:type\" content=\"image\/jpeg\" \/>\n<meta name=\"author\" content=\"MPPPST Prensa\" \/>\n<meta name=\"twitter:card\" content=\"summary_large_image\" \/>\n<meta name=\"twitter:label1\" content=\"Escrito por\" \/>\n\t<meta name=\"twitter:data1\" content=\"MPPPST Prensa\" \/>\n\t<meta name=\"twitter:label2\" content=\"Tiempo de lectura\" \/>\n\t<meta name=\"twitter:data2\" content=\"3 minutos\" \/>\n<script type=\"application\/ld+json\" class=\"yoast-schema-graph\">{\"@context\":\"https:\/\/schema.org\",\"@graph\":[{\"@type\":\"Article\",\"@id\":\"https:\/\/www.mpppst.gob.ve\/mpppstweb\/index.php\/2016\/10\/31\/se-instalaran-cuatro-mesas-tematicas-para-desarrollo-del-dialogo-nacional\/#article\",\"isPartOf\":{\"@id\":\"https:\/\/www.mpppst.gob.ve\/mpppstweb\/index.php\/2016\/10\/31\/se-instalaran-cuatro-mesas-tematicas-para-desarrollo-del-dialogo-nacional\/\"},\"author\":{\"name\":\"MPPPST Prensa\",\"@id\":\"https:\/\/www.mpppst.gob.ve\/mpppstweb\/#\/schema\/person\/fc187ee8ead412bd4c9304b62f900ea4\"},\"headline\":\"Se instalar\u00e1n cuatro mesas tem\u00e1ticas para desarrollo del di\u00e1logo nacional\",\"datePublished\":\"2016-10-31T16:43:55+00:00\",\"dateModified\":\"2016-10-31T16:43:55+00:00\",\"mainEntityOfPage\":{\"@id\":\"https:\/\/www.mpppst.gob.ve\/mpppstweb\/index.php\/2016\/10\/31\/se-instalaran-cuatro-mesas-tematicas-para-desarrollo-del-dialogo-nacional\/\"},\"wordCount\":619,\"publisher\":{\"@id\":\"https:\/\/www.mpppst.gob.ve\/mpppstweb\/#organization\"},\"image\":{\"@id\":\"https:\/\/www.mpppst.gob.ve\/mpppstweb\/index.php\/2016\/10\/31\/se-instalaran-cuatro-mesas-tematicas-para-desarrollo-del-dialogo-nacional\/#primaryimage\"},\"thumbnailUrl\":\"https:\/\/www.mpppst.gob.ve\/mpppstweb\/wp-content\/uploads\/2016\/10\/013_img_8244_1477877320.jpg\",\"keywords\":[\"Defensa Integral\",\"Gobierno Bolivariano\"],\"articleSection\":[\"Gobierno Nacional\"],\"inLanguage\":\"es\"},{\"@type\":\"WebPage\",\"@id\":\"https:\/\/www.mpppst.gob.ve\/mpppstweb\/index.php\/2016\/10\/31\/se-instalaran-cuatro-mesas-tematicas-para-desarrollo-del-dialogo-nacional\/\",\"url\":\"https:\/\/www.mpppst.gob.ve\/mpppstweb\/index.php\/2016\/10\/31\/se-instalaran-cuatro-mesas-tematicas-para-desarrollo-del-dialogo-nacional\/\",\"name\":\"Se instalar\u00e1n cuatro mesas tem\u00e1ticas para desarrollo del di\u00e1logo nacional - MPPPST\",\"isPartOf\":{\"@id\":\"https:\/\/www.mpppst.gob.ve\/mpppstweb\/#website\"},\"primaryImageOfPage\":{\"@id\":\"https:\/\/www.mpppst.gob.ve\/mpppstweb\/index.php\/2016\/10\/31\/se-instalaran-cuatro-mesas-tematicas-para-desarrollo-del-dialogo-nacional\/#primaryimage\"},\"image\":{\"@id\":\"https:\/\/www.mpppst.gob.ve\/mpppstweb\/index.php\/2016\/10\/31\/se-instalaran-cuatro-mesas-tematicas-para-desarrollo-del-dialogo-nacional\/#primaryimage\"},\"thumbnailUrl\":\"https:\/\/www.mpppst.gob.ve\/mpppstweb\/wp-content\/uploads\/2016\/10\/013_img_8244_1477877320.jpg\",\"datePublished\":\"2016-10-31T16:43:55+00:00\",\"dateModified\":\"2016-10-31T16:43:55+00:00\",\"breadcrumb\":{\"@id\":\"https:\/\/www.mpppst.gob.ve\/mpppstweb\/index.php\/2016\/10\/31\/se-instalaran-cuatro-mesas-tematicas-para-desarrollo-del-dialogo-nacional\/#breadcrumb\"},\"inLanguage\":\"es\",\"potentialAction\":[{\"@type\":\"ReadAction\",\"target\":[\"https:\/\/www.mpppst.gob.ve\/mpppstweb\/index.php\/2016\/10\/31\/se-instalaran-cuatro-mesas-tematicas-para-desarrollo-del-dialogo-nacional\/\"]}]},{\"@type\":\"ImageObject\",\"inLanguage\":\"es\",\"@id\":\"https:\/\/www.mpppst.gob.ve\/mpppstweb\/index.php\/2016\/10\/31\/se-instalaran-cuatro-mesas-tematicas-para-desarrollo-del-dialogo-nacional\/#primaryimage\",\"url\":\"https:\/\/www.mpppst.gob.ve\/mpppstweb\/wp-content\/uploads\/2016\/10\/013_img_8244_1477877320.jpg\",\"contentUrl\":\"https:\/\/www.mpppst.gob.ve\/mpppstweb\/wp-content\/uploads\/2016\/10\/013_img_8244_1477877320.jpg\",\"width\":800,\"height\":445},{\"@type\":\"BreadcrumbList\",\"@id\":\"https:\/\/www.mpppst.gob.ve\/mpppstweb\/index.php\/2016\/10\/31\/se-instalaran-cuatro-mesas-tematicas-para-desarrollo-del-dialogo-nacional\/#breadcrumb\",\"itemListElement\":[{\"@type\":\"ListItem\",\"position\":1,\"name\":\"Home\",\"item\":\"https:\/\/www.mpppst.gob.ve\/mpppstweb\/\"},{\"@type\":\"ListItem\",\"position\":2,\"name\":\"Se instalar\u00e1n cuatro mesas tem\u00e1ticas para desarrollo del di\u00e1logo nacional\"}]},{\"@type\":\"WebSite\",\"@id\":\"https:\/\/www.mpppst.gob.ve\/mpppstweb\/#website\",\"url\":\"https:\/\/www.mpppst.gob.ve\/mpppstweb\/\",\"name\":\"MPPPST\",\"description\":\"Ministerio del Poder Popular para el Proceso Social de Trabajo\",\"publisher\":{\"@id\":\"https:\/\/www.mpppst.gob.ve\/mpppstweb\/#organization\"},\"potentialAction\":[{\"@type\":\"SearchAction\",\"target\":{\"@type\":\"EntryPoint\",\"urlTemplate\":\"https:\/\/www.mpppst.gob.ve\/mpppstweb\/?s={search_term_string}\"},\"query-input\":\"required name=search_term_string\"}],\"inLanguage\":\"es\"},{\"@type\":\"Organization\",\"@id\":\"https:\/\/www.mpppst.gob.ve\/mpppstweb\/#organization\",\"name\":\"mpppst\",\"url\":\"https:\/\/www.mpppst.gob.ve\/mpppstweb\/\",\"logo\":{\"@type\":\"ImageObject\",\"inLanguage\":\"es\",\"@id\":\"https:\/\/www.mpppst.gob.ve\/mpppstweb\/#\/schema\/logo\/image\/\",\"url\":\"https:\/\/www.mpppst.gob.ve\/mpppstweb\/wp-content\/uploads\/2025\/07\/cropped-cropped-g910.png\",\"contentUrl\":\"https:\/\/www.mpppst.gob.ve\/mpppstweb\/wp-content\/uploads\/2025\/07\/cropped-cropped-g910.png\",\"width\":1080,\"height\":241,\"caption\":\"mpppst\"},\"image\":{\"@id\":\"https:\/\/www.mpppst.gob.ve\/mpppstweb\/#\/schema\/logo\/image\/\"}},{\"@type\":\"Person\",\"@id\":\"https:\/\/www.mpppst.gob.ve\/mpppstweb\/#\/schema\/person\/fc187ee8ead412bd4c9304b62f900ea4\",\"name\":\"MPPPST Prensa\",\"url\":\"https:\/\/www.mpppst.gob.ve\/mpppstweb\/index.php\/author\/prensa-mpppst\/\"}]}<\/script>\n<!-- \/ Yoast SEO plugin. -->","yoast_head_json":{"title":"Se instalar\u00e1n cuatro mesas tem\u00e1ticas para desarrollo del di\u00e1logo nacional - MPPPST","robots":{"index":"index","follow":"follow","max-snippet":"max-snippet:-1","max-image-preview":"max-image-preview:large","max-video-preview":"max-video-preview:-1"},"canonical":"https:\/\/www.mpppst.gob.ve\/mpppstweb\/index.php\/2016\/10\/31\/se-instalaran-cuatro-mesas-tematicas-para-desarrollo-del-dialogo-nacional\/","og_locale":"es_ES","og_type":"article","og_title":"Se instalar\u00e1n cuatro mesas tem\u00e1ticas para desarrollo del di\u00e1logo nacional - MPPPST","og_description":"AVN.- El Gobierno Bolivariano y la oposici\u00f3n pol\u00edtica acordaron instalar cuatro mesas tem\u00e1ticas para llevar adelante &hellip; Se instalar\u00e1n cuatro mesas tem\u00e1ticas para desarrollo del di\u00e1logo nacionalRead more","og_url":"https:\/\/www.mpppst.gob.ve\/mpppstweb\/index.php\/2016\/10\/31\/se-instalaran-cuatro-mesas-tematicas-para-desarrollo-del-dialogo-nacional\/","og_site_name":"MPPPST","article_published_time":"2016-10-31T16:43:55+00:00","og_image":[{"width":800,"height":445,"url":"https:\/\/www.mpppst.gob.ve\/mpppstweb\/wp-content\/uploads\/2016\/10\/013_img_8244_1477877320.jpg","type":"image\/jpeg"}],"author":"MPPPST Prensa","twitter_card":"summary_large_image","twitter_misc":{"Escrito por":"MPPPST Prensa","Tiempo de lectura":"3 minutos"},"schema":{"@context":"https:\/\/schema.org","@graph":[{"@type":"Article","@id":"https:\/\/www.mpppst.gob.ve\/mpppstweb\/index.php\/2016\/10\/31\/se-instalaran-cuatro-mesas-tematicas-para-desarrollo-del-dialogo-nacional\/#article","isPartOf":{"@id":"https:\/\/www.mpppst.gob.ve\/mpppstweb\/index.php\/2016\/10\/31\/se-instalaran-cuatro-mesas-tematicas-para-desarrollo-del-dialogo-nacional\/"},"author":{"name":"MPPPST Prensa","@id":"https:\/\/www.mpppst.gob.ve\/mpppstweb\/#\/schema\/person\/fc187ee8ead412bd4c9304b62f900ea4"},"headline":"Se instalar\u00e1n cuatro mesas tem\u00e1ticas para desarrollo del di\u00e1logo nacional","datePublished":"2016-10-31T16:43:55+00:00","dateModified":"2016-10-31T16:43:55+00:00","mainEntityOfPage":{"@id":"https:\/\/www.mpppst.gob.ve\/mpppstweb\/index.php\/2016\/10\/31\/se-instalaran-cuatro-mesas-tematicas-para-desarrollo-del-dialogo-nacional\/"},"wordCount":619,"publisher":{"@id":"https:\/\/www.mpppst.gob.ve\/mpppstweb\/#organization"},"image":{"@id":"https:\/\/www.mpppst.gob.ve\/mpppstweb\/index.php\/2016\/10\/31\/se-instalaran-cuatro-mesas-tematicas-para-desarrollo-del-dialogo-nacional\/#primaryimage"},"thumbnailUrl":"https:\/\/www.mpppst.gob.ve\/mpppstweb\/wp-content\/uploads\/2016\/10\/013_img_8244_1477877320.jpg","keywords":["Defensa Integral","Gobierno Bolivariano"],"articleSection":["Gobierno Nacional"],"inLanguage":"es"},{"@type":"WebPage","@id":"https:\/\/www.mpppst.gob.ve\/mpppstweb\/index.php\/2016\/10\/31\/se-instalaran-cuatro-mesas-tematicas-para-desarrollo-del-dialogo-nacional\/","url":"https:\/\/www.mpppst.gob.ve\/mpppstweb\/index.php\/2016\/10\/31\/se-instalaran-cuatro-mesas-tematicas-para-desarrollo-del-dialogo-nacional\/","name":"Se instalar\u00e1n cuatro mesas tem\u00e1ticas para desarrollo del di\u00e1logo nacional - MPPPST","isPartOf":{"@id":"https:\/\/www.mpppst.gob.ve\/mpppstweb\/#website"},"primaryImageOfPage":{"@id":"https:\/\/www.mpppst.gob.ve\/mpppstweb\/index.php\/2016\/10\/31\/se-instalaran-cuatro-mesas-tematicas-para-desarrollo-del-dialogo-nacional\/#primaryimage"},"image":{"@id":"https:\/\/www.mpppst.gob.ve\/mpppstweb\/index.php\/2016\/10\/31\/se-instalaran-cuatro-mesas-tematicas-para-desarrollo-del-dialogo-nacional\/#primaryimage"},"thumbnailUrl":"https:\/\/www.mpppst.gob.ve\/mpppstweb\/wp-content\/uploads\/2016\/10\/013_img_8244_1477877320.jpg","datePublished":"2016-10-31T16:43:55+00:00","dateModified":"2016-10-31T16:43:55+00:00","breadcrumb":{"@id":"https:\/\/www.mpppst.gob.ve\/mpppstweb\/index.php\/2016\/10\/31\/se-instalaran-cuatro-mesas-tematicas-para-desarrollo-del-dialogo-nacional\/#breadcrumb"},"inLanguage":"es","potentialAction":[{"@type":"ReadAction","target":["https:\/\/www.mpppst.gob.ve\/mpppstweb\/index.php\/2016\/10\/31\/se-instalaran-cuatro-mesas-tematicas-para-desarrollo-del-dialogo-nacional\/"]}]},{"@type":"ImageObject","inLanguage":"es","@id":"https:\/\/www.mpppst.gob.ve\/mpppstweb\/index.php\/2016\/10\/31\/se-instalaran-cuatro-mesas-tematicas-para-desarrollo-del-dialogo-nacional\/#primaryimage","url":"https:\/\/www.mpppst.gob.ve\/mpppstweb\/wp-content\/uploads\/2016\/10\/013_img_8244_1477877320.jpg","contentUrl":"https:\/\/www.mpppst.gob.ve\/mpppstweb\/wp-content\/uploads\/2016\/10\/013_img_8244_1477877320.jpg","width":800,"height":445},{"@type":"BreadcrumbList","@id":"https:\/\/www.mpppst.gob.ve\/mpppstweb\/index.php\/2016\/10\/31\/se-instalaran-cuatro-mesas-tematicas-para-desarrollo-del-dialogo-nacional\/#breadcrumb","itemListElement":[{"@type":"ListItem","position":1,"name":"Home","item":"https:\/\/www.mpppst.gob.ve\/mpppstweb\/"},{"@type":"ListItem","position":2,"name":"Se instalar\u00e1n cuatro mesas tem\u00e1ticas para desarrollo del di\u00e1logo nacional"}]},{"@type":"WebSite","@id":"https:\/\/www.mpppst.gob.ve\/mpppstweb\/#website","url":"https:\/\/www.mpppst.gob.ve\/mpppstweb\/","name":"MPPPST","description":"Ministerio del Poder Popular para el Proceso Social de Trabajo","publisher":{"@id":"https:\/\/www.mpppst.gob.ve\/mpppstweb\/#organization"},"potentialAction":[{"@type":"SearchAction","target":{"@type":"EntryPoint","urlTemplate":"https:\/\/www.mpppst.gob.ve\/mpppstweb\/?s={search_term_string}"},"query-input":"required name=search_term_string"}],"inLanguage":"es"},{"@type":"Organization","@id":"https:\/\/www.mpppst.gob.ve\/mpppstweb\/#organization","name":"mpppst","url":"https:\/\/www.mpppst.gob.ve\/mpppstweb\/","logo":{"@type":"ImageObject","inLanguage":"es","@id":"https:\/\/www.mpppst.gob.ve\/mpppstweb\/#\/schema\/logo\/image\/","url":"https:\/\/www.mpppst.gob.ve\/mpppstweb\/wp-content\/uploads\/2025\/07\/cropped-cropped-g910.png","contentUrl":"https:\/\/www.mpppst.gob.ve\/mpppstweb\/wp-content\/uploads\/2025\/07\/cropped-cropped-g910.png","width":1080,"height":241,"caption":"mpppst"},"image":{"@id":"https:\/\/www.mpppst.gob.ve\/mpppstweb\/#\/schema\/logo\/image\/"}},{"@type":"Person","@id":"https:\/\/www.mpppst.gob.ve\/mpppstweb\/#\/schema\/person\/fc187ee8ead412bd4c9304b62f900ea4","name":"MPPPST Prensa","url":"https:\/\/www.mpppst.gob.ve\/mpppstweb\/index.php\/author\/prensa-mpppst\/"}]}},"_links":{"self":[{"href":"https:\/\/www.mpppst.gob.ve\/mpppstweb\/index.php\/wp-json\/wp\/v2\/posts\/8998"}],"collection":[{"href":"https:\/\/www.mpppst.gob.ve\/mpppstweb\/index.php\/wp-json\/wp\/v2\/posts"}],"about":[{"href":"https:\/\/www.mpppst.gob.ve\/mpppstweb\/index.php\/wp-json\/wp\/v2\/types\/post"}],"author":[{"embeddable":true,"href":"https:\/\/www.mpppst.gob.ve\/mpppstweb\/index.php\/wp-json\/wp\/v2\/users\/25"}],"replies":[{"embeddable":true,"href":"https:\/\/www.mpppst.gob.ve\/mpppstweb\/index.php\/wp-json\/wp\/v2\/comments?post=8998"}],"version-history":[{"count":1,"href":"https:\/\/www.mpppst.gob.ve\/mpppstweb\/index.php\/wp-json\/wp\/v2\/posts\/8998\/revisions"}],"predecessor-version":[{"id":9000,"href":"https:\/\/www.mpppst.gob.ve\/mpppstweb\/index.php\/wp-json\/wp\/v2\/posts\/8998\/revisions\/9000"}],"wp:featuredmedia":[{"embeddable":true,"href":"https:\/\/www.mpppst.gob.ve\/mpppstweb\/index.php\/wp-json\/wp\/v2\/media\/8999"}],"wp:attachment":[{"href":"https:\/\/www.mpppst.gob.ve\/mpppstweb\/index.php\/wp-json\/wp\/v2\/media?parent=8998"}],"wp:term":[{"taxonomy":"category","embeddable":true,"href":"https:\/\/www.mpppst.gob.ve\/mpppstweb\/index.php\/wp-json\/wp\/v2\/categories?post=8998"},{"taxonomy":"post_tag","embeddable":true,"href":"https:\/\/www.mpppst.gob.ve\/mpppstweb\/index.php\/wp-json\/wp\/v2\/tags?post=8998"}],"curies":[{"name":"wp","href":"https:\/\/api.w.org\/{rel}","templated":true}]}}