{"id":9013,"date":"2016-11-01T18:13:43","date_gmt":"2016-11-01T18:13:43","guid":{"rendered":"http:\/\/www.mpppst.gob.ve\/mpppstweb\/?p=9013"},"modified":"2016-11-01T18:13:43","modified_gmt":"2016-11-01T18:13:43","slug":"ministro-vera-nos-estamos-jugando-la-patria","status":"publish","type":"post","link":"https:\/\/www.mpppst.gob.ve\/mpppstweb\/index.php\/2016\/11\/01\/ministro-vera-nos-estamos-jugando-la-patria\/","title":{"rendered":"Ministro Vera: \u201cnos estamos jugando la Patria\u201d"},"content":{"rendered":"<p>El ministro del Poder Popular para el Proceso Social de Trabajo, Oswaldo Vera, sostuvo un encuentro con trabajadores y trabajadoras \u00a0del Ministerio y de los entes adscritos. La finalidad: <strong>explicar la coyuntura actual venezolana y los retos que la Clase Obrera\u00a0 tiene en puertas<\/strong>.<\/p>\n<p>En primer lugar, dijo que esta semana es de movilizaciones para la defensa de la Paz, que se traduce en la defensa de la Patria. Agreg\u00f3 que debemos dar un <em>knock out<\/em> para demostrar en esta coyuntura el poder que tiene el Gobierno Revolucionario, que no es otro que el poder del pueblo.<\/p>\n<p>Una de las instrucciones dadas a la Clase Obrera fue incrementar la producci\u00f3n en los espacios de trabajo, pues de cara a la \u00e9poca decembrina los sectores de la oposici\u00f3n se han propuesto que sectores de la poblaci\u00f3n no puedan disfrutar de sus navidades. De tal forma que el <em>knock out <\/em>ser\u00eda el resultado de continuar \u00a0la batalla en las calles m\u00e1s el disfrute de la navidad.<\/p>\n<p>El titular del Despacho de Trabajo fue vehemente al destacar los niveles de resistencia demostrados por la Clase Obrera ante la incesante b\u00fasqueda imperial de lograr defenestrar \u201cla joya de la corona\u201d: acabar con la Revoluci\u00f3n Bolivariana.<\/p>\n<p>Explic\u00f3 que en el pasado el riesgo para invertir en el pa\u00eds era muy \u00a0alto, lo cual ten\u00eda asidero en la realidad. Ahora \u2013agrega- tales \u00edndices han sido la\u00a0 consecuencia de los factores de la econom\u00eda que se han trazado como meta fundamental dar al traste con el Gobierno del Presidente Nicol\u00e1s Maduro.<\/p>\n<p>Asimismo, se refiri\u00f3 a los ingresos petroleros en Venezuela durante este ejercicio fiscal. Puso de manifiesto que los primeros meses de este a\u00f1o el pa\u00eds obtuvo ingresos muy bajos. Para muestra un bot\u00f3n: en el mes de mayo Venezuela no recibi\u00f3 ni un d\u00f3lar por concepto de ingresos petroleros, y aun as\u00ed la l\u00ednea del Gobierno consist\u00eda en no descuidar\u00a0 los programas sociales, en las Misiones\u2026 Precis\u00f3 que pod\u00eda sacrificarse cualquier asunto, menos lo que es esencial en esta Revoluci\u00f3n: el pueblo. De manera tal que la Clase Obrera estaba invitada de forma irreversible a empoderarse del aparato productivo. \u201cEn ello hemos avanzado\u201d.<\/p>\n<p>Tambi\u00e9n hizo referencia a la mal llamada neutralidad que caracteriz\u00f3 a muchas Instituciones de la Cuarta Rep\u00fablica. Fue tajante al se\u00f1alar que este Ministerio no es neutral: \u201cSomos el Ministerio de la Clase Obrera que trabaja\u201d, al tiempo que agregaba que falta madurar en el prop\u00f3sito de convertir al Ministerio en el Ministerio del Poder Popular para el Proceso Social de Trabajo.<\/p>\n<p><strong>El Plan: Pasar a la Contraofensiva\u00a0 <\/strong><\/p>\n<p>Asimismo, el titular del Despacho de Trabajo se refiri\u00f3 a la necesidad de pasar\u00a0 a la contraofensiva: \u201cLa contraofensiva ha venido avanzando\u201d. No obstante, es condici\u00f3n \u00a0lograr los reacomodos necesarios en la econom\u00eda, elevar los niveles de productividad,\u00a0\u00a0 depender cada vez menos de las importaciones, asumir el control de la producci\u00f3n para comenzar a apalancar la econom\u00eda nacional.<\/p>\n<p>De manera tal que en el marco de la contraofensiva\u00a0 dijo que el jueves 03 de noviembre las fuerzas revolucionarias se concentrar\u00e1n en 5 avenidas, donde har\u00e1n presencia todos los factores de la Revoluci\u00f3n, pues \u201cnos estamos jugando la Patria\u201d\u00b7<\/p>\n<p>Otro de los asuntos abordados por el ministro fue lo relativo a la producci\u00f3n de cara a la \u00e9poca decembrina. En tal sentido dijo que existe el lineamiento seg\u00fan el cual en el mes de diciembre se definir\u00e1n turnos en las Empresas para garantizar la producci\u00f3n. \u201cA los empresarios los vamos a convencer\u00a0 para que asuman la producci\u00f3n en esta temporada\u201d.<\/p>\n<p>&nbsp;<\/p>\n<p>Por Marbelys Mav\u00e1rez Laguna<\/p>\n<p>Fotograf\u00eda: F\u00e9lix Ordaz<\/p>\n","protected":false},"excerpt":{"rendered":"<p>El ministro del Poder Popular para el Proceso Social de Trabajo, Oswaldo Vera, sostuvo un encuentro &hellip; <a title=\"Ministro Vera: \u201cnos estamos jugando la Patria\u201d\" class=\"hm-read-more\" href=\"https:\/\/www.mpppst.gob.ve\/mpppstweb\/index.php\/2016\/11\/01\/ministro-vera-nos-estamos-jugando-la-patria\/\"><span class=\"screen-reader-text\">Ministro Vera: \u201cnos estamos jugando la Patria\u201d<\/span>Read more<\/a><\/p>\n","protected":false},"author":25,"featured_media":9014,"comment_status":"closed","ping_status":"closed","sticky":false,"template":"","format":"standard","meta":{"footnotes":""},"categories":[82,83],"tags":[229,225,222,243,242,223,240,227],"yoast_head":"<!-- This site is optimized with the Yoast SEO plugin v22.5 - https:\/\/yoast.com\/wordpress\/plugins\/seo\/ -->\n<title>Ministro Vera: \u201cnos estamos jugando la Patria\u201d - MPPPST<\/title>\n<meta name=\"robots\" content=\"index, follow, max-snippet:-1, max-image-preview:large, max-video-preview:-1\" \/>\n<link rel=\"canonical\" href=\"https:\/\/www.mpppst.gob.ve\/mpppstweb\/index.php\/2016\/11\/01\/ministro-vera-nos-estamos-jugando-la-patria\/\" \/>\n<meta property=\"og:locale\" content=\"es_ES\" \/>\n<meta property=\"og:type\" content=\"article\" \/>\n<meta property=\"og:title\" content=\"Ministro Vera: \u201cnos estamos jugando la Patria\u201d - MPPPST\" \/>\n<meta property=\"og:description\" content=\"El ministro del Poder Popular para el Proceso Social de Trabajo, Oswaldo Vera, sostuvo un encuentro &hellip; Ministro Vera: \u201cnos estamos jugando la Patria\u201dRead more\" \/>\n<meta property=\"og:url\" content=\"https:\/\/www.mpppst.gob.ve\/mpppstweb\/index.php\/2016\/11\/01\/ministro-vera-nos-estamos-jugando-la-patria\/\" \/>\n<meta property=\"og:site_name\" content=\"MPPPST\" \/>\n<meta property=\"article:published_time\" content=\"2016-11-01T18:13:43+00:00\" \/>\n<meta property=\"og:image\" content=\"https:\/\/www.mpppst.gob.ve\/mpppstweb\/wp-content\/uploads\/2016\/11\/TRABAJADORES-CONEL-MINISTRO-VERA.jpg\" \/>\n\t<meta property=\"og:image:width\" content=\"800\" \/>\n\t<meta property=\"og:image:height\" content=\"445\" \/>\n\t<meta property=\"og:image:type\" content=\"image\/jpeg\" \/>\n<meta name=\"author\" content=\"MPPPST Prensa\" \/>\n<meta name=\"twitter:card\" content=\"summary_large_image\" \/>\n<meta name=\"twitter:label1\" content=\"Escrito por\" \/>\n\t<meta name=\"twitter:data1\" content=\"MPPPST Prensa\" \/>\n\t<meta name=\"twitter:label2\" content=\"Tiempo de lectura\" \/>\n\t<meta name=\"twitter:data2\" content=\"3 minutos\" \/>\n<script type=\"application\/ld+json\" class=\"yoast-schema-graph\">{\"@context\":\"https:\/\/schema.org\",\"@graph\":[{\"@type\":\"Article\",\"@id\":\"https:\/\/www.mpppst.gob.ve\/mpppstweb\/index.php\/2016\/11\/01\/ministro-vera-nos-estamos-jugando-la-patria\/#article\",\"isPartOf\":{\"@id\":\"https:\/\/www.mpppst.gob.ve\/mpppstweb\/index.php\/2016\/11\/01\/ministro-vera-nos-estamos-jugando-la-patria\/\"},\"author\":{\"name\":\"MPPPST Prensa\",\"@id\":\"https:\/\/www.mpppst.gob.ve\/mpppstweb\/#\/schema\/person\/fc187ee8ead412bd4c9304b62f900ea4\"},\"headline\":\"Ministro Vera: \u201cnos estamos jugando la Patria\u201d\",\"datePublished\":\"2016-11-01T18:13:43+00:00\",\"dateModified\":\"2016-11-01T18:13:43+00:00\",\"mainEntityOfPage\":{\"@id\":\"https:\/\/www.mpppst.gob.ve\/mpppstweb\/index.php\/2016\/11\/01\/ministro-vera-nos-estamos-jugando-la-patria\/\"},\"wordCount\":635,\"publisher\":{\"@id\":\"https:\/\/www.mpppst.gob.ve\/mpppstweb\/#organization\"},\"image\":{\"@id\":\"https:\/\/www.mpppst.gob.ve\/mpppstweb\/index.php\/2016\/11\/01\/ministro-vera-nos-estamos-jugando-la-patria\/#primaryimage\"},\"thumbnailUrl\":\"https:\/\/www.mpppst.gob.ve\/mpppstweb\/wp-content\/uploads\/2016\/11\/TRABAJADORES-CONEL-MINISTRO-VERA.jpg\",\"keywords\":[\"Defensa Integral\",\"Fuerza Laboral\",\"Gobierno Bolivariano\",\"INCES\",\"Justa distribuci\u00f3n de la riqueza\",\"MPPPST\",\"Participaci\u00f3n popular y protag\u00f3nica\",\"Proceso Social\"],\"articleSection\":[\"Gobierno Nacional\",\"Ministerio\"],\"inLanguage\":\"es\"},{\"@type\":\"WebPage\",\"@id\":\"https:\/\/www.mpppst.gob.ve\/mpppstweb\/index.php\/2016\/11\/01\/ministro-vera-nos-estamos-jugando-la-patria\/\",\"url\":\"https:\/\/www.mpppst.gob.ve\/mpppstweb\/index.php\/2016\/11\/01\/ministro-vera-nos-estamos-jugando-la-patria\/\",\"name\":\"Ministro Vera: \u201cnos estamos jugando la Patria\u201d - MPPPST\",\"isPartOf\":{\"@id\":\"https:\/\/www.mpppst.gob.ve\/mpppstweb\/#website\"},\"primaryImageOfPage\":{\"@id\":\"https:\/\/www.mpppst.gob.ve\/mpppstweb\/index.php\/2016\/11\/01\/ministro-vera-nos-estamos-jugando-la-patria\/#primaryimage\"},\"image\":{\"@id\":\"https:\/\/www.mpppst.gob.ve\/mpppstweb\/index.php\/2016\/11\/01\/ministro-vera-nos-estamos-jugando-la-patria\/#primaryimage\"},\"thumbnailUrl\":\"https:\/\/www.mpppst.gob.ve\/mpppstweb\/wp-content\/uploads\/2016\/11\/TRABAJADORES-CONEL-MINISTRO-VERA.jpg\",\"datePublished\":\"2016-11-01T18:13:43+00:00\",\"dateModified\":\"2016-11-01T18:13:43+00:00\",\"breadcrumb\":{\"@id\":\"https:\/\/www.mpppst.gob.ve\/mpppstweb\/index.php\/2016\/11\/01\/ministro-vera-nos-estamos-jugando-la-patria\/#breadcrumb\"},\"inLanguage\":\"es\",\"potentialAction\":[{\"@type\":\"ReadAction\",\"target\":[\"https:\/\/www.mpppst.gob.ve\/mpppstweb\/index.php\/2016\/11\/01\/ministro-vera-nos-estamos-jugando-la-patria\/\"]}]},{\"@type\":\"ImageObject\",\"inLanguage\":\"es\",\"@id\":\"https:\/\/www.mpppst.gob.ve\/mpppstweb\/index.php\/2016\/11\/01\/ministro-vera-nos-estamos-jugando-la-patria\/#primaryimage\",\"url\":\"https:\/\/www.mpppst.gob.ve\/mpppstweb\/wp-content\/uploads\/2016\/11\/TRABAJADORES-CONEL-MINISTRO-VERA.jpg\",\"contentUrl\":\"https:\/\/www.mpppst.gob.ve\/mpppstweb\/wp-content\/uploads\/2016\/11\/TRABAJADORES-CONEL-MINISTRO-VERA.jpg\",\"width\":800,\"height\":445},{\"@type\":\"BreadcrumbList\",\"@id\":\"https:\/\/www.mpppst.gob.ve\/mpppstweb\/index.php\/2016\/11\/01\/ministro-vera-nos-estamos-jugando-la-patria\/#breadcrumb\",\"itemListElement\":[{\"@type\":\"ListItem\",\"position\":1,\"name\":\"Home\",\"item\":\"https:\/\/www.mpppst.gob.ve\/mpppstweb\/\"},{\"@type\":\"ListItem\",\"position\":2,\"name\":\"Ministro Vera: \u201cnos estamos jugando la Patria\u201d\"}]},{\"@type\":\"WebSite\",\"@id\":\"https:\/\/www.mpppst.gob.ve\/mpppstweb\/#website\",\"url\":\"https:\/\/www.mpppst.gob.ve\/mpppstweb\/\",\"name\":\"MPPPST\",\"description\":\"Ministerio del Poder Popular para el Proceso Social de Trabajo\",\"publisher\":{\"@id\":\"https:\/\/www.mpppst.gob.ve\/mpppstweb\/#organization\"},\"potentialAction\":[{\"@type\":\"SearchAction\",\"target\":{\"@type\":\"EntryPoint\",\"urlTemplate\":\"https:\/\/www.mpppst.gob.ve\/mpppstweb\/?s={search_term_string}\"},\"query-input\":\"required name=search_term_string\"}],\"inLanguage\":\"es\"},{\"@type\":\"Organization\",\"@id\":\"https:\/\/www.mpppst.gob.ve\/mpppstweb\/#organization\",\"name\":\"mpppst\",\"url\":\"https:\/\/www.mpppst.gob.ve\/mpppstweb\/\",\"logo\":{\"@type\":\"ImageObject\",\"inLanguage\":\"es\",\"@id\":\"https:\/\/www.mpppst.gob.ve\/mpppstweb\/#\/schema\/logo\/image\/\",\"url\":\"https:\/\/www.mpppst.gob.ve\/mpppstweb\/wp-content\/uploads\/2025\/07\/cropped-cropped-g910.png\",\"contentUrl\":\"https:\/\/www.mpppst.gob.ve\/mpppstweb\/wp-content\/uploads\/2025\/07\/cropped-cropped-g910.png\",\"width\":1080,\"height\":241,\"caption\":\"mpppst\"},\"image\":{\"@id\":\"https:\/\/www.mpppst.gob.ve\/mpppstweb\/#\/schema\/logo\/image\/\"}},{\"@type\":\"Person\",\"@id\":\"https:\/\/www.mpppst.gob.ve\/mpppstweb\/#\/schema\/person\/fc187ee8ead412bd4c9304b62f900ea4\",\"name\":\"MPPPST Prensa\",\"url\":\"https:\/\/www.mpppst.gob.ve\/mpppstweb\/index.php\/author\/prensa-mpppst\/\"}]}<\/script>\n<!-- \/ Yoast SEO plugin. -->","yoast_head_json":{"title":"Ministro Vera: \u201cnos estamos jugando la Patria\u201d - MPPPST","robots":{"index":"index","follow":"follow","max-snippet":"max-snippet:-1","max-image-preview":"max-image-preview:large","max-video-preview":"max-video-preview:-1"},"canonical":"https:\/\/www.mpppst.gob.ve\/mpppstweb\/index.php\/2016\/11\/01\/ministro-vera-nos-estamos-jugando-la-patria\/","og_locale":"es_ES","og_type":"article","og_title":"Ministro Vera: \u201cnos estamos jugando la Patria\u201d - MPPPST","og_description":"El ministro del Poder Popular para el Proceso Social de Trabajo, Oswaldo Vera, sostuvo un encuentro &hellip; Ministro Vera: \u201cnos estamos jugando la Patria\u201dRead more","og_url":"https:\/\/www.mpppst.gob.ve\/mpppstweb\/index.php\/2016\/11\/01\/ministro-vera-nos-estamos-jugando-la-patria\/","og_site_name":"MPPPST","article_published_time":"2016-11-01T18:13:43+00:00","og_image":[{"width":800,"height":445,"url":"https:\/\/www.mpppst.gob.ve\/mpppstweb\/wp-content\/uploads\/2016\/11\/TRABAJADORES-CONEL-MINISTRO-VERA.jpg","type":"image\/jpeg"}],"author":"MPPPST Prensa","twitter_card":"summary_large_image","twitter_misc":{"Escrito por":"MPPPST Prensa","Tiempo de lectura":"3 minutos"},"schema":{"@context":"https:\/\/schema.org","@graph":[{"@type":"Article","@id":"https:\/\/www.mpppst.gob.ve\/mpppstweb\/index.php\/2016\/11\/01\/ministro-vera-nos-estamos-jugando-la-patria\/#article","isPartOf":{"@id":"https:\/\/www.mpppst.gob.ve\/mpppstweb\/index.php\/2016\/11\/01\/ministro-vera-nos-estamos-jugando-la-patria\/"},"author":{"name":"MPPPST Prensa","@id":"https:\/\/www.mpppst.gob.ve\/mpppstweb\/#\/schema\/person\/fc187ee8ead412bd4c9304b62f900ea4"},"headline":"Ministro Vera: \u201cnos estamos jugando la Patria\u201d","datePublished":"2016-11-01T18:13:43+00:00","dateModified":"2016-11-01T18:13:43+00:00","mainEntityOfPage":{"@id":"https:\/\/www.mpppst.gob.ve\/mpppstweb\/index.php\/2016\/11\/01\/ministro-vera-nos-estamos-jugando-la-patria\/"},"wordCount":635,"publisher":{"@id":"https:\/\/www.mpppst.gob.ve\/mpppstweb\/#organization"},"image":{"@id":"https:\/\/www.mpppst.gob.ve\/mpppstweb\/index.php\/2016\/11\/01\/ministro-vera-nos-estamos-jugando-la-patria\/#primaryimage"},"thumbnailUrl":"https:\/\/www.mpppst.gob.ve\/mpppstweb\/wp-content\/uploads\/2016\/11\/TRABAJADORES-CONEL-MINISTRO-VERA.jpg","keywords":["Defensa Integral","Fuerza Laboral","Gobierno Bolivariano","INCES","Justa distribuci\u00f3n de la riqueza","MPPPST","Participaci\u00f3n popular y protag\u00f3nica","Proceso Social"],"articleSection":["Gobierno Nacional","Ministerio"],"inLanguage":"es"},{"@type":"WebPage","@id":"https:\/\/www.mpppst.gob.ve\/mpppstweb\/index.php\/2016\/11\/01\/ministro-vera-nos-estamos-jugando-la-patria\/","url":"https:\/\/www.mpppst.gob.ve\/mpppstweb\/index.php\/2016\/11\/01\/ministro-vera-nos-estamos-jugando-la-patria\/","name":"Ministro Vera: \u201cnos estamos jugando la Patria\u201d - MPPPST","isPartOf":{"@id":"https:\/\/www.mpppst.gob.ve\/mpppstweb\/#website"},"primaryImageOfPage":{"@id":"https:\/\/www.mpppst.gob.ve\/mpppstweb\/index.php\/2016\/11\/01\/ministro-vera-nos-estamos-jugando-la-patria\/#primaryimage"},"image":{"@id":"https:\/\/www.mpppst.gob.ve\/mpppstweb\/index.php\/2016\/11\/01\/ministro-vera-nos-estamos-jugando-la-patria\/#primaryimage"},"thumbnailUrl":"https:\/\/www.mpppst.gob.ve\/mpppstweb\/wp-content\/uploads\/2016\/11\/TRABAJADORES-CONEL-MINISTRO-VERA.jpg","datePublished":"2016-11-01T18:13:43+00:00","dateModified":"2016-11-01T18:13:43+00:00","breadcrumb":{"@id":"https:\/\/www.mpppst.gob.ve\/mpppstweb\/index.php\/2016\/11\/01\/ministro-vera-nos-estamos-jugando-la-patria\/#breadcrumb"},"inLanguage":"es","potentialAction":[{"@type":"ReadAction","target":["https:\/\/www.mpppst.gob.ve\/mpppstweb\/index.php\/2016\/11\/01\/ministro-vera-nos-estamos-jugando-la-patria\/"]}]},{"@type":"ImageObject","inLanguage":"es","@id":"https:\/\/www.mpppst.gob.ve\/mpppstweb\/index.php\/2016\/11\/01\/ministro-vera-nos-estamos-jugando-la-patria\/#primaryimage","url":"https:\/\/www.mpppst.gob.ve\/mpppstweb\/wp-content\/uploads\/2016\/11\/TRABAJADORES-CONEL-MINISTRO-VERA.jpg","contentUrl":"https:\/\/www.mpppst.gob.ve\/mpppstweb\/wp-content\/uploads\/2016\/11\/TRABAJADORES-CONEL-MINISTRO-VERA.jpg","width":800,"height":445},{"@type":"BreadcrumbList","@id":"https:\/\/www.mpppst.gob.ve\/mpppstweb\/index.php\/2016\/11\/01\/ministro-vera-nos-estamos-jugando-la-patria\/#breadcrumb","itemListElement":[{"@type":"ListItem","position":1,"name":"Home","item":"https:\/\/www.mpppst.gob.ve\/mpppstweb\/"},{"@type":"ListItem","position":2,"name":"Ministro Vera: \u201cnos estamos jugando la Patria\u201d"}]},{"@type":"WebSite","@id":"https:\/\/www.mpppst.gob.ve\/mpppstweb\/#website","url":"https:\/\/www.mpppst.gob.ve\/mpppstweb\/","name":"MPPPST","description":"Ministerio del Poder Popular para el Proceso Social de Trabajo","publisher":{"@id":"https:\/\/www.mpppst.gob.ve\/mpppstweb\/#organization"},"potentialAction":[{"@type":"SearchAction","target":{"@type":"EntryPoint","urlTemplate":"https:\/\/www.mpppst.gob.ve\/mpppstweb\/?s={search_term_string}"},"query-input":"required name=search_term_string"}],"inLanguage":"es"},{"@type":"Organization","@id":"https:\/\/www.mpppst.gob.ve\/mpppstweb\/#organization","name":"mpppst","url":"https:\/\/www.mpppst.gob.ve\/mpppstweb\/","logo":{"@type":"ImageObject","inLanguage":"es","@id":"https:\/\/www.mpppst.gob.ve\/mpppstweb\/#\/schema\/logo\/image\/","url":"https:\/\/www.mpppst.gob.ve\/mpppstweb\/wp-content\/uploads\/2025\/07\/cropped-cropped-g910.png","contentUrl":"https:\/\/www.mpppst.gob.ve\/mpppstweb\/wp-content\/uploads\/2025\/07\/cropped-cropped-g910.png","width":1080,"height":241,"caption":"mpppst"},"image":{"@id":"https:\/\/www.mpppst.gob.ve\/mpppstweb\/#\/schema\/logo\/image\/"}},{"@type":"Person","@id":"https:\/\/www.mpppst.gob.ve\/mpppstweb\/#\/schema\/person\/fc187ee8ead412bd4c9304b62f900ea4","name":"MPPPST Prensa","url":"https:\/\/www.mpppst.gob.ve\/mpppstweb\/index.php\/author\/prensa-mpppst\/"}]}},"_links":{"self":[{"href":"https:\/\/www.mpppst.gob.ve\/mpppstweb\/index.php\/wp-json\/wp\/v2\/posts\/9013"}],"collection":[{"href":"https:\/\/www.mpppst.gob.ve\/mpppstweb\/index.php\/wp-json\/wp\/v2\/posts"}],"about":[{"href":"https:\/\/www.mpppst.gob.ve\/mpppstweb\/index.php\/wp-json\/wp\/v2\/types\/post"}],"author":[{"embeddable":true,"href":"https:\/\/www.mpppst.gob.ve\/mpppstweb\/index.php\/wp-json\/wp\/v2\/users\/25"}],"replies":[{"embeddable":true,"href":"https:\/\/www.mpppst.gob.ve\/mpppstweb\/index.php\/wp-json\/wp\/v2\/comments?post=9013"}],"version-history":[{"count":1,"href":"https:\/\/www.mpppst.gob.ve\/mpppstweb\/index.php\/wp-json\/wp\/v2\/posts\/9013\/revisions"}],"predecessor-version":[{"id":9015,"href":"https:\/\/www.mpppst.gob.ve\/mpppstweb\/index.php\/wp-json\/wp\/v2\/posts\/9013\/revisions\/9015"}],"wp:featuredmedia":[{"embeddable":true,"href":"https:\/\/www.mpppst.gob.ve\/mpppstweb\/index.php\/wp-json\/wp\/v2\/media\/9014"}],"wp:attachment":[{"href":"https:\/\/www.mpppst.gob.ve\/mpppstweb\/index.php\/wp-json\/wp\/v2\/media?parent=9013"}],"wp:term":[{"taxonomy":"category","embeddable":true,"href":"https:\/\/www.mpppst.gob.ve\/mpppstweb\/index.php\/wp-json\/wp\/v2\/categories?post=9013"},{"taxonomy":"post_tag","embeddable":true,"href":"https:\/\/www.mpppst.gob.ve\/mpppstweb\/index.php\/wp-json\/wp\/v2\/tags?post=9013"}],"curies":[{"name":"wp","href":"https:\/\/api.w.org\/{rel}","templated":true}]}}