{"id":9020,"date":"2016-11-01T20:55:35","date_gmt":"2016-11-01T20:55:35","guid":{"rendered":"http:\/\/www.mpppst.gob.ve\/mpppstweb\/?p=9020"},"modified":"2016-11-01T20:55:35","modified_gmt":"2016-11-01T20:55:35","slug":"pueblo-venezolano-y-clase-obrera-en-las-calles-en-defensa-de-la-revolucion-y-de-la-paz","status":"publish","type":"post","link":"https:\/\/www.mpppst.gob.ve\/mpppstweb\/index.php\/2016\/11\/01\/pueblo-venezolano-y-clase-obrera-en-las-calles-en-defensa-de-la-revolucion-y-de-la-paz\/","title":{"rendered":"Pueblo venezolano y Clase Obrera en las calles en defensa de la Revoluci\u00f3n y de la paz"},"content":{"rendered":"<p>Prensa MPPPST.- El pueblo venezolano y la Clase Obrera se mantiene en las calles en defensa de la paz y la estabilidad del pa\u00eds, a fin de defender la revoluci\u00f3n bolivariana ante los intentos desestabilizadores de la derecha, que ahora pretende hacer un juicio pol\u00edtico contra el Presidente constitucional Nicol\u00e1s Maduro, con la intenci\u00f3n de destituirlo de la Presidencia, acci\u00f3n ilegal que no se encuentra contemplada dentro de la Constituci\u00f3n de la Rep\u00fablica Bolivariana de Venezuela.<\/p>\n<p>Las fuerzas patriotas se concentraron en la plaza Parque Carabobo para movilizarse hasta las adyacencias de la Asamblea Nacional en el centro de Caracas. Acatando as\u00ed lo que el Jefe de Estado, as\u00ed como el vicepresidente de la Rep\u00fablica, Arist\u00f3bulo Ist\u00fariz, y dem\u00e1s dirigencia revolucionaria, quienes han reiterado su llamado al pueblo venezolano a mantenerse en constante movilizaci\u00f3n, a fin de defender la Revoluci\u00f3n Bolivariana ante los intentos desestabilizadores de la derecha.<\/p>\n<p>El pueblo est\u00e1 decidido a mantenerse en las calles porque \u00faltimamente la oposici\u00f3n ha venido utilizando la Asamblea Nacional como un \u00f3rgano encargado de destruir todos los avances de la Revoluci\u00f3n Bolivariana, sus leyes y su Estado de Derecho y justicia social. Este \u00ab<em>Juicio Pol\u00edtico<\/em>\u00bb responde al estrepitoso fracaso que han sufrido en todos sus intentos por alcanzar el poder a trav\u00e9s de las instancias leg\u00edtimas, recurriendo a formatos ensayados en distintos pa\u00edses de am\u00e9rica.<\/p>\n<p><strong>Apoyo a la canciller Rodr\u00edguez<\/strong><\/p>\n<p>El pueblo y la clase trabajadora tambi\u00e9n salieron a las calles con el fin de apoyar internacionalmente a la canciller de la Rep\u00fablica, Delcy Rodr\u00edguez, quien expuso durante la presentaci\u00f3n del informe de Venezuela sobre derechos humanos ante la Organizaci\u00f3n de las Naciones Unidas (ONU) que el modelo para los Derechos Humanos en Venezuela es profundamente irreversible y tiene como centro al pueblo.<\/p>\n<p>Explic\u00f3 que desde la llegada de la Revoluci\u00f3n Bolivariana, el pa\u00eds comenz\u00f3 un proceso de transformaci\u00f3n social en el que predomina la democracia participativa y protag\u00f3nica, blanco actualmente de ataques imperiales que pretenden socavar las conquistas sociales del pueblo.<\/p>\n<p>\u00abEn el a\u00f1o 1998 irrumpe en Venezuela el Comandante Hugo Ch\u00e1vez y con \u00e9l una Revoluci\u00f3n de los Derechos Humanos y por eso, con absoluta responsabilidad nosotros podemos sostener que la Revoluci\u00f3n Bolivariana de Venezuela es una Revoluci\u00f3n profundamente para los Derechos Humanos\u00bb.<\/p>\n<p>Subray\u00f3 que a partir de ese a\u00f1o el Gobierno Nacional ha garantizado los derechos en materia de educaci\u00f3n, vivienda, salud y alimentaci\u00f3n al pueblo, consagrados en la Constituci\u00f3n de la Rep\u00fablica, impulsada por el comandante eterno Hugo Ch\u00e1vez en 1999 y votada por la mayor\u00eda de los venezolanos.<\/p>\n<p>La canciller dijo que desde ese momento Venezuela se transform\u00f3 en blanco de Estados Unidos, eje que pretende junto con la derecha internacional acabar con el modelo protag\u00f3nico de Derechos Humanos instaurado en Venezuela.<\/p>\n<p>As\u00ed mismo, record\u00f3 que en el a\u00f1o 2013, con la desaparici\u00f3n f\u00edsica del l\u00edder de la Revoluci\u00f3n Bolivariana y el triunfo electoral del presidente Nicol\u00e1s Maduro, el imperialismo arreci\u00f3 sus ataques en contra de la patria de Bol\u00edvar.<\/p>\n<p>\u00abHemos venido a denunciar c\u00f3mo se ha intensificado la guerra contra Venezuela. En septiembre en la Asamblea General de las Naciones Unidas denunci\u00e1bamos que los Estados Unidos de Norteam\u00e9rica hab\u00edan seleccionado a Venezuela como un objetivo imperial, y toda la comunidad internacional tiene conciencia de lo que eso significa los poderes f\u00e1cticos medi\u00e1ticos econ\u00f3micos f\u00e9rreamente contra nuestra patria, con un objetivo muy espec\u00edfico, alterar vulnerar, la progresividad y la universalidad de nuestro modelo de Derechos Humanos\u00bb.<\/p>\n<p>En este sentido, y ante la amenaza de factores de poder capitalista, la Canciller llam\u00f3 a una campa\u00f1a mundial en defensa de los estados soberanos. Una campa\u00f1a que enfrente los dos modelos antag\u00f3nicos del sistema econ\u00f3mico mundial: el capitalismo y el socialismo.<\/p>\n","protected":false},"excerpt":{"rendered":"<p>Prensa MPPPST.- El pueblo venezolano y la Clase Obrera se mantiene en las calles en defensa &hellip; <a title=\"Pueblo venezolano y Clase Obrera en las calles en defensa de la Revoluci\u00f3n y de la paz\" class=\"hm-read-more\" href=\"https:\/\/www.mpppst.gob.ve\/mpppstweb\/index.php\/2016\/11\/01\/pueblo-venezolano-y-clase-obrera-en-las-calles-en-defensa-de-la-revolucion-y-de-la-paz\/\"><span class=\"screen-reader-text\">Pueblo venezolano y Clase Obrera en las calles en defensa de la Revoluci\u00f3n y de la paz<\/span>Read more<\/a><\/p>\n","protected":false},"author":25,"featured_media":9021,"comment_status":"closed","ping_status":"closed","sticky":false,"template":"","format":"standard","meta":{"footnotes":""},"categories":[82,163],"tags":[229,222,240],"yoast_head":"<!-- This site is optimized with the Yoast SEO plugin v22.5 - https:\/\/yoast.com\/wordpress\/plugins\/seo\/ -->\n<title>Pueblo venezolano y Clase Obrera en las calles en defensa de la Revoluci\u00f3n y de la paz - MPPPST<\/title>\n<meta name=\"robots\" content=\"index, follow, max-snippet:-1, max-image-preview:large, max-video-preview:-1\" \/>\n<link rel=\"canonical\" href=\"https:\/\/www.mpppst.gob.ve\/mpppstweb\/index.php\/2016\/11\/01\/pueblo-venezolano-y-clase-obrera-en-las-calles-en-defensa-de-la-revolucion-y-de-la-paz\/\" \/>\n<meta property=\"og:locale\" content=\"es_ES\" \/>\n<meta property=\"og:type\" content=\"article\" \/>\n<meta property=\"og:title\" content=\"Pueblo venezolano y Clase Obrera en las calles en defensa de la Revoluci\u00f3n y de la paz - MPPPST\" \/>\n<meta property=\"og:description\" content=\"Prensa MPPPST.- El pueblo venezolano y la Clase Obrera se mantiene en las calles en defensa &hellip; Pueblo venezolano y Clase Obrera en las calles en defensa de la Revoluci\u00f3n y de la pazRead more\" \/>\n<meta property=\"og:url\" content=\"https:\/\/www.mpppst.gob.ve\/mpppstweb\/index.php\/2016\/11\/01\/pueblo-venezolano-y-clase-obrera-en-las-calles-en-defensa-de-la-revolucion-y-de-la-paz\/\" \/>\n<meta property=\"og:site_name\" content=\"MPPPST\" \/>\n<meta property=\"article:published_time\" content=\"2016-11-01T20:55:35+00:00\" \/>\n<meta property=\"og:image\" content=\"https:\/\/www.mpppst.gob.ve\/mpppstweb\/wp-content\/uploads\/2016\/11\/fotomarcha.jpg\" \/>\n\t<meta property=\"og:image:width\" content=\"800\" \/>\n\t<meta property=\"og:image:height\" content=\"445\" \/>\n\t<meta property=\"og:image:type\" content=\"image\/jpeg\" \/>\n<meta name=\"author\" content=\"MPPPST Prensa\" \/>\n<meta name=\"twitter:card\" content=\"summary_large_image\" \/>\n<meta name=\"twitter:label1\" content=\"Escrito por\" \/>\n\t<meta name=\"twitter:data1\" content=\"MPPPST Prensa\" \/>\n\t<meta name=\"twitter:label2\" content=\"Tiempo de lectura\" \/>\n\t<meta name=\"twitter:data2\" content=\"3 minutos\" \/>\n<script type=\"application\/ld+json\" class=\"yoast-schema-graph\">{\"@context\":\"https:\/\/schema.org\",\"@graph\":[{\"@type\":\"Article\",\"@id\":\"https:\/\/www.mpppst.gob.ve\/mpppstweb\/index.php\/2016\/11\/01\/pueblo-venezolano-y-clase-obrera-en-las-calles-en-defensa-de-la-revolucion-y-de-la-paz\/#article\",\"isPartOf\":{\"@id\":\"https:\/\/www.mpppst.gob.ve\/mpppstweb\/index.php\/2016\/11\/01\/pueblo-venezolano-y-clase-obrera-en-las-calles-en-defensa-de-la-revolucion-y-de-la-paz\/\"},\"author\":{\"name\":\"MPPPST Prensa\",\"@id\":\"https:\/\/www.mpppst.gob.ve\/mpppstweb\/#\/schema\/person\/fc187ee8ead412bd4c9304b62f900ea4\"},\"headline\":\"Pueblo venezolano y Clase Obrera en las calles en defensa de la Revoluci\u00f3n y de la paz\",\"datePublished\":\"2016-11-01T20:55:35+00:00\",\"dateModified\":\"2016-11-01T20:55:35+00:00\",\"mainEntityOfPage\":{\"@id\":\"https:\/\/www.mpppst.gob.ve\/mpppstweb\/index.php\/2016\/11\/01\/pueblo-venezolano-y-clase-obrera-en-las-calles-en-defensa-de-la-revolucion-y-de-la-paz\/\"},\"wordCount\":691,\"publisher\":{\"@id\":\"https:\/\/www.mpppst.gob.ve\/mpppstweb\/#organization\"},\"image\":{\"@id\":\"https:\/\/www.mpppst.gob.ve\/mpppstweb\/index.php\/2016\/11\/01\/pueblo-venezolano-y-clase-obrera-en-las-calles-en-defensa-de-la-revolucion-y-de-la-paz\/#primaryimage\"},\"thumbnailUrl\":\"https:\/\/www.mpppst.gob.ve\/mpppstweb\/wp-content\/uploads\/2016\/11\/fotomarcha.jpg\",\"keywords\":[\"Defensa Integral\",\"Gobierno Bolivariano\",\"Participaci\u00f3n popular y protag\u00f3nica\"],\"articleSection\":[\"Gobierno Nacional\",\"Noticias\"],\"inLanguage\":\"es\"},{\"@type\":\"WebPage\",\"@id\":\"https:\/\/www.mpppst.gob.ve\/mpppstweb\/index.php\/2016\/11\/01\/pueblo-venezolano-y-clase-obrera-en-las-calles-en-defensa-de-la-revolucion-y-de-la-paz\/\",\"url\":\"https:\/\/www.mpppst.gob.ve\/mpppstweb\/index.php\/2016\/11\/01\/pueblo-venezolano-y-clase-obrera-en-las-calles-en-defensa-de-la-revolucion-y-de-la-paz\/\",\"name\":\"Pueblo venezolano y Clase Obrera en las calles en defensa de la Revoluci\u00f3n y de la paz - MPPPST\",\"isPartOf\":{\"@id\":\"https:\/\/www.mpppst.gob.ve\/mpppstweb\/#website\"},\"primaryImageOfPage\":{\"@id\":\"https:\/\/www.mpppst.gob.ve\/mpppstweb\/index.php\/2016\/11\/01\/pueblo-venezolano-y-clase-obrera-en-las-calles-en-defensa-de-la-revolucion-y-de-la-paz\/#primaryimage\"},\"image\":{\"@id\":\"https:\/\/www.mpppst.gob.ve\/mpppstweb\/index.php\/2016\/11\/01\/pueblo-venezolano-y-clase-obrera-en-las-calles-en-defensa-de-la-revolucion-y-de-la-paz\/#primaryimage\"},\"thumbnailUrl\":\"https:\/\/www.mpppst.gob.ve\/mpppstweb\/wp-content\/uploads\/2016\/11\/fotomarcha.jpg\",\"datePublished\":\"2016-11-01T20:55:35+00:00\",\"dateModified\":\"2016-11-01T20:55:35+00:00\",\"breadcrumb\":{\"@id\":\"https:\/\/www.mpppst.gob.ve\/mpppstweb\/index.php\/2016\/11\/01\/pueblo-venezolano-y-clase-obrera-en-las-calles-en-defensa-de-la-revolucion-y-de-la-paz\/#breadcrumb\"},\"inLanguage\":\"es\",\"potentialAction\":[{\"@type\":\"ReadAction\",\"target\":[\"https:\/\/www.mpppst.gob.ve\/mpppstweb\/index.php\/2016\/11\/01\/pueblo-venezolano-y-clase-obrera-en-las-calles-en-defensa-de-la-revolucion-y-de-la-paz\/\"]}]},{\"@type\":\"ImageObject\",\"inLanguage\":\"es\",\"@id\":\"https:\/\/www.mpppst.gob.ve\/mpppstweb\/index.php\/2016\/11\/01\/pueblo-venezolano-y-clase-obrera-en-las-calles-en-defensa-de-la-revolucion-y-de-la-paz\/#primaryimage\",\"url\":\"https:\/\/www.mpppst.gob.ve\/mpppstweb\/wp-content\/uploads\/2016\/11\/fotomarcha.jpg\",\"contentUrl\":\"https:\/\/www.mpppst.gob.ve\/mpppstweb\/wp-content\/uploads\/2016\/11\/fotomarcha.jpg\",\"width\":800,\"height\":445},{\"@type\":\"BreadcrumbList\",\"@id\":\"https:\/\/www.mpppst.gob.ve\/mpppstweb\/index.php\/2016\/11\/01\/pueblo-venezolano-y-clase-obrera-en-las-calles-en-defensa-de-la-revolucion-y-de-la-paz\/#breadcrumb\",\"itemListElement\":[{\"@type\":\"ListItem\",\"position\":1,\"name\":\"Home\",\"item\":\"https:\/\/www.mpppst.gob.ve\/mpppstweb\/\"},{\"@type\":\"ListItem\",\"position\":2,\"name\":\"Pueblo venezolano y Clase Obrera en las calles en defensa de la Revoluci\u00f3n y de la paz\"}]},{\"@type\":\"WebSite\",\"@id\":\"https:\/\/www.mpppst.gob.ve\/mpppstweb\/#website\",\"url\":\"https:\/\/www.mpppst.gob.ve\/mpppstweb\/\",\"name\":\"MPPPST\",\"description\":\"Ministerio del Poder Popular para el Proceso Social de Trabajo\",\"publisher\":{\"@id\":\"https:\/\/www.mpppst.gob.ve\/mpppstweb\/#organization\"},\"potentialAction\":[{\"@type\":\"SearchAction\",\"target\":{\"@type\":\"EntryPoint\",\"urlTemplate\":\"https:\/\/www.mpppst.gob.ve\/mpppstweb\/?s={search_term_string}\"},\"query-input\":\"required name=search_term_string\"}],\"inLanguage\":\"es\"},{\"@type\":\"Organization\",\"@id\":\"https:\/\/www.mpppst.gob.ve\/mpppstweb\/#organization\",\"name\":\"mpppst\",\"url\":\"https:\/\/www.mpppst.gob.ve\/mpppstweb\/\",\"logo\":{\"@type\":\"ImageObject\",\"inLanguage\":\"es\",\"@id\":\"https:\/\/www.mpppst.gob.ve\/mpppstweb\/#\/schema\/logo\/image\/\",\"url\":\"https:\/\/www.mpppst.gob.ve\/mpppstweb\/wp-content\/uploads\/2025\/07\/cropped-cropped-g910.png\",\"contentUrl\":\"https:\/\/www.mpppst.gob.ve\/mpppstweb\/wp-content\/uploads\/2025\/07\/cropped-cropped-g910.png\",\"width\":1080,\"height\":241,\"caption\":\"mpppst\"},\"image\":{\"@id\":\"https:\/\/www.mpppst.gob.ve\/mpppstweb\/#\/schema\/logo\/image\/\"}},{\"@type\":\"Person\",\"@id\":\"https:\/\/www.mpppst.gob.ve\/mpppstweb\/#\/schema\/person\/fc187ee8ead412bd4c9304b62f900ea4\",\"name\":\"MPPPST Prensa\",\"url\":\"https:\/\/www.mpppst.gob.ve\/mpppstweb\/index.php\/author\/prensa-mpppst\/\"}]}<\/script>\n<!-- \/ Yoast SEO plugin. -->","yoast_head_json":{"title":"Pueblo venezolano y Clase Obrera en las calles en defensa de la Revoluci\u00f3n y de la paz - MPPPST","robots":{"index":"index","follow":"follow","max-snippet":"max-snippet:-1","max-image-preview":"max-image-preview:large","max-video-preview":"max-video-preview:-1"},"canonical":"https:\/\/www.mpppst.gob.ve\/mpppstweb\/index.php\/2016\/11\/01\/pueblo-venezolano-y-clase-obrera-en-las-calles-en-defensa-de-la-revolucion-y-de-la-paz\/","og_locale":"es_ES","og_type":"article","og_title":"Pueblo venezolano y Clase Obrera en las calles en defensa de la Revoluci\u00f3n y de la paz - MPPPST","og_description":"Prensa MPPPST.- El pueblo venezolano y la Clase Obrera se mantiene en las calles en defensa &hellip; Pueblo venezolano y Clase Obrera en las calles en defensa de la Revoluci\u00f3n y de la pazRead more","og_url":"https:\/\/www.mpppst.gob.ve\/mpppstweb\/index.php\/2016\/11\/01\/pueblo-venezolano-y-clase-obrera-en-las-calles-en-defensa-de-la-revolucion-y-de-la-paz\/","og_site_name":"MPPPST","article_published_time":"2016-11-01T20:55:35+00:00","og_image":[{"width":800,"height":445,"url":"https:\/\/www.mpppst.gob.ve\/mpppstweb\/wp-content\/uploads\/2016\/11\/fotomarcha.jpg","type":"image\/jpeg"}],"author":"MPPPST Prensa","twitter_card":"summary_large_image","twitter_misc":{"Escrito por":"MPPPST Prensa","Tiempo de lectura":"3 minutos"},"schema":{"@context":"https:\/\/schema.org","@graph":[{"@type":"Article","@id":"https:\/\/www.mpppst.gob.ve\/mpppstweb\/index.php\/2016\/11\/01\/pueblo-venezolano-y-clase-obrera-en-las-calles-en-defensa-de-la-revolucion-y-de-la-paz\/#article","isPartOf":{"@id":"https:\/\/www.mpppst.gob.ve\/mpppstweb\/index.php\/2016\/11\/01\/pueblo-venezolano-y-clase-obrera-en-las-calles-en-defensa-de-la-revolucion-y-de-la-paz\/"},"author":{"name":"MPPPST Prensa","@id":"https:\/\/www.mpppst.gob.ve\/mpppstweb\/#\/schema\/person\/fc187ee8ead412bd4c9304b62f900ea4"},"headline":"Pueblo venezolano y Clase Obrera en las calles en defensa de la Revoluci\u00f3n y de la paz","datePublished":"2016-11-01T20:55:35+00:00","dateModified":"2016-11-01T20:55:35+00:00","mainEntityOfPage":{"@id":"https:\/\/www.mpppst.gob.ve\/mpppstweb\/index.php\/2016\/11\/01\/pueblo-venezolano-y-clase-obrera-en-las-calles-en-defensa-de-la-revolucion-y-de-la-paz\/"},"wordCount":691,"publisher":{"@id":"https:\/\/www.mpppst.gob.ve\/mpppstweb\/#organization"},"image":{"@id":"https:\/\/www.mpppst.gob.ve\/mpppstweb\/index.php\/2016\/11\/01\/pueblo-venezolano-y-clase-obrera-en-las-calles-en-defensa-de-la-revolucion-y-de-la-paz\/#primaryimage"},"thumbnailUrl":"https:\/\/www.mpppst.gob.ve\/mpppstweb\/wp-content\/uploads\/2016\/11\/fotomarcha.jpg","keywords":["Defensa Integral","Gobierno Bolivariano","Participaci\u00f3n popular y protag\u00f3nica"],"articleSection":["Gobierno Nacional","Noticias"],"inLanguage":"es"},{"@type":"WebPage","@id":"https:\/\/www.mpppst.gob.ve\/mpppstweb\/index.php\/2016\/11\/01\/pueblo-venezolano-y-clase-obrera-en-las-calles-en-defensa-de-la-revolucion-y-de-la-paz\/","url":"https:\/\/www.mpppst.gob.ve\/mpppstweb\/index.php\/2016\/11\/01\/pueblo-venezolano-y-clase-obrera-en-las-calles-en-defensa-de-la-revolucion-y-de-la-paz\/","name":"Pueblo venezolano y Clase Obrera en las calles en defensa de la Revoluci\u00f3n y de la paz - MPPPST","isPartOf":{"@id":"https:\/\/www.mpppst.gob.ve\/mpppstweb\/#website"},"primaryImageOfPage":{"@id":"https:\/\/www.mpppst.gob.ve\/mpppstweb\/index.php\/2016\/11\/01\/pueblo-venezolano-y-clase-obrera-en-las-calles-en-defensa-de-la-revolucion-y-de-la-paz\/#primaryimage"},"image":{"@id":"https:\/\/www.mpppst.gob.ve\/mpppstweb\/index.php\/2016\/11\/01\/pueblo-venezolano-y-clase-obrera-en-las-calles-en-defensa-de-la-revolucion-y-de-la-paz\/#primaryimage"},"thumbnailUrl":"https:\/\/www.mpppst.gob.ve\/mpppstweb\/wp-content\/uploads\/2016\/11\/fotomarcha.jpg","datePublished":"2016-11-01T20:55:35+00:00","dateModified":"2016-11-01T20:55:35+00:00","breadcrumb":{"@id":"https:\/\/www.mpppst.gob.ve\/mpppstweb\/index.php\/2016\/11\/01\/pueblo-venezolano-y-clase-obrera-en-las-calles-en-defensa-de-la-revolucion-y-de-la-paz\/#breadcrumb"},"inLanguage":"es","potentialAction":[{"@type":"ReadAction","target":["https:\/\/www.mpppst.gob.ve\/mpppstweb\/index.php\/2016\/11\/01\/pueblo-venezolano-y-clase-obrera-en-las-calles-en-defensa-de-la-revolucion-y-de-la-paz\/"]}]},{"@type":"ImageObject","inLanguage":"es","@id":"https:\/\/www.mpppst.gob.ve\/mpppstweb\/index.php\/2016\/11\/01\/pueblo-venezolano-y-clase-obrera-en-las-calles-en-defensa-de-la-revolucion-y-de-la-paz\/#primaryimage","url":"https:\/\/www.mpppst.gob.ve\/mpppstweb\/wp-content\/uploads\/2016\/11\/fotomarcha.jpg","contentUrl":"https:\/\/www.mpppst.gob.ve\/mpppstweb\/wp-content\/uploads\/2016\/11\/fotomarcha.jpg","width":800,"height":445},{"@type":"BreadcrumbList","@id":"https:\/\/www.mpppst.gob.ve\/mpppstweb\/index.php\/2016\/11\/01\/pueblo-venezolano-y-clase-obrera-en-las-calles-en-defensa-de-la-revolucion-y-de-la-paz\/#breadcrumb","itemListElement":[{"@type":"ListItem","position":1,"name":"Home","item":"https:\/\/www.mpppst.gob.ve\/mpppstweb\/"},{"@type":"ListItem","position":2,"name":"Pueblo venezolano y Clase Obrera en las calles en defensa de la Revoluci\u00f3n y de la paz"}]},{"@type":"WebSite","@id":"https:\/\/www.mpppst.gob.ve\/mpppstweb\/#website","url":"https:\/\/www.mpppst.gob.ve\/mpppstweb\/","name":"MPPPST","description":"Ministerio del Poder Popular para el Proceso Social de Trabajo","publisher":{"@id":"https:\/\/www.mpppst.gob.ve\/mpppstweb\/#organization"},"potentialAction":[{"@type":"SearchAction","target":{"@type":"EntryPoint","urlTemplate":"https:\/\/www.mpppst.gob.ve\/mpppstweb\/?s={search_term_string}"},"query-input":"required name=search_term_string"}],"inLanguage":"es"},{"@type":"Organization","@id":"https:\/\/www.mpppst.gob.ve\/mpppstweb\/#organization","name":"mpppst","url":"https:\/\/www.mpppst.gob.ve\/mpppstweb\/","logo":{"@type":"ImageObject","inLanguage":"es","@id":"https:\/\/www.mpppst.gob.ve\/mpppstweb\/#\/schema\/logo\/image\/","url":"https:\/\/www.mpppst.gob.ve\/mpppstweb\/wp-content\/uploads\/2025\/07\/cropped-cropped-g910.png","contentUrl":"https:\/\/www.mpppst.gob.ve\/mpppstweb\/wp-content\/uploads\/2025\/07\/cropped-cropped-g910.png","width":1080,"height":241,"caption":"mpppst"},"image":{"@id":"https:\/\/www.mpppst.gob.ve\/mpppstweb\/#\/schema\/logo\/image\/"}},{"@type":"Person","@id":"https:\/\/www.mpppst.gob.ve\/mpppstweb\/#\/schema\/person\/fc187ee8ead412bd4c9304b62f900ea4","name":"MPPPST Prensa","url":"https:\/\/www.mpppst.gob.ve\/mpppstweb\/index.php\/author\/prensa-mpppst\/"}]}},"_links":{"self":[{"href":"https:\/\/www.mpppst.gob.ve\/mpppstweb\/index.php\/wp-json\/wp\/v2\/posts\/9020"}],"collection":[{"href":"https:\/\/www.mpppst.gob.ve\/mpppstweb\/index.php\/wp-json\/wp\/v2\/posts"}],"about":[{"href":"https:\/\/www.mpppst.gob.ve\/mpppstweb\/index.php\/wp-json\/wp\/v2\/types\/post"}],"author":[{"embeddable":true,"href":"https:\/\/www.mpppst.gob.ve\/mpppstweb\/index.php\/wp-json\/wp\/v2\/users\/25"}],"replies":[{"embeddable":true,"href":"https:\/\/www.mpppst.gob.ve\/mpppstweb\/index.php\/wp-json\/wp\/v2\/comments?post=9020"}],"version-history":[{"count":1,"href":"https:\/\/www.mpppst.gob.ve\/mpppstweb\/index.php\/wp-json\/wp\/v2\/posts\/9020\/revisions"}],"predecessor-version":[{"id":9022,"href":"https:\/\/www.mpppst.gob.ve\/mpppstweb\/index.php\/wp-json\/wp\/v2\/posts\/9020\/revisions\/9022"}],"wp:featuredmedia":[{"embeddable":true,"href":"https:\/\/www.mpppst.gob.ve\/mpppstweb\/index.php\/wp-json\/wp\/v2\/media\/9021"}],"wp:attachment":[{"href":"https:\/\/www.mpppst.gob.ve\/mpppstweb\/index.php\/wp-json\/wp\/v2\/media?parent=9020"}],"wp:term":[{"taxonomy":"category","embeddable":true,"href":"https:\/\/www.mpppst.gob.ve\/mpppstweb\/index.php\/wp-json\/wp\/v2\/categories?post=9020"},{"taxonomy":"post_tag","embeddable":true,"href":"https:\/\/www.mpppst.gob.ve\/mpppstweb\/index.php\/wp-json\/wp\/v2\/tags?post=9020"}],"curies":[{"name":"wp","href":"https:\/\/api.w.org\/{rel}","templated":true}]}}