{"id":9024,"date":"2016-11-02T14:18:46","date_gmt":"2016-11-02T14:18:46","guid":{"rendered":"http:\/\/www.mpppst.gob.ve\/mpppstweb\/?p=9024"},"modified":"2016-11-02T14:24:27","modified_gmt":"2016-11-02T14:24:27","slug":"onu-reconocio-fortalecimiento-de-la-institucionalidad-venezolana-en-ddhh","status":"publish","type":"post","link":"https:\/\/www.mpppst.gob.ve\/mpppstweb\/index.php\/2016\/11\/02\/onu-reconocio-fortalecimiento-de-la-institucionalidad-venezolana-en-ddhh\/","title":{"rendered":"ONU reconoci\u00f3 fortalecimiento de la institucionalidad venezolana en DDHH"},"content":{"rendered":"<p>La Organizaci\u00f3n de las Naciones Unidas (ONU) ha reconocido nuevamente los esfuerzos de Venezuela en promover y proteger los Derechos Humanos y con especial \u00e9nfasis ha destacado la tarea que lleva el Consejo Nacional de DDHH, creado en el a\u00f1o 2014 por el presidente de la Rep\u00fabica, Nicol\u00e1s Maduro.<\/p>\n<p>&nbsp;<\/p>\n<p>Al respecto, el secretario ejecutivo para los Derechos Humanos en Venezuela, Larry Devoe, destac\u00f3 que se trata de un reconocimiento en general al compromiso que ha asumido Venezuela en el tema de DDHH y el fortalecimiento de sus pol\u00edticas en esa materia.<\/p>\n<p>En declaraciones a Venezolana de Televisi\u00f3n desde Ginebra, Suiza, a prop\u00f3sito de la presentaci\u00f3n que hizo Venezuela ante la ONU de su modelo para los Derechos Humanos, Devoe refiri\u00f3 que dicho consejo surgi\u00f3 tras las recomendaci\u00f3n hecha al Ejecutivo Nacional por un grupo de cancilleres de la Uni\u00f3n de Naciones Suramericanas (Unasur) en el a\u00f1o 2014.<\/p>\n<p>Recalc\u00f3 que esta instancia se ha venido fortaleciendo en estos \u00faltimos a\u00f1os para coordinar las pol\u00edticas del Estado en este sentido, a fin de garantizar el libre ejercicio de los Derechos Humanos, su protecci\u00f3n y resguardo, en la b\u00fasqueda de la paz y la justicia social.<\/p>\n<p>\u00abSi algo tiene nuestro pa\u00eds son diversas instituciones p\u00fablicas que trabajan en esta \u00e1rea (&#8230;) y el consejo viene a ser ese \u00f3rgano articulador que hace seguimiento a toda la pol\u00edtica del Estado en este sentido y sobre todo la responsabildiad de hacer seguimiento al cumplimiento de todos los compromisos nacionales e internacionales que ha adquirido Venezuela en DDHH\u00bb, remarc\u00f3.<\/p>\n<p>Record\u00f3 que la Constituci\u00f3n venezolana dedica un cap\u00edtulo completo al tema de los derechos humanos e igualmente el pa\u00eds ha ratificado diversos instrumentos internacionales que le generan a su vez obligaciones como la presentaci\u00f3n de informes en DDHH y otras l\u00edneas que se han venido implementado a sugerencia de la misma Naciones Unidas en funci\u00f3n de optimizar la acci\u00f3n en defensa de estas garant\u00edas humanas.<\/p>\n<p>AVN<\/p>\n<p>&nbsp;<\/p>\n","protected":false},"excerpt":{"rendered":"<p>La Organizaci\u00f3n de las Naciones Unidas (ONU) ha reconocido nuevamente los esfuerzos de Venezuela en promover &hellip; <a title=\"ONU reconoci\u00f3 fortalecimiento de la institucionalidad venezolana en DDHH\" class=\"hm-read-more\" href=\"https:\/\/www.mpppst.gob.ve\/mpppstweb\/index.php\/2016\/11\/02\/onu-reconocio-fortalecimiento-de-la-institucionalidad-venezolana-en-ddhh\/\"><span class=\"screen-reader-text\">ONU reconoci\u00f3 fortalecimiento de la institucionalidad venezolana en DDHH<\/span>Read more<\/a><\/p>\n","protected":false},"author":25,"featured_media":9025,"comment_status":"closed","ping_status":"closed","sticky":false,"template":"","format":"standard","meta":{"footnotes":""},"categories":[8,213,237,166,211],"tags":[222],"yoast_head":"<!-- This site is optimized with the Yoast SEO plugin v22.5 - https:\/\/yoast.com\/wordpress\/plugins\/seo\/ -->\n<title>ONU reconoci\u00f3 fortalecimiento de la institucionalidad venezolana en DDHH - MPPPST<\/title>\n<meta name=\"robots\" content=\"index, follow, max-snippet:-1, max-image-preview:large, max-video-preview:-1\" \/>\n<link rel=\"canonical\" href=\"https:\/\/www.mpppst.gob.ve\/mpppstweb\/index.php\/2016\/11\/02\/onu-reconocio-fortalecimiento-de-la-institucionalidad-venezolana-en-ddhh\/\" \/>\n<meta property=\"og:locale\" content=\"es_ES\" \/>\n<meta property=\"og:type\" content=\"article\" \/>\n<meta property=\"og:title\" content=\"ONU reconoci\u00f3 fortalecimiento de la institucionalidad venezolana en DDHH - MPPPST\" \/>\n<meta property=\"og:description\" content=\"La Organizaci\u00f3n de las Naciones Unidas (ONU) ha reconocido nuevamente los esfuerzos de Venezuela en promover &hellip; ONU reconoci\u00f3 fortalecimiento de la institucionalidad venezolana en DDHHRead more\" \/>\n<meta property=\"og:url\" content=\"https:\/\/www.mpppst.gob.ve\/mpppstweb\/index.php\/2016\/11\/02\/onu-reconocio-fortalecimiento-de-la-institucionalidad-venezolana-en-ddhh\/\" \/>\n<meta property=\"og:site_name\" content=\"MPPPST\" \/>\n<meta property=\"article:published_time\" content=\"2016-11-02T14:18:46+00:00\" \/>\n<meta property=\"article:modified_time\" content=\"2016-11-02T14:24:27+00:00\" \/>\n<meta property=\"og:image\" content=\"https:\/\/www.mpppst.gob.ve\/mpppstweb\/wp-content\/uploads\/2016\/11\/onu.png\" \/>\n\t<meta property=\"og:image:width\" content=\"1020\" \/>\n\t<meta property=\"og:image:height\" content=\"768\" \/>\n\t<meta property=\"og:image:type\" content=\"image\/png\" \/>\n<meta name=\"author\" content=\"MPPPST Prensa\" \/>\n<meta name=\"twitter:card\" content=\"summary_large_image\" \/>\n<meta name=\"twitter:label1\" content=\"Escrito por\" \/>\n\t<meta name=\"twitter:data1\" content=\"MPPPST Prensa\" \/>\n\t<meta name=\"twitter:label2\" content=\"Tiempo de lectura\" \/>\n\t<meta name=\"twitter:data2\" content=\"2 minutos\" \/>\n<script type=\"application\/ld+json\" class=\"yoast-schema-graph\">{\"@context\":\"https:\/\/schema.org\",\"@graph\":[{\"@type\":\"Article\",\"@id\":\"https:\/\/www.mpppst.gob.ve\/mpppstweb\/index.php\/2016\/11\/02\/onu-reconocio-fortalecimiento-de-la-institucionalidad-venezolana-en-ddhh\/#article\",\"isPartOf\":{\"@id\":\"https:\/\/www.mpppst.gob.ve\/mpppstweb\/index.php\/2016\/11\/02\/onu-reconocio-fortalecimiento-de-la-institucionalidad-venezolana-en-ddhh\/\"},\"author\":{\"name\":\"MPPPST Prensa\",\"@id\":\"https:\/\/www.mpppst.gob.ve\/mpppstweb\/#\/schema\/person\/fc187ee8ead412bd4c9304b62f900ea4\"},\"headline\":\"ONU reconoci\u00f3 fortalecimiento de la institucionalidad venezolana en DDHH\",\"datePublished\":\"2016-11-02T14:18:46+00:00\",\"dateModified\":\"2016-11-02T14:24:27+00:00\",\"mainEntityOfPage\":{\"@id\":\"https:\/\/www.mpppst.gob.ve\/mpppstweb\/index.php\/2016\/11\/02\/onu-reconocio-fortalecimiento-de-la-institucionalidad-venezolana-en-ddhh\/\"},\"wordCount\":353,\"publisher\":{\"@id\":\"https:\/\/www.mpppst.gob.ve\/mpppstweb\/#organization\"},\"image\":{\"@id\":\"https:\/\/www.mpppst.gob.ve\/mpppstweb\/index.php\/2016\/11\/02\/onu-reconocio-fortalecimiento-de-la-institucionalidad-venezolana-en-ddhh\/#primaryimage\"},\"thumbnailUrl\":\"https:\/\/www.mpppst.gob.ve\/mpppstweb\/wp-content\/uploads\/2016\/11\/onu.png\",\"keywords\":[\"Gobierno Bolivariano\"],\"articleSection\":[\"Internacionales\",\"Presidencia de la Rep\u00fablica\",\"Procesos y organismo internacionales\",\"Venezuela y el Mundo\",\"Vicepresidencia de \u00e1rea social\"],\"inLanguage\":\"es\"},{\"@type\":\"WebPage\",\"@id\":\"https:\/\/www.mpppst.gob.ve\/mpppstweb\/index.php\/2016\/11\/02\/onu-reconocio-fortalecimiento-de-la-institucionalidad-venezolana-en-ddhh\/\",\"url\":\"https:\/\/www.mpppst.gob.ve\/mpppstweb\/index.php\/2016\/11\/02\/onu-reconocio-fortalecimiento-de-la-institucionalidad-venezolana-en-ddhh\/\",\"name\":\"ONU reconoci\u00f3 fortalecimiento de la institucionalidad venezolana en DDHH - MPPPST\",\"isPartOf\":{\"@id\":\"https:\/\/www.mpppst.gob.ve\/mpppstweb\/#website\"},\"primaryImageOfPage\":{\"@id\":\"https:\/\/www.mpppst.gob.ve\/mpppstweb\/index.php\/2016\/11\/02\/onu-reconocio-fortalecimiento-de-la-institucionalidad-venezolana-en-ddhh\/#primaryimage\"},\"image\":{\"@id\":\"https:\/\/www.mpppst.gob.ve\/mpppstweb\/index.php\/2016\/11\/02\/onu-reconocio-fortalecimiento-de-la-institucionalidad-venezolana-en-ddhh\/#primaryimage\"},\"thumbnailUrl\":\"https:\/\/www.mpppst.gob.ve\/mpppstweb\/wp-content\/uploads\/2016\/11\/onu.png\",\"datePublished\":\"2016-11-02T14:18:46+00:00\",\"dateModified\":\"2016-11-02T14:24:27+00:00\",\"breadcrumb\":{\"@id\":\"https:\/\/www.mpppst.gob.ve\/mpppstweb\/index.php\/2016\/11\/02\/onu-reconocio-fortalecimiento-de-la-institucionalidad-venezolana-en-ddhh\/#breadcrumb\"},\"inLanguage\":\"es\",\"potentialAction\":[{\"@type\":\"ReadAction\",\"target\":[\"https:\/\/www.mpppst.gob.ve\/mpppstweb\/index.php\/2016\/11\/02\/onu-reconocio-fortalecimiento-de-la-institucionalidad-venezolana-en-ddhh\/\"]}]},{\"@type\":\"ImageObject\",\"inLanguage\":\"es\",\"@id\":\"https:\/\/www.mpppst.gob.ve\/mpppstweb\/index.php\/2016\/11\/02\/onu-reconocio-fortalecimiento-de-la-institucionalidad-venezolana-en-ddhh\/#primaryimage\",\"url\":\"https:\/\/www.mpppst.gob.ve\/mpppstweb\/wp-content\/uploads\/2016\/11\/onu.png\",\"contentUrl\":\"https:\/\/www.mpppst.gob.ve\/mpppstweb\/wp-content\/uploads\/2016\/11\/onu.png\",\"width\":1020,\"height\":768},{\"@type\":\"BreadcrumbList\",\"@id\":\"https:\/\/www.mpppst.gob.ve\/mpppstweb\/index.php\/2016\/11\/02\/onu-reconocio-fortalecimiento-de-la-institucionalidad-venezolana-en-ddhh\/#breadcrumb\",\"itemListElement\":[{\"@type\":\"ListItem\",\"position\":1,\"name\":\"Home\",\"item\":\"https:\/\/www.mpppst.gob.ve\/mpppstweb\/\"},{\"@type\":\"ListItem\",\"position\":2,\"name\":\"ONU reconoci\u00f3 fortalecimiento de la institucionalidad venezolana en DDHH\"}]},{\"@type\":\"WebSite\",\"@id\":\"https:\/\/www.mpppst.gob.ve\/mpppstweb\/#website\",\"url\":\"https:\/\/www.mpppst.gob.ve\/mpppstweb\/\",\"name\":\"MPPPST\",\"description\":\"Ministerio del Poder Popular para el Proceso Social de Trabajo\",\"publisher\":{\"@id\":\"https:\/\/www.mpppst.gob.ve\/mpppstweb\/#organization\"},\"potentialAction\":[{\"@type\":\"SearchAction\",\"target\":{\"@type\":\"EntryPoint\",\"urlTemplate\":\"https:\/\/www.mpppst.gob.ve\/mpppstweb\/?s={search_term_string}\"},\"query-input\":\"required name=search_term_string\"}],\"inLanguage\":\"es\"},{\"@type\":\"Organization\",\"@id\":\"https:\/\/www.mpppst.gob.ve\/mpppstweb\/#organization\",\"name\":\"mpppst\",\"url\":\"https:\/\/www.mpppst.gob.ve\/mpppstweb\/\",\"logo\":{\"@type\":\"ImageObject\",\"inLanguage\":\"es\",\"@id\":\"https:\/\/www.mpppst.gob.ve\/mpppstweb\/#\/schema\/logo\/image\/\",\"url\":\"https:\/\/www.mpppst.gob.ve\/mpppstweb\/wp-content\/uploads\/2025\/07\/cropped-cropped-g910.png\",\"contentUrl\":\"https:\/\/www.mpppst.gob.ve\/mpppstweb\/wp-content\/uploads\/2025\/07\/cropped-cropped-g910.png\",\"width\":1080,\"height\":241,\"caption\":\"mpppst\"},\"image\":{\"@id\":\"https:\/\/www.mpppst.gob.ve\/mpppstweb\/#\/schema\/logo\/image\/\"}},{\"@type\":\"Person\",\"@id\":\"https:\/\/www.mpppst.gob.ve\/mpppstweb\/#\/schema\/person\/fc187ee8ead412bd4c9304b62f900ea4\",\"name\":\"MPPPST Prensa\",\"url\":\"https:\/\/www.mpppst.gob.ve\/mpppstweb\/index.php\/author\/prensa-mpppst\/\"}]}<\/script>\n<!-- \/ Yoast SEO plugin. -->","yoast_head_json":{"title":"ONU reconoci\u00f3 fortalecimiento de la institucionalidad venezolana en DDHH - MPPPST","robots":{"index":"index","follow":"follow","max-snippet":"max-snippet:-1","max-image-preview":"max-image-preview:large","max-video-preview":"max-video-preview:-1"},"canonical":"https:\/\/www.mpppst.gob.ve\/mpppstweb\/index.php\/2016\/11\/02\/onu-reconocio-fortalecimiento-de-la-institucionalidad-venezolana-en-ddhh\/","og_locale":"es_ES","og_type":"article","og_title":"ONU reconoci\u00f3 fortalecimiento de la institucionalidad venezolana en DDHH - MPPPST","og_description":"La Organizaci\u00f3n de las Naciones Unidas (ONU) ha reconocido nuevamente los esfuerzos de Venezuela en promover &hellip; ONU reconoci\u00f3 fortalecimiento de la institucionalidad venezolana en DDHHRead more","og_url":"https:\/\/www.mpppst.gob.ve\/mpppstweb\/index.php\/2016\/11\/02\/onu-reconocio-fortalecimiento-de-la-institucionalidad-venezolana-en-ddhh\/","og_site_name":"MPPPST","article_published_time":"2016-11-02T14:18:46+00:00","article_modified_time":"2016-11-02T14:24:27+00:00","og_image":[{"width":1020,"height":768,"url":"https:\/\/www.mpppst.gob.ve\/mpppstweb\/wp-content\/uploads\/2016\/11\/onu.png","type":"image\/png"}],"author":"MPPPST Prensa","twitter_card":"summary_large_image","twitter_misc":{"Escrito por":"MPPPST Prensa","Tiempo de lectura":"2 minutos"},"schema":{"@context":"https:\/\/schema.org","@graph":[{"@type":"Article","@id":"https:\/\/www.mpppst.gob.ve\/mpppstweb\/index.php\/2016\/11\/02\/onu-reconocio-fortalecimiento-de-la-institucionalidad-venezolana-en-ddhh\/#article","isPartOf":{"@id":"https:\/\/www.mpppst.gob.ve\/mpppstweb\/index.php\/2016\/11\/02\/onu-reconocio-fortalecimiento-de-la-institucionalidad-venezolana-en-ddhh\/"},"author":{"name":"MPPPST Prensa","@id":"https:\/\/www.mpppst.gob.ve\/mpppstweb\/#\/schema\/person\/fc187ee8ead412bd4c9304b62f900ea4"},"headline":"ONU reconoci\u00f3 fortalecimiento de la institucionalidad venezolana en DDHH","datePublished":"2016-11-02T14:18:46+00:00","dateModified":"2016-11-02T14:24:27+00:00","mainEntityOfPage":{"@id":"https:\/\/www.mpppst.gob.ve\/mpppstweb\/index.php\/2016\/11\/02\/onu-reconocio-fortalecimiento-de-la-institucionalidad-venezolana-en-ddhh\/"},"wordCount":353,"publisher":{"@id":"https:\/\/www.mpppst.gob.ve\/mpppstweb\/#organization"},"image":{"@id":"https:\/\/www.mpppst.gob.ve\/mpppstweb\/index.php\/2016\/11\/02\/onu-reconocio-fortalecimiento-de-la-institucionalidad-venezolana-en-ddhh\/#primaryimage"},"thumbnailUrl":"https:\/\/www.mpppst.gob.ve\/mpppstweb\/wp-content\/uploads\/2016\/11\/onu.png","keywords":["Gobierno Bolivariano"],"articleSection":["Internacionales","Presidencia de la Rep\u00fablica","Procesos y organismo internacionales","Venezuela y el Mundo","Vicepresidencia de \u00e1rea social"],"inLanguage":"es"},{"@type":"WebPage","@id":"https:\/\/www.mpppst.gob.ve\/mpppstweb\/index.php\/2016\/11\/02\/onu-reconocio-fortalecimiento-de-la-institucionalidad-venezolana-en-ddhh\/","url":"https:\/\/www.mpppst.gob.ve\/mpppstweb\/index.php\/2016\/11\/02\/onu-reconocio-fortalecimiento-de-la-institucionalidad-venezolana-en-ddhh\/","name":"ONU reconoci\u00f3 fortalecimiento de la institucionalidad venezolana en DDHH - MPPPST","isPartOf":{"@id":"https:\/\/www.mpppst.gob.ve\/mpppstweb\/#website"},"primaryImageOfPage":{"@id":"https:\/\/www.mpppst.gob.ve\/mpppstweb\/index.php\/2016\/11\/02\/onu-reconocio-fortalecimiento-de-la-institucionalidad-venezolana-en-ddhh\/#primaryimage"},"image":{"@id":"https:\/\/www.mpppst.gob.ve\/mpppstweb\/index.php\/2016\/11\/02\/onu-reconocio-fortalecimiento-de-la-institucionalidad-venezolana-en-ddhh\/#primaryimage"},"thumbnailUrl":"https:\/\/www.mpppst.gob.ve\/mpppstweb\/wp-content\/uploads\/2016\/11\/onu.png","datePublished":"2016-11-02T14:18:46+00:00","dateModified":"2016-11-02T14:24:27+00:00","breadcrumb":{"@id":"https:\/\/www.mpppst.gob.ve\/mpppstweb\/index.php\/2016\/11\/02\/onu-reconocio-fortalecimiento-de-la-institucionalidad-venezolana-en-ddhh\/#breadcrumb"},"inLanguage":"es","potentialAction":[{"@type":"ReadAction","target":["https:\/\/www.mpppst.gob.ve\/mpppstweb\/index.php\/2016\/11\/02\/onu-reconocio-fortalecimiento-de-la-institucionalidad-venezolana-en-ddhh\/"]}]},{"@type":"ImageObject","inLanguage":"es","@id":"https:\/\/www.mpppst.gob.ve\/mpppstweb\/index.php\/2016\/11\/02\/onu-reconocio-fortalecimiento-de-la-institucionalidad-venezolana-en-ddhh\/#primaryimage","url":"https:\/\/www.mpppst.gob.ve\/mpppstweb\/wp-content\/uploads\/2016\/11\/onu.png","contentUrl":"https:\/\/www.mpppst.gob.ve\/mpppstweb\/wp-content\/uploads\/2016\/11\/onu.png","width":1020,"height":768},{"@type":"BreadcrumbList","@id":"https:\/\/www.mpppst.gob.ve\/mpppstweb\/index.php\/2016\/11\/02\/onu-reconocio-fortalecimiento-de-la-institucionalidad-venezolana-en-ddhh\/#breadcrumb","itemListElement":[{"@type":"ListItem","position":1,"name":"Home","item":"https:\/\/www.mpppst.gob.ve\/mpppstweb\/"},{"@type":"ListItem","position":2,"name":"ONU reconoci\u00f3 fortalecimiento de la institucionalidad venezolana en DDHH"}]},{"@type":"WebSite","@id":"https:\/\/www.mpppst.gob.ve\/mpppstweb\/#website","url":"https:\/\/www.mpppst.gob.ve\/mpppstweb\/","name":"MPPPST","description":"Ministerio del Poder Popular para el Proceso Social de Trabajo","publisher":{"@id":"https:\/\/www.mpppst.gob.ve\/mpppstweb\/#organization"},"potentialAction":[{"@type":"SearchAction","target":{"@type":"EntryPoint","urlTemplate":"https:\/\/www.mpppst.gob.ve\/mpppstweb\/?s={search_term_string}"},"query-input":"required name=search_term_string"}],"inLanguage":"es"},{"@type":"Organization","@id":"https:\/\/www.mpppst.gob.ve\/mpppstweb\/#organization","name":"mpppst","url":"https:\/\/www.mpppst.gob.ve\/mpppstweb\/","logo":{"@type":"ImageObject","inLanguage":"es","@id":"https:\/\/www.mpppst.gob.ve\/mpppstweb\/#\/schema\/logo\/image\/","url":"https:\/\/www.mpppst.gob.ve\/mpppstweb\/wp-content\/uploads\/2025\/07\/cropped-cropped-g910.png","contentUrl":"https:\/\/www.mpppst.gob.ve\/mpppstweb\/wp-content\/uploads\/2025\/07\/cropped-cropped-g910.png","width":1080,"height":241,"caption":"mpppst"},"image":{"@id":"https:\/\/www.mpppst.gob.ve\/mpppstweb\/#\/schema\/logo\/image\/"}},{"@type":"Person","@id":"https:\/\/www.mpppst.gob.ve\/mpppstweb\/#\/schema\/person\/fc187ee8ead412bd4c9304b62f900ea4","name":"MPPPST Prensa","url":"https:\/\/www.mpppst.gob.ve\/mpppstweb\/index.php\/author\/prensa-mpppst\/"}]}},"_links":{"self":[{"href":"https:\/\/www.mpppst.gob.ve\/mpppstweb\/index.php\/wp-json\/wp\/v2\/posts\/9024"}],"collection":[{"href":"https:\/\/www.mpppst.gob.ve\/mpppstweb\/index.php\/wp-json\/wp\/v2\/posts"}],"about":[{"href":"https:\/\/www.mpppst.gob.ve\/mpppstweb\/index.php\/wp-json\/wp\/v2\/types\/post"}],"author":[{"embeddable":true,"href":"https:\/\/www.mpppst.gob.ve\/mpppstweb\/index.php\/wp-json\/wp\/v2\/users\/25"}],"replies":[{"embeddable":true,"href":"https:\/\/www.mpppst.gob.ve\/mpppstweb\/index.php\/wp-json\/wp\/v2\/comments?post=9024"}],"version-history":[{"count":4,"href":"https:\/\/www.mpppst.gob.ve\/mpppstweb\/index.php\/wp-json\/wp\/v2\/posts\/9024\/revisions"}],"predecessor-version":[{"id":9029,"href":"https:\/\/www.mpppst.gob.ve\/mpppstweb\/index.php\/wp-json\/wp\/v2\/posts\/9024\/revisions\/9029"}],"wp:featuredmedia":[{"embeddable":true,"href":"https:\/\/www.mpppst.gob.ve\/mpppstweb\/index.php\/wp-json\/wp\/v2\/media\/9025"}],"wp:attachment":[{"href":"https:\/\/www.mpppst.gob.ve\/mpppstweb\/index.php\/wp-json\/wp\/v2\/media?parent=9024"}],"wp:term":[{"taxonomy":"category","embeddable":true,"href":"https:\/\/www.mpppst.gob.ve\/mpppstweb\/index.php\/wp-json\/wp\/v2\/categories?post=9024"},{"taxonomy":"post_tag","embeddable":true,"href":"https:\/\/www.mpppst.gob.ve\/mpppstweb\/index.php\/wp-json\/wp\/v2\/tags?post=9024"}],"curies":[{"name":"wp","href":"https:\/\/api.w.org\/{rel}","templated":true}]}}