{"id":9030,"date":"2016-11-02T14:34:34","date_gmt":"2016-11-02T14:34:34","guid":{"rendered":"http:\/\/www.mpppst.gob.ve\/mpppstweb\/?p=9030"},"modified":"2016-11-02T14:34:34","modified_gmt":"2016-11-02T14:34:34","slug":"presidente-maduro-en-venezuela-triunfa-la-paz","status":"publish","type":"post","link":"https:\/\/www.mpppst.gob.ve\/mpppstweb\/index.php\/2016\/11\/02\/presidente-maduro-en-venezuela-triunfa-la-paz\/","title":{"rendered":"Presidente Maduro: \u00a1En Venezuela triunfa la paz!"},"content":{"rendered":"<p>Este martes el presidente de la Rep\u00fablica, Nicol\u00e1s Maduro, destac\u00f3 que en Venezuela triunfa la paz y el respeto entre ciudadanos frente a las amenazas de violencia y desestabilizaci\u00f3n de algunos grupos de la oposici\u00f3n.<\/p>\n<p>\u00abEn Venezuela est\u00e1 triunfando la paz, triunfa la paz y el amor, el respeto entre los venezolanos\u00bb, expres\u00f3 el Presidente durante la emisi\u00f3n del programa semanal Contacto con Maduro, transmitido por Venezolana de Televisi\u00f3n desde el parque Waraira Repano, de Caracas, como parte del inicio de la navidad en el pa\u00eds.<\/p>\n<p>Durante el espacio se transmiti\u00f3 un material audiovisual que recogi\u00f3 diferentes expresiones de odio y violencia por parte de seguidores de la oposici\u00f3n venezolana, quienes mostraban su frustraci\u00f3n y enojo al ver que no se cumpl\u00eda la promesa de golpe de Estado violento, repetida por los dirigentes de la derecha y algunos medios de comunicaci\u00f3n durante las \u00faltimas semanas.<\/p>\n<p>\u00ab\u00bfQui\u00e9n inocul\u00f3 el odio en esa gente? Fueron los dirigentes de la derecha con sus discursos de intolerancia y de fascismo, y esos son los que le ofrecen a Venezuela tolerancia y paz. Las autoridades judiciales del pa\u00eds tienen que actuar frente a estas expresiones de odio, intolerancia y violencia\u00bb, asever\u00f3 el Presidente.<\/p>\n<p>Asimismo, inst\u00f3 a los voceros de la oposici\u00f3n venezolana a dirigirse a sus seguidores con responsabilidad y sinceridad,y agreg\u00f3 que ejecutar\u00e1 un plan de di\u00e1logo directo con los sectores de la derecha que han sido afectados por el odio sembrado por su dirigencia.<\/p>\n<p>\u00abSe los digo a los dirigentes de oposici\u00f3n, cr\u00eden cuervos, pero despu\u00e9s no se quejen, porque van a ir primero por ustedes. Con nosotros nunca podr\u00e1n, ni el odio ni el fascismo podr\u00e1n con nosotros\u00bb.<\/p>\n<p><strong>\u00abAbandonar los planes conspirativos\u00bb<\/strong><\/p>\n<p>El Jefe de Estado indic\u00f3 que espera que con el di\u00e1logo, los sectores de oposici\u00f3n abandonen las posturas violentas y golpistas y respeten a la Constituci\u00f3n y a las leyes.<\/p>\n<p>\u00abHa iniciado un proceso de conversaciones para ir regularizando las reglas de juego y respeto a la Constituci\u00f3n. \u00bfCu\u00e1l es nuestra exigencia fundamental en esa mesa? Que el di\u00e1logo no tiene alternativas. Que hay que abandonar todos los planes conspirativos y golpistas. El estricto respeto a la Constituci\u00f3n y al pueblo\u00bb, enfatiz\u00f3 Maduro.<\/p>\n<p>Este domingo se llev\u00f3 a cabo la primera reuni\u00f3n exploratoria para establecer un di\u00e1logo, con la participaci\u00f3n de representantes de la Uni\u00f3n de Naciones Suramericanas (Unasur), de los expresidentes Jos\u00e9 Rodr\u00edguez Zapatero, de Espa\u00f1a; Leonel Fern\u00e1ndez, de Rep\u00fablica Dominicana; y Mart\u00edn Torrijos, de Panam\u00e1, adem\u00e1s de un enviado especial desde el Vaticano.<\/p>\n<p>Tras este primer encuentro, se acord\u00f3 la conformaci\u00f3n de cuatro mesas tem\u00e1ticas: 1. Paz, Respeto al Estado de Derecho y a la Soberan\u00eda Nacional, coordinada por Rodr\u00edguez Zapatero; 2. Verdad, Justicia, Derechos Humanos, Reparaci\u00f3n de V\u00edctimas y Reconciliaci\u00f3n, coordinada por el Vaticano; 3. Econ\u00f3mico-Social, coordinada por Fern\u00e1ndez; y 4. Generaci\u00f3n de Confianza y Cronograma Electoral, coordinada por Torrijos. Se prev\u00e9 que el pr\u00f3ximo encuentro entre Gobierno y oposici\u00f3n se efect\u00fae el pr\u00f3ximo 11 de noviembre.<\/p>\n<p>AVN<\/p>\n<p>&nbsp;<\/p>\n","protected":false},"excerpt":{"rendered":"<p>Este martes el presidente de la Rep\u00fablica, Nicol\u00e1s Maduro, destac\u00f3 que en Venezuela triunfa la paz &hellip; <a title=\"Presidente Maduro: \u00a1En Venezuela triunfa la paz!\" class=\"hm-read-more\" href=\"https:\/\/www.mpppst.gob.ve\/mpppstweb\/index.php\/2016\/11\/02\/presidente-maduro-en-venezuela-triunfa-la-paz\/\"><span class=\"screen-reader-text\">Presidente Maduro: \u00a1En Venezuela triunfa la paz!<\/span>Read more<\/a><\/p>\n","protected":false},"author":25,"featured_media":9031,"comment_status":"closed","ping_status":"closed","sticky":false,"template":"","format":"standard","meta":{"footnotes":""},"categories":[166,211],"tags":[222,240],"yoast_head":"<!-- This site is optimized with the Yoast SEO plugin v22.5 - https:\/\/yoast.com\/wordpress\/plugins\/seo\/ -->\n<title>Presidente Maduro: \u00a1En Venezuela triunfa la paz! - MPPPST<\/title>\n<meta name=\"robots\" content=\"index, follow, max-snippet:-1, max-image-preview:large, max-video-preview:-1\" \/>\n<link rel=\"canonical\" href=\"https:\/\/www.mpppst.gob.ve\/mpppstweb\/index.php\/2016\/11\/02\/presidente-maduro-en-venezuela-triunfa-la-paz\/\" \/>\n<meta property=\"og:locale\" content=\"es_ES\" \/>\n<meta property=\"og:type\" content=\"article\" \/>\n<meta property=\"og:title\" content=\"Presidente Maduro: \u00a1En Venezuela triunfa la paz! - MPPPST\" \/>\n<meta property=\"og:description\" content=\"Este martes el presidente de la Rep\u00fablica, Nicol\u00e1s Maduro, destac\u00f3 que en Venezuela triunfa la paz &hellip; Presidente Maduro: \u00a1En Venezuela triunfa la paz!Read more\" \/>\n<meta property=\"og:url\" content=\"https:\/\/www.mpppst.gob.ve\/mpppstweb\/index.php\/2016\/11\/02\/presidente-maduro-en-venezuela-triunfa-la-paz\/\" \/>\n<meta property=\"og:site_name\" content=\"MPPPST\" \/>\n<meta property=\"article:published_time\" content=\"2016-11-02T14:34:34+00:00\" \/>\n<meta property=\"og:image\" content=\"https:\/\/www.mpppst.gob.ve\/mpppstweb\/wp-content\/uploads\/2016\/11\/20161102-presidente-Maduro-en-el-Avila.jpg\" \/>\n\t<meta property=\"og:image:width\" content=\"917\" \/>\n\t<meta property=\"og:image:height\" content=\"639\" \/>\n\t<meta property=\"og:image:type\" content=\"image\/jpeg\" \/>\n<meta name=\"author\" content=\"MPPPST Prensa\" \/>\n<meta name=\"twitter:card\" content=\"summary_large_image\" \/>\n<meta name=\"twitter:label1\" content=\"Escrito por\" \/>\n\t<meta name=\"twitter:data1\" content=\"MPPPST Prensa\" \/>\n\t<meta name=\"twitter:label2\" content=\"Tiempo de lectura\" \/>\n\t<meta name=\"twitter:data2\" content=\"3 minutos\" \/>\n<script type=\"application\/ld+json\" class=\"yoast-schema-graph\">{\"@context\":\"https:\/\/schema.org\",\"@graph\":[{\"@type\":\"Article\",\"@id\":\"https:\/\/www.mpppst.gob.ve\/mpppstweb\/index.php\/2016\/11\/02\/presidente-maduro-en-venezuela-triunfa-la-paz\/#article\",\"isPartOf\":{\"@id\":\"https:\/\/www.mpppst.gob.ve\/mpppstweb\/index.php\/2016\/11\/02\/presidente-maduro-en-venezuela-triunfa-la-paz\/\"},\"author\":{\"name\":\"MPPPST Prensa\",\"@id\":\"https:\/\/www.mpppst.gob.ve\/mpppstweb\/#\/schema\/person\/fc187ee8ead412bd4c9304b62f900ea4\"},\"headline\":\"Presidente Maduro: \u00a1En Venezuela triunfa la paz!\",\"datePublished\":\"2016-11-02T14:34:34+00:00\",\"dateModified\":\"2016-11-02T14:34:34+00:00\",\"mainEntityOfPage\":{\"@id\":\"https:\/\/www.mpppst.gob.ve\/mpppstweb\/index.php\/2016\/11\/02\/presidente-maduro-en-venezuela-triunfa-la-paz\/\"},\"wordCount\":546,\"publisher\":{\"@id\":\"https:\/\/www.mpppst.gob.ve\/mpppstweb\/#organization\"},\"image\":{\"@id\":\"https:\/\/www.mpppst.gob.ve\/mpppstweb\/index.php\/2016\/11\/02\/presidente-maduro-en-venezuela-triunfa-la-paz\/#primaryimage\"},\"thumbnailUrl\":\"https:\/\/www.mpppst.gob.ve\/mpppstweb\/wp-content\/uploads\/2016\/11\/20161102-presidente-Maduro-en-el-Avila.jpg\",\"keywords\":[\"Gobierno Bolivariano\",\"Participaci\u00f3n popular y protag\u00f3nica\"],\"articleSection\":[\"Venezuela y el Mundo\",\"Vicepresidencia de \u00e1rea social\"],\"inLanguage\":\"es\"},{\"@type\":\"WebPage\",\"@id\":\"https:\/\/www.mpppst.gob.ve\/mpppstweb\/index.php\/2016\/11\/02\/presidente-maduro-en-venezuela-triunfa-la-paz\/\",\"url\":\"https:\/\/www.mpppst.gob.ve\/mpppstweb\/index.php\/2016\/11\/02\/presidente-maduro-en-venezuela-triunfa-la-paz\/\",\"name\":\"Presidente Maduro: \u00a1En Venezuela triunfa la paz! - MPPPST\",\"isPartOf\":{\"@id\":\"https:\/\/www.mpppst.gob.ve\/mpppstweb\/#website\"},\"primaryImageOfPage\":{\"@id\":\"https:\/\/www.mpppst.gob.ve\/mpppstweb\/index.php\/2016\/11\/02\/presidente-maduro-en-venezuela-triunfa-la-paz\/#primaryimage\"},\"image\":{\"@id\":\"https:\/\/www.mpppst.gob.ve\/mpppstweb\/index.php\/2016\/11\/02\/presidente-maduro-en-venezuela-triunfa-la-paz\/#primaryimage\"},\"thumbnailUrl\":\"https:\/\/www.mpppst.gob.ve\/mpppstweb\/wp-content\/uploads\/2016\/11\/20161102-presidente-Maduro-en-el-Avila.jpg\",\"datePublished\":\"2016-11-02T14:34:34+00:00\",\"dateModified\":\"2016-11-02T14:34:34+00:00\",\"breadcrumb\":{\"@id\":\"https:\/\/www.mpppst.gob.ve\/mpppstweb\/index.php\/2016\/11\/02\/presidente-maduro-en-venezuela-triunfa-la-paz\/#breadcrumb\"},\"inLanguage\":\"es\",\"potentialAction\":[{\"@type\":\"ReadAction\",\"target\":[\"https:\/\/www.mpppst.gob.ve\/mpppstweb\/index.php\/2016\/11\/02\/presidente-maduro-en-venezuela-triunfa-la-paz\/\"]}]},{\"@type\":\"ImageObject\",\"inLanguage\":\"es\",\"@id\":\"https:\/\/www.mpppst.gob.ve\/mpppstweb\/index.php\/2016\/11\/02\/presidente-maduro-en-venezuela-triunfa-la-paz\/#primaryimage\",\"url\":\"https:\/\/www.mpppst.gob.ve\/mpppstweb\/wp-content\/uploads\/2016\/11\/20161102-presidente-Maduro-en-el-Avila.jpg\",\"contentUrl\":\"https:\/\/www.mpppst.gob.ve\/mpppstweb\/wp-content\/uploads\/2016\/11\/20161102-presidente-Maduro-en-el-Avila.jpg\",\"width\":917,\"height\":639},{\"@type\":\"BreadcrumbList\",\"@id\":\"https:\/\/www.mpppst.gob.ve\/mpppstweb\/index.php\/2016\/11\/02\/presidente-maduro-en-venezuela-triunfa-la-paz\/#breadcrumb\",\"itemListElement\":[{\"@type\":\"ListItem\",\"position\":1,\"name\":\"Home\",\"item\":\"https:\/\/www.mpppst.gob.ve\/mpppstweb\/\"},{\"@type\":\"ListItem\",\"position\":2,\"name\":\"Presidente Maduro: \u00a1En Venezuela triunfa la paz!\"}]},{\"@type\":\"WebSite\",\"@id\":\"https:\/\/www.mpppst.gob.ve\/mpppstweb\/#website\",\"url\":\"https:\/\/www.mpppst.gob.ve\/mpppstweb\/\",\"name\":\"MPPPST\",\"description\":\"Ministerio del Poder Popular para el Proceso Social de Trabajo\",\"publisher\":{\"@id\":\"https:\/\/www.mpppst.gob.ve\/mpppstweb\/#organization\"},\"potentialAction\":[{\"@type\":\"SearchAction\",\"target\":{\"@type\":\"EntryPoint\",\"urlTemplate\":\"https:\/\/www.mpppst.gob.ve\/mpppstweb\/?s={search_term_string}\"},\"query-input\":\"required name=search_term_string\"}],\"inLanguage\":\"es\"},{\"@type\":\"Organization\",\"@id\":\"https:\/\/www.mpppst.gob.ve\/mpppstweb\/#organization\",\"name\":\"mpppst\",\"url\":\"https:\/\/www.mpppst.gob.ve\/mpppstweb\/\",\"logo\":{\"@type\":\"ImageObject\",\"inLanguage\":\"es\",\"@id\":\"https:\/\/www.mpppst.gob.ve\/mpppstweb\/#\/schema\/logo\/image\/\",\"url\":\"https:\/\/www.mpppst.gob.ve\/mpppstweb\/wp-content\/uploads\/2025\/07\/cropped-cropped-g910.png\",\"contentUrl\":\"https:\/\/www.mpppst.gob.ve\/mpppstweb\/wp-content\/uploads\/2025\/07\/cropped-cropped-g910.png\",\"width\":1080,\"height\":241,\"caption\":\"mpppst\"},\"image\":{\"@id\":\"https:\/\/www.mpppst.gob.ve\/mpppstweb\/#\/schema\/logo\/image\/\"}},{\"@type\":\"Person\",\"@id\":\"https:\/\/www.mpppst.gob.ve\/mpppstweb\/#\/schema\/person\/fc187ee8ead412bd4c9304b62f900ea4\",\"name\":\"MPPPST Prensa\",\"url\":\"https:\/\/www.mpppst.gob.ve\/mpppstweb\/index.php\/author\/prensa-mpppst\/\"}]}<\/script>\n<!-- \/ Yoast SEO plugin. -->","yoast_head_json":{"title":"Presidente Maduro: \u00a1En Venezuela triunfa la paz! - MPPPST","robots":{"index":"index","follow":"follow","max-snippet":"max-snippet:-1","max-image-preview":"max-image-preview:large","max-video-preview":"max-video-preview:-1"},"canonical":"https:\/\/www.mpppst.gob.ve\/mpppstweb\/index.php\/2016\/11\/02\/presidente-maduro-en-venezuela-triunfa-la-paz\/","og_locale":"es_ES","og_type":"article","og_title":"Presidente Maduro: \u00a1En Venezuela triunfa la paz! - MPPPST","og_description":"Este martes el presidente de la Rep\u00fablica, Nicol\u00e1s Maduro, destac\u00f3 que en Venezuela triunfa la paz &hellip; Presidente Maduro: \u00a1En Venezuela triunfa la paz!Read more","og_url":"https:\/\/www.mpppst.gob.ve\/mpppstweb\/index.php\/2016\/11\/02\/presidente-maduro-en-venezuela-triunfa-la-paz\/","og_site_name":"MPPPST","article_published_time":"2016-11-02T14:34:34+00:00","og_image":[{"width":917,"height":639,"url":"https:\/\/www.mpppst.gob.ve\/mpppstweb\/wp-content\/uploads\/2016\/11\/20161102-presidente-Maduro-en-el-Avila.jpg","type":"image\/jpeg"}],"author":"MPPPST Prensa","twitter_card":"summary_large_image","twitter_misc":{"Escrito por":"MPPPST Prensa","Tiempo de lectura":"3 minutos"},"schema":{"@context":"https:\/\/schema.org","@graph":[{"@type":"Article","@id":"https:\/\/www.mpppst.gob.ve\/mpppstweb\/index.php\/2016\/11\/02\/presidente-maduro-en-venezuela-triunfa-la-paz\/#article","isPartOf":{"@id":"https:\/\/www.mpppst.gob.ve\/mpppstweb\/index.php\/2016\/11\/02\/presidente-maduro-en-venezuela-triunfa-la-paz\/"},"author":{"name":"MPPPST Prensa","@id":"https:\/\/www.mpppst.gob.ve\/mpppstweb\/#\/schema\/person\/fc187ee8ead412bd4c9304b62f900ea4"},"headline":"Presidente Maduro: \u00a1En Venezuela triunfa la paz!","datePublished":"2016-11-02T14:34:34+00:00","dateModified":"2016-11-02T14:34:34+00:00","mainEntityOfPage":{"@id":"https:\/\/www.mpppst.gob.ve\/mpppstweb\/index.php\/2016\/11\/02\/presidente-maduro-en-venezuela-triunfa-la-paz\/"},"wordCount":546,"publisher":{"@id":"https:\/\/www.mpppst.gob.ve\/mpppstweb\/#organization"},"image":{"@id":"https:\/\/www.mpppst.gob.ve\/mpppstweb\/index.php\/2016\/11\/02\/presidente-maduro-en-venezuela-triunfa-la-paz\/#primaryimage"},"thumbnailUrl":"https:\/\/www.mpppst.gob.ve\/mpppstweb\/wp-content\/uploads\/2016\/11\/20161102-presidente-Maduro-en-el-Avila.jpg","keywords":["Gobierno Bolivariano","Participaci\u00f3n popular y protag\u00f3nica"],"articleSection":["Venezuela y el Mundo","Vicepresidencia de \u00e1rea social"],"inLanguage":"es"},{"@type":"WebPage","@id":"https:\/\/www.mpppst.gob.ve\/mpppstweb\/index.php\/2016\/11\/02\/presidente-maduro-en-venezuela-triunfa-la-paz\/","url":"https:\/\/www.mpppst.gob.ve\/mpppstweb\/index.php\/2016\/11\/02\/presidente-maduro-en-venezuela-triunfa-la-paz\/","name":"Presidente Maduro: \u00a1En Venezuela triunfa la paz! - MPPPST","isPartOf":{"@id":"https:\/\/www.mpppst.gob.ve\/mpppstweb\/#website"},"primaryImageOfPage":{"@id":"https:\/\/www.mpppst.gob.ve\/mpppstweb\/index.php\/2016\/11\/02\/presidente-maduro-en-venezuela-triunfa-la-paz\/#primaryimage"},"image":{"@id":"https:\/\/www.mpppst.gob.ve\/mpppstweb\/index.php\/2016\/11\/02\/presidente-maduro-en-venezuela-triunfa-la-paz\/#primaryimage"},"thumbnailUrl":"https:\/\/www.mpppst.gob.ve\/mpppstweb\/wp-content\/uploads\/2016\/11\/20161102-presidente-Maduro-en-el-Avila.jpg","datePublished":"2016-11-02T14:34:34+00:00","dateModified":"2016-11-02T14:34:34+00:00","breadcrumb":{"@id":"https:\/\/www.mpppst.gob.ve\/mpppstweb\/index.php\/2016\/11\/02\/presidente-maduro-en-venezuela-triunfa-la-paz\/#breadcrumb"},"inLanguage":"es","potentialAction":[{"@type":"ReadAction","target":["https:\/\/www.mpppst.gob.ve\/mpppstweb\/index.php\/2016\/11\/02\/presidente-maduro-en-venezuela-triunfa-la-paz\/"]}]},{"@type":"ImageObject","inLanguage":"es","@id":"https:\/\/www.mpppst.gob.ve\/mpppstweb\/index.php\/2016\/11\/02\/presidente-maduro-en-venezuela-triunfa-la-paz\/#primaryimage","url":"https:\/\/www.mpppst.gob.ve\/mpppstweb\/wp-content\/uploads\/2016\/11\/20161102-presidente-Maduro-en-el-Avila.jpg","contentUrl":"https:\/\/www.mpppst.gob.ve\/mpppstweb\/wp-content\/uploads\/2016\/11\/20161102-presidente-Maduro-en-el-Avila.jpg","width":917,"height":639},{"@type":"BreadcrumbList","@id":"https:\/\/www.mpppst.gob.ve\/mpppstweb\/index.php\/2016\/11\/02\/presidente-maduro-en-venezuela-triunfa-la-paz\/#breadcrumb","itemListElement":[{"@type":"ListItem","position":1,"name":"Home","item":"https:\/\/www.mpppst.gob.ve\/mpppstweb\/"},{"@type":"ListItem","position":2,"name":"Presidente Maduro: \u00a1En Venezuela triunfa la paz!"}]},{"@type":"WebSite","@id":"https:\/\/www.mpppst.gob.ve\/mpppstweb\/#website","url":"https:\/\/www.mpppst.gob.ve\/mpppstweb\/","name":"MPPPST","description":"Ministerio del Poder Popular para el Proceso Social de Trabajo","publisher":{"@id":"https:\/\/www.mpppst.gob.ve\/mpppstweb\/#organization"},"potentialAction":[{"@type":"SearchAction","target":{"@type":"EntryPoint","urlTemplate":"https:\/\/www.mpppst.gob.ve\/mpppstweb\/?s={search_term_string}"},"query-input":"required name=search_term_string"}],"inLanguage":"es"},{"@type":"Organization","@id":"https:\/\/www.mpppst.gob.ve\/mpppstweb\/#organization","name":"mpppst","url":"https:\/\/www.mpppst.gob.ve\/mpppstweb\/","logo":{"@type":"ImageObject","inLanguage":"es","@id":"https:\/\/www.mpppst.gob.ve\/mpppstweb\/#\/schema\/logo\/image\/","url":"https:\/\/www.mpppst.gob.ve\/mpppstweb\/wp-content\/uploads\/2025\/07\/cropped-cropped-g910.png","contentUrl":"https:\/\/www.mpppst.gob.ve\/mpppstweb\/wp-content\/uploads\/2025\/07\/cropped-cropped-g910.png","width":1080,"height":241,"caption":"mpppst"},"image":{"@id":"https:\/\/www.mpppst.gob.ve\/mpppstweb\/#\/schema\/logo\/image\/"}},{"@type":"Person","@id":"https:\/\/www.mpppst.gob.ve\/mpppstweb\/#\/schema\/person\/fc187ee8ead412bd4c9304b62f900ea4","name":"MPPPST Prensa","url":"https:\/\/www.mpppst.gob.ve\/mpppstweb\/index.php\/author\/prensa-mpppst\/"}]}},"_links":{"self":[{"href":"https:\/\/www.mpppst.gob.ve\/mpppstweb\/index.php\/wp-json\/wp\/v2\/posts\/9030"}],"collection":[{"href":"https:\/\/www.mpppst.gob.ve\/mpppstweb\/index.php\/wp-json\/wp\/v2\/posts"}],"about":[{"href":"https:\/\/www.mpppst.gob.ve\/mpppstweb\/index.php\/wp-json\/wp\/v2\/types\/post"}],"author":[{"embeddable":true,"href":"https:\/\/www.mpppst.gob.ve\/mpppstweb\/index.php\/wp-json\/wp\/v2\/users\/25"}],"replies":[{"embeddable":true,"href":"https:\/\/www.mpppst.gob.ve\/mpppstweb\/index.php\/wp-json\/wp\/v2\/comments?post=9030"}],"version-history":[{"count":1,"href":"https:\/\/www.mpppst.gob.ve\/mpppstweb\/index.php\/wp-json\/wp\/v2\/posts\/9030\/revisions"}],"predecessor-version":[{"id":9032,"href":"https:\/\/www.mpppst.gob.ve\/mpppstweb\/index.php\/wp-json\/wp\/v2\/posts\/9030\/revisions\/9032"}],"wp:featuredmedia":[{"embeddable":true,"href":"https:\/\/www.mpppst.gob.ve\/mpppstweb\/index.php\/wp-json\/wp\/v2\/media\/9031"}],"wp:attachment":[{"href":"https:\/\/www.mpppst.gob.ve\/mpppstweb\/index.php\/wp-json\/wp\/v2\/media?parent=9030"}],"wp:term":[{"taxonomy":"category","embeddable":true,"href":"https:\/\/www.mpppst.gob.ve\/mpppstweb\/index.php\/wp-json\/wp\/v2\/categories?post=9030"},{"taxonomy":"post_tag","embeddable":true,"href":"https:\/\/www.mpppst.gob.ve\/mpppstweb\/index.php\/wp-json\/wp\/v2\/tags?post=9030"}],"curies":[{"name":"wp","href":"https:\/\/api.w.org\/{rel}","templated":true}]}}