{"id":9090,"date":"2016-11-04T16:00:08","date_gmt":"2016-11-04T16:00:08","guid":{"rendered":"http:\/\/www.mpppst.gob.ve\/mpppstweb\/?p=9090"},"modified":"2016-11-04T16:00:08","modified_gmt":"2016-11-04T16:00:08","slug":"derrota-del-alca-marco-el-despertar-de-los-pueblos-de-america-latina","status":"publish","type":"post","link":"https:\/\/www.mpppst.gob.ve\/mpppstweb\/index.php\/2016\/11\/04\/derrota-del-alca-marco-el-despertar-de-los-pueblos-de-america-latina\/","title":{"rendered":"Derrota del Alca marc\u00f3 el despertar de los pueblos de Am\u00e9rica Latina"},"content":{"rendered":"<p>El presidente de la Rep\u00fablica Bolivariana de Venezuela, Nicol\u00e1s Maduro, rememor\u00f3 este viernes a trav\u00e9s de su perfil en la red social Facebook, el acto hist\u00f3rico que impulsaron l\u00edderes de pa\u00edses del Sur, como N\u00e9stor Kirchner, de Argentina, Lula Da Silva, de Brasil;\u00a0 Tabar\u00e9 V\u00e1squez de Uruguay y Nicanor Duarte de Paraguay,\u00a0 de la mano del comandante Hugo Ch\u00e1vez Fr\u00edas, al derrotar al imperialismo que pretendi\u00f3 someter a Am\u00e9rica Latina a medidas neoliberales a trav\u00e9s del \u00c1rea de Libre Comercio de las Am\u00e9ricas (Alca).<\/p>\n<p>\u00abEl Comandante Hugo Ch\u00e1vez, quedar\u00e1 para siempre, en la memoria hist\u00f3rica de Am\u00e9rica Latina, como el l\u00edder que despert\u00f3 a los pueblos del continente y los llev\u00f3 a las m\u00e1s importantes victorias contra el imperialismo\u00bb, escribi\u00f3 el jefe de Estado.<\/p>\n<p>Maduro record\u00f3 que el 4 de noviembre de 2005, Ch\u00e1vez particip\u00f3 en la IV Cumbre de las Am\u00e9ricas en Mar del Plata, Argentina, donde los gobiernos de todo el continente discut\u00edan con EEUU, la aplicaci\u00f3n del \u00c1rea de Libre Comercio para las Am\u00e9ricas (ALCA), un plan del imperialismo para someter a Latino Am\u00e9rica a trav\u00e9s de las transnacionales y el libre mercado, a las medidas neoliberales que profundizar\u00edan el drama de nuestros pueblos.<\/p>\n<p>\u00abPero las posiciones firmes del Comandante Hugo Ch\u00e1vez, N\u00e9stor Kirchner, Lula Da Silva, Tabar\u00e9 V\u00e1squez y Nicanor Duarte, como presidentes del Mercosur, hicieron frente a las posiciones de George W. Bush, quien se fue con el fracaso de su proyecto de dominaci\u00f3n econ\u00f3mica\u00bb.<\/p>\n<p>Indic\u00f3 que esta victoria, que cambiaba sin dudas, los esquemas en la regi\u00f3n, se realizaba en paralelo, la III Cumbre de los Pueblos de Am\u00e9rica, donde delegaciones de todos los pa\u00edses latino americanos, se reunieron para celebrar junto a nuestro Comandante la derrota del imperialismo y fue cuando Ch\u00e1vez lanz\u00f3 la proclama de que en Mar del Plata, estaba la tumba del ALCA y nac\u00eda el ALBA, como modelo de integraci\u00f3n econ\u00f3mica surgida desde los pueblos.<\/p>\n<p>\u00abSigamos ese ejemplo de lucha, de valent\u00eda y defendamos la soberan\u00eda de los pueblos de cualquier pretensi\u00f3n imperialista\u00bb.<\/p>\n<p>Vale destacar que las acciones emprendidas para derrotar el ALCA dieron paso al nacimiento de la Alianza Bolivariana de los Pueblos de nuestra Am\u00e9rica (Alba) como modelo de integraci\u00f3n econ\u00f3mica.<\/p>\n<p>Yvke Mundial<\/p>\n<p>&nbsp;<\/p>\n","protected":false},"excerpt":{"rendered":"<p>El presidente de la Rep\u00fablica Bolivariana de Venezuela, Nicol\u00e1s Maduro, rememor\u00f3 este viernes a trav\u00e9s de &hellip; <a title=\"Derrota del Alca marc\u00f3 el despertar de los pueblos de Am\u00e9rica Latina\" class=\"hm-read-more\" href=\"https:\/\/www.mpppst.gob.ve\/mpppstweb\/index.php\/2016\/11\/04\/derrota-del-alca-marco-el-despertar-de-los-pueblos-de-america-latina\/\"><span class=\"screen-reader-text\">Derrota del Alca marc\u00f3 el despertar de los pueblos de Am\u00e9rica Latina<\/span>Read more<\/a><\/p>\n","protected":false},"author":25,"featured_media":9091,"comment_status":"closed","ping_status":"closed","sticky":false,"template":"","format":"standard","meta":{"footnotes":""},"categories":[82,237,166],"tags":[229,222,245],"yoast_head":"<!-- This site is optimized with the Yoast SEO plugin v22.5 - https:\/\/yoast.com\/wordpress\/plugins\/seo\/ -->\n<title>Derrota del Alca marc\u00f3 el despertar de los pueblos de Am\u00e9rica Latina - MPPPST<\/title>\n<meta name=\"robots\" content=\"index, follow, max-snippet:-1, max-image-preview:large, max-video-preview:-1\" \/>\n<link rel=\"canonical\" href=\"https:\/\/www.mpppst.gob.ve\/mpppstweb\/index.php\/2016\/11\/04\/derrota-del-alca-marco-el-despertar-de-los-pueblos-de-america-latina\/\" \/>\n<meta property=\"og:locale\" content=\"es_ES\" \/>\n<meta property=\"og:type\" content=\"article\" \/>\n<meta property=\"og:title\" content=\"Derrota del Alca marc\u00f3 el despertar de los pueblos de Am\u00e9rica Latina - MPPPST\" \/>\n<meta property=\"og:description\" content=\"El presidente de la Rep\u00fablica Bolivariana de Venezuela, Nicol\u00e1s Maduro, rememor\u00f3 este viernes a trav\u00e9s de &hellip; Derrota del Alca marc\u00f3 el despertar de los pueblos de Am\u00e9rica LatinaRead more\" \/>\n<meta property=\"og:url\" content=\"https:\/\/www.mpppst.gob.ve\/mpppstweb\/index.php\/2016\/11\/04\/derrota-del-alca-marco-el-despertar-de-los-pueblos-de-america-latina\/\" \/>\n<meta property=\"og:site_name\" content=\"MPPPST\" \/>\n<meta property=\"article:published_time\" content=\"2016-11-04T16:00:08+00:00\" \/>\n<meta property=\"og:image\" content=\"https:\/\/www.mpppst.gob.ve\/mpppstweb\/wp-content\/uploads\/2016\/11\/Lula_Kirchner_Ch\u00e1vez.jpg\" \/>\n\t<meta property=\"og:image:width\" content=\"800\" \/>\n\t<meta property=\"og:image:height\" content=\"445\" \/>\n\t<meta property=\"og:image:type\" content=\"image\/jpeg\" \/>\n<meta name=\"author\" content=\"MPPPST Prensa\" \/>\n<meta name=\"twitter:card\" content=\"summary_large_image\" \/>\n<meta name=\"twitter:label1\" content=\"Escrito por\" \/>\n\t<meta name=\"twitter:data1\" content=\"MPPPST Prensa\" \/>\n\t<meta name=\"twitter:label2\" content=\"Tiempo de lectura\" \/>\n\t<meta name=\"twitter:data2\" content=\"2 minutos\" \/>\n<script type=\"application\/ld+json\" class=\"yoast-schema-graph\">{\"@context\":\"https:\/\/schema.org\",\"@graph\":[{\"@type\":\"Article\",\"@id\":\"https:\/\/www.mpppst.gob.ve\/mpppstweb\/index.php\/2016\/11\/04\/derrota-del-alca-marco-el-despertar-de-los-pueblos-de-america-latina\/#article\",\"isPartOf\":{\"@id\":\"https:\/\/www.mpppst.gob.ve\/mpppstweb\/index.php\/2016\/11\/04\/derrota-del-alca-marco-el-despertar-de-los-pueblos-de-america-latina\/\"},\"author\":{\"name\":\"MPPPST Prensa\",\"@id\":\"https:\/\/www.mpppst.gob.ve\/mpppstweb\/#\/schema\/person\/fc187ee8ead412bd4c9304b62f900ea4\"},\"headline\":\"Derrota del Alca marc\u00f3 el despertar de los pueblos de Am\u00e9rica Latina\",\"datePublished\":\"2016-11-04T16:00:08+00:00\",\"dateModified\":\"2016-11-04T16:00:08+00:00\",\"mainEntityOfPage\":{\"@id\":\"https:\/\/www.mpppst.gob.ve\/mpppstweb\/index.php\/2016\/11\/04\/derrota-del-alca-marco-el-despertar-de-los-pueblos-de-america-latina\/\"},\"wordCount\":422,\"publisher\":{\"@id\":\"https:\/\/www.mpppst.gob.ve\/mpppstweb\/#organization\"},\"image\":{\"@id\":\"https:\/\/www.mpppst.gob.ve\/mpppstweb\/index.php\/2016\/11\/04\/derrota-del-alca-marco-el-despertar-de-los-pueblos-de-america-latina\/#primaryimage\"},\"thumbnailUrl\":\"https:\/\/www.mpppst.gob.ve\/mpppstweb\/wp-content\/uploads\/2016\/11\/Lula_Kirchner_Ch\u00e1vez.jpg\",\"keywords\":[\"Defensa Integral\",\"Gobierno Bolivariano\",\"internacionales\"],\"articleSection\":[\"Gobierno Nacional\",\"Procesos y organismo internacionales\",\"Venezuela y el Mundo\"],\"inLanguage\":\"es\"},{\"@type\":\"WebPage\",\"@id\":\"https:\/\/www.mpppst.gob.ve\/mpppstweb\/index.php\/2016\/11\/04\/derrota-del-alca-marco-el-despertar-de-los-pueblos-de-america-latina\/\",\"url\":\"https:\/\/www.mpppst.gob.ve\/mpppstweb\/index.php\/2016\/11\/04\/derrota-del-alca-marco-el-despertar-de-los-pueblos-de-america-latina\/\",\"name\":\"Derrota del Alca marc\u00f3 el despertar de los pueblos de Am\u00e9rica Latina - MPPPST\",\"isPartOf\":{\"@id\":\"https:\/\/www.mpppst.gob.ve\/mpppstweb\/#website\"},\"primaryImageOfPage\":{\"@id\":\"https:\/\/www.mpppst.gob.ve\/mpppstweb\/index.php\/2016\/11\/04\/derrota-del-alca-marco-el-despertar-de-los-pueblos-de-america-latina\/#primaryimage\"},\"image\":{\"@id\":\"https:\/\/www.mpppst.gob.ve\/mpppstweb\/index.php\/2016\/11\/04\/derrota-del-alca-marco-el-despertar-de-los-pueblos-de-america-latina\/#primaryimage\"},\"thumbnailUrl\":\"https:\/\/www.mpppst.gob.ve\/mpppstweb\/wp-content\/uploads\/2016\/11\/Lula_Kirchner_Ch\u00e1vez.jpg\",\"datePublished\":\"2016-11-04T16:00:08+00:00\",\"dateModified\":\"2016-11-04T16:00:08+00:00\",\"breadcrumb\":{\"@id\":\"https:\/\/www.mpppst.gob.ve\/mpppstweb\/index.php\/2016\/11\/04\/derrota-del-alca-marco-el-despertar-de-los-pueblos-de-america-latina\/#breadcrumb\"},\"inLanguage\":\"es\",\"potentialAction\":[{\"@type\":\"ReadAction\",\"target\":[\"https:\/\/www.mpppst.gob.ve\/mpppstweb\/index.php\/2016\/11\/04\/derrota-del-alca-marco-el-despertar-de-los-pueblos-de-america-latina\/\"]}]},{\"@type\":\"ImageObject\",\"inLanguage\":\"es\",\"@id\":\"https:\/\/www.mpppst.gob.ve\/mpppstweb\/index.php\/2016\/11\/04\/derrota-del-alca-marco-el-despertar-de-los-pueblos-de-america-latina\/#primaryimage\",\"url\":\"https:\/\/www.mpppst.gob.ve\/mpppstweb\/wp-content\/uploads\/2016\/11\/Lula_Kirchner_Ch\u00e1vez.jpg\",\"contentUrl\":\"https:\/\/www.mpppst.gob.ve\/mpppstweb\/wp-content\/uploads\/2016\/11\/Lula_Kirchner_Ch\u00e1vez.jpg\",\"width\":800,\"height\":445},{\"@type\":\"BreadcrumbList\",\"@id\":\"https:\/\/www.mpppst.gob.ve\/mpppstweb\/index.php\/2016\/11\/04\/derrota-del-alca-marco-el-despertar-de-los-pueblos-de-america-latina\/#breadcrumb\",\"itemListElement\":[{\"@type\":\"ListItem\",\"position\":1,\"name\":\"Home\",\"item\":\"https:\/\/www.mpppst.gob.ve\/mpppstweb\/\"},{\"@type\":\"ListItem\",\"position\":2,\"name\":\"Derrota del Alca marc\u00f3 el despertar de los pueblos de Am\u00e9rica Latina\"}]},{\"@type\":\"WebSite\",\"@id\":\"https:\/\/www.mpppst.gob.ve\/mpppstweb\/#website\",\"url\":\"https:\/\/www.mpppst.gob.ve\/mpppstweb\/\",\"name\":\"MPPPST\",\"description\":\"Ministerio del Poder Popular para el Proceso Social de Trabajo\",\"publisher\":{\"@id\":\"https:\/\/www.mpppst.gob.ve\/mpppstweb\/#organization\"},\"potentialAction\":[{\"@type\":\"SearchAction\",\"target\":{\"@type\":\"EntryPoint\",\"urlTemplate\":\"https:\/\/www.mpppst.gob.ve\/mpppstweb\/?s={search_term_string}\"},\"query-input\":\"required name=search_term_string\"}],\"inLanguage\":\"es\"},{\"@type\":\"Organization\",\"@id\":\"https:\/\/www.mpppst.gob.ve\/mpppstweb\/#organization\",\"name\":\"mpppst\",\"url\":\"https:\/\/www.mpppst.gob.ve\/mpppstweb\/\",\"logo\":{\"@type\":\"ImageObject\",\"inLanguage\":\"es\",\"@id\":\"https:\/\/www.mpppst.gob.ve\/mpppstweb\/#\/schema\/logo\/image\/\",\"url\":\"https:\/\/www.mpppst.gob.ve\/mpppstweb\/wp-content\/uploads\/2025\/07\/cropped-cropped-g910.png\",\"contentUrl\":\"https:\/\/www.mpppst.gob.ve\/mpppstweb\/wp-content\/uploads\/2025\/07\/cropped-cropped-g910.png\",\"width\":1080,\"height\":241,\"caption\":\"mpppst\"},\"image\":{\"@id\":\"https:\/\/www.mpppst.gob.ve\/mpppstweb\/#\/schema\/logo\/image\/\"}},{\"@type\":\"Person\",\"@id\":\"https:\/\/www.mpppst.gob.ve\/mpppstweb\/#\/schema\/person\/fc187ee8ead412bd4c9304b62f900ea4\",\"name\":\"MPPPST Prensa\",\"url\":\"https:\/\/www.mpppst.gob.ve\/mpppstweb\/index.php\/author\/prensa-mpppst\/\"}]}<\/script>\n<!-- \/ Yoast SEO plugin. -->","yoast_head_json":{"title":"Derrota del Alca marc\u00f3 el despertar de los pueblos de Am\u00e9rica Latina - MPPPST","robots":{"index":"index","follow":"follow","max-snippet":"max-snippet:-1","max-image-preview":"max-image-preview:large","max-video-preview":"max-video-preview:-1"},"canonical":"https:\/\/www.mpppst.gob.ve\/mpppstweb\/index.php\/2016\/11\/04\/derrota-del-alca-marco-el-despertar-de-los-pueblos-de-america-latina\/","og_locale":"es_ES","og_type":"article","og_title":"Derrota del Alca marc\u00f3 el despertar de los pueblos de Am\u00e9rica Latina - MPPPST","og_description":"El presidente de la Rep\u00fablica Bolivariana de Venezuela, Nicol\u00e1s Maduro, rememor\u00f3 este viernes a trav\u00e9s de &hellip; Derrota del Alca marc\u00f3 el despertar de los pueblos de Am\u00e9rica LatinaRead more","og_url":"https:\/\/www.mpppst.gob.ve\/mpppstweb\/index.php\/2016\/11\/04\/derrota-del-alca-marco-el-despertar-de-los-pueblos-de-america-latina\/","og_site_name":"MPPPST","article_published_time":"2016-11-04T16:00:08+00:00","og_image":[{"width":800,"height":445,"url":"https:\/\/www.mpppst.gob.ve\/mpppstweb\/wp-content\/uploads\/2016\/11\/Lula_Kirchner_Ch\u00e1vez.jpg","type":"image\/jpeg"}],"author":"MPPPST Prensa","twitter_card":"summary_large_image","twitter_misc":{"Escrito por":"MPPPST Prensa","Tiempo de lectura":"2 minutos"},"schema":{"@context":"https:\/\/schema.org","@graph":[{"@type":"Article","@id":"https:\/\/www.mpppst.gob.ve\/mpppstweb\/index.php\/2016\/11\/04\/derrota-del-alca-marco-el-despertar-de-los-pueblos-de-america-latina\/#article","isPartOf":{"@id":"https:\/\/www.mpppst.gob.ve\/mpppstweb\/index.php\/2016\/11\/04\/derrota-del-alca-marco-el-despertar-de-los-pueblos-de-america-latina\/"},"author":{"name":"MPPPST Prensa","@id":"https:\/\/www.mpppst.gob.ve\/mpppstweb\/#\/schema\/person\/fc187ee8ead412bd4c9304b62f900ea4"},"headline":"Derrota del Alca marc\u00f3 el despertar de los pueblos de Am\u00e9rica Latina","datePublished":"2016-11-04T16:00:08+00:00","dateModified":"2016-11-04T16:00:08+00:00","mainEntityOfPage":{"@id":"https:\/\/www.mpppst.gob.ve\/mpppstweb\/index.php\/2016\/11\/04\/derrota-del-alca-marco-el-despertar-de-los-pueblos-de-america-latina\/"},"wordCount":422,"publisher":{"@id":"https:\/\/www.mpppst.gob.ve\/mpppstweb\/#organization"},"image":{"@id":"https:\/\/www.mpppst.gob.ve\/mpppstweb\/index.php\/2016\/11\/04\/derrota-del-alca-marco-el-despertar-de-los-pueblos-de-america-latina\/#primaryimage"},"thumbnailUrl":"https:\/\/www.mpppst.gob.ve\/mpppstweb\/wp-content\/uploads\/2016\/11\/Lula_Kirchner_Ch\u00e1vez.jpg","keywords":["Defensa Integral","Gobierno Bolivariano","internacionales"],"articleSection":["Gobierno Nacional","Procesos y organismo internacionales","Venezuela y el Mundo"],"inLanguage":"es"},{"@type":"WebPage","@id":"https:\/\/www.mpppst.gob.ve\/mpppstweb\/index.php\/2016\/11\/04\/derrota-del-alca-marco-el-despertar-de-los-pueblos-de-america-latina\/","url":"https:\/\/www.mpppst.gob.ve\/mpppstweb\/index.php\/2016\/11\/04\/derrota-del-alca-marco-el-despertar-de-los-pueblos-de-america-latina\/","name":"Derrota del Alca marc\u00f3 el despertar de los pueblos de Am\u00e9rica Latina - MPPPST","isPartOf":{"@id":"https:\/\/www.mpppst.gob.ve\/mpppstweb\/#website"},"primaryImageOfPage":{"@id":"https:\/\/www.mpppst.gob.ve\/mpppstweb\/index.php\/2016\/11\/04\/derrota-del-alca-marco-el-despertar-de-los-pueblos-de-america-latina\/#primaryimage"},"image":{"@id":"https:\/\/www.mpppst.gob.ve\/mpppstweb\/index.php\/2016\/11\/04\/derrota-del-alca-marco-el-despertar-de-los-pueblos-de-america-latina\/#primaryimage"},"thumbnailUrl":"https:\/\/www.mpppst.gob.ve\/mpppstweb\/wp-content\/uploads\/2016\/11\/Lula_Kirchner_Ch\u00e1vez.jpg","datePublished":"2016-11-04T16:00:08+00:00","dateModified":"2016-11-04T16:00:08+00:00","breadcrumb":{"@id":"https:\/\/www.mpppst.gob.ve\/mpppstweb\/index.php\/2016\/11\/04\/derrota-del-alca-marco-el-despertar-de-los-pueblos-de-america-latina\/#breadcrumb"},"inLanguage":"es","potentialAction":[{"@type":"ReadAction","target":["https:\/\/www.mpppst.gob.ve\/mpppstweb\/index.php\/2016\/11\/04\/derrota-del-alca-marco-el-despertar-de-los-pueblos-de-america-latina\/"]}]},{"@type":"ImageObject","inLanguage":"es","@id":"https:\/\/www.mpppst.gob.ve\/mpppstweb\/index.php\/2016\/11\/04\/derrota-del-alca-marco-el-despertar-de-los-pueblos-de-america-latina\/#primaryimage","url":"https:\/\/www.mpppst.gob.ve\/mpppstweb\/wp-content\/uploads\/2016\/11\/Lula_Kirchner_Ch\u00e1vez.jpg","contentUrl":"https:\/\/www.mpppst.gob.ve\/mpppstweb\/wp-content\/uploads\/2016\/11\/Lula_Kirchner_Ch\u00e1vez.jpg","width":800,"height":445},{"@type":"BreadcrumbList","@id":"https:\/\/www.mpppst.gob.ve\/mpppstweb\/index.php\/2016\/11\/04\/derrota-del-alca-marco-el-despertar-de-los-pueblos-de-america-latina\/#breadcrumb","itemListElement":[{"@type":"ListItem","position":1,"name":"Home","item":"https:\/\/www.mpppst.gob.ve\/mpppstweb\/"},{"@type":"ListItem","position":2,"name":"Derrota del Alca marc\u00f3 el despertar de los pueblos de Am\u00e9rica Latina"}]},{"@type":"WebSite","@id":"https:\/\/www.mpppst.gob.ve\/mpppstweb\/#website","url":"https:\/\/www.mpppst.gob.ve\/mpppstweb\/","name":"MPPPST","description":"Ministerio del Poder Popular para el Proceso Social de Trabajo","publisher":{"@id":"https:\/\/www.mpppst.gob.ve\/mpppstweb\/#organization"},"potentialAction":[{"@type":"SearchAction","target":{"@type":"EntryPoint","urlTemplate":"https:\/\/www.mpppst.gob.ve\/mpppstweb\/?s={search_term_string}"},"query-input":"required name=search_term_string"}],"inLanguage":"es"},{"@type":"Organization","@id":"https:\/\/www.mpppst.gob.ve\/mpppstweb\/#organization","name":"mpppst","url":"https:\/\/www.mpppst.gob.ve\/mpppstweb\/","logo":{"@type":"ImageObject","inLanguage":"es","@id":"https:\/\/www.mpppst.gob.ve\/mpppstweb\/#\/schema\/logo\/image\/","url":"https:\/\/www.mpppst.gob.ve\/mpppstweb\/wp-content\/uploads\/2025\/07\/cropped-cropped-g910.png","contentUrl":"https:\/\/www.mpppst.gob.ve\/mpppstweb\/wp-content\/uploads\/2025\/07\/cropped-cropped-g910.png","width":1080,"height":241,"caption":"mpppst"},"image":{"@id":"https:\/\/www.mpppst.gob.ve\/mpppstweb\/#\/schema\/logo\/image\/"}},{"@type":"Person","@id":"https:\/\/www.mpppst.gob.ve\/mpppstweb\/#\/schema\/person\/fc187ee8ead412bd4c9304b62f900ea4","name":"MPPPST Prensa","url":"https:\/\/www.mpppst.gob.ve\/mpppstweb\/index.php\/author\/prensa-mpppst\/"}]}},"_links":{"self":[{"href":"https:\/\/www.mpppst.gob.ve\/mpppstweb\/index.php\/wp-json\/wp\/v2\/posts\/9090"}],"collection":[{"href":"https:\/\/www.mpppst.gob.ve\/mpppstweb\/index.php\/wp-json\/wp\/v2\/posts"}],"about":[{"href":"https:\/\/www.mpppst.gob.ve\/mpppstweb\/index.php\/wp-json\/wp\/v2\/types\/post"}],"author":[{"embeddable":true,"href":"https:\/\/www.mpppst.gob.ve\/mpppstweb\/index.php\/wp-json\/wp\/v2\/users\/25"}],"replies":[{"embeddable":true,"href":"https:\/\/www.mpppst.gob.ve\/mpppstweb\/index.php\/wp-json\/wp\/v2\/comments?post=9090"}],"version-history":[{"count":1,"href":"https:\/\/www.mpppst.gob.ve\/mpppstweb\/index.php\/wp-json\/wp\/v2\/posts\/9090\/revisions"}],"predecessor-version":[{"id":9092,"href":"https:\/\/www.mpppst.gob.ve\/mpppstweb\/index.php\/wp-json\/wp\/v2\/posts\/9090\/revisions\/9092"}],"wp:featuredmedia":[{"embeddable":true,"href":"https:\/\/www.mpppst.gob.ve\/mpppstweb\/index.php\/wp-json\/wp\/v2\/media\/9091"}],"wp:attachment":[{"href":"https:\/\/www.mpppst.gob.ve\/mpppstweb\/index.php\/wp-json\/wp\/v2\/media?parent=9090"}],"wp:term":[{"taxonomy":"category","embeddable":true,"href":"https:\/\/www.mpppst.gob.ve\/mpppstweb\/index.php\/wp-json\/wp\/v2\/categories?post=9090"},{"taxonomy":"post_tag","embeddable":true,"href":"https:\/\/www.mpppst.gob.ve\/mpppstweb\/index.php\/wp-json\/wp\/v2\/tags?post=9090"}],"curies":[{"name":"wp","href":"https:\/\/api.w.org\/{rel}","templated":true}]}}