{"id":9096,"date":"2016-11-04T18:05:54","date_gmt":"2016-11-04T18:05:54","guid":{"rendered":"http:\/\/www.mpppst.gob.ve\/mpppstweb\/?p=9096"},"modified":"2016-11-04T18:05:54","modified_gmt":"2016-11-04T18:05:54","slug":"parlamentarios-de-la-izquierda-espanola-rechazan-ataques-contra-venezuela","status":"publish","type":"post","link":"https:\/\/www.mpppst.gob.ve\/mpppstweb\/index.php\/2016\/11\/04\/parlamentarios-de-la-izquierda-espanola-rechazan-ataques-contra-venezuela\/","title":{"rendered":"Parlamentarios de la izquierda espa\u00f1ola rechazan ataques contra Venezuela"},"content":{"rendered":"<p>Diputados de izquierda del Congreso espa\u00f1ol exigieron al partido Ciudadanos y al gobernante Partido Popular que desistan de la campa\u00f1a de ataques contra el gobierno leg\u00edtimo de Venezuela y se ocupen de los problemas del pa\u00eds europeo.<\/p>\n<p>El llamado fue hecho en la sesi\u00f3n de la Comisi\u00f3n de Asuntos Exteriores del parlamento espa\u00f1ol el pasado mi\u00e9rcoles 2 de noviembre, en la que se debati\u00f3 una Proposici\u00f3n No de Ley que introdujo el partido Ciudadanos.<\/p>\n<p>En esta proposici\u00f3n se insta al Gobierno espa\u00f1ol a adoptar medidas ante la supuesta suspensi\u00f3n de pago de pensionados venezolanos que viven en Espa\u00f1a, y que cont\u00f3 con el voto favorable de Ciudadanos, Partido Popular (PP) y el Partido Socialista Obrero Espa\u00f1ol (PSOE), mientras que los partidos de izquierda como Esquerra Republicana de Catalunya (ERC) y la coalici\u00f3n de Unidos Podemos votaron en contra.<\/p>\n<p>La diputada de izquierda Ana Surra coment\u00f3, en declaraciones difundidas en redes sociales, que \u00ablos asuntos de Venezuela corresponde resolverlo a los venezolanos\u00bb, y calific\u00f3 de \u00abhipocres\u00eda\u00bb debatir sobre cuatro mil pensionados venezolanos, amparados por los distintos convenios entre Venezuela y Espa\u00f1a \u00abcuando no se atiende la situaci\u00f3n de incertidumbre que ahora tienen siete millones de pensionados espa\u00f1oles\u00bb.<\/p>\n<p>\u00abLlama la atenci\u00f3n que en octubre pasado, tanto el PP como Ciudadanos se negaron a firmar una Proposici\u00f3n No de Ley respaldada por el resto de los partidos, en la que se plantea urgente la garant\u00eda de recursos para la revalorizaci\u00f3n de pensiones para el 2017 y se adopten medidas urgentes para el equilibrio de la Seguridad Social espa\u00f1ola\u00bb, coment\u00f3 la diputada.<\/p>\n<p>Por su parte, el diputado de la coalici\u00f3n Unidos Podemos, Txema Guijarro, calific\u00f3 de \u00abimprovisadas\u00bb las iniciativas presentadas por Ciudadanos, que a su juicio revelan que \u00abno les importa realmente la situaci\u00f3n de los pensionados de Venezuela en Espa\u00f1a, sino el cr\u00e9dito pol\u00edtico que pueden aprovechar de los conceptos Venezuela \u2013 pensiones\u00bb.<\/p>\n","protected":false},"excerpt":{"rendered":"<p>Diputados de izquierda del Congreso espa\u00f1ol exigieron al partido Ciudadanos y al gobernante Partido Popular que &hellip; <a title=\"Parlamentarios de la izquierda espa\u00f1ola rechazan ataques contra Venezuela\" class=\"hm-read-more\" href=\"https:\/\/www.mpppst.gob.ve\/mpppstweb\/index.php\/2016\/11\/04\/parlamentarios-de-la-izquierda-espanola-rechazan-ataques-contra-venezuela\/\"><span class=\"screen-reader-text\">Parlamentarios de la izquierda espa\u00f1ola rechazan ataques contra Venezuela<\/span>Read more<\/a><\/p>\n","protected":false},"author":25,"featured_media":9097,"comment_status":"closed","ping_status":"closed","sticky":false,"template":"","format":"standard","meta":{"footnotes":""},"categories":[8,163],"tags":[222,245],"yoast_head":"<!-- This site is optimized with the Yoast SEO plugin v22.5 - https:\/\/yoast.com\/wordpress\/plugins\/seo\/ -->\n<title>Parlamentarios de la izquierda espa\u00f1ola rechazan ataques contra Venezuela - MPPPST<\/title>\n<meta name=\"robots\" content=\"index, follow, max-snippet:-1, max-image-preview:large, max-video-preview:-1\" \/>\n<link rel=\"canonical\" href=\"https:\/\/www.mpppst.gob.ve\/mpppstweb\/index.php\/2016\/11\/04\/parlamentarios-de-la-izquierda-espanola-rechazan-ataques-contra-venezuela\/\" \/>\n<meta property=\"og:locale\" content=\"es_ES\" \/>\n<meta property=\"og:type\" content=\"article\" \/>\n<meta property=\"og:title\" content=\"Parlamentarios de la izquierda espa\u00f1ola rechazan ataques contra Venezuela - MPPPST\" \/>\n<meta property=\"og:description\" content=\"Diputados de izquierda del Congreso espa\u00f1ol exigieron al partido Ciudadanos y al gobernante Partido Popular que &hellip; Parlamentarios de la izquierda espa\u00f1ola rechazan ataques contra VenezuelaRead more\" \/>\n<meta property=\"og:url\" content=\"https:\/\/www.mpppst.gob.ve\/mpppstweb\/index.php\/2016\/11\/04\/parlamentarios-de-la-izquierda-espanola-rechazan-ataques-contra-venezuela\/\" \/>\n<meta property=\"og:site_name\" content=\"MPPPST\" \/>\n<meta property=\"article:published_time\" content=\"2016-11-04T18:05:54+00:00\" \/>\n<meta property=\"og:image\" content=\"https:\/\/www.mpppst.gob.ve\/mpppstweb\/wp-content\/uploads\/2016\/11\/espa\u00f1oles.jpg\" \/>\n\t<meta property=\"og:image:width\" content=\"800\" \/>\n\t<meta property=\"og:image:height\" content=\"445\" \/>\n\t<meta property=\"og:image:type\" content=\"image\/jpeg\" \/>\n<meta name=\"author\" content=\"MPPPST Prensa\" \/>\n<meta name=\"twitter:card\" content=\"summary_large_image\" \/>\n<meta name=\"twitter:label1\" content=\"Escrito por\" \/>\n\t<meta name=\"twitter:data1\" content=\"MPPPST Prensa\" \/>\n\t<meta name=\"twitter:label2\" content=\"Tiempo de lectura\" \/>\n\t<meta name=\"twitter:data2\" content=\"2 minutos\" \/>\n<script type=\"application\/ld+json\" class=\"yoast-schema-graph\">{\"@context\":\"https:\/\/schema.org\",\"@graph\":[{\"@type\":\"Article\",\"@id\":\"https:\/\/www.mpppst.gob.ve\/mpppstweb\/index.php\/2016\/11\/04\/parlamentarios-de-la-izquierda-espanola-rechazan-ataques-contra-venezuela\/#article\",\"isPartOf\":{\"@id\":\"https:\/\/www.mpppst.gob.ve\/mpppstweb\/index.php\/2016\/11\/04\/parlamentarios-de-la-izquierda-espanola-rechazan-ataques-contra-venezuela\/\"},\"author\":{\"name\":\"MPPPST Prensa\",\"@id\":\"https:\/\/www.mpppst.gob.ve\/mpppstweb\/#\/schema\/person\/fc187ee8ead412bd4c9304b62f900ea4\"},\"headline\":\"Parlamentarios de la izquierda espa\u00f1ola rechazan ataques contra Venezuela\",\"datePublished\":\"2016-11-04T18:05:54+00:00\",\"dateModified\":\"2016-11-04T18:05:54+00:00\",\"mainEntityOfPage\":{\"@id\":\"https:\/\/www.mpppst.gob.ve\/mpppstweb\/index.php\/2016\/11\/04\/parlamentarios-de-la-izquierda-espanola-rechazan-ataques-contra-venezuela\/\"},\"wordCount\":346,\"publisher\":{\"@id\":\"https:\/\/www.mpppst.gob.ve\/mpppstweb\/#organization\"},\"image\":{\"@id\":\"https:\/\/www.mpppst.gob.ve\/mpppstweb\/index.php\/2016\/11\/04\/parlamentarios-de-la-izquierda-espanola-rechazan-ataques-contra-venezuela\/#primaryimage\"},\"thumbnailUrl\":\"https:\/\/www.mpppst.gob.ve\/mpppstweb\/wp-content\/uploads\/2016\/11\/espa\u00f1oles.jpg\",\"keywords\":[\"Gobierno Bolivariano\",\"internacionales\"],\"articleSection\":[\"Internacionales\",\"Noticias\"],\"inLanguage\":\"es\"},{\"@type\":\"WebPage\",\"@id\":\"https:\/\/www.mpppst.gob.ve\/mpppstweb\/index.php\/2016\/11\/04\/parlamentarios-de-la-izquierda-espanola-rechazan-ataques-contra-venezuela\/\",\"url\":\"https:\/\/www.mpppst.gob.ve\/mpppstweb\/index.php\/2016\/11\/04\/parlamentarios-de-la-izquierda-espanola-rechazan-ataques-contra-venezuela\/\",\"name\":\"Parlamentarios de la izquierda espa\u00f1ola rechazan ataques contra Venezuela - MPPPST\",\"isPartOf\":{\"@id\":\"https:\/\/www.mpppst.gob.ve\/mpppstweb\/#website\"},\"primaryImageOfPage\":{\"@id\":\"https:\/\/www.mpppst.gob.ve\/mpppstweb\/index.php\/2016\/11\/04\/parlamentarios-de-la-izquierda-espanola-rechazan-ataques-contra-venezuela\/#primaryimage\"},\"image\":{\"@id\":\"https:\/\/www.mpppst.gob.ve\/mpppstweb\/index.php\/2016\/11\/04\/parlamentarios-de-la-izquierda-espanola-rechazan-ataques-contra-venezuela\/#primaryimage\"},\"thumbnailUrl\":\"https:\/\/www.mpppst.gob.ve\/mpppstweb\/wp-content\/uploads\/2016\/11\/espa\u00f1oles.jpg\",\"datePublished\":\"2016-11-04T18:05:54+00:00\",\"dateModified\":\"2016-11-04T18:05:54+00:00\",\"breadcrumb\":{\"@id\":\"https:\/\/www.mpppst.gob.ve\/mpppstweb\/index.php\/2016\/11\/04\/parlamentarios-de-la-izquierda-espanola-rechazan-ataques-contra-venezuela\/#breadcrumb\"},\"inLanguage\":\"es\",\"potentialAction\":[{\"@type\":\"ReadAction\",\"target\":[\"https:\/\/www.mpppst.gob.ve\/mpppstweb\/index.php\/2016\/11\/04\/parlamentarios-de-la-izquierda-espanola-rechazan-ataques-contra-venezuela\/\"]}]},{\"@type\":\"ImageObject\",\"inLanguage\":\"es\",\"@id\":\"https:\/\/www.mpppst.gob.ve\/mpppstweb\/index.php\/2016\/11\/04\/parlamentarios-de-la-izquierda-espanola-rechazan-ataques-contra-venezuela\/#primaryimage\",\"url\":\"https:\/\/www.mpppst.gob.ve\/mpppstweb\/wp-content\/uploads\/2016\/11\/espa\u00f1oles.jpg\",\"contentUrl\":\"https:\/\/www.mpppst.gob.ve\/mpppstweb\/wp-content\/uploads\/2016\/11\/espa\u00f1oles.jpg\",\"width\":800,\"height\":445},{\"@type\":\"BreadcrumbList\",\"@id\":\"https:\/\/www.mpppst.gob.ve\/mpppstweb\/index.php\/2016\/11\/04\/parlamentarios-de-la-izquierda-espanola-rechazan-ataques-contra-venezuela\/#breadcrumb\",\"itemListElement\":[{\"@type\":\"ListItem\",\"position\":1,\"name\":\"Home\",\"item\":\"https:\/\/www.mpppst.gob.ve\/mpppstweb\/\"},{\"@type\":\"ListItem\",\"position\":2,\"name\":\"Parlamentarios de la izquierda espa\u00f1ola rechazan ataques contra Venezuela\"}]},{\"@type\":\"WebSite\",\"@id\":\"https:\/\/www.mpppst.gob.ve\/mpppstweb\/#website\",\"url\":\"https:\/\/www.mpppst.gob.ve\/mpppstweb\/\",\"name\":\"MPPPST\",\"description\":\"Ministerio del Poder Popular para el Proceso Social de Trabajo\",\"publisher\":{\"@id\":\"https:\/\/www.mpppst.gob.ve\/mpppstweb\/#organization\"},\"potentialAction\":[{\"@type\":\"SearchAction\",\"target\":{\"@type\":\"EntryPoint\",\"urlTemplate\":\"https:\/\/www.mpppst.gob.ve\/mpppstweb\/?s={search_term_string}\"},\"query-input\":\"required name=search_term_string\"}],\"inLanguage\":\"es\"},{\"@type\":\"Organization\",\"@id\":\"https:\/\/www.mpppst.gob.ve\/mpppstweb\/#organization\",\"name\":\"mpppst\",\"url\":\"https:\/\/www.mpppst.gob.ve\/mpppstweb\/\",\"logo\":{\"@type\":\"ImageObject\",\"inLanguage\":\"es\",\"@id\":\"https:\/\/www.mpppst.gob.ve\/mpppstweb\/#\/schema\/logo\/image\/\",\"url\":\"https:\/\/www.mpppst.gob.ve\/mpppstweb\/wp-content\/uploads\/2025\/07\/cropped-cropped-g910.png\",\"contentUrl\":\"https:\/\/www.mpppst.gob.ve\/mpppstweb\/wp-content\/uploads\/2025\/07\/cropped-cropped-g910.png\",\"width\":1080,\"height\":241,\"caption\":\"mpppst\"},\"image\":{\"@id\":\"https:\/\/www.mpppst.gob.ve\/mpppstweb\/#\/schema\/logo\/image\/\"}},{\"@type\":\"Person\",\"@id\":\"https:\/\/www.mpppst.gob.ve\/mpppstweb\/#\/schema\/person\/fc187ee8ead412bd4c9304b62f900ea4\",\"name\":\"MPPPST Prensa\",\"url\":\"https:\/\/www.mpppst.gob.ve\/mpppstweb\/index.php\/author\/prensa-mpppst\/\"}]}<\/script>\n<!-- \/ Yoast SEO plugin. -->","yoast_head_json":{"title":"Parlamentarios de la izquierda espa\u00f1ola rechazan ataques contra Venezuela - MPPPST","robots":{"index":"index","follow":"follow","max-snippet":"max-snippet:-1","max-image-preview":"max-image-preview:large","max-video-preview":"max-video-preview:-1"},"canonical":"https:\/\/www.mpppst.gob.ve\/mpppstweb\/index.php\/2016\/11\/04\/parlamentarios-de-la-izquierda-espanola-rechazan-ataques-contra-venezuela\/","og_locale":"es_ES","og_type":"article","og_title":"Parlamentarios de la izquierda espa\u00f1ola rechazan ataques contra Venezuela - MPPPST","og_description":"Diputados de izquierda del Congreso espa\u00f1ol exigieron al partido Ciudadanos y al gobernante Partido Popular que &hellip; Parlamentarios de la izquierda espa\u00f1ola rechazan ataques contra VenezuelaRead more","og_url":"https:\/\/www.mpppst.gob.ve\/mpppstweb\/index.php\/2016\/11\/04\/parlamentarios-de-la-izquierda-espanola-rechazan-ataques-contra-venezuela\/","og_site_name":"MPPPST","article_published_time":"2016-11-04T18:05:54+00:00","og_image":[{"width":800,"height":445,"url":"https:\/\/www.mpppst.gob.ve\/mpppstweb\/wp-content\/uploads\/2016\/11\/espa\u00f1oles.jpg","type":"image\/jpeg"}],"author":"MPPPST Prensa","twitter_card":"summary_large_image","twitter_misc":{"Escrito por":"MPPPST Prensa","Tiempo de lectura":"2 minutos"},"schema":{"@context":"https:\/\/schema.org","@graph":[{"@type":"Article","@id":"https:\/\/www.mpppst.gob.ve\/mpppstweb\/index.php\/2016\/11\/04\/parlamentarios-de-la-izquierda-espanola-rechazan-ataques-contra-venezuela\/#article","isPartOf":{"@id":"https:\/\/www.mpppst.gob.ve\/mpppstweb\/index.php\/2016\/11\/04\/parlamentarios-de-la-izquierda-espanola-rechazan-ataques-contra-venezuela\/"},"author":{"name":"MPPPST Prensa","@id":"https:\/\/www.mpppst.gob.ve\/mpppstweb\/#\/schema\/person\/fc187ee8ead412bd4c9304b62f900ea4"},"headline":"Parlamentarios de la izquierda espa\u00f1ola rechazan ataques contra Venezuela","datePublished":"2016-11-04T18:05:54+00:00","dateModified":"2016-11-04T18:05:54+00:00","mainEntityOfPage":{"@id":"https:\/\/www.mpppst.gob.ve\/mpppstweb\/index.php\/2016\/11\/04\/parlamentarios-de-la-izquierda-espanola-rechazan-ataques-contra-venezuela\/"},"wordCount":346,"publisher":{"@id":"https:\/\/www.mpppst.gob.ve\/mpppstweb\/#organization"},"image":{"@id":"https:\/\/www.mpppst.gob.ve\/mpppstweb\/index.php\/2016\/11\/04\/parlamentarios-de-la-izquierda-espanola-rechazan-ataques-contra-venezuela\/#primaryimage"},"thumbnailUrl":"https:\/\/www.mpppst.gob.ve\/mpppstweb\/wp-content\/uploads\/2016\/11\/espa\u00f1oles.jpg","keywords":["Gobierno Bolivariano","internacionales"],"articleSection":["Internacionales","Noticias"],"inLanguage":"es"},{"@type":"WebPage","@id":"https:\/\/www.mpppst.gob.ve\/mpppstweb\/index.php\/2016\/11\/04\/parlamentarios-de-la-izquierda-espanola-rechazan-ataques-contra-venezuela\/","url":"https:\/\/www.mpppst.gob.ve\/mpppstweb\/index.php\/2016\/11\/04\/parlamentarios-de-la-izquierda-espanola-rechazan-ataques-contra-venezuela\/","name":"Parlamentarios de la izquierda espa\u00f1ola rechazan ataques contra Venezuela - MPPPST","isPartOf":{"@id":"https:\/\/www.mpppst.gob.ve\/mpppstweb\/#website"},"primaryImageOfPage":{"@id":"https:\/\/www.mpppst.gob.ve\/mpppstweb\/index.php\/2016\/11\/04\/parlamentarios-de-la-izquierda-espanola-rechazan-ataques-contra-venezuela\/#primaryimage"},"image":{"@id":"https:\/\/www.mpppst.gob.ve\/mpppstweb\/index.php\/2016\/11\/04\/parlamentarios-de-la-izquierda-espanola-rechazan-ataques-contra-venezuela\/#primaryimage"},"thumbnailUrl":"https:\/\/www.mpppst.gob.ve\/mpppstweb\/wp-content\/uploads\/2016\/11\/espa\u00f1oles.jpg","datePublished":"2016-11-04T18:05:54+00:00","dateModified":"2016-11-04T18:05:54+00:00","breadcrumb":{"@id":"https:\/\/www.mpppst.gob.ve\/mpppstweb\/index.php\/2016\/11\/04\/parlamentarios-de-la-izquierda-espanola-rechazan-ataques-contra-venezuela\/#breadcrumb"},"inLanguage":"es","potentialAction":[{"@type":"ReadAction","target":["https:\/\/www.mpppst.gob.ve\/mpppstweb\/index.php\/2016\/11\/04\/parlamentarios-de-la-izquierda-espanola-rechazan-ataques-contra-venezuela\/"]}]},{"@type":"ImageObject","inLanguage":"es","@id":"https:\/\/www.mpppst.gob.ve\/mpppstweb\/index.php\/2016\/11\/04\/parlamentarios-de-la-izquierda-espanola-rechazan-ataques-contra-venezuela\/#primaryimage","url":"https:\/\/www.mpppst.gob.ve\/mpppstweb\/wp-content\/uploads\/2016\/11\/espa\u00f1oles.jpg","contentUrl":"https:\/\/www.mpppst.gob.ve\/mpppstweb\/wp-content\/uploads\/2016\/11\/espa\u00f1oles.jpg","width":800,"height":445},{"@type":"BreadcrumbList","@id":"https:\/\/www.mpppst.gob.ve\/mpppstweb\/index.php\/2016\/11\/04\/parlamentarios-de-la-izquierda-espanola-rechazan-ataques-contra-venezuela\/#breadcrumb","itemListElement":[{"@type":"ListItem","position":1,"name":"Home","item":"https:\/\/www.mpppst.gob.ve\/mpppstweb\/"},{"@type":"ListItem","position":2,"name":"Parlamentarios de la izquierda espa\u00f1ola rechazan ataques contra Venezuela"}]},{"@type":"WebSite","@id":"https:\/\/www.mpppst.gob.ve\/mpppstweb\/#website","url":"https:\/\/www.mpppst.gob.ve\/mpppstweb\/","name":"MPPPST","description":"Ministerio del Poder Popular para el Proceso Social de Trabajo","publisher":{"@id":"https:\/\/www.mpppst.gob.ve\/mpppstweb\/#organization"},"potentialAction":[{"@type":"SearchAction","target":{"@type":"EntryPoint","urlTemplate":"https:\/\/www.mpppst.gob.ve\/mpppstweb\/?s={search_term_string}"},"query-input":"required name=search_term_string"}],"inLanguage":"es"},{"@type":"Organization","@id":"https:\/\/www.mpppst.gob.ve\/mpppstweb\/#organization","name":"mpppst","url":"https:\/\/www.mpppst.gob.ve\/mpppstweb\/","logo":{"@type":"ImageObject","inLanguage":"es","@id":"https:\/\/www.mpppst.gob.ve\/mpppstweb\/#\/schema\/logo\/image\/","url":"https:\/\/www.mpppst.gob.ve\/mpppstweb\/wp-content\/uploads\/2025\/07\/cropped-cropped-g910.png","contentUrl":"https:\/\/www.mpppst.gob.ve\/mpppstweb\/wp-content\/uploads\/2025\/07\/cropped-cropped-g910.png","width":1080,"height":241,"caption":"mpppst"},"image":{"@id":"https:\/\/www.mpppst.gob.ve\/mpppstweb\/#\/schema\/logo\/image\/"}},{"@type":"Person","@id":"https:\/\/www.mpppst.gob.ve\/mpppstweb\/#\/schema\/person\/fc187ee8ead412bd4c9304b62f900ea4","name":"MPPPST Prensa","url":"https:\/\/www.mpppst.gob.ve\/mpppstweb\/index.php\/author\/prensa-mpppst\/"}]}},"_links":{"self":[{"href":"https:\/\/www.mpppst.gob.ve\/mpppstweb\/index.php\/wp-json\/wp\/v2\/posts\/9096"}],"collection":[{"href":"https:\/\/www.mpppst.gob.ve\/mpppstweb\/index.php\/wp-json\/wp\/v2\/posts"}],"about":[{"href":"https:\/\/www.mpppst.gob.ve\/mpppstweb\/index.php\/wp-json\/wp\/v2\/types\/post"}],"author":[{"embeddable":true,"href":"https:\/\/www.mpppst.gob.ve\/mpppstweb\/index.php\/wp-json\/wp\/v2\/users\/25"}],"replies":[{"embeddable":true,"href":"https:\/\/www.mpppst.gob.ve\/mpppstweb\/index.php\/wp-json\/wp\/v2\/comments?post=9096"}],"version-history":[{"count":1,"href":"https:\/\/www.mpppst.gob.ve\/mpppstweb\/index.php\/wp-json\/wp\/v2\/posts\/9096\/revisions"}],"predecessor-version":[{"id":9098,"href":"https:\/\/www.mpppst.gob.ve\/mpppstweb\/index.php\/wp-json\/wp\/v2\/posts\/9096\/revisions\/9098"}],"wp:featuredmedia":[{"embeddable":true,"href":"https:\/\/www.mpppst.gob.ve\/mpppstweb\/index.php\/wp-json\/wp\/v2\/media\/9097"}],"wp:attachment":[{"href":"https:\/\/www.mpppst.gob.ve\/mpppstweb\/index.php\/wp-json\/wp\/v2\/media?parent=9096"}],"wp:term":[{"taxonomy":"category","embeddable":true,"href":"https:\/\/www.mpppst.gob.ve\/mpppstweb\/index.php\/wp-json\/wp\/v2\/categories?post=9096"},{"taxonomy":"post_tag","embeddable":true,"href":"https:\/\/www.mpppst.gob.ve\/mpppstweb\/index.php\/wp-json\/wp\/v2\/tags?post=9096"}],"curies":[{"name":"wp","href":"https:\/\/api.w.org\/{rel}","templated":true}]}}