{"id":9139,"date":"2016-11-06T12:19:57","date_gmt":"2016-11-06T12:19:57","guid":{"rendered":"http:\/\/www.mpppst.gob.ve\/mpppstweb\/?p=9139"},"modified":"2016-11-06T12:36:22","modified_gmt":"2016-11-06T12:36:22","slug":"delcy-rodriguez-mayoria-de-paises-en-la-onu-respaldaron-modelo-de-ddhh-de-venezuela","status":"publish","type":"post","link":"https:\/\/www.mpppst.gob.ve\/mpppstweb\/index.php\/2016\/11\/06\/delcy-rodriguez-mayoria-de-paises-en-la-onu-respaldaron-modelo-de-ddhh-de-venezuela\/","title":{"rendered":"Pa\u00edses en la ONU respaldaron modelo de DDHH de Venezuela"},"content":{"rendered":"<p>La mayor\u00eda de los pa\u00edses integrantes del Consejo de Derechos Humanos de la Organizaci\u00f3n de Naciones Unidas (ONU) respaldaron las pol\u00edticas en esta materia que desarrolla el Estado venezolano.<\/p>\n<p>As\u00ed lo inform\u00f3 la canciller de la Rep\u00fablica, Delcy Rodr\u00edguez, este s\u00e1bado, desde la Casa Amarilla, sede de la canciller\u00eda, en Caracas, donde destac\u00f3 que las naciones de Am\u00e9rica Latina, Europa, Asia, \u00c1frica y Medio Oriente manifestaron su respaldo al Plan Nacional de DDHH 2015-2019 de Venezuela, y las pol\u00edticas de inclusi\u00f3n y planes del Ejecutivo para atender las necesidades de la poblaci\u00f3n y elevar su calidad de vida.<\/p>\n<p>\u201cLa mayor\u00eda de pa\u00edses, por no decir la totalidad de los pa\u00edses, manifestaron su respaldo al modelo de derechos humanos en Venezuela y las recomendaciones las hicieron en el sentido de la evoluci\u00f3n, de la progresividad en nuestro modelo\u201d, precis.<\/p>\n<p>Sostuvo que en Venezuela desde la llegada de la Revoluci\u00f3n Bolivariana los Derechos Humanos del pueblo venezolano han sido progresivos y universales para todas y todos sin distinci\u00f3n alguna.<\/p>\n<p>\u201cHay un reconocimiento de Venezuela en la comunidad internacional que no se somete al chantaje medi\u00e1tico\u201d, agreg\u00f3.<\/p>\n<p>Precis\u00f3 que el pa\u00eds ha logrado grandes avances en comparaci\u00f3n con otros gobiernos en nutrici\u00f3n infantil, incremento de pensionados y desarrollo humano<\/p>\n<p>Yvke Mundial<\/p>\n","protected":false},"excerpt":{"rendered":"<p>La mayor\u00eda de los pa\u00edses integrantes del Consejo de Derechos Humanos de la Organizaci\u00f3n de Naciones &hellip; <a title=\"Pa\u00edses en la ONU respaldaron modelo de DDHH de Venezuela\" class=\"hm-read-more\" href=\"https:\/\/www.mpppst.gob.ve\/mpppstweb\/index.php\/2016\/11\/06\/delcy-rodriguez-mayoria-de-paises-en-la-onu-respaldaron-modelo-de-ddhh-de-venezuela\/\"><span class=\"screen-reader-text\">Pa\u00edses en la ONU respaldaron modelo de DDHH de Venezuela<\/span>Read more<\/a><\/p>\n","protected":false},"author":25,"featured_media":9144,"comment_status":"closed","ping_status":"closed","sticky":false,"template":"","format":"standard","meta":{"footnotes":""},"categories":[8,237],"tags":[229,245],"yoast_head":"<!-- This site is optimized with the Yoast SEO plugin v22.5 - https:\/\/yoast.com\/wordpress\/plugins\/seo\/ -->\n<title>Pa\u00edses en la ONU respaldaron modelo de DDHH de Venezuela - MPPPST<\/title>\n<meta name=\"robots\" content=\"index, follow, max-snippet:-1, max-image-preview:large, max-video-preview:-1\" \/>\n<link rel=\"canonical\" href=\"https:\/\/www.mpppst.gob.ve\/mpppstweb\/index.php\/2016\/11\/06\/delcy-rodriguez-mayoria-de-paises-en-la-onu-respaldaron-modelo-de-ddhh-de-venezuela\/\" \/>\n<meta property=\"og:locale\" content=\"es_ES\" \/>\n<meta property=\"og:type\" content=\"article\" \/>\n<meta property=\"og:title\" content=\"Pa\u00edses en la ONU respaldaron modelo de DDHH de Venezuela - MPPPST\" \/>\n<meta property=\"og:description\" content=\"La mayor\u00eda de los pa\u00edses integrantes del Consejo de Derechos Humanos de la Organizaci\u00f3n de Naciones &hellip; Pa\u00edses en la ONU respaldaron modelo de DDHH de VenezuelaRead more\" \/>\n<meta property=\"og:url\" content=\"https:\/\/www.mpppst.gob.ve\/mpppstweb\/index.php\/2016\/11\/06\/delcy-rodriguez-mayoria-de-paises-en-la-onu-respaldaron-modelo-de-ddhh-de-venezuela\/\" \/>\n<meta property=\"og:site_name\" content=\"MPPPST\" \/>\n<meta property=\"article:published_time\" content=\"2016-11-06T12:19:57+00:00\" \/>\n<meta property=\"article:modified_time\" content=\"2016-11-06T12:36:22+00:00\" \/>\n<meta property=\"og:image\" content=\"https:\/\/www.mpppst.gob.ve\/mpppstweb\/wp-content\/uploads\/2016\/11\/DELCY-RODR\u00cdGUEZ-EN-LA-ONU.jpg\" \/>\n\t<meta property=\"og:image:width\" content=\"800\" \/>\n\t<meta property=\"og:image:height\" content=\"445\" \/>\n\t<meta property=\"og:image:type\" content=\"image\/jpeg\" \/>\n<meta name=\"author\" content=\"MPPPST Prensa\" \/>\n<meta name=\"twitter:card\" content=\"summary_large_image\" \/>\n<meta name=\"twitter:label1\" content=\"Escrito por\" \/>\n\t<meta name=\"twitter:data1\" content=\"MPPPST Prensa\" \/>\n\t<meta name=\"twitter:label2\" content=\"Tiempo de lectura\" \/>\n\t<meta name=\"twitter:data2\" content=\"1 minuto\" \/>\n<script type=\"application\/ld+json\" class=\"yoast-schema-graph\">{\"@context\":\"https:\/\/schema.org\",\"@graph\":[{\"@type\":\"Article\",\"@id\":\"https:\/\/www.mpppst.gob.ve\/mpppstweb\/index.php\/2016\/11\/06\/delcy-rodriguez-mayoria-de-paises-en-la-onu-respaldaron-modelo-de-ddhh-de-venezuela\/#article\",\"isPartOf\":{\"@id\":\"https:\/\/www.mpppst.gob.ve\/mpppstweb\/index.php\/2016\/11\/06\/delcy-rodriguez-mayoria-de-paises-en-la-onu-respaldaron-modelo-de-ddhh-de-venezuela\/\"},\"author\":{\"name\":\"MPPPST Prensa\",\"@id\":\"https:\/\/www.mpppst.gob.ve\/mpppstweb\/#\/schema\/person\/fc187ee8ead412bd4c9304b62f900ea4\"},\"headline\":\"Pa\u00edses en la ONU respaldaron modelo de DDHH de Venezuela\",\"datePublished\":\"2016-11-06T12:19:57+00:00\",\"dateModified\":\"2016-11-06T12:36:22+00:00\",\"mainEntityOfPage\":{\"@id\":\"https:\/\/www.mpppst.gob.ve\/mpppstweb\/index.php\/2016\/11\/06\/delcy-rodriguez-mayoria-de-paises-en-la-onu-respaldaron-modelo-de-ddhh-de-venezuela\/\"},\"wordCount\":241,\"publisher\":{\"@id\":\"https:\/\/www.mpppst.gob.ve\/mpppstweb\/#organization\"},\"image\":{\"@id\":\"https:\/\/www.mpppst.gob.ve\/mpppstweb\/index.php\/2016\/11\/06\/delcy-rodriguez-mayoria-de-paises-en-la-onu-respaldaron-modelo-de-ddhh-de-venezuela\/#primaryimage\"},\"thumbnailUrl\":\"https:\/\/www.mpppst.gob.ve\/mpppstweb\/wp-content\/uploads\/2016\/11\/DELCY-RODR\u00cdGUEZ-EN-LA-ONU.jpg\",\"keywords\":[\"Defensa Integral\",\"internacionales\"],\"articleSection\":[\"Internacionales\",\"Procesos y organismo internacionales\"],\"inLanguage\":\"es\"},{\"@type\":\"WebPage\",\"@id\":\"https:\/\/www.mpppst.gob.ve\/mpppstweb\/index.php\/2016\/11\/06\/delcy-rodriguez-mayoria-de-paises-en-la-onu-respaldaron-modelo-de-ddhh-de-venezuela\/\",\"url\":\"https:\/\/www.mpppst.gob.ve\/mpppstweb\/index.php\/2016\/11\/06\/delcy-rodriguez-mayoria-de-paises-en-la-onu-respaldaron-modelo-de-ddhh-de-venezuela\/\",\"name\":\"Pa\u00edses en la ONU respaldaron modelo de DDHH de Venezuela - MPPPST\",\"isPartOf\":{\"@id\":\"https:\/\/www.mpppst.gob.ve\/mpppstweb\/#website\"},\"primaryImageOfPage\":{\"@id\":\"https:\/\/www.mpppst.gob.ve\/mpppstweb\/index.php\/2016\/11\/06\/delcy-rodriguez-mayoria-de-paises-en-la-onu-respaldaron-modelo-de-ddhh-de-venezuela\/#primaryimage\"},\"image\":{\"@id\":\"https:\/\/www.mpppst.gob.ve\/mpppstweb\/index.php\/2016\/11\/06\/delcy-rodriguez-mayoria-de-paises-en-la-onu-respaldaron-modelo-de-ddhh-de-venezuela\/#primaryimage\"},\"thumbnailUrl\":\"https:\/\/www.mpppst.gob.ve\/mpppstweb\/wp-content\/uploads\/2016\/11\/DELCY-RODR\u00cdGUEZ-EN-LA-ONU.jpg\",\"datePublished\":\"2016-11-06T12:19:57+00:00\",\"dateModified\":\"2016-11-06T12:36:22+00:00\",\"breadcrumb\":{\"@id\":\"https:\/\/www.mpppst.gob.ve\/mpppstweb\/index.php\/2016\/11\/06\/delcy-rodriguez-mayoria-de-paises-en-la-onu-respaldaron-modelo-de-ddhh-de-venezuela\/#breadcrumb\"},\"inLanguage\":\"es\",\"potentialAction\":[{\"@type\":\"ReadAction\",\"target\":[\"https:\/\/www.mpppst.gob.ve\/mpppstweb\/index.php\/2016\/11\/06\/delcy-rodriguez-mayoria-de-paises-en-la-onu-respaldaron-modelo-de-ddhh-de-venezuela\/\"]}]},{\"@type\":\"ImageObject\",\"inLanguage\":\"es\",\"@id\":\"https:\/\/www.mpppst.gob.ve\/mpppstweb\/index.php\/2016\/11\/06\/delcy-rodriguez-mayoria-de-paises-en-la-onu-respaldaron-modelo-de-ddhh-de-venezuela\/#primaryimage\",\"url\":\"https:\/\/www.mpppst.gob.ve\/mpppstweb\/wp-content\/uploads\/2016\/11\/DELCY-RODR\u00cdGUEZ-EN-LA-ONU.jpg\",\"contentUrl\":\"https:\/\/www.mpppst.gob.ve\/mpppstweb\/wp-content\/uploads\/2016\/11\/DELCY-RODR\u00cdGUEZ-EN-LA-ONU.jpg\",\"width\":800,\"height\":445},{\"@type\":\"BreadcrumbList\",\"@id\":\"https:\/\/www.mpppst.gob.ve\/mpppstweb\/index.php\/2016\/11\/06\/delcy-rodriguez-mayoria-de-paises-en-la-onu-respaldaron-modelo-de-ddhh-de-venezuela\/#breadcrumb\",\"itemListElement\":[{\"@type\":\"ListItem\",\"position\":1,\"name\":\"Home\",\"item\":\"https:\/\/www.mpppst.gob.ve\/mpppstweb\/\"},{\"@type\":\"ListItem\",\"position\":2,\"name\":\"Pa\u00edses en la ONU respaldaron modelo de DDHH de Venezuela\"}]},{\"@type\":\"WebSite\",\"@id\":\"https:\/\/www.mpppst.gob.ve\/mpppstweb\/#website\",\"url\":\"https:\/\/www.mpppst.gob.ve\/mpppstweb\/\",\"name\":\"MPPPST\",\"description\":\"Ministerio del Poder Popular para el Proceso Social de Trabajo\",\"publisher\":{\"@id\":\"https:\/\/www.mpppst.gob.ve\/mpppstweb\/#organization\"},\"potentialAction\":[{\"@type\":\"SearchAction\",\"target\":{\"@type\":\"EntryPoint\",\"urlTemplate\":\"https:\/\/www.mpppst.gob.ve\/mpppstweb\/?s={search_term_string}\"},\"query-input\":\"required name=search_term_string\"}],\"inLanguage\":\"es\"},{\"@type\":\"Organization\",\"@id\":\"https:\/\/www.mpppst.gob.ve\/mpppstweb\/#organization\",\"name\":\"mpppst\",\"url\":\"https:\/\/www.mpppst.gob.ve\/mpppstweb\/\",\"logo\":{\"@type\":\"ImageObject\",\"inLanguage\":\"es\",\"@id\":\"https:\/\/www.mpppst.gob.ve\/mpppstweb\/#\/schema\/logo\/image\/\",\"url\":\"https:\/\/www.mpppst.gob.ve\/mpppstweb\/wp-content\/uploads\/2025\/07\/cropped-cropped-g910.png\",\"contentUrl\":\"https:\/\/www.mpppst.gob.ve\/mpppstweb\/wp-content\/uploads\/2025\/07\/cropped-cropped-g910.png\",\"width\":1080,\"height\":241,\"caption\":\"mpppst\"},\"image\":{\"@id\":\"https:\/\/www.mpppst.gob.ve\/mpppstweb\/#\/schema\/logo\/image\/\"}},{\"@type\":\"Person\",\"@id\":\"https:\/\/www.mpppst.gob.ve\/mpppstweb\/#\/schema\/person\/fc187ee8ead412bd4c9304b62f900ea4\",\"name\":\"MPPPST Prensa\",\"url\":\"https:\/\/www.mpppst.gob.ve\/mpppstweb\/index.php\/author\/prensa-mpppst\/\"}]}<\/script>\n<!-- \/ Yoast SEO plugin. -->","yoast_head_json":{"title":"Pa\u00edses en la ONU respaldaron modelo de DDHH de Venezuela - MPPPST","robots":{"index":"index","follow":"follow","max-snippet":"max-snippet:-1","max-image-preview":"max-image-preview:large","max-video-preview":"max-video-preview:-1"},"canonical":"https:\/\/www.mpppst.gob.ve\/mpppstweb\/index.php\/2016\/11\/06\/delcy-rodriguez-mayoria-de-paises-en-la-onu-respaldaron-modelo-de-ddhh-de-venezuela\/","og_locale":"es_ES","og_type":"article","og_title":"Pa\u00edses en la ONU respaldaron modelo de DDHH de Venezuela - MPPPST","og_description":"La mayor\u00eda de los pa\u00edses integrantes del Consejo de Derechos Humanos de la Organizaci\u00f3n de Naciones &hellip; Pa\u00edses en la ONU respaldaron modelo de DDHH de VenezuelaRead more","og_url":"https:\/\/www.mpppst.gob.ve\/mpppstweb\/index.php\/2016\/11\/06\/delcy-rodriguez-mayoria-de-paises-en-la-onu-respaldaron-modelo-de-ddhh-de-venezuela\/","og_site_name":"MPPPST","article_published_time":"2016-11-06T12:19:57+00:00","article_modified_time":"2016-11-06T12:36:22+00:00","og_image":[{"width":800,"height":445,"url":"https:\/\/www.mpppst.gob.ve\/mpppstweb\/wp-content\/uploads\/2016\/11\/DELCY-RODR\u00cdGUEZ-EN-LA-ONU.jpg","type":"image\/jpeg"}],"author":"MPPPST Prensa","twitter_card":"summary_large_image","twitter_misc":{"Escrito por":"MPPPST Prensa","Tiempo de lectura":"1 minuto"},"schema":{"@context":"https:\/\/schema.org","@graph":[{"@type":"Article","@id":"https:\/\/www.mpppst.gob.ve\/mpppstweb\/index.php\/2016\/11\/06\/delcy-rodriguez-mayoria-de-paises-en-la-onu-respaldaron-modelo-de-ddhh-de-venezuela\/#article","isPartOf":{"@id":"https:\/\/www.mpppst.gob.ve\/mpppstweb\/index.php\/2016\/11\/06\/delcy-rodriguez-mayoria-de-paises-en-la-onu-respaldaron-modelo-de-ddhh-de-venezuela\/"},"author":{"name":"MPPPST Prensa","@id":"https:\/\/www.mpppst.gob.ve\/mpppstweb\/#\/schema\/person\/fc187ee8ead412bd4c9304b62f900ea4"},"headline":"Pa\u00edses en la ONU respaldaron modelo de DDHH de Venezuela","datePublished":"2016-11-06T12:19:57+00:00","dateModified":"2016-11-06T12:36:22+00:00","mainEntityOfPage":{"@id":"https:\/\/www.mpppst.gob.ve\/mpppstweb\/index.php\/2016\/11\/06\/delcy-rodriguez-mayoria-de-paises-en-la-onu-respaldaron-modelo-de-ddhh-de-venezuela\/"},"wordCount":241,"publisher":{"@id":"https:\/\/www.mpppst.gob.ve\/mpppstweb\/#organization"},"image":{"@id":"https:\/\/www.mpppst.gob.ve\/mpppstweb\/index.php\/2016\/11\/06\/delcy-rodriguez-mayoria-de-paises-en-la-onu-respaldaron-modelo-de-ddhh-de-venezuela\/#primaryimage"},"thumbnailUrl":"https:\/\/www.mpppst.gob.ve\/mpppstweb\/wp-content\/uploads\/2016\/11\/DELCY-RODR\u00cdGUEZ-EN-LA-ONU.jpg","keywords":["Defensa Integral","internacionales"],"articleSection":["Internacionales","Procesos y organismo internacionales"],"inLanguage":"es"},{"@type":"WebPage","@id":"https:\/\/www.mpppst.gob.ve\/mpppstweb\/index.php\/2016\/11\/06\/delcy-rodriguez-mayoria-de-paises-en-la-onu-respaldaron-modelo-de-ddhh-de-venezuela\/","url":"https:\/\/www.mpppst.gob.ve\/mpppstweb\/index.php\/2016\/11\/06\/delcy-rodriguez-mayoria-de-paises-en-la-onu-respaldaron-modelo-de-ddhh-de-venezuela\/","name":"Pa\u00edses en la ONU respaldaron modelo de DDHH de Venezuela - MPPPST","isPartOf":{"@id":"https:\/\/www.mpppst.gob.ve\/mpppstweb\/#website"},"primaryImageOfPage":{"@id":"https:\/\/www.mpppst.gob.ve\/mpppstweb\/index.php\/2016\/11\/06\/delcy-rodriguez-mayoria-de-paises-en-la-onu-respaldaron-modelo-de-ddhh-de-venezuela\/#primaryimage"},"image":{"@id":"https:\/\/www.mpppst.gob.ve\/mpppstweb\/index.php\/2016\/11\/06\/delcy-rodriguez-mayoria-de-paises-en-la-onu-respaldaron-modelo-de-ddhh-de-venezuela\/#primaryimage"},"thumbnailUrl":"https:\/\/www.mpppst.gob.ve\/mpppstweb\/wp-content\/uploads\/2016\/11\/DELCY-RODR\u00cdGUEZ-EN-LA-ONU.jpg","datePublished":"2016-11-06T12:19:57+00:00","dateModified":"2016-11-06T12:36:22+00:00","breadcrumb":{"@id":"https:\/\/www.mpppst.gob.ve\/mpppstweb\/index.php\/2016\/11\/06\/delcy-rodriguez-mayoria-de-paises-en-la-onu-respaldaron-modelo-de-ddhh-de-venezuela\/#breadcrumb"},"inLanguage":"es","potentialAction":[{"@type":"ReadAction","target":["https:\/\/www.mpppst.gob.ve\/mpppstweb\/index.php\/2016\/11\/06\/delcy-rodriguez-mayoria-de-paises-en-la-onu-respaldaron-modelo-de-ddhh-de-venezuela\/"]}]},{"@type":"ImageObject","inLanguage":"es","@id":"https:\/\/www.mpppst.gob.ve\/mpppstweb\/index.php\/2016\/11\/06\/delcy-rodriguez-mayoria-de-paises-en-la-onu-respaldaron-modelo-de-ddhh-de-venezuela\/#primaryimage","url":"https:\/\/www.mpppst.gob.ve\/mpppstweb\/wp-content\/uploads\/2016\/11\/DELCY-RODR\u00cdGUEZ-EN-LA-ONU.jpg","contentUrl":"https:\/\/www.mpppst.gob.ve\/mpppstweb\/wp-content\/uploads\/2016\/11\/DELCY-RODR\u00cdGUEZ-EN-LA-ONU.jpg","width":800,"height":445},{"@type":"BreadcrumbList","@id":"https:\/\/www.mpppst.gob.ve\/mpppstweb\/index.php\/2016\/11\/06\/delcy-rodriguez-mayoria-de-paises-en-la-onu-respaldaron-modelo-de-ddhh-de-venezuela\/#breadcrumb","itemListElement":[{"@type":"ListItem","position":1,"name":"Home","item":"https:\/\/www.mpppst.gob.ve\/mpppstweb\/"},{"@type":"ListItem","position":2,"name":"Pa\u00edses en la ONU respaldaron modelo de DDHH de Venezuela"}]},{"@type":"WebSite","@id":"https:\/\/www.mpppst.gob.ve\/mpppstweb\/#website","url":"https:\/\/www.mpppst.gob.ve\/mpppstweb\/","name":"MPPPST","description":"Ministerio del Poder Popular para el Proceso Social de Trabajo","publisher":{"@id":"https:\/\/www.mpppst.gob.ve\/mpppstweb\/#organization"},"potentialAction":[{"@type":"SearchAction","target":{"@type":"EntryPoint","urlTemplate":"https:\/\/www.mpppst.gob.ve\/mpppstweb\/?s={search_term_string}"},"query-input":"required name=search_term_string"}],"inLanguage":"es"},{"@type":"Organization","@id":"https:\/\/www.mpppst.gob.ve\/mpppstweb\/#organization","name":"mpppst","url":"https:\/\/www.mpppst.gob.ve\/mpppstweb\/","logo":{"@type":"ImageObject","inLanguage":"es","@id":"https:\/\/www.mpppst.gob.ve\/mpppstweb\/#\/schema\/logo\/image\/","url":"https:\/\/www.mpppst.gob.ve\/mpppstweb\/wp-content\/uploads\/2025\/07\/cropped-cropped-g910.png","contentUrl":"https:\/\/www.mpppst.gob.ve\/mpppstweb\/wp-content\/uploads\/2025\/07\/cropped-cropped-g910.png","width":1080,"height":241,"caption":"mpppst"},"image":{"@id":"https:\/\/www.mpppst.gob.ve\/mpppstweb\/#\/schema\/logo\/image\/"}},{"@type":"Person","@id":"https:\/\/www.mpppst.gob.ve\/mpppstweb\/#\/schema\/person\/fc187ee8ead412bd4c9304b62f900ea4","name":"MPPPST Prensa","url":"https:\/\/www.mpppst.gob.ve\/mpppstweb\/index.php\/author\/prensa-mpppst\/"}]}},"_links":{"self":[{"href":"https:\/\/www.mpppst.gob.ve\/mpppstweb\/index.php\/wp-json\/wp\/v2\/posts\/9139"}],"collection":[{"href":"https:\/\/www.mpppst.gob.ve\/mpppstweb\/index.php\/wp-json\/wp\/v2\/posts"}],"about":[{"href":"https:\/\/www.mpppst.gob.ve\/mpppstweb\/index.php\/wp-json\/wp\/v2\/types\/post"}],"author":[{"embeddable":true,"href":"https:\/\/www.mpppst.gob.ve\/mpppstweb\/index.php\/wp-json\/wp\/v2\/users\/25"}],"replies":[{"embeddable":true,"href":"https:\/\/www.mpppst.gob.ve\/mpppstweb\/index.php\/wp-json\/wp\/v2\/comments?post=9139"}],"version-history":[{"count":3,"href":"https:\/\/www.mpppst.gob.ve\/mpppstweb\/index.php\/wp-json\/wp\/v2\/posts\/9139\/revisions"}],"predecessor-version":[{"id":9143,"href":"https:\/\/www.mpppst.gob.ve\/mpppstweb\/index.php\/wp-json\/wp\/v2\/posts\/9139\/revisions\/9143"}],"wp:featuredmedia":[{"embeddable":true,"href":"https:\/\/www.mpppst.gob.ve\/mpppstweb\/index.php\/wp-json\/wp\/v2\/media\/9144"}],"wp:attachment":[{"href":"https:\/\/www.mpppst.gob.ve\/mpppstweb\/index.php\/wp-json\/wp\/v2\/media?parent=9139"}],"wp:term":[{"taxonomy":"category","embeddable":true,"href":"https:\/\/www.mpppst.gob.ve\/mpppstweb\/index.php\/wp-json\/wp\/v2\/categories?post=9139"},{"taxonomy":"post_tag","embeddable":true,"href":"https:\/\/www.mpppst.gob.ve\/mpppstweb\/index.php\/wp-json\/wp\/v2\/tags?post=9139"}],"curies":[{"name":"wp","href":"https:\/\/api.w.org\/{rel}","templated":true}]}}