{"id":9152,"date":"2016-11-07T15:46:46","date_gmt":"2016-11-07T15:46:46","guid":{"rendered":"http:\/\/www.mpppst.gob.ve\/mpppstweb\/?p=9152"},"modified":"2016-11-07T15:46:46","modified_gmt":"2016-11-07T15:46:46","slug":"mpppst-explica-derechos-laborales-de-los-trabajadores-y-trabajadoras-en-conversatorio-de-la-filven","status":"publish","type":"post","link":"https:\/\/www.mpppst.gob.ve\/mpppstweb\/index.php\/2016\/11\/07\/mpppst-explica-derechos-laborales-de-los-trabajadores-y-trabajadoras-en-conversatorio-de-la-filven\/","title":{"rendered":"MPPPST explica derechos laborales de los trabajadores y trabajadoras  en conversatorio de la FILVEN"},"content":{"rendered":"<p>Prensa MPPPST.- Durante un conversatorio realizado en el marco de la XII Feria Internacional del Libro que se efect\u00faa en Caracas, el abogado Alexander Abarca, Director General de Participaci\u00f3n en el Proceso Social de Trabajo y Relaciones Laborales del Ministerio del Poder Popular para el Proceso Social de Trabajo (MPPPST), explic\u00f3 varios art\u00edculos de la Ley Org\u00e1nica del Trabajo, los Trabajadores y las Trabajadoras (LOTTT) durante su ponencia, con el fin de que los asistentes entendieran y conocieran cu\u00e1les son los derechos laborales que los amparan despu\u00e9s que el Comandante Eterno Hugo Ch\u00e1vez \u00a0promulg\u00f3 esta ley en al a\u00f1o 2012.<\/p>\n<p>El abogado explic\u00f3 que esta Ley que naci\u00f3 desde las bases, en el seno de las discusiones con el pueblo y los trabajadores, y que adem\u00e1s se basa en varios principios, uno de los m\u00e1s importantes es el de la irrenunciabilidad de los derechos laborales contemplado en la LOTTT y en la Constituci\u00f3n de la Rep\u00fablica Bolivariana de Venezuela, el cual reza de la siguiente forma: \u201ces nula toda acci\u00f3n, acuerdo o convenio que implique renuncia o menoscabo de estos derechos. S\u00f3lo es posible la transacci\u00f3n y convenimiento al t\u00e9rmino de la relaci\u00f3n laboral, de conformidad con los requisitos que establezca la Ley\u201d.<\/p>\n<p>As\u00ed como nadie puede renunciar a sus derechos laborales, tambi\u00e9n existe un principio importante que es el de igualdad y no discriminaci\u00f3n, tambi\u00e9n amparado por la Constituci\u00f3n, en donde ninguna persona podr\u00e1 ser discriminada por su color, condici\u00f3n sexual, religi\u00f3n, personas con discapacidad, entre otros.<\/p>\n<p>Posteriormente, se refiri\u00f3 al principio de continuidad de la relaci\u00f3n laboral, el cual podr\u00e1 hacerse mediante un contrato a tiempo indeterminado, y el de tiempo determinado. \u201cEl contrato de trabajo se considerar\u00e1 celebrado por tiempo indeterminado cuando no aparezca expresada la voluntad de las partes\u201d; mientras que el determinado depende de cuando lo exija la naturaleza del servicio, cuando tenga por objeto sustituir provisional y l\u00edcitamente a un trabajador o trabajadora, cuando se trate de trabajadores o trabajadoras de nacionalidad venezolana que prestar\u00e1n servicios fuera del territorio del Rep\u00fablica Bolivariana de Venezuela, de conformidad con lo establecido en esta Ley, y cuando no haya terminado la labor para la que fue contratado el trabajador o trabajadora y se siga requiriendo de los servicios, bien sea por el mismo trabajador u otro.<\/p>\n<p>Adem\u00e1s habl\u00f3 de los principios de Justicia Social, siendo este en motor de esta Lottt desglosado en el art\u00edculo 1; el principio de primac\u00eda de la realidad sobre las formas o apariencias, que se basa en usar figuras que parecen legales para defraudar al trabajador; el principio de Justa Distribuci\u00f3n de la Riqueza para proteger a la familia y su ingreso.<\/p>\n<p>Explic\u00f3 cu\u00e1l era la diferencia entre Estabilidad Laboral e Inamovilidad Laboral. Donde la primera es el derecho que tienen los trabajadores y trabajadoras a permanecer en sus puestos de trabajo. Esta Ley garantiza la estabilidad en el trabajo y dispone lo conducente para limitar toda forma de despido no justificado. Mientras que con la Inamovilidad Laboral los trabajadores y trabajadoras no podr\u00e1n ser despedidos, ni trasladados, ni desmejorados sin una causa justificada la cual deber\u00e1 ser previamente calificada por el inspector o inspectora del trabajo. El despido, traslado o desmejora de un trabajador o trabajadora protegido de inamovilidad son contrarios a lo previsto en la Constituci\u00f3n y en esta Ley.<\/p>\n<p>Para concluir manifest\u00f3 que en Venezuela desde la promulgaci\u00f3n de esta ley ya no se puede hablar de despidos justificados, porque est\u00e1 prohibido el despido, a menos que sea a trav\u00e9s de una solicitud ante el inspector del trabajo; y que los fueros especiales que existen en la actualidad son los siguientes: fueron sindical, maternal, paternal, delegados de prevenci\u00f3n, trabajadores con hijos con discapacidad, suspensi\u00f3n de relaci\u00f3n de trabajo y por Decreto Presidencial.<\/p>\n<p>En la actualidad, el Gobierno Bolivariano del presidente Nicol\u00e1s Maduro, para continuar las pol\u00edticas del Comandante Eterno Hugo Ch\u00e1vez, promulg\u00f3 v\u00eda Habilitante la Ley de Inamovilidad Laboral que extiende por tres a\u00f1os (2016-2018) la prohibici\u00f3n de despido sin causa justificada de los trabajadores. Este instrumento legal fue anunciado en la Gaceta Oficial N\u00b0 40.817, donde se se\u00f1ala que su contenido est\u00e1 a su vez, en la Gaceta Oficial Extraordinaria N\u00b0 6.207, ambas de fecha 28 de diciembre de 2015.<\/p>\n<p>Por Elio Garc\u00eda<\/p>\n<p>Foto Reinaldo Tamaris<\/p>\n","protected":false},"excerpt":{"rendered":"<p>Prensa MPPPST.- Durante un conversatorio realizado en el marco de la XII Feria Internacional del Libro &hellip; <a title=\"MPPPST explica derechos laborales de los trabajadores y trabajadoras  en conversatorio de la FILVEN\" class=\"hm-read-more\" href=\"https:\/\/www.mpppst.gob.ve\/mpppstweb\/index.php\/2016\/11\/07\/mpppst-explica-derechos-laborales-de-los-trabajadores-y-trabajadoras-en-conversatorio-de-la-filven\/\"><span class=\"screen-reader-text\">MPPPST explica derechos laborales de los trabajadores y trabajadoras  en conversatorio de la FILVEN<\/span>Read more<\/a><\/p>\n","protected":false},"author":25,"featured_media":9153,"comment_status":"closed","ping_status":"closed","sticky":false,"template":"","format":"standard","meta":{"footnotes":""},"categories":[82,83,163],"tags":[225,222,242,223,240,227],"yoast_head":"<!-- This site is optimized with the Yoast SEO plugin v22.5 - https:\/\/yoast.com\/wordpress\/plugins\/seo\/ -->\n<title>MPPPST explica derechos laborales de los trabajadores y trabajadoras en conversatorio de la FILVEN - MPPPST<\/title>\n<meta name=\"robots\" content=\"index, follow, max-snippet:-1, max-image-preview:large, max-video-preview:-1\" \/>\n<link rel=\"canonical\" href=\"https:\/\/www.mpppst.gob.ve\/mpppstweb\/index.php\/2016\/11\/07\/mpppst-explica-derechos-laborales-de-los-trabajadores-y-trabajadoras-en-conversatorio-de-la-filven\/\" \/>\n<meta property=\"og:locale\" content=\"es_ES\" \/>\n<meta property=\"og:type\" content=\"article\" \/>\n<meta property=\"og:title\" content=\"MPPPST explica derechos laborales de los trabajadores y trabajadoras en conversatorio de la FILVEN - MPPPST\" \/>\n<meta property=\"og:description\" content=\"Prensa MPPPST.- Durante un conversatorio realizado en el marco de la XII Feria Internacional del Libro &hellip; MPPPST explica derechos laborales de los trabajadores y trabajadoras en conversatorio de la FILVENRead more\" \/>\n<meta property=\"og:url\" content=\"https:\/\/www.mpppst.gob.ve\/mpppstweb\/index.php\/2016\/11\/07\/mpppst-explica-derechos-laborales-de-los-trabajadores-y-trabajadoras-en-conversatorio-de-la-filven\/\" \/>\n<meta property=\"og:site_name\" content=\"MPPPST\" \/>\n<meta property=\"article:published_time\" content=\"2016-11-07T15:46:46+00:00\" \/>\n<meta property=\"og:image\" content=\"https:\/\/www.mpppst.gob.ve\/mpppstweb\/wp-content\/uploads\/2016\/11\/ABARCA.jpg\" \/>\n\t<meta property=\"og:image:width\" content=\"800\" \/>\n\t<meta property=\"og:image:height\" content=\"455\" \/>\n\t<meta property=\"og:image:type\" content=\"image\/jpeg\" \/>\n<meta name=\"author\" content=\"MPPPST Prensa\" \/>\n<meta name=\"twitter:card\" content=\"summary_large_image\" \/>\n<meta name=\"twitter:label1\" content=\"Escrito por\" \/>\n\t<meta name=\"twitter:data1\" content=\"MPPPST Prensa\" \/>\n\t<meta name=\"twitter:label2\" content=\"Tiempo de lectura\" \/>\n\t<meta name=\"twitter:data2\" content=\"4 minutos\" \/>\n<script type=\"application\/ld+json\" class=\"yoast-schema-graph\">{\"@context\":\"https:\/\/schema.org\",\"@graph\":[{\"@type\":\"Article\",\"@id\":\"https:\/\/www.mpppst.gob.ve\/mpppstweb\/index.php\/2016\/11\/07\/mpppst-explica-derechos-laborales-de-los-trabajadores-y-trabajadoras-en-conversatorio-de-la-filven\/#article\",\"isPartOf\":{\"@id\":\"https:\/\/www.mpppst.gob.ve\/mpppstweb\/index.php\/2016\/11\/07\/mpppst-explica-derechos-laborales-de-los-trabajadores-y-trabajadoras-en-conversatorio-de-la-filven\/\"},\"author\":{\"name\":\"MPPPST Prensa\",\"@id\":\"https:\/\/www.mpppst.gob.ve\/mpppstweb\/#\/schema\/person\/fc187ee8ead412bd4c9304b62f900ea4\"},\"headline\":\"MPPPST explica derechos laborales de los trabajadores y trabajadoras en conversatorio de la FILVEN\",\"datePublished\":\"2016-11-07T15:46:46+00:00\",\"dateModified\":\"2016-11-07T15:46:46+00:00\",\"mainEntityOfPage\":{\"@id\":\"https:\/\/www.mpppst.gob.ve\/mpppstweb\/index.php\/2016\/11\/07\/mpppst-explica-derechos-laborales-de-los-trabajadores-y-trabajadoras-en-conversatorio-de-la-filven\/\"},\"wordCount\":764,\"publisher\":{\"@id\":\"https:\/\/www.mpppst.gob.ve\/mpppstweb\/#organization\"},\"image\":{\"@id\":\"https:\/\/www.mpppst.gob.ve\/mpppstweb\/index.php\/2016\/11\/07\/mpppst-explica-derechos-laborales-de-los-trabajadores-y-trabajadoras-en-conversatorio-de-la-filven\/#primaryimage\"},\"thumbnailUrl\":\"https:\/\/www.mpppst.gob.ve\/mpppstweb\/wp-content\/uploads\/2016\/11\/ABARCA.jpg\",\"keywords\":[\"Fuerza Laboral\",\"Gobierno Bolivariano\",\"Justa distribuci\u00f3n de la riqueza\",\"MPPPST\",\"Participaci\u00f3n popular y protag\u00f3nica\",\"Proceso Social\"],\"articleSection\":[\"Gobierno Nacional\",\"Ministerio\",\"Noticias\"],\"inLanguage\":\"es\"},{\"@type\":\"WebPage\",\"@id\":\"https:\/\/www.mpppst.gob.ve\/mpppstweb\/index.php\/2016\/11\/07\/mpppst-explica-derechos-laborales-de-los-trabajadores-y-trabajadoras-en-conversatorio-de-la-filven\/\",\"url\":\"https:\/\/www.mpppst.gob.ve\/mpppstweb\/index.php\/2016\/11\/07\/mpppst-explica-derechos-laborales-de-los-trabajadores-y-trabajadoras-en-conversatorio-de-la-filven\/\",\"name\":\"MPPPST explica derechos laborales de los trabajadores y trabajadoras en conversatorio de la FILVEN - MPPPST\",\"isPartOf\":{\"@id\":\"https:\/\/www.mpppst.gob.ve\/mpppstweb\/#website\"},\"primaryImageOfPage\":{\"@id\":\"https:\/\/www.mpppst.gob.ve\/mpppstweb\/index.php\/2016\/11\/07\/mpppst-explica-derechos-laborales-de-los-trabajadores-y-trabajadoras-en-conversatorio-de-la-filven\/#primaryimage\"},\"image\":{\"@id\":\"https:\/\/www.mpppst.gob.ve\/mpppstweb\/index.php\/2016\/11\/07\/mpppst-explica-derechos-laborales-de-los-trabajadores-y-trabajadoras-en-conversatorio-de-la-filven\/#primaryimage\"},\"thumbnailUrl\":\"https:\/\/www.mpppst.gob.ve\/mpppstweb\/wp-content\/uploads\/2016\/11\/ABARCA.jpg\",\"datePublished\":\"2016-11-07T15:46:46+00:00\",\"dateModified\":\"2016-11-07T15:46:46+00:00\",\"breadcrumb\":{\"@id\":\"https:\/\/www.mpppst.gob.ve\/mpppstweb\/index.php\/2016\/11\/07\/mpppst-explica-derechos-laborales-de-los-trabajadores-y-trabajadoras-en-conversatorio-de-la-filven\/#breadcrumb\"},\"inLanguage\":\"es\",\"potentialAction\":[{\"@type\":\"ReadAction\",\"target\":[\"https:\/\/www.mpppst.gob.ve\/mpppstweb\/index.php\/2016\/11\/07\/mpppst-explica-derechos-laborales-de-los-trabajadores-y-trabajadoras-en-conversatorio-de-la-filven\/\"]}]},{\"@type\":\"ImageObject\",\"inLanguage\":\"es\",\"@id\":\"https:\/\/www.mpppst.gob.ve\/mpppstweb\/index.php\/2016\/11\/07\/mpppst-explica-derechos-laborales-de-los-trabajadores-y-trabajadoras-en-conversatorio-de-la-filven\/#primaryimage\",\"url\":\"https:\/\/www.mpppst.gob.ve\/mpppstweb\/wp-content\/uploads\/2016\/11\/ABARCA.jpg\",\"contentUrl\":\"https:\/\/www.mpppst.gob.ve\/mpppstweb\/wp-content\/uploads\/2016\/11\/ABARCA.jpg\",\"width\":800,\"height\":455},{\"@type\":\"BreadcrumbList\",\"@id\":\"https:\/\/www.mpppst.gob.ve\/mpppstweb\/index.php\/2016\/11\/07\/mpppst-explica-derechos-laborales-de-los-trabajadores-y-trabajadoras-en-conversatorio-de-la-filven\/#breadcrumb\",\"itemListElement\":[{\"@type\":\"ListItem\",\"position\":1,\"name\":\"Home\",\"item\":\"https:\/\/www.mpppst.gob.ve\/mpppstweb\/\"},{\"@type\":\"ListItem\",\"position\":2,\"name\":\"MPPPST explica derechos laborales de los trabajadores y trabajadoras en conversatorio de la FILVEN\"}]},{\"@type\":\"WebSite\",\"@id\":\"https:\/\/www.mpppst.gob.ve\/mpppstweb\/#website\",\"url\":\"https:\/\/www.mpppst.gob.ve\/mpppstweb\/\",\"name\":\"MPPPST\",\"description\":\"Ministerio del Poder Popular para el Proceso Social de Trabajo\",\"publisher\":{\"@id\":\"https:\/\/www.mpppst.gob.ve\/mpppstweb\/#organization\"},\"potentialAction\":[{\"@type\":\"SearchAction\",\"target\":{\"@type\":\"EntryPoint\",\"urlTemplate\":\"https:\/\/www.mpppst.gob.ve\/mpppstweb\/?s={search_term_string}\"},\"query-input\":\"required name=search_term_string\"}],\"inLanguage\":\"es\"},{\"@type\":\"Organization\",\"@id\":\"https:\/\/www.mpppst.gob.ve\/mpppstweb\/#organization\",\"name\":\"mpppst\",\"url\":\"https:\/\/www.mpppst.gob.ve\/mpppstweb\/\",\"logo\":{\"@type\":\"ImageObject\",\"inLanguage\":\"es\",\"@id\":\"https:\/\/www.mpppst.gob.ve\/mpppstweb\/#\/schema\/logo\/image\/\",\"url\":\"https:\/\/www.mpppst.gob.ve\/mpppstweb\/wp-content\/uploads\/2025\/07\/cropped-cropped-g910.png\",\"contentUrl\":\"https:\/\/www.mpppst.gob.ve\/mpppstweb\/wp-content\/uploads\/2025\/07\/cropped-cropped-g910.png\",\"width\":1080,\"height\":241,\"caption\":\"mpppst\"},\"image\":{\"@id\":\"https:\/\/www.mpppst.gob.ve\/mpppstweb\/#\/schema\/logo\/image\/\"}},{\"@type\":\"Person\",\"@id\":\"https:\/\/www.mpppst.gob.ve\/mpppstweb\/#\/schema\/person\/fc187ee8ead412bd4c9304b62f900ea4\",\"name\":\"MPPPST Prensa\",\"url\":\"https:\/\/www.mpppst.gob.ve\/mpppstweb\/index.php\/author\/prensa-mpppst\/\"}]}<\/script>\n<!-- \/ Yoast SEO plugin. -->","yoast_head_json":{"title":"MPPPST explica derechos laborales de los trabajadores y trabajadoras en conversatorio de la FILVEN - MPPPST","robots":{"index":"index","follow":"follow","max-snippet":"max-snippet:-1","max-image-preview":"max-image-preview:large","max-video-preview":"max-video-preview:-1"},"canonical":"https:\/\/www.mpppst.gob.ve\/mpppstweb\/index.php\/2016\/11\/07\/mpppst-explica-derechos-laborales-de-los-trabajadores-y-trabajadoras-en-conversatorio-de-la-filven\/","og_locale":"es_ES","og_type":"article","og_title":"MPPPST explica derechos laborales de los trabajadores y trabajadoras en conversatorio de la FILVEN - MPPPST","og_description":"Prensa MPPPST.- Durante un conversatorio realizado en el marco de la XII Feria Internacional del Libro &hellip; MPPPST explica derechos laborales de los trabajadores y trabajadoras en conversatorio de la FILVENRead more","og_url":"https:\/\/www.mpppst.gob.ve\/mpppstweb\/index.php\/2016\/11\/07\/mpppst-explica-derechos-laborales-de-los-trabajadores-y-trabajadoras-en-conversatorio-de-la-filven\/","og_site_name":"MPPPST","article_published_time":"2016-11-07T15:46:46+00:00","og_image":[{"width":800,"height":455,"url":"https:\/\/www.mpppst.gob.ve\/mpppstweb\/wp-content\/uploads\/2016\/11\/ABARCA.jpg","type":"image\/jpeg"}],"author":"MPPPST Prensa","twitter_card":"summary_large_image","twitter_misc":{"Escrito por":"MPPPST Prensa","Tiempo de lectura":"4 minutos"},"schema":{"@context":"https:\/\/schema.org","@graph":[{"@type":"Article","@id":"https:\/\/www.mpppst.gob.ve\/mpppstweb\/index.php\/2016\/11\/07\/mpppst-explica-derechos-laborales-de-los-trabajadores-y-trabajadoras-en-conversatorio-de-la-filven\/#article","isPartOf":{"@id":"https:\/\/www.mpppst.gob.ve\/mpppstweb\/index.php\/2016\/11\/07\/mpppst-explica-derechos-laborales-de-los-trabajadores-y-trabajadoras-en-conversatorio-de-la-filven\/"},"author":{"name":"MPPPST Prensa","@id":"https:\/\/www.mpppst.gob.ve\/mpppstweb\/#\/schema\/person\/fc187ee8ead412bd4c9304b62f900ea4"},"headline":"MPPPST explica derechos laborales de los trabajadores y trabajadoras en conversatorio de la FILVEN","datePublished":"2016-11-07T15:46:46+00:00","dateModified":"2016-11-07T15:46:46+00:00","mainEntityOfPage":{"@id":"https:\/\/www.mpppst.gob.ve\/mpppstweb\/index.php\/2016\/11\/07\/mpppst-explica-derechos-laborales-de-los-trabajadores-y-trabajadoras-en-conversatorio-de-la-filven\/"},"wordCount":764,"publisher":{"@id":"https:\/\/www.mpppst.gob.ve\/mpppstweb\/#organization"},"image":{"@id":"https:\/\/www.mpppst.gob.ve\/mpppstweb\/index.php\/2016\/11\/07\/mpppst-explica-derechos-laborales-de-los-trabajadores-y-trabajadoras-en-conversatorio-de-la-filven\/#primaryimage"},"thumbnailUrl":"https:\/\/www.mpppst.gob.ve\/mpppstweb\/wp-content\/uploads\/2016\/11\/ABARCA.jpg","keywords":["Fuerza Laboral","Gobierno Bolivariano","Justa distribuci\u00f3n de la riqueza","MPPPST","Participaci\u00f3n popular y protag\u00f3nica","Proceso Social"],"articleSection":["Gobierno Nacional","Ministerio","Noticias"],"inLanguage":"es"},{"@type":"WebPage","@id":"https:\/\/www.mpppst.gob.ve\/mpppstweb\/index.php\/2016\/11\/07\/mpppst-explica-derechos-laborales-de-los-trabajadores-y-trabajadoras-en-conversatorio-de-la-filven\/","url":"https:\/\/www.mpppst.gob.ve\/mpppstweb\/index.php\/2016\/11\/07\/mpppst-explica-derechos-laborales-de-los-trabajadores-y-trabajadoras-en-conversatorio-de-la-filven\/","name":"MPPPST explica derechos laborales de los trabajadores y trabajadoras en conversatorio de la FILVEN - MPPPST","isPartOf":{"@id":"https:\/\/www.mpppst.gob.ve\/mpppstweb\/#website"},"primaryImageOfPage":{"@id":"https:\/\/www.mpppst.gob.ve\/mpppstweb\/index.php\/2016\/11\/07\/mpppst-explica-derechos-laborales-de-los-trabajadores-y-trabajadoras-en-conversatorio-de-la-filven\/#primaryimage"},"image":{"@id":"https:\/\/www.mpppst.gob.ve\/mpppstweb\/index.php\/2016\/11\/07\/mpppst-explica-derechos-laborales-de-los-trabajadores-y-trabajadoras-en-conversatorio-de-la-filven\/#primaryimage"},"thumbnailUrl":"https:\/\/www.mpppst.gob.ve\/mpppstweb\/wp-content\/uploads\/2016\/11\/ABARCA.jpg","datePublished":"2016-11-07T15:46:46+00:00","dateModified":"2016-11-07T15:46:46+00:00","breadcrumb":{"@id":"https:\/\/www.mpppst.gob.ve\/mpppstweb\/index.php\/2016\/11\/07\/mpppst-explica-derechos-laborales-de-los-trabajadores-y-trabajadoras-en-conversatorio-de-la-filven\/#breadcrumb"},"inLanguage":"es","potentialAction":[{"@type":"ReadAction","target":["https:\/\/www.mpppst.gob.ve\/mpppstweb\/index.php\/2016\/11\/07\/mpppst-explica-derechos-laborales-de-los-trabajadores-y-trabajadoras-en-conversatorio-de-la-filven\/"]}]},{"@type":"ImageObject","inLanguage":"es","@id":"https:\/\/www.mpppst.gob.ve\/mpppstweb\/index.php\/2016\/11\/07\/mpppst-explica-derechos-laborales-de-los-trabajadores-y-trabajadoras-en-conversatorio-de-la-filven\/#primaryimage","url":"https:\/\/www.mpppst.gob.ve\/mpppstweb\/wp-content\/uploads\/2016\/11\/ABARCA.jpg","contentUrl":"https:\/\/www.mpppst.gob.ve\/mpppstweb\/wp-content\/uploads\/2016\/11\/ABARCA.jpg","width":800,"height":455},{"@type":"BreadcrumbList","@id":"https:\/\/www.mpppst.gob.ve\/mpppstweb\/index.php\/2016\/11\/07\/mpppst-explica-derechos-laborales-de-los-trabajadores-y-trabajadoras-en-conversatorio-de-la-filven\/#breadcrumb","itemListElement":[{"@type":"ListItem","position":1,"name":"Home","item":"https:\/\/www.mpppst.gob.ve\/mpppstweb\/"},{"@type":"ListItem","position":2,"name":"MPPPST explica derechos laborales de los trabajadores y trabajadoras en conversatorio de la FILVEN"}]},{"@type":"WebSite","@id":"https:\/\/www.mpppst.gob.ve\/mpppstweb\/#website","url":"https:\/\/www.mpppst.gob.ve\/mpppstweb\/","name":"MPPPST","description":"Ministerio del Poder Popular para el Proceso Social de Trabajo","publisher":{"@id":"https:\/\/www.mpppst.gob.ve\/mpppstweb\/#organization"},"potentialAction":[{"@type":"SearchAction","target":{"@type":"EntryPoint","urlTemplate":"https:\/\/www.mpppst.gob.ve\/mpppstweb\/?s={search_term_string}"},"query-input":"required name=search_term_string"}],"inLanguage":"es"},{"@type":"Organization","@id":"https:\/\/www.mpppst.gob.ve\/mpppstweb\/#organization","name":"mpppst","url":"https:\/\/www.mpppst.gob.ve\/mpppstweb\/","logo":{"@type":"ImageObject","inLanguage":"es","@id":"https:\/\/www.mpppst.gob.ve\/mpppstweb\/#\/schema\/logo\/image\/","url":"https:\/\/www.mpppst.gob.ve\/mpppstweb\/wp-content\/uploads\/2025\/07\/cropped-cropped-g910.png","contentUrl":"https:\/\/www.mpppst.gob.ve\/mpppstweb\/wp-content\/uploads\/2025\/07\/cropped-cropped-g910.png","width":1080,"height":241,"caption":"mpppst"},"image":{"@id":"https:\/\/www.mpppst.gob.ve\/mpppstweb\/#\/schema\/logo\/image\/"}},{"@type":"Person","@id":"https:\/\/www.mpppst.gob.ve\/mpppstweb\/#\/schema\/person\/fc187ee8ead412bd4c9304b62f900ea4","name":"MPPPST Prensa","url":"https:\/\/www.mpppst.gob.ve\/mpppstweb\/index.php\/author\/prensa-mpppst\/"}]}},"_links":{"self":[{"href":"https:\/\/www.mpppst.gob.ve\/mpppstweb\/index.php\/wp-json\/wp\/v2\/posts\/9152"}],"collection":[{"href":"https:\/\/www.mpppst.gob.ve\/mpppstweb\/index.php\/wp-json\/wp\/v2\/posts"}],"about":[{"href":"https:\/\/www.mpppst.gob.ve\/mpppstweb\/index.php\/wp-json\/wp\/v2\/types\/post"}],"author":[{"embeddable":true,"href":"https:\/\/www.mpppst.gob.ve\/mpppstweb\/index.php\/wp-json\/wp\/v2\/users\/25"}],"replies":[{"embeddable":true,"href":"https:\/\/www.mpppst.gob.ve\/mpppstweb\/index.php\/wp-json\/wp\/v2\/comments?post=9152"}],"version-history":[{"count":1,"href":"https:\/\/www.mpppst.gob.ve\/mpppstweb\/index.php\/wp-json\/wp\/v2\/posts\/9152\/revisions"}],"predecessor-version":[{"id":9154,"href":"https:\/\/www.mpppst.gob.ve\/mpppstweb\/index.php\/wp-json\/wp\/v2\/posts\/9152\/revisions\/9154"}],"wp:featuredmedia":[{"embeddable":true,"href":"https:\/\/www.mpppst.gob.ve\/mpppstweb\/index.php\/wp-json\/wp\/v2\/media\/9153"}],"wp:attachment":[{"href":"https:\/\/www.mpppst.gob.ve\/mpppstweb\/index.php\/wp-json\/wp\/v2\/media?parent=9152"}],"wp:term":[{"taxonomy":"category","embeddable":true,"href":"https:\/\/www.mpppst.gob.ve\/mpppstweb\/index.php\/wp-json\/wp\/v2\/categories?post=9152"},{"taxonomy":"post_tag","embeddable":true,"href":"https:\/\/www.mpppst.gob.ve\/mpppstweb\/index.php\/wp-json\/wp\/v2\/tags?post=9152"}],"curies":[{"name":"wp","href":"https:\/\/api.w.org\/{rel}","templated":true}]}}