{"id":9159,"date":"2016-11-07T20:07:02","date_gmt":"2016-11-07T20:07:02","guid":{"rendered":"http:\/\/www.mpppst.gob.ve\/mpppstweb\/?p=9159"},"modified":"2016-11-07T20:07:02","modified_gmt":"2016-11-07T20:07:02","slug":"viceministerio-de-prevision-social-sobre-la-filven-clase-obrera-podra-alimentar-su-espiritu-con-la-lectura","status":"publish","type":"post","link":"https:\/\/www.mpppst.gob.ve\/mpppstweb\/index.php\/2016\/11\/07\/viceministerio-de-prevision-social-sobre-la-filven-clase-obrera-podra-alimentar-su-espiritu-con-la-lectura\/","title":{"rendered":"Viceministerio de Previsi\u00f3n Social sobre la FILVEN: Clase Obrera podr\u00e1 alimentar su esp\u00edritu con la lectura"},"content":{"rendered":"<p>Prensa MPPPST.- En el marco de la XII Feria Internacional del Libro que se realiza en el Teatro Teresa Carre\u00f1o y sus adyacencias, el Viceministro de Previsi\u00f3n Social, N\u00e9stor Ovalles particip\u00f3 en el conversatorio \u201cAvances de las Empresas Recuperadas por el Pueblo y el Significado de la FILVEN para la Clase Obrera\u201d, en donde resalt\u00f3 la importancia de esta feria para los trabajadores y trabajadoras que podr\u00e1n alimentar el esp\u00edritu a trav\u00e9s de la lectura.<\/p>\n<p>Se\u00f1al\u00f3 que esta Feria forma parte de lo que es esa tarea pendiente que se tiene con la clase trabajadora del pa\u00eds; y resalt\u00f3 tambi\u00e9n el hecho de que el Gobierno revolucionario con el paso de los a\u00f1os ha recuperado varias empresas que han sido abandonadas por sus patronos y que han dejado en muchas oportunidades a los trabajadores en la calle. Entre ellas destac\u00f3 la empresa Caf\u00e9 Fama de Am\u00e9rica, Cantv, Sidor, Venvidrios, Cacique Maracay, Invepal, entre otras.<\/p>\n<p>Pero toda esta historia de las empresas recuperadas puestas al servicio de los trabajadores y trabajadoras, viene desde principio de la revoluci\u00f3n, y es por ello que el Viceministro de Previsi\u00f3n Social, resalt\u00f3 tres momentos importantes en la historia del Ministerio del poder Popular para el Proceso Social de Trabajo.<\/p>\n<p>Destac\u00f3 que el primer momento en esta Historia fue cuando naci\u00f3 una Oficina Nacional del Trabajo en el a\u00f1o 1936 por Decreto Ejecutivo del general Eleazar L\u00f3pez Contreras, quien para la \u00e9poca era el Presidente de la Rep\u00fablica. Esta Oficina Nacional del Trabajo (ONT), se hizo depender de la Direcci\u00f3n de Justicia, Beneficencia y Cultos del Ministerio de Relaciones Interiores.<\/p>\n<p>El segundo momento seg\u00fan el profesor Ovalles fue la creaci\u00f3n del Ministerio del Trabajo de la Cuarta Rep\u00fablica, es el momento en que en 1937 la Oficina Nacional del Trabajo y las Inspector\u00edas se adscribieron al Ministerio de Comunicaciones y pasa entonces \u00e9ste a denominarse Ministerio del Trabajo y Comunicaciones.<\/p>\n<p>Y el tercer momento se da cuando en revoluci\u00f3n nace el Ministerio del Poder Popular para el Proceso Social de Trabajo y cuando el Comandante Eterno promulga la Ley Org\u00e1nica del Trabajo, los Trabajadores y las Trabajadoras en el a\u00f1o 2012, quien sab\u00eda de la importancia de esta ley para el pueblo venezolano y por ello en medio de su enfermedad procedi\u00f3 a firmarla.<\/p>\n<p><strong>La protecci\u00f3n del trabajo como proceso hist\u00f3rico social<\/strong><\/p>\n<p>Finalmente, convers\u00f3 sobre un art\u00edculo que escribi\u00f3 para la revista Proceso Social de Trabajo del MPPPST denominado \u201c<em>La protecci\u00f3n del trabajo como proceso hist\u00f3rico social<\/em>\u201d y al que invit\u00f3 al p\u00fablico a leerlo y analizarlo para abrir un debate. A continuaci\u00f3n el art\u00edculo completo:<\/p>\n<p>Una mirada al mundo del trabajo en la actual coyuntura pasa por reconocer los efectos que la oscura noche neoliberal tuvo sobre las relaciones laborales a escala planetaria tras la ca\u00edda del muro de Berl\u00edn y el cese de la Guerra Fr\u00eda. La llamada globalizaci\u00f3n del trabajo se hizo acompa\u00f1ar de una traum\u00e1tica deslocalizaci\u00f3n o desterritorializaci\u00f3n de millones de trabajadores que los conden\u00f3 a la m\u00e1s terrible precarizaci\u00f3n y flexibilizaci\u00f3n bajo un contexto de comercio y finanzas universalizadas. Una visi\u00f3n hegem\u00f3nica de justicia mercantil se ha pretendido imponer al supremo valor de la justicia social, al cual intentan despachar con una sentencia que pone fin a la econom\u00eda real y abre paso a la econom\u00eda de burbuja financiera con su correlato de la maximizaci\u00f3n de la ganancia, el exorbitante rendimiento del capital, la manipulaci\u00f3n burs\u00e1til de las materias primas,\u00a0 la sobreexplotaci\u00f3n de la fuerza de trabajo y la expoliaci\u00f3n de las riquezas naturales de los pueblos.<\/p>\n<p>Esta nueva cosmovisi\u00f3n del trabajo no se detuvo a pensar en el fuerte componente humano que el trabajo contiene e intent\u00f3 vaciarlo de su carga hist\u00f3rica y subjetividad pol\u00edtica. La clase trabajadora como movimiento, al margen del proceso de mercantilizaci\u00f3n compulsiva de su mano de obra, es constructora de una significativa historia, cultura pol\u00edtica y tradici\u00f3n de lucha que la humaniza y civiliza grandemente, condici\u00f3n que obliga a la protecci\u00f3n del acervo de los derechos conquistados en el curso de la fragua por construir su hegemon\u00eda como clase obrera. En consecuencia se compromete jur\u00eddica y pol\u00edticamente a los Estados con la consolidaci\u00f3n efectiva de las garant\u00edas de acceso, exigencia, justicia a los derechos laborales y con la materializaci\u00f3n de su eficacia social como \u00fanica forma de otorgar legitimidad al\u00a0 marco normativo\u00a0 del trabajo.<\/p>\n<p>La pregonada econom\u00eda de mercado globalizado, ha procurado legitimar el ocaso de los derechos vinculados al trabajo y propugna un retroceso en los derechos conquistados hasta el momento por la clase obrera, proponiendo un truculento intercambio con el otorgamiento de los llamados pisos de protecci\u00f3n tantas veces elogiados por la nunca bien ponderada OIT. Se trata pues, de una globalizaci\u00f3n que pretende poner fin al meta relato laboral de tradici\u00f3n internacionalista, deteniendo la larga e hist\u00f3rica marcha del movimiento obrero a escala mundial por la m\u00e1xima felicidad social. En su versi\u00f3n neoliberal lo m\u00e1s importante para ellos, es c\u00f3mo se valoriza la fuerza de trabajo mediante la cualificaci\u00f3n que exigen los intereses del capital, en fin se propone un trabajo vaciado de historicidad, cosificado y profesionalizado que incorpore mayor valor al proceso productivo, de tal modo que el neoliberalismo ha generado una profunda crisis del sistema internacional de relaciones laborales construido en la post guerra como cord\u00f3n sanitario frente al llamado socialismo real.<\/p>\n<p>Tal pol\u00edtica es contraria a la protecci\u00f3n de un empleo estable, portador de derechos y generador de pasivos laborales que se conviertan en ahorros a futuro del trabajador y la trabajadora.\u00a0 Esto sin duda viene a justificar plenamente el fortalecimiento de la Justicia Laboral en Sede Administrativa como instancia que garantiza la accesibilidad y exigibilidad en la protecci\u00f3n de sus derechos a la clase obrera y representa una clara respuesta a la corriente neoliberal que impulsa la descentralizaci\u00f3n negocial que identifica a las empresas como espacios de mediaci\u00f3n y transacci\u00f3n de los derechos laborales, una instancia de oferta y demanda contractual de las condiciones de trabajo, esto en plena conexi\u00f3n con los eufem\u00edsticos \u201cderechos laborales en las empresas\u201d que se discuten actualmente en la ONU.<\/p>\n<p>Sin duda, estamos en presencia de una cuidadosa elaboraci\u00f3n pol\u00edtica que asegura como irreversible la paulatina p\u00e9rdida de derechos laborales a nivel internacional y opta por un necesario reordenamiento en el mundo del trabajo como premisa fundamental del neoliberalismo en su guerra a favor del capital y contra el trabajo. Es este un plan que apuesta por la expulsi\u00f3n de millones de trabajadores del \u00e1mbito normativo protectivo, someti\u00e9ndolos a la l\u00f3gica del mercado o reduci\u00e9ndolos al reclamo legalista de derechos ya conquistados al calor de la lucha pol\u00edtica, lucha de clases frente a quienes se oponen f\u00e9rreamente a todo aquello que les signifique costos en tanto que salario, estabilidad, jornada laboral, seguridad social, libertad de organizaci\u00f3n, entre otras.<\/p>\n<p>Es ac\u00e1 donde nos preocupan las respuestas que se otorgan a problemas claramente precisados y para los cuales dif\u00edcilmente podamos encontrar consensos entre el capital y el trabajo, por m\u00e1s que algunos se ubiquen abierta o solapadamente al margen de los valores que inspiran a nuestra Revoluci\u00f3n Bolivariana, planteando soluciones que apuntan a coincidir con la peregrina e incierta afirmaci\u00f3n acerca del supuesto agotamiento que experimenta el derecho del trabajo como doctrina protectiva y van m\u00e1s all\u00e1 atrevi\u00e9ndose a se\u00f1alar que su utilidad es ambivalente pues, puede estar indistintamente al servicio del capital y el trabajo.<\/p>\n<p>Hoy las empresas est\u00e1n mucho m\u00e1s interesadas en las funciones de esta visi\u00f3n del derecho laboral que borra la asimetr\u00eda entre el capital y el trabajo,\u00a0 plante\u00e1ndolos en igualdad de condiciones pol\u00edticas y jur\u00eddicas, haciendo abstracci\u00f3n de las tensiones de clases\u00a0 e inclin\u00e1ndose por una correcta aplicaci\u00f3n de la legislaci\u00f3n laboral que obvia la hist\u00f3rica confrontaci\u00f3n entre patronos y trabajadores. Para nosotros es absoluta la certeza que no est\u00e1n en igualdad de condiciones, no tienen la misma responsabilidad ante las consecuencias materiales y espirituales del proceso productivo y no tienen los mismos derechos. Por tanto si de justicia social en el mundo laboral hablamos, el d\u00e9bil jur\u00eddico sigue siendo el trabajador, lo cual reafirma el papel \u00e9tico-pol\u00edtico que debe seguir cumpliendo el Estado Bolivariano en su consecuente protecci\u00f3n de los derechos fundamentales de la clase trabajadora, interpretando adecuadamente la etapa actual de construcci\u00f3n del socialismo y en plena sinton\u00eda con la inspiraci\u00f3n moral bolivariana y chavista.<\/p>\n<p>Finalmente, lo que se pretende es una capitulaci\u00f3n ingenua y pasiva de la clase obrera, entregando sus derechos s\u00f3lo por demanda y exigencia de la patronal global y nacional quien clama por una transformaci\u00f3n y modernizaci\u00f3n del mundo laboral con un solo ganador, el capital. Imp\u00fadica y grosera propuesta para que nos suicidemos en primavera como clase obrera. Habrase visto tal descaro.<\/p>\n<p>Por Elio Garc\u00eda<\/p>\n<p>Fotograf\u00eda: Reinaldo Tamaris<\/p>\n","protected":false},"excerpt":{"rendered":"<p>Prensa MPPPST.- En el marco de la XII Feria Internacional del Libro que se realiza en &hellip; <a title=\"Viceministerio de Previsi\u00f3n Social sobre la FILVEN: Clase Obrera podr\u00e1 alimentar su esp\u00edritu con la lectura\" class=\"hm-read-more\" href=\"https:\/\/www.mpppst.gob.ve\/mpppstweb\/index.php\/2016\/11\/07\/viceministerio-de-prevision-social-sobre-la-filven-clase-obrera-podra-alimentar-su-espiritu-con-la-lectura\/\"><span class=\"screen-reader-text\">Viceministerio de Previsi\u00f3n Social sobre la FILVEN: Clase Obrera podr\u00e1 alimentar su esp\u00edritu con la lectura<\/span>Read more<\/a><\/p>\n","protected":false},"author":25,"featured_media":9160,"comment_status":"closed","ping_status":"closed","sticky":false,"template":"","format":"standard","meta":{"footnotes":""},"categories":[239,82,83,163],"tags":[244,229,222,250],"yoast_head":"<!-- This site is optimized with the Yoast SEO plugin v22.5 - https:\/\/yoast.com\/wordpress\/plugins\/seo\/ -->\n<title>Viceministerio de Previsi\u00f3n Social sobre la FILVEN: Clase Obrera podr\u00e1 alimentar su esp\u00edritu con la lectura - MPPPST<\/title>\n<meta name=\"robots\" content=\"index, follow, max-snippet:-1, max-image-preview:large, max-video-preview:-1\" \/>\n<link rel=\"canonical\" href=\"https:\/\/www.mpppst.gob.ve\/mpppstweb\/index.php\/2016\/11\/07\/viceministerio-de-prevision-social-sobre-la-filven-clase-obrera-podra-alimentar-su-espiritu-con-la-lectura\/\" \/>\n<meta property=\"og:locale\" content=\"es_ES\" \/>\n<meta property=\"og:type\" content=\"article\" \/>\n<meta property=\"og:title\" content=\"Viceministerio de Previsi\u00f3n Social sobre la FILVEN: Clase Obrera podr\u00e1 alimentar su esp\u00edritu con la lectura - MPPPST\" \/>\n<meta property=\"og:description\" content=\"Prensa MPPPST.- En el marco de la XII Feria Internacional del Libro que se realiza en &hellip; Viceministerio de Previsi\u00f3n Social sobre la FILVEN: Clase Obrera podr\u00e1 alimentar su esp\u00edritu con la lecturaRead more\" \/>\n<meta property=\"og:url\" content=\"https:\/\/www.mpppst.gob.ve\/mpppstweb\/index.php\/2016\/11\/07\/viceministerio-de-prevision-social-sobre-la-filven-clase-obrera-podra-alimentar-su-espiritu-con-la-lectura\/\" \/>\n<meta property=\"og:site_name\" content=\"MPPPST\" \/>\n<meta property=\"article:published_time\" content=\"2016-11-07T20:07:02+00:00\" \/>\n<meta property=\"og:image\" content=\"https:\/\/www.mpppst.gob.ve\/mpppstweb\/wp-content\/uploads\/2016\/11\/ovalles.jpg\" \/>\n\t<meta property=\"og:image:width\" content=\"800\" \/>\n\t<meta property=\"og:image:height\" content=\"445\" \/>\n\t<meta property=\"og:image:type\" content=\"image\/jpeg\" \/>\n<meta name=\"author\" content=\"MPPPST Prensa\" \/>\n<meta name=\"twitter:card\" content=\"summary_large_image\" \/>\n<meta name=\"twitter:label1\" content=\"Escrito por\" \/>\n\t<meta name=\"twitter:data1\" content=\"MPPPST Prensa\" \/>\n\t<meta name=\"twitter:label2\" content=\"Tiempo de lectura\" \/>\n\t<meta name=\"twitter:data2\" content=\"8 minutos\" \/>\n<script type=\"application\/ld+json\" class=\"yoast-schema-graph\">{\"@context\":\"https:\/\/schema.org\",\"@graph\":[{\"@type\":\"Article\",\"@id\":\"https:\/\/www.mpppst.gob.ve\/mpppstweb\/index.php\/2016\/11\/07\/viceministerio-de-prevision-social-sobre-la-filven-clase-obrera-podra-alimentar-su-espiritu-con-la-lectura\/#article\",\"isPartOf\":{\"@id\":\"https:\/\/www.mpppst.gob.ve\/mpppstweb\/index.php\/2016\/11\/07\/viceministerio-de-prevision-social-sobre-la-filven-clase-obrera-podra-alimentar-su-espiritu-con-la-lectura\/\"},\"author\":{\"name\":\"MPPPST Prensa\",\"@id\":\"https:\/\/www.mpppst.gob.ve\/mpppstweb\/#\/schema\/person\/fc187ee8ead412bd4c9304b62f900ea4\"},\"headline\":\"Viceministerio de Previsi\u00f3n Social sobre la FILVEN: Clase Obrera podr\u00e1 alimentar su esp\u00edritu con la lectura\",\"datePublished\":\"2016-11-07T20:07:02+00:00\",\"dateModified\":\"2016-11-07T20:07:02+00:00\",\"mainEntityOfPage\":{\"@id\":\"https:\/\/www.mpppst.gob.ve\/mpppstweb\/index.php\/2016\/11\/07\/viceministerio-de-prevision-social-sobre-la-filven-clase-obrera-podra-alimentar-su-espiritu-con-la-lectura\/\"},\"wordCount\":1592,\"publisher\":{\"@id\":\"https:\/\/www.mpppst.gob.ve\/mpppstweb\/#organization\"},\"image\":{\"@id\":\"https:\/\/www.mpppst.gob.ve\/mpppstweb\/index.php\/2016\/11\/07\/viceministerio-de-prevision-social-sobre-la-filven-clase-obrera-podra-alimentar-su-espiritu-con-la-lectura\/#primaryimage\"},\"thumbnailUrl\":\"https:\/\/www.mpppst.gob.ve\/mpppstweb\/wp-content\/uploads\/2016\/11\/ovalles.jpg\",\"keywords\":[\"AUTOFORMACI\u00d3N COLECTIVA\",\"Defensa Integral\",\"Gobierno Bolivariano\",\"Inpsasel\"],\"articleSection\":[\"Entes adscritos\",\"Gobierno Nacional\",\"Ministerio\",\"Noticias\"],\"inLanguage\":\"es\"},{\"@type\":\"WebPage\",\"@id\":\"https:\/\/www.mpppst.gob.ve\/mpppstweb\/index.php\/2016\/11\/07\/viceministerio-de-prevision-social-sobre-la-filven-clase-obrera-podra-alimentar-su-espiritu-con-la-lectura\/\",\"url\":\"https:\/\/www.mpppst.gob.ve\/mpppstweb\/index.php\/2016\/11\/07\/viceministerio-de-prevision-social-sobre-la-filven-clase-obrera-podra-alimentar-su-espiritu-con-la-lectura\/\",\"name\":\"Viceministerio de Previsi\u00f3n Social sobre la FILVEN: Clase Obrera podr\u00e1 alimentar su esp\u00edritu con la lectura - MPPPST\",\"isPartOf\":{\"@id\":\"https:\/\/www.mpppst.gob.ve\/mpppstweb\/#website\"},\"primaryImageOfPage\":{\"@id\":\"https:\/\/www.mpppst.gob.ve\/mpppstweb\/index.php\/2016\/11\/07\/viceministerio-de-prevision-social-sobre-la-filven-clase-obrera-podra-alimentar-su-espiritu-con-la-lectura\/#primaryimage\"},\"image\":{\"@id\":\"https:\/\/www.mpppst.gob.ve\/mpppstweb\/index.php\/2016\/11\/07\/viceministerio-de-prevision-social-sobre-la-filven-clase-obrera-podra-alimentar-su-espiritu-con-la-lectura\/#primaryimage\"},\"thumbnailUrl\":\"https:\/\/www.mpppst.gob.ve\/mpppstweb\/wp-content\/uploads\/2016\/11\/ovalles.jpg\",\"datePublished\":\"2016-11-07T20:07:02+00:00\",\"dateModified\":\"2016-11-07T20:07:02+00:00\",\"breadcrumb\":{\"@id\":\"https:\/\/www.mpppst.gob.ve\/mpppstweb\/index.php\/2016\/11\/07\/viceministerio-de-prevision-social-sobre-la-filven-clase-obrera-podra-alimentar-su-espiritu-con-la-lectura\/#breadcrumb\"},\"inLanguage\":\"es\",\"potentialAction\":[{\"@type\":\"ReadAction\",\"target\":[\"https:\/\/www.mpppst.gob.ve\/mpppstweb\/index.php\/2016\/11\/07\/viceministerio-de-prevision-social-sobre-la-filven-clase-obrera-podra-alimentar-su-espiritu-con-la-lectura\/\"]}]},{\"@type\":\"ImageObject\",\"inLanguage\":\"es\",\"@id\":\"https:\/\/www.mpppst.gob.ve\/mpppstweb\/index.php\/2016\/11\/07\/viceministerio-de-prevision-social-sobre-la-filven-clase-obrera-podra-alimentar-su-espiritu-con-la-lectura\/#primaryimage\",\"url\":\"https:\/\/www.mpppst.gob.ve\/mpppstweb\/wp-content\/uploads\/2016\/11\/ovalles.jpg\",\"contentUrl\":\"https:\/\/www.mpppst.gob.ve\/mpppstweb\/wp-content\/uploads\/2016\/11\/ovalles.jpg\",\"width\":800,\"height\":445},{\"@type\":\"BreadcrumbList\",\"@id\":\"https:\/\/www.mpppst.gob.ve\/mpppstweb\/index.php\/2016\/11\/07\/viceministerio-de-prevision-social-sobre-la-filven-clase-obrera-podra-alimentar-su-espiritu-con-la-lectura\/#breadcrumb\",\"itemListElement\":[{\"@type\":\"ListItem\",\"position\":1,\"name\":\"Home\",\"item\":\"https:\/\/www.mpppst.gob.ve\/mpppstweb\/\"},{\"@type\":\"ListItem\",\"position\":2,\"name\":\"Viceministerio de Previsi\u00f3n Social sobre la FILVEN: Clase Obrera podr\u00e1 alimentar su esp\u00edritu con la lectura\"}]},{\"@type\":\"WebSite\",\"@id\":\"https:\/\/www.mpppst.gob.ve\/mpppstweb\/#website\",\"url\":\"https:\/\/www.mpppst.gob.ve\/mpppstweb\/\",\"name\":\"MPPPST\",\"description\":\"Ministerio del Poder Popular para el Proceso Social de Trabajo\",\"publisher\":{\"@id\":\"https:\/\/www.mpppst.gob.ve\/mpppstweb\/#organization\"},\"potentialAction\":[{\"@type\":\"SearchAction\",\"target\":{\"@type\":\"EntryPoint\",\"urlTemplate\":\"https:\/\/www.mpppst.gob.ve\/mpppstweb\/?s={search_term_string}\"},\"query-input\":\"required name=search_term_string\"}],\"inLanguage\":\"es\"},{\"@type\":\"Organization\",\"@id\":\"https:\/\/www.mpppst.gob.ve\/mpppstweb\/#organization\",\"name\":\"mpppst\",\"url\":\"https:\/\/www.mpppst.gob.ve\/mpppstweb\/\",\"logo\":{\"@type\":\"ImageObject\",\"inLanguage\":\"es\",\"@id\":\"https:\/\/www.mpppst.gob.ve\/mpppstweb\/#\/schema\/logo\/image\/\",\"url\":\"https:\/\/www.mpppst.gob.ve\/mpppstweb\/wp-content\/uploads\/2025\/07\/cropped-cropped-g910.png\",\"contentUrl\":\"https:\/\/www.mpppst.gob.ve\/mpppstweb\/wp-content\/uploads\/2025\/07\/cropped-cropped-g910.png\",\"width\":1080,\"height\":241,\"caption\":\"mpppst\"},\"image\":{\"@id\":\"https:\/\/www.mpppst.gob.ve\/mpppstweb\/#\/schema\/logo\/image\/\"}},{\"@type\":\"Person\",\"@id\":\"https:\/\/www.mpppst.gob.ve\/mpppstweb\/#\/schema\/person\/fc187ee8ead412bd4c9304b62f900ea4\",\"name\":\"MPPPST Prensa\",\"url\":\"https:\/\/www.mpppst.gob.ve\/mpppstweb\/index.php\/author\/prensa-mpppst\/\"}]}<\/script>\n<!-- \/ Yoast SEO plugin. -->","yoast_head_json":{"title":"Viceministerio de Previsi\u00f3n Social sobre la FILVEN: Clase Obrera podr\u00e1 alimentar su esp\u00edritu con la lectura - MPPPST","robots":{"index":"index","follow":"follow","max-snippet":"max-snippet:-1","max-image-preview":"max-image-preview:large","max-video-preview":"max-video-preview:-1"},"canonical":"https:\/\/www.mpppst.gob.ve\/mpppstweb\/index.php\/2016\/11\/07\/viceministerio-de-prevision-social-sobre-la-filven-clase-obrera-podra-alimentar-su-espiritu-con-la-lectura\/","og_locale":"es_ES","og_type":"article","og_title":"Viceministerio de Previsi\u00f3n Social sobre la FILVEN: Clase Obrera podr\u00e1 alimentar su esp\u00edritu con la lectura - MPPPST","og_description":"Prensa MPPPST.- En el marco de la XII Feria Internacional del Libro que se realiza en &hellip; Viceministerio de Previsi\u00f3n Social sobre la FILVEN: Clase Obrera podr\u00e1 alimentar su esp\u00edritu con la lecturaRead more","og_url":"https:\/\/www.mpppst.gob.ve\/mpppstweb\/index.php\/2016\/11\/07\/viceministerio-de-prevision-social-sobre-la-filven-clase-obrera-podra-alimentar-su-espiritu-con-la-lectura\/","og_site_name":"MPPPST","article_published_time":"2016-11-07T20:07:02+00:00","og_image":[{"width":800,"height":445,"url":"https:\/\/www.mpppst.gob.ve\/mpppstweb\/wp-content\/uploads\/2016\/11\/ovalles.jpg","type":"image\/jpeg"}],"author":"MPPPST Prensa","twitter_card":"summary_large_image","twitter_misc":{"Escrito por":"MPPPST Prensa","Tiempo de lectura":"8 minutos"},"schema":{"@context":"https:\/\/schema.org","@graph":[{"@type":"Article","@id":"https:\/\/www.mpppst.gob.ve\/mpppstweb\/index.php\/2016\/11\/07\/viceministerio-de-prevision-social-sobre-la-filven-clase-obrera-podra-alimentar-su-espiritu-con-la-lectura\/#article","isPartOf":{"@id":"https:\/\/www.mpppst.gob.ve\/mpppstweb\/index.php\/2016\/11\/07\/viceministerio-de-prevision-social-sobre-la-filven-clase-obrera-podra-alimentar-su-espiritu-con-la-lectura\/"},"author":{"name":"MPPPST Prensa","@id":"https:\/\/www.mpppst.gob.ve\/mpppstweb\/#\/schema\/person\/fc187ee8ead412bd4c9304b62f900ea4"},"headline":"Viceministerio de Previsi\u00f3n Social sobre la FILVEN: Clase Obrera podr\u00e1 alimentar su esp\u00edritu con la lectura","datePublished":"2016-11-07T20:07:02+00:00","dateModified":"2016-11-07T20:07:02+00:00","mainEntityOfPage":{"@id":"https:\/\/www.mpppst.gob.ve\/mpppstweb\/index.php\/2016\/11\/07\/viceministerio-de-prevision-social-sobre-la-filven-clase-obrera-podra-alimentar-su-espiritu-con-la-lectura\/"},"wordCount":1592,"publisher":{"@id":"https:\/\/www.mpppst.gob.ve\/mpppstweb\/#organization"},"image":{"@id":"https:\/\/www.mpppst.gob.ve\/mpppstweb\/index.php\/2016\/11\/07\/viceministerio-de-prevision-social-sobre-la-filven-clase-obrera-podra-alimentar-su-espiritu-con-la-lectura\/#primaryimage"},"thumbnailUrl":"https:\/\/www.mpppst.gob.ve\/mpppstweb\/wp-content\/uploads\/2016\/11\/ovalles.jpg","keywords":["AUTOFORMACI\u00d3N COLECTIVA","Defensa Integral","Gobierno Bolivariano","Inpsasel"],"articleSection":["Entes adscritos","Gobierno Nacional","Ministerio","Noticias"],"inLanguage":"es"},{"@type":"WebPage","@id":"https:\/\/www.mpppst.gob.ve\/mpppstweb\/index.php\/2016\/11\/07\/viceministerio-de-prevision-social-sobre-la-filven-clase-obrera-podra-alimentar-su-espiritu-con-la-lectura\/","url":"https:\/\/www.mpppst.gob.ve\/mpppstweb\/index.php\/2016\/11\/07\/viceministerio-de-prevision-social-sobre-la-filven-clase-obrera-podra-alimentar-su-espiritu-con-la-lectura\/","name":"Viceministerio de Previsi\u00f3n Social sobre la FILVEN: Clase Obrera podr\u00e1 alimentar su esp\u00edritu con la lectura - MPPPST","isPartOf":{"@id":"https:\/\/www.mpppst.gob.ve\/mpppstweb\/#website"},"primaryImageOfPage":{"@id":"https:\/\/www.mpppst.gob.ve\/mpppstweb\/index.php\/2016\/11\/07\/viceministerio-de-prevision-social-sobre-la-filven-clase-obrera-podra-alimentar-su-espiritu-con-la-lectura\/#primaryimage"},"image":{"@id":"https:\/\/www.mpppst.gob.ve\/mpppstweb\/index.php\/2016\/11\/07\/viceministerio-de-prevision-social-sobre-la-filven-clase-obrera-podra-alimentar-su-espiritu-con-la-lectura\/#primaryimage"},"thumbnailUrl":"https:\/\/www.mpppst.gob.ve\/mpppstweb\/wp-content\/uploads\/2016\/11\/ovalles.jpg","datePublished":"2016-11-07T20:07:02+00:00","dateModified":"2016-11-07T20:07:02+00:00","breadcrumb":{"@id":"https:\/\/www.mpppst.gob.ve\/mpppstweb\/index.php\/2016\/11\/07\/viceministerio-de-prevision-social-sobre-la-filven-clase-obrera-podra-alimentar-su-espiritu-con-la-lectura\/#breadcrumb"},"inLanguage":"es","potentialAction":[{"@type":"ReadAction","target":["https:\/\/www.mpppst.gob.ve\/mpppstweb\/index.php\/2016\/11\/07\/viceministerio-de-prevision-social-sobre-la-filven-clase-obrera-podra-alimentar-su-espiritu-con-la-lectura\/"]}]},{"@type":"ImageObject","inLanguage":"es","@id":"https:\/\/www.mpppst.gob.ve\/mpppstweb\/index.php\/2016\/11\/07\/viceministerio-de-prevision-social-sobre-la-filven-clase-obrera-podra-alimentar-su-espiritu-con-la-lectura\/#primaryimage","url":"https:\/\/www.mpppst.gob.ve\/mpppstweb\/wp-content\/uploads\/2016\/11\/ovalles.jpg","contentUrl":"https:\/\/www.mpppst.gob.ve\/mpppstweb\/wp-content\/uploads\/2016\/11\/ovalles.jpg","width":800,"height":445},{"@type":"BreadcrumbList","@id":"https:\/\/www.mpppst.gob.ve\/mpppstweb\/index.php\/2016\/11\/07\/viceministerio-de-prevision-social-sobre-la-filven-clase-obrera-podra-alimentar-su-espiritu-con-la-lectura\/#breadcrumb","itemListElement":[{"@type":"ListItem","position":1,"name":"Home","item":"https:\/\/www.mpppst.gob.ve\/mpppstweb\/"},{"@type":"ListItem","position":2,"name":"Viceministerio de Previsi\u00f3n Social sobre la FILVEN: Clase Obrera podr\u00e1 alimentar su esp\u00edritu con la lectura"}]},{"@type":"WebSite","@id":"https:\/\/www.mpppst.gob.ve\/mpppstweb\/#website","url":"https:\/\/www.mpppst.gob.ve\/mpppstweb\/","name":"MPPPST","description":"Ministerio del Poder Popular para el Proceso Social de Trabajo","publisher":{"@id":"https:\/\/www.mpppst.gob.ve\/mpppstweb\/#organization"},"potentialAction":[{"@type":"SearchAction","target":{"@type":"EntryPoint","urlTemplate":"https:\/\/www.mpppst.gob.ve\/mpppstweb\/?s={search_term_string}"},"query-input":"required name=search_term_string"}],"inLanguage":"es"},{"@type":"Organization","@id":"https:\/\/www.mpppst.gob.ve\/mpppstweb\/#organization","name":"mpppst","url":"https:\/\/www.mpppst.gob.ve\/mpppstweb\/","logo":{"@type":"ImageObject","inLanguage":"es","@id":"https:\/\/www.mpppst.gob.ve\/mpppstweb\/#\/schema\/logo\/image\/","url":"https:\/\/www.mpppst.gob.ve\/mpppstweb\/wp-content\/uploads\/2025\/07\/cropped-cropped-g910.png","contentUrl":"https:\/\/www.mpppst.gob.ve\/mpppstweb\/wp-content\/uploads\/2025\/07\/cropped-cropped-g910.png","width":1080,"height":241,"caption":"mpppst"},"image":{"@id":"https:\/\/www.mpppst.gob.ve\/mpppstweb\/#\/schema\/logo\/image\/"}},{"@type":"Person","@id":"https:\/\/www.mpppst.gob.ve\/mpppstweb\/#\/schema\/person\/fc187ee8ead412bd4c9304b62f900ea4","name":"MPPPST Prensa","url":"https:\/\/www.mpppst.gob.ve\/mpppstweb\/index.php\/author\/prensa-mpppst\/"}]}},"_links":{"self":[{"href":"https:\/\/www.mpppst.gob.ve\/mpppstweb\/index.php\/wp-json\/wp\/v2\/posts\/9159"}],"collection":[{"href":"https:\/\/www.mpppst.gob.ve\/mpppstweb\/index.php\/wp-json\/wp\/v2\/posts"}],"about":[{"href":"https:\/\/www.mpppst.gob.ve\/mpppstweb\/index.php\/wp-json\/wp\/v2\/types\/post"}],"author":[{"embeddable":true,"href":"https:\/\/www.mpppst.gob.ve\/mpppstweb\/index.php\/wp-json\/wp\/v2\/users\/25"}],"replies":[{"embeddable":true,"href":"https:\/\/www.mpppst.gob.ve\/mpppstweb\/index.php\/wp-json\/wp\/v2\/comments?post=9159"}],"version-history":[{"count":1,"href":"https:\/\/www.mpppst.gob.ve\/mpppstweb\/index.php\/wp-json\/wp\/v2\/posts\/9159\/revisions"}],"predecessor-version":[{"id":9161,"href":"https:\/\/www.mpppst.gob.ve\/mpppstweb\/index.php\/wp-json\/wp\/v2\/posts\/9159\/revisions\/9161"}],"wp:featuredmedia":[{"embeddable":true,"href":"https:\/\/www.mpppst.gob.ve\/mpppstweb\/index.php\/wp-json\/wp\/v2\/media\/9160"}],"wp:attachment":[{"href":"https:\/\/www.mpppst.gob.ve\/mpppstweb\/index.php\/wp-json\/wp\/v2\/media?parent=9159"}],"wp:term":[{"taxonomy":"category","embeddable":true,"href":"https:\/\/www.mpppst.gob.ve\/mpppstweb\/index.php\/wp-json\/wp\/v2\/categories?post=9159"},{"taxonomy":"post_tag","embeddable":true,"href":"https:\/\/www.mpppst.gob.ve\/mpppstweb\/index.php\/wp-json\/wp\/v2\/tags?post=9159"}],"curies":[{"name":"wp","href":"https:\/\/api.w.org\/{rel}","templated":true}]}}