{"id":9169,"date":"2016-11-08T14:10:03","date_gmt":"2016-11-08T14:10:03","guid":{"rendered":"http:\/\/www.mpppst.gob.ve\/mpppstweb\/?p=9169"},"modified":"2016-11-08T14:10:03","modified_gmt":"2016-11-08T14:10:03","slug":"ejecutivo-agiliza-distribucion-de-materia-prima-para-la-produccion-alimentaria","status":"publish","type":"post","link":"https:\/\/www.mpppst.gob.ve\/mpppstweb\/index.php\/2016\/11\/08\/ejecutivo-agiliza-distribucion-de-materia-prima-para-la-produccion-alimentaria\/","title":{"rendered":"Ejecutivo agiliza distribuci\u00f3n de materia prima para la producci\u00f3n alimentaria"},"content":{"rendered":"<p>AVN.- El coordinador nacional de los Comit\u00e9s Locales de Abastecimiento y Producci\u00f3n (Clap), Freddy Bernal, anunci\u00f3 este lunes que Venezuela super\u00f3 una de las trabas del acoso financiero internacional, al lograr acordar con proveedores internacionales los m\u00e9todos de pago de 29 barcos contenedores de productos necesarios para el procesamiento y elaboraci\u00f3n de alimentos en el pa\u00eds.<\/p>\n<p>En una rueda de prensa realizada este lunes en Caracas, Bernal record\u00f3 que el pa\u00eds afronta una guerra financiera internacional que impide el acceso al pago en moneda extranjera a proveedores.<\/p>\n<p>\u00abSe fue el Citibank que es el mecanismo de pago en divisas y en ese saboteo de los mecanismos financieros externos contra Venezuela, para disparar al est\u00f3mago de los venezolanos y venezolanas, no permit\u00edan que le pag\u00e1ramos a los proveedores extranjeros, 68 d\u00edas duramos en buscar mecanismos de pagar y eso por supuesto hay que dec\u00edrselo al pa\u00eds, eso impact\u00f3 negativamente en la distribuci\u00f3n de alimentos\u00bb, inform\u00f3 en declaraciones transmitidas por VTV.<\/p>\n<p>Superado el percance, Bernal inform\u00f3 que en las pr\u00f3ximas semanas se distribuir\u00e1n a las plantas procesadoras de alimentos, materia prima para la producci\u00f3n de az\u00facar, trigo panadero, aceite y pasta de soya, asimismo para la producci\u00f3n de carne, pollo, huevo y leche para el consumo de los venezolanos.<\/p>\n<p>\u00abEn esos productos tendremos el abastecimiento suficiente e incluso garantizando la producci\u00f3n del pan de jam\u00f3n para nuestras hallacas, con un esfuerzo importante del presidente Nicol\u00e1s Maduro en medio de esta guerra financiera y esa guerra econ\u00f3mica contra Venezuela y por supuesto mejorando el mecanismo de distribuci\u00f3n a trav\u00e9s de los Clap\u00bb, expres\u00f3.<\/p>\n<p>El tambi\u00e9n dirigente del Partido Socialista Unido de Venezuela (Psuv) reafirm\u00f3 la voluntad que tiene el Gobierno nacional en restablecer relaciones con Estados Unidos basadas en el respeto.<\/p>\n<p>\u00ab\u00bfQu\u00e9 pide Venezuela?, \u00bfqu\u00e9 pide el Partido Socialista Unido de Venezuela? Solo respeto, respeto e igualdad de condiciones. Nosotros respetamos el gobierno de los Estados Unidos en la medida que el gobierno de Estados Unidos respete la soberan\u00eda, la autodeterminaci\u00f3n de los venezolanos y venezolanas\u00bb, expres\u00f3.<\/p>\n","protected":false},"excerpt":{"rendered":"<p>AVN.- El coordinador nacional de los Comit\u00e9s Locales de Abastecimiento y Producci\u00f3n (Clap), Freddy Bernal, anunci\u00f3 &hellip; <a title=\"Ejecutivo agiliza distribuci\u00f3n de materia prima para la producci\u00f3n alimentaria\" class=\"hm-read-more\" href=\"https:\/\/www.mpppst.gob.ve\/mpppstweb\/index.php\/2016\/11\/08\/ejecutivo-agiliza-distribucion-de-materia-prima-para-la-produccion-alimentaria\/\"><span class=\"screen-reader-text\">Ejecutivo agiliza distribuci\u00f3n de materia prima para la producci\u00f3n alimentaria<\/span>Read more<\/a><\/p>\n","protected":false},"author":25,"featured_media":9170,"comment_status":"closed","ping_status":"closed","sticky":false,"template":"","format":"standard","meta":{"footnotes":""},"categories":[82,163,210,211],"tags":[],"yoast_head":"<!-- This site is optimized with the Yoast SEO plugin v22.5 - https:\/\/yoast.com\/wordpress\/plugins\/seo\/ -->\n<title>Ejecutivo agiliza distribuci\u00f3n de materia prima para la producci\u00f3n alimentaria - MPPPST<\/title>\n<meta name=\"robots\" content=\"index, follow, max-snippet:-1, max-image-preview:large, max-video-preview:-1\" \/>\n<link rel=\"canonical\" href=\"https:\/\/www.mpppst.gob.ve\/mpppstweb\/index.php\/2016\/11\/08\/ejecutivo-agiliza-distribucion-de-materia-prima-para-la-produccion-alimentaria\/\" \/>\n<meta property=\"og:locale\" content=\"es_ES\" \/>\n<meta property=\"og:type\" content=\"article\" \/>\n<meta property=\"og:title\" content=\"Ejecutivo agiliza distribuci\u00f3n de materia prima para la producci\u00f3n alimentaria - MPPPST\" \/>\n<meta property=\"og:description\" content=\"AVN.- El coordinador nacional de los Comit\u00e9s Locales de Abastecimiento y Producci\u00f3n (Clap), Freddy Bernal, anunci\u00f3 &hellip; Ejecutivo agiliza distribuci\u00f3n de materia prima para la producci\u00f3n alimentariaRead more\" \/>\n<meta property=\"og:url\" content=\"https:\/\/www.mpppst.gob.ve\/mpppstweb\/index.php\/2016\/11\/08\/ejecutivo-agiliza-distribucion-de-materia-prima-para-la-produccion-alimentaria\/\" \/>\n<meta property=\"og:site_name\" content=\"MPPPST\" \/>\n<meta property=\"article:published_time\" content=\"2016-11-08T14:10:03+00:00\" \/>\n<meta property=\"og:image\" content=\"https:\/\/www.mpppst.gob.ve\/mpppstweb\/wp-content\/uploads\/2016\/11\/foto.jpg\" \/>\n\t<meta property=\"og:image:width\" content=\"800\" \/>\n\t<meta property=\"og:image:height\" content=\"445\" \/>\n\t<meta property=\"og:image:type\" content=\"image\/jpeg\" \/>\n<meta name=\"author\" content=\"MPPPST Prensa\" \/>\n<meta name=\"twitter:card\" content=\"summary_large_image\" \/>\n<meta name=\"twitter:label1\" content=\"Escrito por\" \/>\n\t<meta name=\"twitter:data1\" content=\"MPPPST Prensa\" \/>\n\t<meta name=\"twitter:label2\" content=\"Tiempo de lectura\" \/>\n\t<meta name=\"twitter:data2\" content=\"2 minutos\" \/>\n<script type=\"application\/ld+json\" class=\"yoast-schema-graph\">{\"@context\":\"https:\/\/schema.org\",\"@graph\":[{\"@type\":\"Article\",\"@id\":\"https:\/\/www.mpppst.gob.ve\/mpppstweb\/index.php\/2016\/11\/08\/ejecutivo-agiliza-distribucion-de-materia-prima-para-la-produccion-alimentaria\/#article\",\"isPartOf\":{\"@id\":\"https:\/\/www.mpppst.gob.ve\/mpppstweb\/index.php\/2016\/11\/08\/ejecutivo-agiliza-distribucion-de-materia-prima-para-la-produccion-alimentaria\/\"},\"author\":{\"name\":\"MPPPST Prensa\",\"@id\":\"https:\/\/www.mpppst.gob.ve\/mpppstweb\/#\/schema\/person\/fc187ee8ead412bd4c9304b62f900ea4\"},\"headline\":\"Ejecutivo agiliza distribuci\u00f3n de materia prima para la producci\u00f3n alimentaria\",\"datePublished\":\"2016-11-08T14:10:03+00:00\",\"dateModified\":\"2016-11-08T14:10:03+00:00\",\"mainEntityOfPage\":{\"@id\":\"https:\/\/www.mpppst.gob.ve\/mpppstweb\/index.php\/2016\/11\/08\/ejecutivo-agiliza-distribucion-de-materia-prima-para-la-produccion-alimentaria\/\"},\"wordCount\":372,\"publisher\":{\"@id\":\"https:\/\/www.mpppst.gob.ve\/mpppstweb\/#organization\"},\"image\":{\"@id\":\"https:\/\/www.mpppst.gob.ve\/mpppstweb\/index.php\/2016\/11\/08\/ejecutivo-agiliza-distribucion-de-materia-prima-para-la-produccion-alimentaria\/#primaryimage\"},\"thumbnailUrl\":\"https:\/\/www.mpppst.gob.ve\/mpppstweb\/wp-content\/uploads\/2016\/11\/foto.jpg\",\"articleSection\":[\"Gobierno Nacional\",\"Noticias\",\"Vicepresidencia de \u00e1rea econ\u00f3mica\",\"Vicepresidencia de \u00e1rea social\"],\"inLanguage\":\"es\"},{\"@type\":\"WebPage\",\"@id\":\"https:\/\/www.mpppst.gob.ve\/mpppstweb\/index.php\/2016\/11\/08\/ejecutivo-agiliza-distribucion-de-materia-prima-para-la-produccion-alimentaria\/\",\"url\":\"https:\/\/www.mpppst.gob.ve\/mpppstweb\/index.php\/2016\/11\/08\/ejecutivo-agiliza-distribucion-de-materia-prima-para-la-produccion-alimentaria\/\",\"name\":\"Ejecutivo agiliza distribuci\u00f3n de materia prima para la producci\u00f3n alimentaria - MPPPST\",\"isPartOf\":{\"@id\":\"https:\/\/www.mpppst.gob.ve\/mpppstweb\/#website\"},\"primaryImageOfPage\":{\"@id\":\"https:\/\/www.mpppst.gob.ve\/mpppstweb\/index.php\/2016\/11\/08\/ejecutivo-agiliza-distribucion-de-materia-prima-para-la-produccion-alimentaria\/#primaryimage\"},\"image\":{\"@id\":\"https:\/\/www.mpppst.gob.ve\/mpppstweb\/index.php\/2016\/11\/08\/ejecutivo-agiliza-distribucion-de-materia-prima-para-la-produccion-alimentaria\/#primaryimage\"},\"thumbnailUrl\":\"https:\/\/www.mpppst.gob.ve\/mpppstweb\/wp-content\/uploads\/2016\/11\/foto.jpg\",\"datePublished\":\"2016-11-08T14:10:03+00:00\",\"dateModified\":\"2016-11-08T14:10:03+00:00\",\"breadcrumb\":{\"@id\":\"https:\/\/www.mpppst.gob.ve\/mpppstweb\/index.php\/2016\/11\/08\/ejecutivo-agiliza-distribucion-de-materia-prima-para-la-produccion-alimentaria\/#breadcrumb\"},\"inLanguage\":\"es\",\"potentialAction\":[{\"@type\":\"ReadAction\",\"target\":[\"https:\/\/www.mpppst.gob.ve\/mpppstweb\/index.php\/2016\/11\/08\/ejecutivo-agiliza-distribucion-de-materia-prima-para-la-produccion-alimentaria\/\"]}]},{\"@type\":\"ImageObject\",\"inLanguage\":\"es\",\"@id\":\"https:\/\/www.mpppst.gob.ve\/mpppstweb\/index.php\/2016\/11\/08\/ejecutivo-agiliza-distribucion-de-materia-prima-para-la-produccion-alimentaria\/#primaryimage\",\"url\":\"https:\/\/www.mpppst.gob.ve\/mpppstweb\/wp-content\/uploads\/2016\/11\/foto.jpg\",\"contentUrl\":\"https:\/\/www.mpppst.gob.ve\/mpppstweb\/wp-content\/uploads\/2016\/11\/foto.jpg\",\"width\":800,\"height\":445},{\"@type\":\"BreadcrumbList\",\"@id\":\"https:\/\/www.mpppst.gob.ve\/mpppstweb\/index.php\/2016\/11\/08\/ejecutivo-agiliza-distribucion-de-materia-prima-para-la-produccion-alimentaria\/#breadcrumb\",\"itemListElement\":[{\"@type\":\"ListItem\",\"position\":1,\"name\":\"Home\",\"item\":\"https:\/\/www.mpppst.gob.ve\/mpppstweb\/\"},{\"@type\":\"ListItem\",\"position\":2,\"name\":\"Ejecutivo agiliza distribuci\u00f3n de materia prima para la producci\u00f3n alimentaria\"}]},{\"@type\":\"WebSite\",\"@id\":\"https:\/\/www.mpppst.gob.ve\/mpppstweb\/#website\",\"url\":\"https:\/\/www.mpppst.gob.ve\/mpppstweb\/\",\"name\":\"MPPPST\",\"description\":\"Ministerio del Poder Popular para el Proceso Social de Trabajo\",\"publisher\":{\"@id\":\"https:\/\/www.mpppst.gob.ve\/mpppstweb\/#organization\"},\"potentialAction\":[{\"@type\":\"SearchAction\",\"target\":{\"@type\":\"EntryPoint\",\"urlTemplate\":\"https:\/\/www.mpppst.gob.ve\/mpppstweb\/?s={search_term_string}\"},\"query-input\":\"required name=search_term_string\"}],\"inLanguage\":\"es\"},{\"@type\":\"Organization\",\"@id\":\"https:\/\/www.mpppst.gob.ve\/mpppstweb\/#organization\",\"name\":\"mpppst\",\"url\":\"https:\/\/www.mpppst.gob.ve\/mpppstweb\/\",\"logo\":{\"@type\":\"ImageObject\",\"inLanguage\":\"es\",\"@id\":\"https:\/\/www.mpppst.gob.ve\/mpppstweb\/#\/schema\/logo\/image\/\",\"url\":\"https:\/\/www.mpppst.gob.ve\/mpppstweb\/wp-content\/uploads\/2025\/07\/cropped-cropped-g910.png\",\"contentUrl\":\"https:\/\/www.mpppst.gob.ve\/mpppstweb\/wp-content\/uploads\/2025\/07\/cropped-cropped-g910.png\",\"width\":1080,\"height\":241,\"caption\":\"mpppst\"},\"image\":{\"@id\":\"https:\/\/www.mpppst.gob.ve\/mpppstweb\/#\/schema\/logo\/image\/\"}},{\"@type\":\"Person\",\"@id\":\"https:\/\/www.mpppst.gob.ve\/mpppstweb\/#\/schema\/person\/fc187ee8ead412bd4c9304b62f900ea4\",\"name\":\"MPPPST Prensa\",\"url\":\"https:\/\/www.mpppst.gob.ve\/mpppstweb\/index.php\/author\/prensa-mpppst\/\"}]}<\/script>\n<!-- \/ Yoast SEO plugin. -->","yoast_head_json":{"title":"Ejecutivo agiliza distribuci\u00f3n de materia prima para la producci\u00f3n alimentaria - MPPPST","robots":{"index":"index","follow":"follow","max-snippet":"max-snippet:-1","max-image-preview":"max-image-preview:large","max-video-preview":"max-video-preview:-1"},"canonical":"https:\/\/www.mpppst.gob.ve\/mpppstweb\/index.php\/2016\/11\/08\/ejecutivo-agiliza-distribucion-de-materia-prima-para-la-produccion-alimentaria\/","og_locale":"es_ES","og_type":"article","og_title":"Ejecutivo agiliza distribuci\u00f3n de materia prima para la producci\u00f3n alimentaria - MPPPST","og_description":"AVN.- El coordinador nacional de los Comit\u00e9s Locales de Abastecimiento y Producci\u00f3n (Clap), Freddy Bernal, anunci\u00f3 &hellip; Ejecutivo agiliza distribuci\u00f3n de materia prima para la producci\u00f3n alimentariaRead more","og_url":"https:\/\/www.mpppst.gob.ve\/mpppstweb\/index.php\/2016\/11\/08\/ejecutivo-agiliza-distribucion-de-materia-prima-para-la-produccion-alimentaria\/","og_site_name":"MPPPST","article_published_time":"2016-11-08T14:10:03+00:00","og_image":[{"width":800,"height":445,"url":"https:\/\/www.mpppst.gob.ve\/mpppstweb\/wp-content\/uploads\/2016\/11\/foto.jpg","type":"image\/jpeg"}],"author":"MPPPST Prensa","twitter_card":"summary_large_image","twitter_misc":{"Escrito por":"MPPPST Prensa","Tiempo de lectura":"2 minutos"},"schema":{"@context":"https:\/\/schema.org","@graph":[{"@type":"Article","@id":"https:\/\/www.mpppst.gob.ve\/mpppstweb\/index.php\/2016\/11\/08\/ejecutivo-agiliza-distribucion-de-materia-prima-para-la-produccion-alimentaria\/#article","isPartOf":{"@id":"https:\/\/www.mpppst.gob.ve\/mpppstweb\/index.php\/2016\/11\/08\/ejecutivo-agiliza-distribucion-de-materia-prima-para-la-produccion-alimentaria\/"},"author":{"name":"MPPPST Prensa","@id":"https:\/\/www.mpppst.gob.ve\/mpppstweb\/#\/schema\/person\/fc187ee8ead412bd4c9304b62f900ea4"},"headline":"Ejecutivo agiliza distribuci\u00f3n de materia prima para la producci\u00f3n alimentaria","datePublished":"2016-11-08T14:10:03+00:00","dateModified":"2016-11-08T14:10:03+00:00","mainEntityOfPage":{"@id":"https:\/\/www.mpppst.gob.ve\/mpppstweb\/index.php\/2016\/11\/08\/ejecutivo-agiliza-distribucion-de-materia-prima-para-la-produccion-alimentaria\/"},"wordCount":372,"publisher":{"@id":"https:\/\/www.mpppst.gob.ve\/mpppstweb\/#organization"},"image":{"@id":"https:\/\/www.mpppst.gob.ve\/mpppstweb\/index.php\/2016\/11\/08\/ejecutivo-agiliza-distribucion-de-materia-prima-para-la-produccion-alimentaria\/#primaryimage"},"thumbnailUrl":"https:\/\/www.mpppst.gob.ve\/mpppstweb\/wp-content\/uploads\/2016\/11\/foto.jpg","articleSection":["Gobierno Nacional","Noticias","Vicepresidencia de \u00e1rea econ\u00f3mica","Vicepresidencia de \u00e1rea social"],"inLanguage":"es"},{"@type":"WebPage","@id":"https:\/\/www.mpppst.gob.ve\/mpppstweb\/index.php\/2016\/11\/08\/ejecutivo-agiliza-distribucion-de-materia-prima-para-la-produccion-alimentaria\/","url":"https:\/\/www.mpppst.gob.ve\/mpppstweb\/index.php\/2016\/11\/08\/ejecutivo-agiliza-distribucion-de-materia-prima-para-la-produccion-alimentaria\/","name":"Ejecutivo agiliza distribuci\u00f3n de materia prima para la producci\u00f3n alimentaria - MPPPST","isPartOf":{"@id":"https:\/\/www.mpppst.gob.ve\/mpppstweb\/#website"},"primaryImageOfPage":{"@id":"https:\/\/www.mpppst.gob.ve\/mpppstweb\/index.php\/2016\/11\/08\/ejecutivo-agiliza-distribucion-de-materia-prima-para-la-produccion-alimentaria\/#primaryimage"},"image":{"@id":"https:\/\/www.mpppst.gob.ve\/mpppstweb\/index.php\/2016\/11\/08\/ejecutivo-agiliza-distribucion-de-materia-prima-para-la-produccion-alimentaria\/#primaryimage"},"thumbnailUrl":"https:\/\/www.mpppst.gob.ve\/mpppstweb\/wp-content\/uploads\/2016\/11\/foto.jpg","datePublished":"2016-11-08T14:10:03+00:00","dateModified":"2016-11-08T14:10:03+00:00","breadcrumb":{"@id":"https:\/\/www.mpppst.gob.ve\/mpppstweb\/index.php\/2016\/11\/08\/ejecutivo-agiliza-distribucion-de-materia-prima-para-la-produccion-alimentaria\/#breadcrumb"},"inLanguage":"es","potentialAction":[{"@type":"ReadAction","target":["https:\/\/www.mpppst.gob.ve\/mpppstweb\/index.php\/2016\/11\/08\/ejecutivo-agiliza-distribucion-de-materia-prima-para-la-produccion-alimentaria\/"]}]},{"@type":"ImageObject","inLanguage":"es","@id":"https:\/\/www.mpppst.gob.ve\/mpppstweb\/index.php\/2016\/11\/08\/ejecutivo-agiliza-distribucion-de-materia-prima-para-la-produccion-alimentaria\/#primaryimage","url":"https:\/\/www.mpppst.gob.ve\/mpppstweb\/wp-content\/uploads\/2016\/11\/foto.jpg","contentUrl":"https:\/\/www.mpppst.gob.ve\/mpppstweb\/wp-content\/uploads\/2016\/11\/foto.jpg","width":800,"height":445},{"@type":"BreadcrumbList","@id":"https:\/\/www.mpppst.gob.ve\/mpppstweb\/index.php\/2016\/11\/08\/ejecutivo-agiliza-distribucion-de-materia-prima-para-la-produccion-alimentaria\/#breadcrumb","itemListElement":[{"@type":"ListItem","position":1,"name":"Home","item":"https:\/\/www.mpppst.gob.ve\/mpppstweb\/"},{"@type":"ListItem","position":2,"name":"Ejecutivo agiliza distribuci\u00f3n de materia prima para la producci\u00f3n alimentaria"}]},{"@type":"WebSite","@id":"https:\/\/www.mpppst.gob.ve\/mpppstweb\/#website","url":"https:\/\/www.mpppst.gob.ve\/mpppstweb\/","name":"MPPPST","description":"Ministerio del Poder Popular para el Proceso Social de Trabajo","publisher":{"@id":"https:\/\/www.mpppst.gob.ve\/mpppstweb\/#organization"},"potentialAction":[{"@type":"SearchAction","target":{"@type":"EntryPoint","urlTemplate":"https:\/\/www.mpppst.gob.ve\/mpppstweb\/?s={search_term_string}"},"query-input":"required name=search_term_string"}],"inLanguage":"es"},{"@type":"Organization","@id":"https:\/\/www.mpppst.gob.ve\/mpppstweb\/#organization","name":"mpppst","url":"https:\/\/www.mpppst.gob.ve\/mpppstweb\/","logo":{"@type":"ImageObject","inLanguage":"es","@id":"https:\/\/www.mpppst.gob.ve\/mpppstweb\/#\/schema\/logo\/image\/","url":"https:\/\/www.mpppst.gob.ve\/mpppstweb\/wp-content\/uploads\/2025\/07\/cropped-cropped-g910.png","contentUrl":"https:\/\/www.mpppst.gob.ve\/mpppstweb\/wp-content\/uploads\/2025\/07\/cropped-cropped-g910.png","width":1080,"height":241,"caption":"mpppst"},"image":{"@id":"https:\/\/www.mpppst.gob.ve\/mpppstweb\/#\/schema\/logo\/image\/"}},{"@type":"Person","@id":"https:\/\/www.mpppst.gob.ve\/mpppstweb\/#\/schema\/person\/fc187ee8ead412bd4c9304b62f900ea4","name":"MPPPST Prensa","url":"https:\/\/www.mpppst.gob.ve\/mpppstweb\/index.php\/author\/prensa-mpppst\/"}]}},"_links":{"self":[{"href":"https:\/\/www.mpppst.gob.ve\/mpppstweb\/index.php\/wp-json\/wp\/v2\/posts\/9169"}],"collection":[{"href":"https:\/\/www.mpppst.gob.ve\/mpppstweb\/index.php\/wp-json\/wp\/v2\/posts"}],"about":[{"href":"https:\/\/www.mpppst.gob.ve\/mpppstweb\/index.php\/wp-json\/wp\/v2\/types\/post"}],"author":[{"embeddable":true,"href":"https:\/\/www.mpppst.gob.ve\/mpppstweb\/index.php\/wp-json\/wp\/v2\/users\/25"}],"replies":[{"embeddable":true,"href":"https:\/\/www.mpppst.gob.ve\/mpppstweb\/index.php\/wp-json\/wp\/v2\/comments?post=9169"}],"version-history":[{"count":2,"href":"https:\/\/www.mpppst.gob.ve\/mpppstweb\/index.php\/wp-json\/wp\/v2\/posts\/9169\/revisions"}],"predecessor-version":[{"id":9172,"href":"https:\/\/www.mpppst.gob.ve\/mpppstweb\/index.php\/wp-json\/wp\/v2\/posts\/9169\/revisions\/9172"}],"wp:featuredmedia":[{"embeddable":true,"href":"https:\/\/www.mpppst.gob.ve\/mpppstweb\/index.php\/wp-json\/wp\/v2\/media\/9170"}],"wp:attachment":[{"href":"https:\/\/www.mpppst.gob.ve\/mpppstweb\/index.php\/wp-json\/wp\/v2\/media?parent=9169"}],"wp:term":[{"taxonomy":"category","embeddable":true,"href":"https:\/\/www.mpppst.gob.ve\/mpppstweb\/index.php\/wp-json\/wp\/v2\/categories?post=9169"},{"taxonomy":"post_tag","embeddable":true,"href":"https:\/\/www.mpppst.gob.ve\/mpppstweb\/index.php\/wp-json\/wp\/v2\/tags?post=9169"}],"curies":[{"name":"wp","href":"https:\/\/api.w.org\/{rel}","templated":true}]}}