{"id":9187,"date":"2016-11-09T19:02:34","date_gmt":"2016-11-09T19:02:34","guid":{"rendered":"http:\/\/www.mpppst.gob.ve\/mpppstweb\/?p=9187"},"modified":"2016-11-09T19:02:34","modified_gmt":"2016-11-09T19:02:34","slug":"mpppst-impulsa-unidad-de-gestion-energetica-para-usar-eficientemente-la-energia","status":"publish","type":"post","link":"https:\/\/www.mpppst.gob.ve\/mpppstweb\/index.php\/2016\/11\/09\/mpppst-impulsa-unidad-de-gestion-energetica-para-usar-eficientemente-la-energia\/","title":{"rendered":"MPPPST impulsa Unidad de Gesti\u00f3n Energ\u00e9tica para usar eficientemente la energ\u00eda"},"content":{"rendered":"<p>Prensa (MPPPST). Con el objetivo de implementar un eficiente sistema de la energ\u00eda, se llev\u00f3 a cabo en el Ministerio del Poder Popular para el Proceso Social de Trabajo una charla sobre el uso racional de la energ\u00eda el\u00e9ctrica por parte de la Corporaci\u00f3n El\u00e9ctrica Nacional (Corpoelec) y el Ministerio del Poder Popular para la Energ\u00eda El\u00e9ctrica.<\/p>\n<p>La charla fue dictada por Siulmar Guevara inspectora de Corpoelec, quien explic\u00f3 los pasos para implementar un sistema de Gesti\u00f3n de la Energ\u00eda, a saber: 1) crear la Unidad de Gesti\u00f3n energ\u00e9tica, 2) realizar un inventario de la informaci\u00f3n requerida, para luego hacer un diagn\u00f3stico energ\u00e9tico de la instalaci\u00f3n.<\/p>\n<p>Guevara destac\u00f3 que en una inspecci\u00f3n a las instalaciones del MPPPST se pudo constatar que el 9% de las \u00e1reas tiene iluminaci\u00f3n, 39% contiene niveles de iluminaci\u00f3n normales y un 52% tiene deficiencia en tales niveles. Por ello sostuvo que es necesario crear mecanismos que permitan tener mucha m\u00e1s iluminaci\u00f3n en las instalaciones del Despacho ministerial.<\/p>\n<p>El cuarto paso: realizar un plan de uso racional del consumo el\u00e9ctrico, as\u00ed como desarrollar un plan comunicacional que estimule el uso eficiente de la energ\u00eda.<\/p>\n<p>Guevara destac\u00f3 que igual de importante consiste en establecer los mecanismos de control y monitoreo de las medidas que se tomen e implementar las medidas de corto, mediano y largo plazos para dar impulso a las acciones que se tomen para el uso correcto de la energ\u00eda.<\/p>\n<p>Por su parte, Marly Camacho, coordinadora del uso eficiente de la energ\u00eda el\u00e9ctrica, destac\u00f3 que la idea de estas charlas y de formar una Unidad de Gesti\u00f3n Energ\u00e9tica es crear conciencia en la poblaci\u00f3n y en los trabajadores en el uso racional y eficiente para que luego sean agentes multiplicadores, tanto en la sociedad, como en sus hogares.<\/p>\n<p>Por Carlos Palacios<\/p>\n<p>Fotograf\u00eda: F\u00e9lix Ordaz<\/p>\n<p>&nbsp;<\/p>\n","protected":false},"excerpt":{"rendered":"<p>Prensa (MPPPST). Con el objetivo de implementar un eficiente sistema de la energ\u00eda, se llev\u00f3 a &hellip; <a title=\"MPPPST impulsa Unidad de Gesti\u00f3n Energ\u00e9tica para usar eficientemente la energ\u00eda\" class=\"hm-read-more\" href=\"https:\/\/www.mpppst.gob.ve\/mpppstweb\/index.php\/2016\/11\/09\/mpppst-impulsa-unidad-de-gestion-energetica-para-usar-eficientemente-la-energia\/\"><span class=\"screen-reader-text\">MPPPST impulsa Unidad de Gesti\u00f3n Energ\u00e9tica para usar eficientemente la energ\u00eda<\/span>Read more<\/a><\/p>\n","protected":false},"author":25,"featured_media":9188,"comment_status":"closed","ping_status":"closed","sticky":false,"template":"","format":"standard","meta":{"footnotes":""},"categories":[204,83,163],"tags":[],"yoast_head":"<!-- This site is optimized with the Yoast SEO plugin v22.5 - https:\/\/yoast.com\/wordpress\/plugins\/seo\/ -->\n<title>MPPPST impulsa Unidad de Gesti\u00f3n Energ\u00e9tica para usar eficientemente la energ\u00eda - MPPPST<\/title>\n<meta name=\"robots\" content=\"index, follow, max-snippet:-1, max-image-preview:large, max-video-preview:-1\" \/>\n<link rel=\"canonical\" href=\"https:\/\/www.mpppst.gob.ve\/mpppstweb\/index.php\/2016\/11\/09\/mpppst-impulsa-unidad-de-gestion-energetica-para-usar-eficientemente-la-energia\/\" \/>\n<meta property=\"og:locale\" content=\"es_ES\" \/>\n<meta property=\"og:type\" content=\"article\" \/>\n<meta property=\"og:title\" content=\"MPPPST impulsa Unidad de Gesti\u00f3n Energ\u00e9tica para usar eficientemente la energ\u00eda - MPPPST\" \/>\n<meta property=\"og:description\" content=\"Prensa (MPPPST). Con el objetivo de implementar un eficiente sistema de la energ\u00eda, se llev\u00f3 a &hellip; MPPPST impulsa Unidad de Gesti\u00f3n Energ\u00e9tica para usar eficientemente la energ\u00edaRead more\" \/>\n<meta property=\"og:url\" content=\"https:\/\/www.mpppst.gob.ve\/mpppstweb\/index.php\/2016\/11\/09\/mpppst-impulsa-unidad-de-gestion-energetica-para-usar-eficientemente-la-energia\/\" \/>\n<meta property=\"og:site_name\" content=\"MPPPST\" \/>\n<meta property=\"article:published_time\" content=\"2016-11-09T19:02:34+00:00\" \/>\n<meta property=\"og:image\" content=\"https:\/\/www.mpppst.gob.ve\/mpppstweb\/wp-content\/uploads\/2016\/11\/IMG_9279.jpg\" \/>\n\t<meta property=\"og:image:width\" content=\"800\" \/>\n\t<meta property=\"og:image:height\" content=\"445\" \/>\n\t<meta property=\"og:image:type\" content=\"image\/jpeg\" \/>\n<meta name=\"author\" content=\"MPPPST Prensa\" \/>\n<meta name=\"twitter:card\" content=\"summary_large_image\" \/>\n<meta name=\"twitter:label1\" content=\"Escrito por\" \/>\n\t<meta name=\"twitter:data1\" content=\"MPPPST Prensa\" \/>\n\t<meta name=\"twitter:label2\" content=\"Tiempo de lectura\" \/>\n\t<meta name=\"twitter:data2\" content=\"2 minutos\" \/>\n<script type=\"application\/ld+json\" class=\"yoast-schema-graph\">{\"@context\":\"https:\/\/schema.org\",\"@graph\":[{\"@type\":\"Article\",\"@id\":\"https:\/\/www.mpppst.gob.ve\/mpppstweb\/index.php\/2016\/11\/09\/mpppst-impulsa-unidad-de-gestion-energetica-para-usar-eficientemente-la-energia\/#article\",\"isPartOf\":{\"@id\":\"https:\/\/www.mpppst.gob.ve\/mpppstweb\/index.php\/2016\/11\/09\/mpppst-impulsa-unidad-de-gestion-energetica-para-usar-eficientemente-la-energia\/\"},\"author\":{\"name\":\"MPPPST Prensa\",\"@id\":\"https:\/\/www.mpppst.gob.ve\/mpppstweb\/#\/schema\/person\/fc187ee8ead412bd4c9304b62f900ea4\"},\"headline\":\"MPPPST impulsa Unidad de Gesti\u00f3n Energ\u00e9tica para usar eficientemente la energ\u00eda\",\"datePublished\":\"2016-11-09T19:02:34+00:00\",\"dateModified\":\"2016-11-09T19:02:34+00:00\",\"mainEntityOfPage\":{\"@id\":\"https:\/\/www.mpppst.gob.ve\/mpppstweb\/index.php\/2016\/11\/09\/mpppst-impulsa-unidad-de-gestion-energetica-para-usar-eficientemente-la-energia\/\"},\"wordCount\":339,\"publisher\":{\"@id\":\"https:\/\/www.mpppst.gob.ve\/mpppstweb\/#organization\"},\"image\":{\"@id\":\"https:\/\/www.mpppst.gob.ve\/mpppstweb\/index.php\/2016\/11\/09\/mpppst-impulsa-unidad-de-gestion-energetica-para-usar-eficientemente-la-energia\/#primaryimage\"},\"thumbnailUrl\":\"https:\/\/www.mpppst.gob.ve\/mpppstweb\/wp-content\/uploads\/2016\/11\/IMG_9279.jpg\",\"articleSection\":[\"Autoformaci\u00f3n desde el Proceso Social de Trabajo Colectiva\",\"Ministerio\",\"Noticias\"],\"inLanguage\":\"es\"},{\"@type\":\"WebPage\",\"@id\":\"https:\/\/www.mpppst.gob.ve\/mpppstweb\/index.php\/2016\/11\/09\/mpppst-impulsa-unidad-de-gestion-energetica-para-usar-eficientemente-la-energia\/\",\"url\":\"https:\/\/www.mpppst.gob.ve\/mpppstweb\/index.php\/2016\/11\/09\/mpppst-impulsa-unidad-de-gestion-energetica-para-usar-eficientemente-la-energia\/\",\"name\":\"MPPPST impulsa Unidad de Gesti\u00f3n Energ\u00e9tica para usar eficientemente la energ\u00eda - MPPPST\",\"isPartOf\":{\"@id\":\"https:\/\/www.mpppst.gob.ve\/mpppstweb\/#website\"},\"primaryImageOfPage\":{\"@id\":\"https:\/\/www.mpppst.gob.ve\/mpppstweb\/index.php\/2016\/11\/09\/mpppst-impulsa-unidad-de-gestion-energetica-para-usar-eficientemente-la-energia\/#primaryimage\"},\"image\":{\"@id\":\"https:\/\/www.mpppst.gob.ve\/mpppstweb\/index.php\/2016\/11\/09\/mpppst-impulsa-unidad-de-gestion-energetica-para-usar-eficientemente-la-energia\/#primaryimage\"},\"thumbnailUrl\":\"https:\/\/www.mpppst.gob.ve\/mpppstweb\/wp-content\/uploads\/2016\/11\/IMG_9279.jpg\",\"datePublished\":\"2016-11-09T19:02:34+00:00\",\"dateModified\":\"2016-11-09T19:02:34+00:00\",\"breadcrumb\":{\"@id\":\"https:\/\/www.mpppst.gob.ve\/mpppstweb\/index.php\/2016\/11\/09\/mpppst-impulsa-unidad-de-gestion-energetica-para-usar-eficientemente-la-energia\/#breadcrumb\"},\"inLanguage\":\"es\",\"potentialAction\":[{\"@type\":\"ReadAction\",\"target\":[\"https:\/\/www.mpppst.gob.ve\/mpppstweb\/index.php\/2016\/11\/09\/mpppst-impulsa-unidad-de-gestion-energetica-para-usar-eficientemente-la-energia\/\"]}]},{\"@type\":\"ImageObject\",\"inLanguage\":\"es\",\"@id\":\"https:\/\/www.mpppst.gob.ve\/mpppstweb\/index.php\/2016\/11\/09\/mpppst-impulsa-unidad-de-gestion-energetica-para-usar-eficientemente-la-energia\/#primaryimage\",\"url\":\"https:\/\/www.mpppst.gob.ve\/mpppstweb\/wp-content\/uploads\/2016\/11\/IMG_9279.jpg\",\"contentUrl\":\"https:\/\/www.mpppst.gob.ve\/mpppstweb\/wp-content\/uploads\/2016\/11\/IMG_9279.jpg\",\"width\":800,\"height\":445},{\"@type\":\"BreadcrumbList\",\"@id\":\"https:\/\/www.mpppst.gob.ve\/mpppstweb\/index.php\/2016\/11\/09\/mpppst-impulsa-unidad-de-gestion-energetica-para-usar-eficientemente-la-energia\/#breadcrumb\",\"itemListElement\":[{\"@type\":\"ListItem\",\"position\":1,\"name\":\"Home\",\"item\":\"https:\/\/www.mpppst.gob.ve\/mpppstweb\/\"},{\"@type\":\"ListItem\",\"position\":2,\"name\":\"MPPPST impulsa Unidad de Gesti\u00f3n Energ\u00e9tica para usar eficientemente la energ\u00eda\"}]},{\"@type\":\"WebSite\",\"@id\":\"https:\/\/www.mpppst.gob.ve\/mpppstweb\/#website\",\"url\":\"https:\/\/www.mpppst.gob.ve\/mpppstweb\/\",\"name\":\"MPPPST\",\"description\":\"Ministerio del Poder Popular para el Proceso Social de Trabajo\",\"publisher\":{\"@id\":\"https:\/\/www.mpppst.gob.ve\/mpppstweb\/#organization\"},\"potentialAction\":[{\"@type\":\"SearchAction\",\"target\":{\"@type\":\"EntryPoint\",\"urlTemplate\":\"https:\/\/www.mpppst.gob.ve\/mpppstweb\/?s={search_term_string}\"},\"query-input\":\"required name=search_term_string\"}],\"inLanguage\":\"es\"},{\"@type\":\"Organization\",\"@id\":\"https:\/\/www.mpppst.gob.ve\/mpppstweb\/#organization\",\"name\":\"mpppst\",\"url\":\"https:\/\/www.mpppst.gob.ve\/mpppstweb\/\",\"logo\":{\"@type\":\"ImageObject\",\"inLanguage\":\"es\",\"@id\":\"https:\/\/www.mpppst.gob.ve\/mpppstweb\/#\/schema\/logo\/image\/\",\"url\":\"https:\/\/www.mpppst.gob.ve\/mpppstweb\/wp-content\/uploads\/2025\/07\/cropped-cropped-g910.png\",\"contentUrl\":\"https:\/\/www.mpppst.gob.ve\/mpppstweb\/wp-content\/uploads\/2025\/07\/cropped-cropped-g910.png\",\"width\":1080,\"height\":241,\"caption\":\"mpppst\"},\"image\":{\"@id\":\"https:\/\/www.mpppst.gob.ve\/mpppstweb\/#\/schema\/logo\/image\/\"}},{\"@type\":\"Person\",\"@id\":\"https:\/\/www.mpppst.gob.ve\/mpppstweb\/#\/schema\/person\/fc187ee8ead412bd4c9304b62f900ea4\",\"name\":\"MPPPST Prensa\",\"url\":\"https:\/\/www.mpppst.gob.ve\/mpppstweb\/index.php\/author\/prensa-mpppst\/\"}]}<\/script>\n<!-- \/ Yoast SEO plugin. -->","yoast_head_json":{"title":"MPPPST impulsa Unidad de Gesti\u00f3n Energ\u00e9tica para usar eficientemente la energ\u00eda - MPPPST","robots":{"index":"index","follow":"follow","max-snippet":"max-snippet:-1","max-image-preview":"max-image-preview:large","max-video-preview":"max-video-preview:-1"},"canonical":"https:\/\/www.mpppst.gob.ve\/mpppstweb\/index.php\/2016\/11\/09\/mpppst-impulsa-unidad-de-gestion-energetica-para-usar-eficientemente-la-energia\/","og_locale":"es_ES","og_type":"article","og_title":"MPPPST impulsa Unidad de Gesti\u00f3n Energ\u00e9tica para usar eficientemente la energ\u00eda - MPPPST","og_description":"Prensa (MPPPST). Con el objetivo de implementar un eficiente sistema de la energ\u00eda, se llev\u00f3 a &hellip; MPPPST impulsa Unidad de Gesti\u00f3n Energ\u00e9tica para usar eficientemente la energ\u00edaRead more","og_url":"https:\/\/www.mpppst.gob.ve\/mpppstweb\/index.php\/2016\/11\/09\/mpppst-impulsa-unidad-de-gestion-energetica-para-usar-eficientemente-la-energia\/","og_site_name":"MPPPST","article_published_time":"2016-11-09T19:02:34+00:00","og_image":[{"width":800,"height":445,"url":"https:\/\/www.mpppst.gob.ve\/mpppstweb\/wp-content\/uploads\/2016\/11\/IMG_9279.jpg","type":"image\/jpeg"}],"author":"MPPPST Prensa","twitter_card":"summary_large_image","twitter_misc":{"Escrito por":"MPPPST Prensa","Tiempo de lectura":"2 minutos"},"schema":{"@context":"https:\/\/schema.org","@graph":[{"@type":"Article","@id":"https:\/\/www.mpppst.gob.ve\/mpppstweb\/index.php\/2016\/11\/09\/mpppst-impulsa-unidad-de-gestion-energetica-para-usar-eficientemente-la-energia\/#article","isPartOf":{"@id":"https:\/\/www.mpppst.gob.ve\/mpppstweb\/index.php\/2016\/11\/09\/mpppst-impulsa-unidad-de-gestion-energetica-para-usar-eficientemente-la-energia\/"},"author":{"name":"MPPPST Prensa","@id":"https:\/\/www.mpppst.gob.ve\/mpppstweb\/#\/schema\/person\/fc187ee8ead412bd4c9304b62f900ea4"},"headline":"MPPPST impulsa Unidad de Gesti\u00f3n Energ\u00e9tica para usar eficientemente la energ\u00eda","datePublished":"2016-11-09T19:02:34+00:00","dateModified":"2016-11-09T19:02:34+00:00","mainEntityOfPage":{"@id":"https:\/\/www.mpppst.gob.ve\/mpppstweb\/index.php\/2016\/11\/09\/mpppst-impulsa-unidad-de-gestion-energetica-para-usar-eficientemente-la-energia\/"},"wordCount":339,"publisher":{"@id":"https:\/\/www.mpppst.gob.ve\/mpppstweb\/#organization"},"image":{"@id":"https:\/\/www.mpppst.gob.ve\/mpppstweb\/index.php\/2016\/11\/09\/mpppst-impulsa-unidad-de-gestion-energetica-para-usar-eficientemente-la-energia\/#primaryimage"},"thumbnailUrl":"https:\/\/www.mpppst.gob.ve\/mpppstweb\/wp-content\/uploads\/2016\/11\/IMG_9279.jpg","articleSection":["Autoformaci\u00f3n desde el Proceso Social de Trabajo Colectiva","Ministerio","Noticias"],"inLanguage":"es"},{"@type":"WebPage","@id":"https:\/\/www.mpppst.gob.ve\/mpppstweb\/index.php\/2016\/11\/09\/mpppst-impulsa-unidad-de-gestion-energetica-para-usar-eficientemente-la-energia\/","url":"https:\/\/www.mpppst.gob.ve\/mpppstweb\/index.php\/2016\/11\/09\/mpppst-impulsa-unidad-de-gestion-energetica-para-usar-eficientemente-la-energia\/","name":"MPPPST impulsa Unidad de Gesti\u00f3n Energ\u00e9tica para usar eficientemente la energ\u00eda - MPPPST","isPartOf":{"@id":"https:\/\/www.mpppst.gob.ve\/mpppstweb\/#website"},"primaryImageOfPage":{"@id":"https:\/\/www.mpppst.gob.ve\/mpppstweb\/index.php\/2016\/11\/09\/mpppst-impulsa-unidad-de-gestion-energetica-para-usar-eficientemente-la-energia\/#primaryimage"},"image":{"@id":"https:\/\/www.mpppst.gob.ve\/mpppstweb\/index.php\/2016\/11\/09\/mpppst-impulsa-unidad-de-gestion-energetica-para-usar-eficientemente-la-energia\/#primaryimage"},"thumbnailUrl":"https:\/\/www.mpppst.gob.ve\/mpppstweb\/wp-content\/uploads\/2016\/11\/IMG_9279.jpg","datePublished":"2016-11-09T19:02:34+00:00","dateModified":"2016-11-09T19:02:34+00:00","breadcrumb":{"@id":"https:\/\/www.mpppst.gob.ve\/mpppstweb\/index.php\/2016\/11\/09\/mpppst-impulsa-unidad-de-gestion-energetica-para-usar-eficientemente-la-energia\/#breadcrumb"},"inLanguage":"es","potentialAction":[{"@type":"ReadAction","target":["https:\/\/www.mpppst.gob.ve\/mpppstweb\/index.php\/2016\/11\/09\/mpppst-impulsa-unidad-de-gestion-energetica-para-usar-eficientemente-la-energia\/"]}]},{"@type":"ImageObject","inLanguage":"es","@id":"https:\/\/www.mpppst.gob.ve\/mpppstweb\/index.php\/2016\/11\/09\/mpppst-impulsa-unidad-de-gestion-energetica-para-usar-eficientemente-la-energia\/#primaryimage","url":"https:\/\/www.mpppst.gob.ve\/mpppstweb\/wp-content\/uploads\/2016\/11\/IMG_9279.jpg","contentUrl":"https:\/\/www.mpppst.gob.ve\/mpppstweb\/wp-content\/uploads\/2016\/11\/IMG_9279.jpg","width":800,"height":445},{"@type":"BreadcrumbList","@id":"https:\/\/www.mpppst.gob.ve\/mpppstweb\/index.php\/2016\/11\/09\/mpppst-impulsa-unidad-de-gestion-energetica-para-usar-eficientemente-la-energia\/#breadcrumb","itemListElement":[{"@type":"ListItem","position":1,"name":"Home","item":"https:\/\/www.mpppst.gob.ve\/mpppstweb\/"},{"@type":"ListItem","position":2,"name":"MPPPST impulsa Unidad de Gesti\u00f3n Energ\u00e9tica para usar eficientemente la energ\u00eda"}]},{"@type":"WebSite","@id":"https:\/\/www.mpppst.gob.ve\/mpppstweb\/#website","url":"https:\/\/www.mpppst.gob.ve\/mpppstweb\/","name":"MPPPST","description":"Ministerio del Poder Popular para el Proceso Social de Trabajo","publisher":{"@id":"https:\/\/www.mpppst.gob.ve\/mpppstweb\/#organization"},"potentialAction":[{"@type":"SearchAction","target":{"@type":"EntryPoint","urlTemplate":"https:\/\/www.mpppst.gob.ve\/mpppstweb\/?s={search_term_string}"},"query-input":"required name=search_term_string"}],"inLanguage":"es"},{"@type":"Organization","@id":"https:\/\/www.mpppst.gob.ve\/mpppstweb\/#organization","name":"mpppst","url":"https:\/\/www.mpppst.gob.ve\/mpppstweb\/","logo":{"@type":"ImageObject","inLanguage":"es","@id":"https:\/\/www.mpppst.gob.ve\/mpppstweb\/#\/schema\/logo\/image\/","url":"https:\/\/www.mpppst.gob.ve\/mpppstweb\/wp-content\/uploads\/2025\/07\/cropped-cropped-g910.png","contentUrl":"https:\/\/www.mpppst.gob.ve\/mpppstweb\/wp-content\/uploads\/2025\/07\/cropped-cropped-g910.png","width":1080,"height":241,"caption":"mpppst"},"image":{"@id":"https:\/\/www.mpppst.gob.ve\/mpppstweb\/#\/schema\/logo\/image\/"}},{"@type":"Person","@id":"https:\/\/www.mpppst.gob.ve\/mpppstweb\/#\/schema\/person\/fc187ee8ead412bd4c9304b62f900ea4","name":"MPPPST Prensa","url":"https:\/\/www.mpppst.gob.ve\/mpppstweb\/index.php\/author\/prensa-mpppst\/"}]}},"_links":{"self":[{"href":"https:\/\/www.mpppst.gob.ve\/mpppstweb\/index.php\/wp-json\/wp\/v2\/posts\/9187"}],"collection":[{"href":"https:\/\/www.mpppst.gob.ve\/mpppstweb\/index.php\/wp-json\/wp\/v2\/posts"}],"about":[{"href":"https:\/\/www.mpppst.gob.ve\/mpppstweb\/index.php\/wp-json\/wp\/v2\/types\/post"}],"author":[{"embeddable":true,"href":"https:\/\/www.mpppst.gob.ve\/mpppstweb\/index.php\/wp-json\/wp\/v2\/users\/25"}],"replies":[{"embeddable":true,"href":"https:\/\/www.mpppst.gob.ve\/mpppstweb\/index.php\/wp-json\/wp\/v2\/comments?post=9187"}],"version-history":[{"count":1,"href":"https:\/\/www.mpppst.gob.ve\/mpppstweb\/index.php\/wp-json\/wp\/v2\/posts\/9187\/revisions"}],"predecessor-version":[{"id":9189,"href":"https:\/\/www.mpppst.gob.ve\/mpppstweb\/index.php\/wp-json\/wp\/v2\/posts\/9187\/revisions\/9189"}],"wp:featuredmedia":[{"embeddable":true,"href":"https:\/\/www.mpppst.gob.ve\/mpppstweb\/index.php\/wp-json\/wp\/v2\/media\/9188"}],"wp:attachment":[{"href":"https:\/\/www.mpppst.gob.ve\/mpppstweb\/index.php\/wp-json\/wp\/v2\/media?parent=9187"}],"wp:term":[{"taxonomy":"category","embeddable":true,"href":"https:\/\/www.mpppst.gob.ve\/mpppstweb\/index.php\/wp-json\/wp\/v2\/categories?post=9187"},{"taxonomy":"post_tag","embeddable":true,"href":"https:\/\/www.mpppst.gob.ve\/mpppstweb\/index.php\/wp-json\/wp\/v2\/tags?post=9187"}],"curies":[{"name":"wp","href":"https:\/\/api.w.org\/{rel}","templated":true}]}}