{"id":9325,"date":"2016-11-18T16:21:03","date_gmt":"2016-11-18T16:21:03","guid":{"rendered":"http:\/\/www.mpppst.gob.ve\/mpppstweb\/?p=9325"},"modified":"2016-11-18T16:21:03","modified_gmt":"2016-11-18T16:21:03","slug":"venezuela-y-el-salvador-concretaron-acuerdo-de-alcance-parcial","status":"publish","type":"post","link":"https:\/\/www.mpppst.gob.ve\/mpppstweb\/index.php\/2016\/11\/18\/venezuela-y-el-salvador-concretaron-acuerdo-de-alcance-parcial\/","title":{"rendered":"Venezuela y El Salvador concretaron Acuerdo de Alcance Parcial"},"content":{"rendered":"<p>Correo del Orinoco<\/p>\n<p>La Rep\u00fablica Bolivariana de Venezuela y El Salvador se comprometieron a concretar el Acuerdo de Alcance Parcial para potenciar la cooperaci\u00f3n, la complementaci\u00f3n productiva y el desarrollo econ\u00f3mico de los dos pa\u00edses.<\/p>\n<p>La informaci\u00f3n la dio a conocer el ministro para Comercio Exterior e Inversi\u00f3n Internacional, Jes\u00fas Far\u00eda, tras reunirse con el ministro de Econom\u00eda de El Salvador, Tharsis Salom\u00f3n L\u00f3pez, y la viceministra Luz Estrella Rodr\u00edguez, a fin de fortalecer lazos de intercambio y cooperaci\u00f3n internacional.<\/p>\n<p>El Acuerdo de Alcance Parcial tiene como objetivo fortalecer y dinamizar las corrientes comerciales de estos pa\u00edses con el otorgamiento de preferencias arancelarias y la eliminaci\u00f3n o disminuci\u00f3n de restricciones no arancelarias.<\/p>\n<p>Asimismo, contempla que Venezuela y El Salvador se concedan las mayores facilidades posibles para la promoci\u00f3n comercial en sus respectivos territorios, que consistir\u00e1n en el intercambio de misiones y delegaciones comerciales, participaci\u00f3n en ferias y exposiciones que se celebren en sus respectivos territorios.<\/p>\n<p>Far\u00eda sostuvo el encuentro con las autoridades salvadore\u00f1as a prop\u00f3sito de la XXV Feria Internacional de El Salvador 2016 y Petrocaribe, que se realiz\u00f3 con la finalidad de promover la integraci\u00f3n regional y la exportaci\u00f3n de productos no tradicionales, en el contexto del Motor Exportaci\u00f3n de la Agenda Econ\u00f3mica Bolivariana, rese\u00f1a una nota del despacho para el Comercio Exterior e Inversi\u00f3n Internacional.<\/p>\n<p>El ministro tambi\u00e9n inform\u00f3 que ambas naciones desarrollar\u00e1n una hoja de ruta que finalizar\u00e1 el 4 de febrero de 2017 con la firma del Acuerdo Comercial entre El Salvador y Venezuela, \u201cque ser\u00e1 de extraordinario alcance y beneficios para nuestras econom\u00edas, nuestros pueblos y nuestros proyectos de integraci\u00f3n\u201d.<\/p>\n<p>Se\u00f1al\u00f3 que la meta es impulsar el desarrollo de proyectos de cooperaci\u00f3n que permitan la consolidaci\u00f3n de las fuerzas productivas, de una econom\u00eda menos vulnerable a los impactos de la crisis econ\u00f3mica mundial y, sobre todo, para elevar el bienestar de la poblaci\u00f3n, como parte de la visi\u00f3n del Gobierno Bolivariano y la necesidad de la integraci\u00f3n de Latinoam\u00e9rica y el Caribe.<\/p>\n<p>\u201cEso es parte de nuestro mandato constitucional, del legado del comandante Hugo Ch\u00e1vez y la pol\u00edtica de gobierno del presidente Nicol\u00e1s Maduro, quien est\u00e1 muy comprometido con la integraci\u00f3n de la regi\u00f3n, lo que implica la construcci\u00f3n de una zona econ\u00f3mica en el Caribe\u201d, puntualiz\u00f3 Far\u00eda.<\/p>\n<p>A\u00f1adi\u00f3 que superar los grandes desaf\u00edos de la globalizaci\u00f3n y de la crisis econ\u00f3mica mundial implica \u201cestrechar nuestras econom\u00edas y ponerlas al servicio del bienestar de los pueblos y la justicia social\u201d.<\/p>\n","protected":false},"excerpt":{"rendered":"<p>Correo del Orinoco La Rep\u00fablica Bolivariana de Venezuela y El Salvador se comprometieron a concretar el &hellip; <a title=\"Venezuela y El Salvador concretaron Acuerdo de Alcance Parcial\" class=\"hm-read-more\" href=\"https:\/\/www.mpppst.gob.ve\/mpppstweb\/index.php\/2016\/11\/18\/venezuela-y-el-salvador-concretaron-acuerdo-de-alcance-parcial\/\"><span class=\"screen-reader-text\">Venezuela y El Salvador concretaron Acuerdo de Alcance Parcial<\/span>Read more<\/a><\/p>\n","protected":false},"author":25,"featured_media":9326,"comment_status":"closed","ping_status":"closed","sticky":false,"template":"","format":"standard","meta":{"footnotes":""},"categories":[82,163,237],"tags":[],"yoast_head":"<!-- This site is optimized with the Yoast SEO plugin v22.5 - https:\/\/yoast.com\/wordpress\/plugins\/seo\/ -->\n<title>Venezuela y El Salvador concretaron Acuerdo de Alcance Parcial - MPPPST<\/title>\n<meta name=\"robots\" content=\"index, follow, max-snippet:-1, max-image-preview:large, max-video-preview:-1\" \/>\n<link rel=\"canonical\" href=\"https:\/\/www.mpppst.gob.ve\/mpppstweb\/index.php\/2016\/11\/18\/venezuela-y-el-salvador-concretaron-acuerdo-de-alcance-parcial\/\" \/>\n<meta property=\"og:locale\" content=\"es_ES\" \/>\n<meta property=\"og:type\" content=\"article\" \/>\n<meta property=\"og:title\" content=\"Venezuela y El Salvador concretaron Acuerdo de Alcance Parcial - MPPPST\" \/>\n<meta property=\"og:description\" content=\"Correo del Orinoco La Rep\u00fablica Bolivariana de Venezuela y El Salvador se comprometieron a concretar el &hellip; Venezuela y El Salvador concretaron Acuerdo de Alcance ParcialRead more\" \/>\n<meta property=\"og:url\" content=\"https:\/\/www.mpppst.gob.ve\/mpppstweb\/index.php\/2016\/11\/18\/venezuela-y-el-salvador-concretaron-acuerdo-de-alcance-parcial\/\" \/>\n<meta property=\"og:site_name\" content=\"MPPPST\" \/>\n<meta property=\"article:published_time\" content=\"2016-11-18T16:21:03+00:00\" \/>\n<meta property=\"og:image\" content=\"https:\/\/www.mpppst.gob.ve\/mpppstweb\/wp-content\/uploads\/2016\/11\/Ministro-Comercio-Jesus-Faria.jpg\" \/>\n\t<meta property=\"og:image:width\" content=\"800\" \/>\n\t<meta property=\"og:image:height\" content=\"445\" \/>\n\t<meta property=\"og:image:type\" content=\"image\/jpeg\" \/>\n<meta name=\"author\" content=\"MPPPST Prensa\" \/>\n<meta name=\"twitter:card\" content=\"summary_large_image\" \/>\n<meta name=\"twitter:label1\" content=\"Escrito por\" \/>\n\t<meta name=\"twitter:data1\" content=\"MPPPST Prensa\" \/>\n\t<meta name=\"twitter:label2\" content=\"Tiempo de lectura\" \/>\n\t<meta name=\"twitter:data2\" content=\"2 minutos\" \/>\n<script type=\"application\/ld+json\" class=\"yoast-schema-graph\">{\"@context\":\"https:\/\/schema.org\",\"@graph\":[{\"@type\":\"Article\",\"@id\":\"https:\/\/www.mpppst.gob.ve\/mpppstweb\/index.php\/2016\/11\/18\/venezuela-y-el-salvador-concretaron-acuerdo-de-alcance-parcial\/#article\",\"isPartOf\":{\"@id\":\"https:\/\/www.mpppst.gob.ve\/mpppstweb\/index.php\/2016\/11\/18\/venezuela-y-el-salvador-concretaron-acuerdo-de-alcance-parcial\/\"},\"author\":{\"name\":\"MPPPST Prensa\",\"@id\":\"https:\/\/www.mpppst.gob.ve\/mpppstweb\/#\/schema\/person\/fc187ee8ead412bd4c9304b62f900ea4\"},\"headline\":\"Venezuela y El Salvador concretaron Acuerdo de Alcance Parcial\",\"datePublished\":\"2016-11-18T16:21:03+00:00\",\"dateModified\":\"2016-11-18T16:21:03+00:00\",\"mainEntityOfPage\":{\"@id\":\"https:\/\/www.mpppst.gob.ve\/mpppstweb\/index.php\/2016\/11\/18\/venezuela-y-el-salvador-concretaron-acuerdo-de-alcance-parcial\/\"},\"wordCount\":466,\"publisher\":{\"@id\":\"https:\/\/www.mpppst.gob.ve\/mpppstweb\/#organization\"},\"image\":{\"@id\":\"https:\/\/www.mpppst.gob.ve\/mpppstweb\/index.php\/2016\/11\/18\/venezuela-y-el-salvador-concretaron-acuerdo-de-alcance-parcial\/#primaryimage\"},\"thumbnailUrl\":\"https:\/\/www.mpppst.gob.ve\/mpppstweb\/wp-content\/uploads\/2016\/11\/Ministro-Comercio-Jesus-Faria.jpg\",\"articleSection\":[\"Gobierno Nacional\",\"Noticias\",\"Procesos y organismo internacionales\"],\"inLanguage\":\"es\"},{\"@type\":\"WebPage\",\"@id\":\"https:\/\/www.mpppst.gob.ve\/mpppstweb\/index.php\/2016\/11\/18\/venezuela-y-el-salvador-concretaron-acuerdo-de-alcance-parcial\/\",\"url\":\"https:\/\/www.mpppst.gob.ve\/mpppstweb\/index.php\/2016\/11\/18\/venezuela-y-el-salvador-concretaron-acuerdo-de-alcance-parcial\/\",\"name\":\"Venezuela y El Salvador concretaron Acuerdo de Alcance Parcial - MPPPST\",\"isPartOf\":{\"@id\":\"https:\/\/www.mpppst.gob.ve\/mpppstweb\/#website\"},\"primaryImageOfPage\":{\"@id\":\"https:\/\/www.mpppst.gob.ve\/mpppstweb\/index.php\/2016\/11\/18\/venezuela-y-el-salvador-concretaron-acuerdo-de-alcance-parcial\/#primaryimage\"},\"image\":{\"@id\":\"https:\/\/www.mpppst.gob.ve\/mpppstweb\/index.php\/2016\/11\/18\/venezuela-y-el-salvador-concretaron-acuerdo-de-alcance-parcial\/#primaryimage\"},\"thumbnailUrl\":\"https:\/\/www.mpppst.gob.ve\/mpppstweb\/wp-content\/uploads\/2016\/11\/Ministro-Comercio-Jesus-Faria.jpg\",\"datePublished\":\"2016-11-18T16:21:03+00:00\",\"dateModified\":\"2016-11-18T16:21:03+00:00\",\"breadcrumb\":{\"@id\":\"https:\/\/www.mpppst.gob.ve\/mpppstweb\/index.php\/2016\/11\/18\/venezuela-y-el-salvador-concretaron-acuerdo-de-alcance-parcial\/#breadcrumb\"},\"inLanguage\":\"es\",\"potentialAction\":[{\"@type\":\"ReadAction\",\"target\":[\"https:\/\/www.mpppst.gob.ve\/mpppstweb\/index.php\/2016\/11\/18\/venezuela-y-el-salvador-concretaron-acuerdo-de-alcance-parcial\/\"]}]},{\"@type\":\"ImageObject\",\"inLanguage\":\"es\",\"@id\":\"https:\/\/www.mpppst.gob.ve\/mpppstweb\/index.php\/2016\/11\/18\/venezuela-y-el-salvador-concretaron-acuerdo-de-alcance-parcial\/#primaryimage\",\"url\":\"https:\/\/www.mpppst.gob.ve\/mpppstweb\/wp-content\/uploads\/2016\/11\/Ministro-Comercio-Jesus-Faria.jpg\",\"contentUrl\":\"https:\/\/www.mpppst.gob.ve\/mpppstweb\/wp-content\/uploads\/2016\/11\/Ministro-Comercio-Jesus-Faria.jpg\",\"width\":800,\"height\":445},{\"@type\":\"BreadcrumbList\",\"@id\":\"https:\/\/www.mpppst.gob.ve\/mpppstweb\/index.php\/2016\/11\/18\/venezuela-y-el-salvador-concretaron-acuerdo-de-alcance-parcial\/#breadcrumb\",\"itemListElement\":[{\"@type\":\"ListItem\",\"position\":1,\"name\":\"Home\",\"item\":\"https:\/\/www.mpppst.gob.ve\/mpppstweb\/\"},{\"@type\":\"ListItem\",\"position\":2,\"name\":\"Venezuela y El Salvador concretaron Acuerdo de Alcance Parcial\"}]},{\"@type\":\"WebSite\",\"@id\":\"https:\/\/www.mpppst.gob.ve\/mpppstweb\/#website\",\"url\":\"https:\/\/www.mpppst.gob.ve\/mpppstweb\/\",\"name\":\"MPPPST\",\"description\":\"Ministerio del Poder Popular para el Proceso Social de Trabajo\",\"publisher\":{\"@id\":\"https:\/\/www.mpppst.gob.ve\/mpppstweb\/#organization\"},\"potentialAction\":[{\"@type\":\"SearchAction\",\"target\":{\"@type\":\"EntryPoint\",\"urlTemplate\":\"https:\/\/www.mpppst.gob.ve\/mpppstweb\/?s={search_term_string}\"},\"query-input\":\"required name=search_term_string\"}],\"inLanguage\":\"es\"},{\"@type\":\"Organization\",\"@id\":\"https:\/\/www.mpppst.gob.ve\/mpppstweb\/#organization\",\"name\":\"mpppst\",\"url\":\"https:\/\/www.mpppst.gob.ve\/mpppstweb\/\",\"logo\":{\"@type\":\"ImageObject\",\"inLanguage\":\"es\",\"@id\":\"https:\/\/www.mpppst.gob.ve\/mpppstweb\/#\/schema\/logo\/image\/\",\"url\":\"https:\/\/www.mpppst.gob.ve\/mpppstweb\/wp-content\/uploads\/2025\/07\/cropped-cropped-g910.png\",\"contentUrl\":\"https:\/\/www.mpppst.gob.ve\/mpppstweb\/wp-content\/uploads\/2025\/07\/cropped-cropped-g910.png\",\"width\":1080,\"height\":241,\"caption\":\"mpppst\"},\"image\":{\"@id\":\"https:\/\/www.mpppst.gob.ve\/mpppstweb\/#\/schema\/logo\/image\/\"}},{\"@type\":\"Person\",\"@id\":\"https:\/\/www.mpppst.gob.ve\/mpppstweb\/#\/schema\/person\/fc187ee8ead412bd4c9304b62f900ea4\",\"name\":\"MPPPST Prensa\",\"url\":\"https:\/\/www.mpppst.gob.ve\/mpppstweb\/index.php\/author\/prensa-mpppst\/\"}]}<\/script>\n<!-- \/ Yoast SEO plugin. -->","yoast_head_json":{"title":"Venezuela y El Salvador concretaron Acuerdo de Alcance Parcial - MPPPST","robots":{"index":"index","follow":"follow","max-snippet":"max-snippet:-1","max-image-preview":"max-image-preview:large","max-video-preview":"max-video-preview:-1"},"canonical":"https:\/\/www.mpppst.gob.ve\/mpppstweb\/index.php\/2016\/11\/18\/venezuela-y-el-salvador-concretaron-acuerdo-de-alcance-parcial\/","og_locale":"es_ES","og_type":"article","og_title":"Venezuela y El Salvador concretaron Acuerdo de Alcance Parcial - MPPPST","og_description":"Correo del Orinoco La Rep\u00fablica Bolivariana de Venezuela y El Salvador se comprometieron a concretar el &hellip; Venezuela y El Salvador concretaron Acuerdo de Alcance ParcialRead more","og_url":"https:\/\/www.mpppst.gob.ve\/mpppstweb\/index.php\/2016\/11\/18\/venezuela-y-el-salvador-concretaron-acuerdo-de-alcance-parcial\/","og_site_name":"MPPPST","article_published_time":"2016-11-18T16:21:03+00:00","og_image":[{"width":800,"height":445,"url":"https:\/\/www.mpppst.gob.ve\/mpppstweb\/wp-content\/uploads\/2016\/11\/Ministro-Comercio-Jesus-Faria.jpg","type":"image\/jpeg"}],"author":"MPPPST Prensa","twitter_card":"summary_large_image","twitter_misc":{"Escrito por":"MPPPST Prensa","Tiempo de lectura":"2 minutos"},"schema":{"@context":"https:\/\/schema.org","@graph":[{"@type":"Article","@id":"https:\/\/www.mpppst.gob.ve\/mpppstweb\/index.php\/2016\/11\/18\/venezuela-y-el-salvador-concretaron-acuerdo-de-alcance-parcial\/#article","isPartOf":{"@id":"https:\/\/www.mpppst.gob.ve\/mpppstweb\/index.php\/2016\/11\/18\/venezuela-y-el-salvador-concretaron-acuerdo-de-alcance-parcial\/"},"author":{"name":"MPPPST Prensa","@id":"https:\/\/www.mpppst.gob.ve\/mpppstweb\/#\/schema\/person\/fc187ee8ead412bd4c9304b62f900ea4"},"headline":"Venezuela y El Salvador concretaron Acuerdo de Alcance Parcial","datePublished":"2016-11-18T16:21:03+00:00","dateModified":"2016-11-18T16:21:03+00:00","mainEntityOfPage":{"@id":"https:\/\/www.mpppst.gob.ve\/mpppstweb\/index.php\/2016\/11\/18\/venezuela-y-el-salvador-concretaron-acuerdo-de-alcance-parcial\/"},"wordCount":466,"publisher":{"@id":"https:\/\/www.mpppst.gob.ve\/mpppstweb\/#organization"},"image":{"@id":"https:\/\/www.mpppst.gob.ve\/mpppstweb\/index.php\/2016\/11\/18\/venezuela-y-el-salvador-concretaron-acuerdo-de-alcance-parcial\/#primaryimage"},"thumbnailUrl":"https:\/\/www.mpppst.gob.ve\/mpppstweb\/wp-content\/uploads\/2016\/11\/Ministro-Comercio-Jesus-Faria.jpg","articleSection":["Gobierno Nacional","Noticias","Procesos y organismo internacionales"],"inLanguage":"es"},{"@type":"WebPage","@id":"https:\/\/www.mpppst.gob.ve\/mpppstweb\/index.php\/2016\/11\/18\/venezuela-y-el-salvador-concretaron-acuerdo-de-alcance-parcial\/","url":"https:\/\/www.mpppst.gob.ve\/mpppstweb\/index.php\/2016\/11\/18\/venezuela-y-el-salvador-concretaron-acuerdo-de-alcance-parcial\/","name":"Venezuela y El Salvador concretaron Acuerdo de Alcance Parcial - MPPPST","isPartOf":{"@id":"https:\/\/www.mpppst.gob.ve\/mpppstweb\/#website"},"primaryImageOfPage":{"@id":"https:\/\/www.mpppst.gob.ve\/mpppstweb\/index.php\/2016\/11\/18\/venezuela-y-el-salvador-concretaron-acuerdo-de-alcance-parcial\/#primaryimage"},"image":{"@id":"https:\/\/www.mpppst.gob.ve\/mpppstweb\/index.php\/2016\/11\/18\/venezuela-y-el-salvador-concretaron-acuerdo-de-alcance-parcial\/#primaryimage"},"thumbnailUrl":"https:\/\/www.mpppst.gob.ve\/mpppstweb\/wp-content\/uploads\/2016\/11\/Ministro-Comercio-Jesus-Faria.jpg","datePublished":"2016-11-18T16:21:03+00:00","dateModified":"2016-11-18T16:21:03+00:00","breadcrumb":{"@id":"https:\/\/www.mpppst.gob.ve\/mpppstweb\/index.php\/2016\/11\/18\/venezuela-y-el-salvador-concretaron-acuerdo-de-alcance-parcial\/#breadcrumb"},"inLanguage":"es","potentialAction":[{"@type":"ReadAction","target":["https:\/\/www.mpppst.gob.ve\/mpppstweb\/index.php\/2016\/11\/18\/venezuela-y-el-salvador-concretaron-acuerdo-de-alcance-parcial\/"]}]},{"@type":"ImageObject","inLanguage":"es","@id":"https:\/\/www.mpppst.gob.ve\/mpppstweb\/index.php\/2016\/11\/18\/venezuela-y-el-salvador-concretaron-acuerdo-de-alcance-parcial\/#primaryimage","url":"https:\/\/www.mpppst.gob.ve\/mpppstweb\/wp-content\/uploads\/2016\/11\/Ministro-Comercio-Jesus-Faria.jpg","contentUrl":"https:\/\/www.mpppst.gob.ve\/mpppstweb\/wp-content\/uploads\/2016\/11\/Ministro-Comercio-Jesus-Faria.jpg","width":800,"height":445},{"@type":"BreadcrumbList","@id":"https:\/\/www.mpppst.gob.ve\/mpppstweb\/index.php\/2016\/11\/18\/venezuela-y-el-salvador-concretaron-acuerdo-de-alcance-parcial\/#breadcrumb","itemListElement":[{"@type":"ListItem","position":1,"name":"Home","item":"https:\/\/www.mpppst.gob.ve\/mpppstweb\/"},{"@type":"ListItem","position":2,"name":"Venezuela y El Salvador concretaron Acuerdo de Alcance Parcial"}]},{"@type":"WebSite","@id":"https:\/\/www.mpppst.gob.ve\/mpppstweb\/#website","url":"https:\/\/www.mpppst.gob.ve\/mpppstweb\/","name":"MPPPST","description":"Ministerio del Poder Popular para el Proceso Social de Trabajo","publisher":{"@id":"https:\/\/www.mpppst.gob.ve\/mpppstweb\/#organization"},"potentialAction":[{"@type":"SearchAction","target":{"@type":"EntryPoint","urlTemplate":"https:\/\/www.mpppst.gob.ve\/mpppstweb\/?s={search_term_string}"},"query-input":"required name=search_term_string"}],"inLanguage":"es"},{"@type":"Organization","@id":"https:\/\/www.mpppst.gob.ve\/mpppstweb\/#organization","name":"mpppst","url":"https:\/\/www.mpppst.gob.ve\/mpppstweb\/","logo":{"@type":"ImageObject","inLanguage":"es","@id":"https:\/\/www.mpppst.gob.ve\/mpppstweb\/#\/schema\/logo\/image\/","url":"https:\/\/www.mpppst.gob.ve\/mpppstweb\/wp-content\/uploads\/2025\/07\/cropped-cropped-g910.png","contentUrl":"https:\/\/www.mpppst.gob.ve\/mpppstweb\/wp-content\/uploads\/2025\/07\/cropped-cropped-g910.png","width":1080,"height":241,"caption":"mpppst"},"image":{"@id":"https:\/\/www.mpppst.gob.ve\/mpppstweb\/#\/schema\/logo\/image\/"}},{"@type":"Person","@id":"https:\/\/www.mpppst.gob.ve\/mpppstweb\/#\/schema\/person\/fc187ee8ead412bd4c9304b62f900ea4","name":"MPPPST Prensa","url":"https:\/\/www.mpppst.gob.ve\/mpppstweb\/index.php\/author\/prensa-mpppst\/"}]}},"_links":{"self":[{"href":"https:\/\/www.mpppst.gob.ve\/mpppstweb\/index.php\/wp-json\/wp\/v2\/posts\/9325"}],"collection":[{"href":"https:\/\/www.mpppst.gob.ve\/mpppstweb\/index.php\/wp-json\/wp\/v2\/posts"}],"about":[{"href":"https:\/\/www.mpppst.gob.ve\/mpppstweb\/index.php\/wp-json\/wp\/v2\/types\/post"}],"author":[{"embeddable":true,"href":"https:\/\/www.mpppst.gob.ve\/mpppstweb\/index.php\/wp-json\/wp\/v2\/users\/25"}],"replies":[{"embeddable":true,"href":"https:\/\/www.mpppst.gob.ve\/mpppstweb\/index.php\/wp-json\/wp\/v2\/comments?post=9325"}],"version-history":[{"count":2,"href":"https:\/\/www.mpppst.gob.ve\/mpppstweb\/index.php\/wp-json\/wp\/v2\/posts\/9325\/revisions"}],"predecessor-version":[{"id":9328,"href":"https:\/\/www.mpppst.gob.ve\/mpppstweb\/index.php\/wp-json\/wp\/v2\/posts\/9325\/revisions\/9328"}],"wp:featuredmedia":[{"embeddable":true,"href":"https:\/\/www.mpppst.gob.ve\/mpppstweb\/index.php\/wp-json\/wp\/v2\/media\/9326"}],"wp:attachment":[{"href":"https:\/\/www.mpppst.gob.ve\/mpppstweb\/index.php\/wp-json\/wp\/v2\/media?parent=9325"}],"wp:term":[{"taxonomy":"category","embeddable":true,"href":"https:\/\/www.mpppst.gob.ve\/mpppstweb\/index.php\/wp-json\/wp\/v2\/categories?post=9325"},{"taxonomy":"post_tag","embeddable":true,"href":"https:\/\/www.mpppst.gob.ve\/mpppstweb\/index.php\/wp-json\/wp\/v2\/tags?post=9325"}],"curies":[{"name":"wp","href":"https:\/\/api.w.org\/{rel}","templated":true}]}}