{"id":9332,"date":"2016-11-18T20:51:26","date_gmt":"2016-11-18T20:51:26","guid":{"rendered":"http:\/\/www.mpppst.gob.ve\/mpppstweb\/?p=9332"},"modified":"2016-11-19T01:28:06","modified_gmt":"2016-11-19T01:28:06","slug":"inaugurada-farmapatria-en-venvidrios-de-los-guayos","status":"publish","type":"post","link":"https:\/\/www.mpppst.gob.ve\/mpppstweb\/index.php\/2016\/11\/18\/inaugurada-farmapatria-en-venvidrios-de-los-guayos\/","title":{"rendered":"Inaugurada Farmapatria en Venvidrio  Los Guayos para beneficiar a 850 trabajadores"},"content":{"rendered":"<p>Prensa MPPPST.- Con el fin de fortalecer la Red de Farmacias Populares y el Motor Farmac\u00e9utico con las que se implementan las pol\u00edticas de salud para beneficio del pueblo este viernes se inaugur\u00f3 una Farmapatria en la sede de Venvidrios, en la planta Los Guayos del estado Carabobo, que beneficiar\u00e1 a 850 trabajadores m\u00e1s su entorno familiar.<\/p>\n<p>A la inauguraci\u00f3n de acudi\u00f3 el Viceministro de Previsi\u00f3n Social, N\u00e9stor Ovalles, para acompa\u00f1ar al gerente general Leopoldo Landaeta en la apertura de esta sucursal n\u00famero 85 de Farmapatria llamada 4F Venvidrio Los Guayos.<\/p>\n<p>El viceministro de Previsi\u00f3n Social, N\u00e9stor Ovalles, destac\u00f3 que esta nueva inauguraci\u00f3n forma parte del plan de expansi\u00f3n que adelanta la Revoluci\u00f3n Bolivariana de esta red de farmacias socialistas, con las que se busca mejorar el acceso de medicamentos tradicionales y tambi\u00e9n de medicina alternativa o natural a la poblaci\u00f3n.<\/p>\n<p>\u201cEs significativo que en esta empresa recuperada se active esta Farmapatria. Esto concreta lo que ha venido se\u00f1alando el Gobierno Bolivariano de garantizar el derecho a la salud, a la alimentaci\u00f3n, a la educaci\u00f3n, Es un acto para ratificar que la revoluci\u00f3n no cede en los principios de garantizar y proteger al pueblo venezolano y trabajador\u201d, dijo el profesor Ovalles.<\/p>\n<p>Adem\u00e1s, el viceministro se\u00f1al\u00f3 que Farmapatria se ha activado en todos los estados del pa\u00eds, con excepci\u00f3n de Delta Amacuro, entidad que pr\u00f3ximamente estar\u00e1 disfrutando de una sucursal de esta farmacia socialista.<\/p>\n","protected":false},"excerpt":{"rendered":"<p>Prensa MPPPST.- Con el fin de fortalecer la Red de Farmacias Populares y el Motor Farmac\u00e9utico &hellip; <a title=\"Inaugurada Farmapatria en Venvidrio  Los Guayos para beneficiar a 850 trabajadores\" class=\"hm-read-more\" href=\"https:\/\/www.mpppst.gob.ve\/mpppstweb\/index.php\/2016\/11\/18\/inaugurada-farmapatria-en-venvidrios-de-los-guayos\/\"><span class=\"screen-reader-text\">Inaugurada Farmapatria en Venvidrio  Los Guayos para beneficiar a 850 trabajadores<\/span>Read more<\/a><\/p>\n","protected":false},"author":25,"featured_media":9333,"comment_status":"closed","ping_status":"closed","sticky":false,"template":"","format":"standard","meta":{"footnotes":""},"categories":[239,82,83,163],"tags":[241,252,225,222],"yoast_head":"<!-- This site is optimized with the Yoast SEO plugin v22.5 - https:\/\/yoast.com\/wordpress\/plugins\/seo\/ -->\n<title>Inaugurada Farmapatria en Venvidrio Los Guayos para beneficiar a 850 trabajadores - MPPPST<\/title>\n<meta name=\"robots\" content=\"index, follow, max-snippet:-1, max-image-preview:large, max-video-preview:-1\" \/>\n<link rel=\"canonical\" href=\"https:\/\/www.mpppst.gob.ve\/mpppstweb\/index.php\/2016\/11\/18\/inaugurada-farmapatria-en-venvidrios-de-los-guayos\/\" \/>\n<meta property=\"og:locale\" content=\"es_ES\" \/>\n<meta property=\"og:type\" content=\"article\" \/>\n<meta property=\"og:title\" content=\"Inaugurada Farmapatria en Venvidrio Los Guayos para beneficiar a 850 trabajadores - MPPPST\" \/>\n<meta property=\"og:description\" content=\"Prensa MPPPST.- Con el fin de fortalecer la Red de Farmacias Populares y el Motor Farmac\u00e9utico &hellip; Inaugurada Farmapatria en Venvidrio Los Guayos para beneficiar a 850 trabajadoresRead more\" \/>\n<meta property=\"og:url\" content=\"https:\/\/www.mpppst.gob.ve\/mpppstweb\/index.php\/2016\/11\/18\/inaugurada-farmapatria-en-venvidrios-de-los-guayos\/\" \/>\n<meta property=\"og:site_name\" content=\"MPPPST\" \/>\n<meta property=\"article:published_time\" content=\"2016-11-18T20:51:26+00:00\" \/>\n<meta property=\"article:modified_time\" content=\"2016-11-19T01:28:06+00:00\" \/>\n<meta property=\"og:image\" content=\"https:\/\/www.mpppst.gob.ve\/mpppstweb\/wp-content\/uploads\/2016\/11\/farmapatria.jpg\" \/>\n\t<meta property=\"og:image:width\" content=\"800\" \/>\n\t<meta property=\"og:image:height\" content=\"455\" \/>\n\t<meta property=\"og:image:type\" content=\"image\/jpeg\" \/>\n<meta name=\"author\" content=\"MPPPST Prensa\" \/>\n<meta name=\"twitter:card\" content=\"summary_large_image\" \/>\n<meta name=\"twitter:label1\" content=\"Escrito por\" \/>\n\t<meta name=\"twitter:data1\" content=\"MPPPST Prensa\" \/>\n\t<meta name=\"twitter:label2\" content=\"Tiempo de lectura\" \/>\n\t<meta name=\"twitter:data2\" content=\"1 minuto\" \/>\n<script type=\"application\/ld+json\" class=\"yoast-schema-graph\">{\"@context\":\"https:\/\/schema.org\",\"@graph\":[{\"@type\":\"Article\",\"@id\":\"https:\/\/www.mpppst.gob.ve\/mpppstweb\/index.php\/2016\/11\/18\/inaugurada-farmapatria-en-venvidrios-de-los-guayos\/#article\",\"isPartOf\":{\"@id\":\"https:\/\/www.mpppst.gob.ve\/mpppstweb\/index.php\/2016\/11\/18\/inaugurada-farmapatria-en-venvidrios-de-los-guayos\/\"},\"author\":{\"name\":\"MPPPST Prensa\",\"@id\":\"https:\/\/www.mpppst.gob.ve\/mpppstweb\/#\/schema\/person\/fc187ee8ead412bd4c9304b62f900ea4\"},\"headline\":\"Inaugurada Farmapatria en Venvidrio Los Guayos para beneficiar a 850 trabajadores\",\"datePublished\":\"2016-11-18T20:51:26+00:00\",\"dateModified\":\"2016-11-19T01:28:06+00:00\",\"mainEntityOfPage\":{\"@id\":\"https:\/\/www.mpppst.gob.ve\/mpppstweb\/index.php\/2016\/11\/18\/inaugurada-farmapatria-en-venvidrios-de-los-guayos\/\"},\"wordCount\":266,\"publisher\":{\"@id\":\"https:\/\/www.mpppst.gob.ve\/mpppstweb\/#organization\"},\"image\":{\"@id\":\"https:\/\/www.mpppst.gob.ve\/mpppstweb\/index.php\/2016\/11\/18\/inaugurada-farmapatria-en-venvidrios-de-los-guayos\/#primaryimage\"},\"thumbnailUrl\":\"https:\/\/www.mpppst.gob.ve\/mpppstweb\/wp-content\/uploads\/2016\/11\/farmapatria.jpg\",\"keywords\":[\"Cadenas productivas\",\"Farmapatria\",\"Fuerza Laboral\",\"Gobierno Bolivariano\"],\"articleSection\":[\"Entes adscritos\",\"Gobierno Nacional\",\"Ministerio\",\"Noticias\"],\"inLanguage\":\"es\"},{\"@type\":\"WebPage\",\"@id\":\"https:\/\/www.mpppst.gob.ve\/mpppstweb\/index.php\/2016\/11\/18\/inaugurada-farmapatria-en-venvidrios-de-los-guayos\/\",\"url\":\"https:\/\/www.mpppst.gob.ve\/mpppstweb\/index.php\/2016\/11\/18\/inaugurada-farmapatria-en-venvidrios-de-los-guayos\/\",\"name\":\"Inaugurada Farmapatria en Venvidrio Los Guayos para beneficiar a 850 trabajadores - MPPPST\",\"isPartOf\":{\"@id\":\"https:\/\/www.mpppst.gob.ve\/mpppstweb\/#website\"},\"primaryImageOfPage\":{\"@id\":\"https:\/\/www.mpppst.gob.ve\/mpppstweb\/index.php\/2016\/11\/18\/inaugurada-farmapatria-en-venvidrios-de-los-guayos\/#primaryimage\"},\"image\":{\"@id\":\"https:\/\/www.mpppst.gob.ve\/mpppstweb\/index.php\/2016\/11\/18\/inaugurada-farmapatria-en-venvidrios-de-los-guayos\/#primaryimage\"},\"thumbnailUrl\":\"https:\/\/www.mpppst.gob.ve\/mpppstweb\/wp-content\/uploads\/2016\/11\/farmapatria.jpg\",\"datePublished\":\"2016-11-18T20:51:26+00:00\",\"dateModified\":\"2016-11-19T01:28:06+00:00\",\"breadcrumb\":{\"@id\":\"https:\/\/www.mpppst.gob.ve\/mpppstweb\/index.php\/2016\/11\/18\/inaugurada-farmapatria-en-venvidrios-de-los-guayos\/#breadcrumb\"},\"inLanguage\":\"es\",\"potentialAction\":[{\"@type\":\"ReadAction\",\"target\":[\"https:\/\/www.mpppst.gob.ve\/mpppstweb\/index.php\/2016\/11\/18\/inaugurada-farmapatria-en-venvidrios-de-los-guayos\/\"]}]},{\"@type\":\"ImageObject\",\"inLanguage\":\"es\",\"@id\":\"https:\/\/www.mpppst.gob.ve\/mpppstweb\/index.php\/2016\/11\/18\/inaugurada-farmapatria-en-venvidrios-de-los-guayos\/#primaryimage\",\"url\":\"https:\/\/www.mpppst.gob.ve\/mpppstweb\/wp-content\/uploads\/2016\/11\/farmapatria.jpg\",\"contentUrl\":\"https:\/\/www.mpppst.gob.ve\/mpppstweb\/wp-content\/uploads\/2016\/11\/farmapatria.jpg\",\"width\":800,\"height\":455},{\"@type\":\"BreadcrumbList\",\"@id\":\"https:\/\/www.mpppst.gob.ve\/mpppstweb\/index.php\/2016\/11\/18\/inaugurada-farmapatria-en-venvidrios-de-los-guayos\/#breadcrumb\",\"itemListElement\":[{\"@type\":\"ListItem\",\"position\":1,\"name\":\"Home\",\"item\":\"https:\/\/www.mpppst.gob.ve\/mpppstweb\/\"},{\"@type\":\"ListItem\",\"position\":2,\"name\":\"Inaugurada Farmapatria en Venvidrio Los Guayos para beneficiar a 850 trabajadores\"}]},{\"@type\":\"WebSite\",\"@id\":\"https:\/\/www.mpppst.gob.ve\/mpppstweb\/#website\",\"url\":\"https:\/\/www.mpppst.gob.ve\/mpppstweb\/\",\"name\":\"MPPPST\",\"description\":\"Ministerio del Poder Popular para el Proceso Social de Trabajo\",\"publisher\":{\"@id\":\"https:\/\/www.mpppst.gob.ve\/mpppstweb\/#organization\"},\"potentialAction\":[{\"@type\":\"SearchAction\",\"target\":{\"@type\":\"EntryPoint\",\"urlTemplate\":\"https:\/\/www.mpppst.gob.ve\/mpppstweb\/?s={search_term_string}\"},\"query-input\":\"required name=search_term_string\"}],\"inLanguage\":\"es\"},{\"@type\":\"Organization\",\"@id\":\"https:\/\/www.mpppst.gob.ve\/mpppstweb\/#organization\",\"name\":\"mpppst\",\"url\":\"https:\/\/www.mpppst.gob.ve\/mpppstweb\/\",\"logo\":{\"@type\":\"ImageObject\",\"inLanguage\":\"es\",\"@id\":\"https:\/\/www.mpppst.gob.ve\/mpppstweb\/#\/schema\/logo\/image\/\",\"url\":\"https:\/\/www.mpppst.gob.ve\/mpppstweb\/wp-content\/uploads\/2025\/07\/cropped-cropped-g910.png\",\"contentUrl\":\"https:\/\/www.mpppst.gob.ve\/mpppstweb\/wp-content\/uploads\/2025\/07\/cropped-cropped-g910.png\",\"width\":1080,\"height\":241,\"caption\":\"mpppst\"},\"image\":{\"@id\":\"https:\/\/www.mpppst.gob.ve\/mpppstweb\/#\/schema\/logo\/image\/\"}},{\"@type\":\"Person\",\"@id\":\"https:\/\/www.mpppst.gob.ve\/mpppstweb\/#\/schema\/person\/fc187ee8ead412bd4c9304b62f900ea4\",\"name\":\"MPPPST Prensa\",\"url\":\"https:\/\/www.mpppst.gob.ve\/mpppstweb\/index.php\/author\/prensa-mpppst\/\"}]}<\/script>\n<!-- \/ Yoast SEO plugin. -->","yoast_head_json":{"title":"Inaugurada Farmapatria en Venvidrio Los Guayos para beneficiar a 850 trabajadores - MPPPST","robots":{"index":"index","follow":"follow","max-snippet":"max-snippet:-1","max-image-preview":"max-image-preview:large","max-video-preview":"max-video-preview:-1"},"canonical":"https:\/\/www.mpppst.gob.ve\/mpppstweb\/index.php\/2016\/11\/18\/inaugurada-farmapatria-en-venvidrios-de-los-guayos\/","og_locale":"es_ES","og_type":"article","og_title":"Inaugurada Farmapatria en Venvidrio Los Guayos para beneficiar a 850 trabajadores - MPPPST","og_description":"Prensa MPPPST.- Con el fin de fortalecer la Red de Farmacias Populares y el Motor Farmac\u00e9utico &hellip; Inaugurada Farmapatria en Venvidrio Los Guayos para beneficiar a 850 trabajadoresRead more","og_url":"https:\/\/www.mpppst.gob.ve\/mpppstweb\/index.php\/2016\/11\/18\/inaugurada-farmapatria-en-venvidrios-de-los-guayos\/","og_site_name":"MPPPST","article_published_time":"2016-11-18T20:51:26+00:00","article_modified_time":"2016-11-19T01:28:06+00:00","og_image":[{"width":800,"height":455,"url":"https:\/\/www.mpppst.gob.ve\/mpppstweb\/wp-content\/uploads\/2016\/11\/farmapatria.jpg","type":"image\/jpeg"}],"author":"MPPPST Prensa","twitter_card":"summary_large_image","twitter_misc":{"Escrito por":"MPPPST Prensa","Tiempo de lectura":"1 minuto"},"schema":{"@context":"https:\/\/schema.org","@graph":[{"@type":"Article","@id":"https:\/\/www.mpppst.gob.ve\/mpppstweb\/index.php\/2016\/11\/18\/inaugurada-farmapatria-en-venvidrios-de-los-guayos\/#article","isPartOf":{"@id":"https:\/\/www.mpppst.gob.ve\/mpppstweb\/index.php\/2016\/11\/18\/inaugurada-farmapatria-en-venvidrios-de-los-guayos\/"},"author":{"name":"MPPPST Prensa","@id":"https:\/\/www.mpppst.gob.ve\/mpppstweb\/#\/schema\/person\/fc187ee8ead412bd4c9304b62f900ea4"},"headline":"Inaugurada Farmapatria en Venvidrio Los Guayos para beneficiar a 850 trabajadores","datePublished":"2016-11-18T20:51:26+00:00","dateModified":"2016-11-19T01:28:06+00:00","mainEntityOfPage":{"@id":"https:\/\/www.mpppst.gob.ve\/mpppstweb\/index.php\/2016\/11\/18\/inaugurada-farmapatria-en-venvidrios-de-los-guayos\/"},"wordCount":266,"publisher":{"@id":"https:\/\/www.mpppst.gob.ve\/mpppstweb\/#organization"},"image":{"@id":"https:\/\/www.mpppst.gob.ve\/mpppstweb\/index.php\/2016\/11\/18\/inaugurada-farmapatria-en-venvidrios-de-los-guayos\/#primaryimage"},"thumbnailUrl":"https:\/\/www.mpppst.gob.ve\/mpppstweb\/wp-content\/uploads\/2016\/11\/farmapatria.jpg","keywords":["Cadenas productivas","Farmapatria","Fuerza Laboral","Gobierno Bolivariano"],"articleSection":["Entes adscritos","Gobierno Nacional","Ministerio","Noticias"],"inLanguage":"es"},{"@type":"WebPage","@id":"https:\/\/www.mpppst.gob.ve\/mpppstweb\/index.php\/2016\/11\/18\/inaugurada-farmapatria-en-venvidrios-de-los-guayos\/","url":"https:\/\/www.mpppst.gob.ve\/mpppstweb\/index.php\/2016\/11\/18\/inaugurada-farmapatria-en-venvidrios-de-los-guayos\/","name":"Inaugurada Farmapatria en Venvidrio Los Guayos para beneficiar a 850 trabajadores - MPPPST","isPartOf":{"@id":"https:\/\/www.mpppst.gob.ve\/mpppstweb\/#website"},"primaryImageOfPage":{"@id":"https:\/\/www.mpppst.gob.ve\/mpppstweb\/index.php\/2016\/11\/18\/inaugurada-farmapatria-en-venvidrios-de-los-guayos\/#primaryimage"},"image":{"@id":"https:\/\/www.mpppst.gob.ve\/mpppstweb\/index.php\/2016\/11\/18\/inaugurada-farmapatria-en-venvidrios-de-los-guayos\/#primaryimage"},"thumbnailUrl":"https:\/\/www.mpppst.gob.ve\/mpppstweb\/wp-content\/uploads\/2016\/11\/farmapatria.jpg","datePublished":"2016-11-18T20:51:26+00:00","dateModified":"2016-11-19T01:28:06+00:00","breadcrumb":{"@id":"https:\/\/www.mpppst.gob.ve\/mpppstweb\/index.php\/2016\/11\/18\/inaugurada-farmapatria-en-venvidrios-de-los-guayos\/#breadcrumb"},"inLanguage":"es","potentialAction":[{"@type":"ReadAction","target":["https:\/\/www.mpppst.gob.ve\/mpppstweb\/index.php\/2016\/11\/18\/inaugurada-farmapatria-en-venvidrios-de-los-guayos\/"]}]},{"@type":"ImageObject","inLanguage":"es","@id":"https:\/\/www.mpppst.gob.ve\/mpppstweb\/index.php\/2016\/11\/18\/inaugurada-farmapatria-en-venvidrios-de-los-guayos\/#primaryimage","url":"https:\/\/www.mpppst.gob.ve\/mpppstweb\/wp-content\/uploads\/2016\/11\/farmapatria.jpg","contentUrl":"https:\/\/www.mpppst.gob.ve\/mpppstweb\/wp-content\/uploads\/2016\/11\/farmapatria.jpg","width":800,"height":455},{"@type":"BreadcrumbList","@id":"https:\/\/www.mpppst.gob.ve\/mpppstweb\/index.php\/2016\/11\/18\/inaugurada-farmapatria-en-venvidrios-de-los-guayos\/#breadcrumb","itemListElement":[{"@type":"ListItem","position":1,"name":"Home","item":"https:\/\/www.mpppst.gob.ve\/mpppstweb\/"},{"@type":"ListItem","position":2,"name":"Inaugurada Farmapatria en Venvidrio Los Guayos para beneficiar a 850 trabajadores"}]},{"@type":"WebSite","@id":"https:\/\/www.mpppst.gob.ve\/mpppstweb\/#website","url":"https:\/\/www.mpppst.gob.ve\/mpppstweb\/","name":"MPPPST","description":"Ministerio del Poder Popular para el Proceso Social de Trabajo","publisher":{"@id":"https:\/\/www.mpppst.gob.ve\/mpppstweb\/#organization"},"potentialAction":[{"@type":"SearchAction","target":{"@type":"EntryPoint","urlTemplate":"https:\/\/www.mpppst.gob.ve\/mpppstweb\/?s={search_term_string}"},"query-input":"required name=search_term_string"}],"inLanguage":"es"},{"@type":"Organization","@id":"https:\/\/www.mpppst.gob.ve\/mpppstweb\/#organization","name":"mpppst","url":"https:\/\/www.mpppst.gob.ve\/mpppstweb\/","logo":{"@type":"ImageObject","inLanguage":"es","@id":"https:\/\/www.mpppst.gob.ve\/mpppstweb\/#\/schema\/logo\/image\/","url":"https:\/\/www.mpppst.gob.ve\/mpppstweb\/wp-content\/uploads\/2025\/07\/cropped-cropped-g910.png","contentUrl":"https:\/\/www.mpppst.gob.ve\/mpppstweb\/wp-content\/uploads\/2025\/07\/cropped-cropped-g910.png","width":1080,"height":241,"caption":"mpppst"},"image":{"@id":"https:\/\/www.mpppst.gob.ve\/mpppstweb\/#\/schema\/logo\/image\/"}},{"@type":"Person","@id":"https:\/\/www.mpppst.gob.ve\/mpppstweb\/#\/schema\/person\/fc187ee8ead412bd4c9304b62f900ea4","name":"MPPPST Prensa","url":"https:\/\/www.mpppst.gob.ve\/mpppstweb\/index.php\/author\/prensa-mpppst\/"}]}},"_links":{"self":[{"href":"https:\/\/www.mpppst.gob.ve\/mpppstweb\/index.php\/wp-json\/wp\/v2\/posts\/9332"}],"collection":[{"href":"https:\/\/www.mpppst.gob.ve\/mpppstweb\/index.php\/wp-json\/wp\/v2\/posts"}],"about":[{"href":"https:\/\/www.mpppst.gob.ve\/mpppstweb\/index.php\/wp-json\/wp\/v2\/types\/post"}],"author":[{"embeddable":true,"href":"https:\/\/www.mpppst.gob.ve\/mpppstweb\/index.php\/wp-json\/wp\/v2\/users\/25"}],"replies":[{"embeddable":true,"href":"https:\/\/www.mpppst.gob.ve\/mpppstweb\/index.php\/wp-json\/wp\/v2\/comments?post=9332"}],"version-history":[{"count":2,"href":"https:\/\/www.mpppst.gob.ve\/mpppstweb\/index.php\/wp-json\/wp\/v2\/posts\/9332\/revisions"}],"predecessor-version":[{"id":9335,"href":"https:\/\/www.mpppst.gob.ve\/mpppstweb\/index.php\/wp-json\/wp\/v2\/posts\/9332\/revisions\/9335"}],"wp:featuredmedia":[{"embeddable":true,"href":"https:\/\/www.mpppst.gob.ve\/mpppstweb\/index.php\/wp-json\/wp\/v2\/media\/9333"}],"wp:attachment":[{"href":"https:\/\/www.mpppst.gob.ve\/mpppstweb\/index.php\/wp-json\/wp\/v2\/media?parent=9332"}],"wp:term":[{"taxonomy":"category","embeddable":true,"href":"https:\/\/www.mpppst.gob.ve\/mpppstweb\/index.php\/wp-json\/wp\/v2\/categories?post=9332"},{"taxonomy":"post_tag","embeddable":true,"href":"https:\/\/www.mpppst.gob.ve\/mpppstweb\/index.php\/wp-json\/wp\/v2\/tags?post=9332"}],"curies":[{"name":"wp","href":"https:\/\/api.w.org\/{rel}","templated":true}]}}