{"id":9337,"date":"2016-11-19T20:06:30","date_gmt":"2016-11-19T20:06:30","guid":{"rendered":"http:\/\/www.mpppst.gob.ve\/mpppstweb\/?p=9337"},"modified":"2016-11-19T20:16:03","modified_gmt":"2016-11-19T20:16:03","slug":"vera-desde-el-furrial-no-nos-quitaran-las-navidades","status":"publish","type":"post","link":"https:\/\/www.mpppst.gob.ve\/mpppstweb\/index.php\/2016\/11\/19\/vera-desde-el-furrial-no-nos-quitaran-las-navidades\/","title":{"rendered":"Vera desde El Furrial: \u201cNo nos quitar\u00e1n las navidades\u201d"},"content":{"rendered":"<p>Con el firme prop\u00f3sito de\u00a0 dar respuesta a la poblaci\u00f3n m\u00e1s vulnerable del pa\u00eds, el \u00a0ministro del Poder Popular para el Proceso Social del Trabajo, Oswaldo Vera asisti\u00f3 al Furrial, municipio Matur\u00edn, estado Monagas, para acompa\u00f1ar a la poblaci\u00f3n que est\u00e1 decidida en celebrar las festividades navide\u00f1as, a pesar de la guerra econ\u00f3mica emprendida por sectores \u00a0de la oposici\u00f3n. Asimismo, inaugur\u00f3 este s\u00e1bado la Base de Misi\u00f3n Socialista\u00a0 Villa de Amana.<\/p>\n<p>En el encuentro con las comunidades de El Furrial, el ministro Vera se\u00f1al\u00f3 que \u201cest\u00e1 con la alegr\u00eda del pueblo, un pueblo que est\u00e1 acostumbrado a celebrar sus navidades\u201d, las cuales, agreg\u00f3 enf\u00e1ticamente, \u00a0\u201cno nos la quitar\u00e1n\u201d.<\/p>\n<p>\u201cEstamos en El Furrial con nuestros ni\u00f1os y con nuestras ni\u00f1as, con la parranda, con nuestra gobernadora Yelitze Santaella y la ministra Lorena Freitez, titular del Despacho de Agricultura Urbana, demostrando que continuamos con una jornada de elaboraci\u00f3n de hallacas, tal como lo hac\u00edan nuestros ancestros\u201d, dijo Vera en una jornada de despliegue en contacto directo con el pueblo.<\/p>\n<p>Vale destacar que el ministro Vera, en correspondencia con el lineamiento del Presidente de la Rep\u00fablica, Nicol\u00e1s Maduro, se ha desplegado atendiendo a las comunidades m\u00e1s afectadas por las acciones acometidas por sectores que se dedican a implosionar la econom\u00eda, a trav\u00e9s de estratagemas \u00a0que han venido socavando a las poblaciones con m\u00e1s problemas para solventar sus necesidades, dada la incesante inflaci\u00f3n inducida. Tales acciones forman parte de las pol\u00edticas sociales que ha venido desarrollando el Gobierno Nacional durante todos estos a\u00f1os para \u201cllevar la mayor suma de felicidad social al pueblo\u201d.<\/p>\n<p>Por Marbelys Mav\u00e1rez Laguna<\/p>\n","protected":false},"excerpt":{"rendered":"<p>Con el firme prop\u00f3sito de\u00a0 dar respuesta a la poblaci\u00f3n m\u00e1s vulnerable del pa\u00eds, el \u00a0ministro &hellip; <a title=\"Vera desde El Furrial: \u201cNo nos quitar\u00e1n las navidades\u201d\" class=\"hm-read-more\" href=\"https:\/\/www.mpppst.gob.ve\/mpppstweb\/index.php\/2016\/11\/19\/vera-desde-el-furrial-no-nos-quitaran-las-navidades\/\"><span class=\"screen-reader-text\">Vera desde El Furrial: \u201cNo nos quitar\u00e1n las navidades\u201d<\/span>Read more<\/a><\/p>\n","protected":false},"author":25,"featured_media":9340,"comment_status":"closed","ping_status":"closed","sticky":false,"template":"","format":"standard","meta":{"footnotes":""},"categories":[1,83],"tags":[242,240],"yoast_head":"<!-- This site is optimized with the Yoast SEO plugin v22.5 - https:\/\/yoast.com\/wordpress\/plugins\/seo\/ -->\n<title>Vera desde El Furrial: \u201cNo nos quitar\u00e1n las navidades\u201d - MPPPST<\/title>\n<meta name=\"robots\" content=\"index, follow, max-snippet:-1, max-image-preview:large, max-video-preview:-1\" \/>\n<link rel=\"canonical\" href=\"https:\/\/www.mpppst.gob.ve\/mpppstweb\/index.php\/2016\/11\/19\/vera-desde-el-furrial-no-nos-quitaran-las-navidades\/\" \/>\n<meta property=\"og:locale\" content=\"es_ES\" \/>\n<meta property=\"og:type\" content=\"article\" \/>\n<meta property=\"og:title\" content=\"Vera desde El Furrial: \u201cNo nos quitar\u00e1n las navidades\u201d - MPPPST\" \/>\n<meta property=\"og:description\" content=\"Con el firme prop\u00f3sito de\u00a0 dar respuesta a la poblaci\u00f3n m\u00e1s vulnerable del pa\u00eds, el \u00a0ministro &hellip; Vera desde El Furrial: \u201cNo nos quitar\u00e1n las navidades\u201dRead more\" \/>\n<meta property=\"og:url\" content=\"https:\/\/www.mpppst.gob.ve\/mpppstweb\/index.php\/2016\/11\/19\/vera-desde-el-furrial-no-nos-quitaran-las-navidades\/\" \/>\n<meta property=\"og:site_name\" content=\"MPPPST\" \/>\n<meta property=\"article:published_time\" content=\"2016-11-19T20:06:30+00:00\" \/>\n<meta property=\"article:modified_time\" content=\"2016-11-19T20:16:03+00:00\" \/>\n<meta property=\"og:image\" content=\"https:\/\/www.mpppst.gob.ve\/mpppstweb\/wp-content\/uploads\/2016\/11\/VERA-EN-MONAGAS-1.jpg\" \/>\n\t<meta property=\"og:image:width\" content=\"1280\" \/>\n\t<meta property=\"og:image:height\" content=\"960\" \/>\n\t<meta property=\"og:image:type\" content=\"image\/jpeg\" \/>\n<meta name=\"author\" content=\"MPPPST Prensa\" \/>\n<meta name=\"twitter:card\" content=\"summary_large_image\" \/>\n<meta name=\"twitter:label1\" content=\"Escrito por\" \/>\n\t<meta name=\"twitter:data1\" content=\"MPPPST Prensa\" \/>\n\t<meta name=\"twitter:label2\" content=\"Tiempo de lectura\" \/>\n\t<meta name=\"twitter:data2\" content=\"1 minuto\" \/>\n<script type=\"application\/ld+json\" class=\"yoast-schema-graph\">{\"@context\":\"https:\/\/schema.org\",\"@graph\":[{\"@type\":\"Article\",\"@id\":\"https:\/\/www.mpppst.gob.ve\/mpppstweb\/index.php\/2016\/11\/19\/vera-desde-el-furrial-no-nos-quitaran-las-navidades\/#article\",\"isPartOf\":{\"@id\":\"https:\/\/www.mpppst.gob.ve\/mpppstweb\/index.php\/2016\/11\/19\/vera-desde-el-furrial-no-nos-quitaran-las-navidades\/\"},\"author\":{\"name\":\"MPPPST Prensa\",\"@id\":\"https:\/\/www.mpppst.gob.ve\/mpppstweb\/#\/schema\/person\/fc187ee8ead412bd4c9304b62f900ea4\"},\"headline\":\"Vera desde El Furrial: \u201cNo nos quitar\u00e1n las navidades\u201d\",\"datePublished\":\"2016-11-19T20:06:30+00:00\",\"dateModified\":\"2016-11-19T20:16:03+00:00\",\"mainEntityOfPage\":{\"@id\":\"https:\/\/www.mpppst.gob.ve\/mpppstweb\/index.php\/2016\/11\/19\/vera-desde-el-furrial-no-nos-quitaran-las-navidades\/\"},\"wordCount\":303,\"publisher\":{\"@id\":\"https:\/\/www.mpppst.gob.ve\/mpppstweb\/#organization\"},\"image\":{\"@id\":\"https:\/\/www.mpppst.gob.ve\/mpppstweb\/index.php\/2016\/11\/19\/vera-desde-el-furrial-no-nos-quitaran-las-navidades\/#primaryimage\"},\"thumbnailUrl\":\"https:\/\/www.mpppst.gob.ve\/mpppstweb\/wp-content\/uploads\/2016\/11\/VERA-EN-MONAGAS-1.jpg\",\"keywords\":[\"Justa distribuci\u00f3n de la riqueza\",\"Participaci\u00f3n popular y protag\u00f3nica\"],\"articleSection\":[\"Grandes Misiones\",\"Ministerio\"],\"inLanguage\":\"es\"},{\"@type\":\"WebPage\",\"@id\":\"https:\/\/www.mpppst.gob.ve\/mpppstweb\/index.php\/2016\/11\/19\/vera-desde-el-furrial-no-nos-quitaran-las-navidades\/\",\"url\":\"https:\/\/www.mpppst.gob.ve\/mpppstweb\/index.php\/2016\/11\/19\/vera-desde-el-furrial-no-nos-quitaran-las-navidades\/\",\"name\":\"Vera desde El Furrial: \u201cNo nos quitar\u00e1n las navidades\u201d - MPPPST\",\"isPartOf\":{\"@id\":\"https:\/\/www.mpppst.gob.ve\/mpppstweb\/#website\"},\"primaryImageOfPage\":{\"@id\":\"https:\/\/www.mpppst.gob.ve\/mpppstweb\/index.php\/2016\/11\/19\/vera-desde-el-furrial-no-nos-quitaran-las-navidades\/#primaryimage\"},\"image\":{\"@id\":\"https:\/\/www.mpppst.gob.ve\/mpppstweb\/index.php\/2016\/11\/19\/vera-desde-el-furrial-no-nos-quitaran-las-navidades\/#primaryimage\"},\"thumbnailUrl\":\"https:\/\/www.mpppst.gob.ve\/mpppstweb\/wp-content\/uploads\/2016\/11\/VERA-EN-MONAGAS-1.jpg\",\"datePublished\":\"2016-11-19T20:06:30+00:00\",\"dateModified\":\"2016-11-19T20:16:03+00:00\",\"breadcrumb\":{\"@id\":\"https:\/\/www.mpppst.gob.ve\/mpppstweb\/index.php\/2016\/11\/19\/vera-desde-el-furrial-no-nos-quitaran-las-navidades\/#breadcrumb\"},\"inLanguage\":\"es\",\"potentialAction\":[{\"@type\":\"ReadAction\",\"target\":[\"https:\/\/www.mpppst.gob.ve\/mpppstweb\/index.php\/2016\/11\/19\/vera-desde-el-furrial-no-nos-quitaran-las-navidades\/\"]}]},{\"@type\":\"ImageObject\",\"inLanguage\":\"es\",\"@id\":\"https:\/\/www.mpppst.gob.ve\/mpppstweb\/index.php\/2016\/11\/19\/vera-desde-el-furrial-no-nos-quitaran-las-navidades\/#primaryimage\",\"url\":\"https:\/\/www.mpppst.gob.ve\/mpppstweb\/wp-content\/uploads\/2016\/11\/VERA-EN-MONAGAS-1.jpg\",\"contentUrl\":\"https:\/\/www.mpppst.gob.ve\/mpppstweb\/wp-content\/uploads\/2016\/11\/VERA-EN-MONAGAS-1.jpg\",\"width\":1280,\"height\":960},{\"@type\":\"BreadcrumbList\",\"@id\":\"https:\/\/www.mpppst.gob.ve\/mpppstweb\/index.php\/2016\/11\/19\/vera-desde-el-furrial-no-nos-quitaran-las-navidades\/#breadcrumb\",\"itemListElement\":[{\"@type\":\"ListItem\",\"position\":1,\"name\":\"Home\",\"item\":\"https:\/\/www.mpppst.gob.ve\/mpppstweb\/\"},{\"@type\":\"ListItem\",\"position\":2,\"name\":\"Vera desde El Furrial: \u201cNo nos quitar\u00e1n las navidades\u201d\"}]},{\"@type\":\"WebSite\",\"@id\":\"https:\/\/www.mpppst.gob.ve\/mpppstweb\/#website\",\"url\":\"https:\/\/www.mpppst.gob.ve\/mpppstweb\/\",\"name\":\"MPPPST\",\"description\":\"Ministerio del Poder Popular para el Proceso Social de Trabajo\",\"publisher\":{\"@id\":\"https:\/\/www.mpppst.gob.ve\/mpppstweb\/#organization\"},\"potentialAction\":[{\"@type\":\"SearchAction\",\"target\":{\"@type\":\"EntryPoint\",\"urlTemplate\":\"https:\/\/www.mpppst.gob.ve\/mpppstweb\/?s={search_term_string}\"},\"query-input\":\"required name=search_term_string\"}],\"inLanguage\":\"es\"},{\"@type\":\"Organization\",\"@id\":\"https:\/\/www.mpppst.gob.ve\/mpppstweb\/#organization\",\"name\":\"mpppst\",\"url\":\"https:\/\/www.mpppst.gob.ve\/mpppstweb\/\",\"logo\":{\"@type\":\"ImageObject\",\"inLanguage\":\"es\",\"@id\":\"https:\/\/www.mpppst.gob.ve\/mpppstweb\/#\/schema\/logo\/image\/\",\"url\":\"https:\/\/www.mpppst.gob.ve\/mpppstweb\/wp-content\/uploads\/2025\/07\/cropped-cropped-g910.png\",\"contentUrl\":\"https:\/\/www.mpppst.gob.ve\/mpppstweb\/wp-content\/uploads\/2025\/07\/cropped-cropped-g910.png\",\"width\":1080,\"height\":241,\"caption\":\"mpppst\"},\"image\":{\"@id\":\"https:\/\/www.mpppst.gob.ve\/mpppstweb\/#\/schema\/logo\/image\/\"}},{\"@type\":\"Person\",\"@id\":\"https:\/\/www.mpppst.gob.ve\/mpppstweb\/#\/schema\/person\/fc187ee8ead412bd4c9304b62f900ea4\",\"name\":\"MPPPST Prensa\",\"url\":\"https:\/\/www.mpppst.gob.ve\/mpppstweb\/index.php\/author\/prensa-mpppst\/\"}]}<\/script>\n<!-- \/ Yoast SEO plugin. -->","yoast_head_json":{"title":"Vera desde El Furrial: \u201cNo nos quitar\u00e1n las navidades\u201d - MPPPST","robots":{"index":"index","follow":"follow","max-snippet":"max-snippet:-1","max-image-preview":"max-image-preview:large","max-video-preview":"max-video-preview:-1"},"canonical":"https:\/\/www.mpppst.gob.ve\/mpppstweb\/index.php\/2016\/11\/19\/vera-desde-el-furrial-no-nos-quitaran-las-navidades\/","og_locale":"es_ES","og_type":"article","og_title":"Vera desde El Furrial: \u201cNo nos quitar\u00e1n las navidades\u201d - MPPPST","og_description":"Con el firme prop\u00f3sito de\u00a0 dar respuesta a la poblaci\u00f3n m\u00e1s vulnerable del pa\u00eds, el \u00a0ministro &hellip; Vera desde El Furrial: \u201cNo nos quitar\u00e1n las navidades\u201dRead more","og_url":"https:\/\/www.mpppst.gob.ve\/mpppstweb\/index.php\/2016\/11\/19\/vera-desde-el-furrial-no-nos-quitaran-las-navidades\/","og_site_name":"MPPPST","article_published_time":"2016-11-19T20:06:30+00:00","article_modified_time":"2016-11-19T20:16:03+00:00","og_image":[{"width":1280,"height":960,"url":"https:\/\/www.mpppst.gob.ve\/mpppstweb\/wp-content\/uploads\/2016\/11\/VERA-EN-MONAGAS-1.jpg","type":"image\/jpeg"}],"author":"MPPPST Prensa","twitter_card":"summary_large_image","twitter_misc":{"Escrito por":"MPPPST Prensa","Tiempo de lectura":"1 minuto"},"schema":{"@context":"https:\/\/schema.org","@graph":[{"@type":"Article","@id":"https:\/\/www.mpppst.gob.ve\/mpppstweb\/index.php\/2016\/11\/19\/vera-desde-el-furrial-no-nos-quitaran-las-navidades\/#article","isPartOf":{"@id":"https:\/\/www.mpppst.gob.ve\/mpppstweb\/index.php\/2016\/11\/19\/vera-desde-el-furrial-no-nos-quitaran-las-navidades\/"},"author":{"name":"MPPPST Prensa","@id":"https:\/\/www.mpppst.gob.ve\/mpppstweb\/#\/schema\/person\/fc187ee8ead412bd4c9304b62f900ea4"},"headline":"Vera desde El Furrial: \u201cNo nos quitar\u00e1n las navidades\u201d","datePublished":"2016-11-19T20:06:30+00:00","dateModified":"2016-11-19T20:16:03+00:00","mainEntityOfPage":{"@id":"https:\/\/www.mpppst.gob.ve\/mpppstweb\/index.php\/2016\/11\/19\/vera-desde-el-furrial-no-nos-quitaran-las-navidades\/"},"wordCount":303,"publisher":{"@id":"https:\/\/www.mpppst.gob.ve\/mpppstweb\/#organization"},"image":{"@id":"https:\/\/www.mpppst.gob.ve\/mpppstweb\/index.php\/2016\/11\/19\/vera-desde-el-furrial-no-nos-quitaran-las-navidades\/#primaryimage"},"thumbnailUrl":"https:\/\/www.mpppst.gob.ve\/mpppstweb\/wp-content\/uploads\/2016\/11\/VERA-EN-MONAGAS-1.jpg","keywords":["Justa distribuci\u00f3n de la riqueza","Participaci\u00f3n popular y protag\u00f3nica"],"articleSection":["Grandes Misiones","Ministerio"],"inLanguage":"es"},{"@type":"WebPage","@id":"https:\/\/www.mpppst.gob.ve\/mpppstweb\/index.php\/2016\/11\/19\/vera-desde-el-furrial-no-nos-quitaran-las-navidades\/","url":"https:\/\/www.mpppst.gob.ve\/mpppstweb\/index.php\/2016\/11\/19\/vera-desde-el-furrial-no-nos-quitaran-las-navidades\/","name":"Vera desde El Furrial: \u201cNo nos quitar\u00e1n las navidades\u201d - MPPPST","isPartOf":{"@id":"https:\/\/www.mpppst.gob.ve\/mpppstweb\/#website"},"primaryImageOfPage":{"@id":"https:\/\/www.mpppst.gob.ve\/mpppstweb\/index.php\/2016\/11\/19\/vera-desde-el-furrial-no-nos-quitaran-las-navidades\/#primaryimage"},"image":{"@id":"https:\/\/www.mpppst.gob.ve\/mpppstweb\/index.php\/2016\/11\/19\/vera-desde-el-furrial-no-nos-quitaran-las-navidades\/#primaryimage"},"thumbnailUrl":"https:\/\/www.mpppst.gob.ve\/mpppstweb\/wp-content\/uploads\/2016\/11\/VERA-EN-MONAGAS-1.jpg","datePublished":"2016-11-19T20:06:30+00:00","dateModified":"2016-11-19T20:16:03+00:00","breadcrumb":{"@id":"https:\/\/www.mpppst.gob.ve\/mpppstweb\/index.php\/2016\/11\/19\/vera-desde-el-furrial-no-nos-quitaran-las-navidades\/#breadcrumb"},"inLanguage":"es","potentialAction":[{"@type":"ReadAction","target":["https:\/\/www.mpppst.gob.ve\/mpppstweb\/index.php\/2016\/11\/19\/vera-desde-el-furrial-no-nos-quitaran-las-navidades\/"]}]},{"@type":"ImageObject","inLanguage":"es","@id":"https:\/\/www.mpppst.gob.ve\/mpppstweb\/index.php\/2016\/11\/19\/vera-desde-el-furrial-no-nos-quitaran-las-navidades\/#primaryimage","url":"https:\/\/www.mpppst.gob.ve\/mpppstweb\/wp-content\/uploads\/2016\/11\/VERA-EN-MONAGAS-1.jpg","contentUrl":"https:\/\/www.mpppst.gob.ve\/mpppstweb\/wp-content\/uploads\/2016\/11\/VERA-EN-MONAGAS-1.jpg","width":1280,"height":960},{"@type":"BreadcrumbList","@id":"https:\/\/www.mpppst.gob.ve\/mpppstweb\/index.php\/2016\/11\/19\/vera-desde-el-furrial-no-nos-quitaran-las-navidades\/#breadcrumb","itemListElement":[{"@type":"ListItem","position":1,"name":"Home","item":"https:\/\/www.mpppst.gob.ve\/mpppstweb\/"},{"@type":"ListItem","position":2,"name":"Vera desde El Furrial: \u201cNo nos quitar\u00e1n las navidades\u201d"}]},{"@type":"WebSite","@id":"https:\/\/www.mpppst.gob.ve\/mpppstweb\/#website","url":"https:\/\/www.mpppst.gob.ve\/mpppstweb\/","name":"MPPPST","description":"Ministerio del Poder Popular para el Proceso Social de Trabajo","publisher":{"@id":"https:\/\/www.mpppst.gob.ve\/mpppstweb\/#organization"},"potentialAction":[{"@type":"SearchAction","target":{"@type":"EntryPoint","urlTemplate":"https:\/\/www.mpppst.gob.ve\/mpppstweb\/?s={search_term_string}"},"query-input":"required name=search_term_string"}],"inLanguage":"es"},{"@type":"Organization","@id":"https:\/\/www.mpppst.gob.ve\/mpppstweb\/#organization","name":"mpppst","url":"https:\/\/www.mpppst.gob.ve\/mpppstweb\/","logo":{"@type":"ImageObject","inLanguage":"es","@id":"https:\/\/www.mpppst.gob.ve\/mpppstweb\/#\/schema\/logo\/image\/","url":"https:\/\/www.mpppst.gob.ve\/mpppstweb\/wp-content\/uploads\/2025\/07\/cropped-cropped-g910.png","contentUrl":"https:\/\/www.mpppst.gob.ve\/mpppstweb\/wp-content\/uploads\/2025\/07\/cropped-cropped-g910.png","width":1080,"height":241,"caption":"mpppst"},"image":{"@id":"https:\/\/www.mpppst.gob.ve\/mpppstweb\/#\/schema\/logo\/image\/"}},{"@type":"Person","@id":"https:\/\/www.mpppst.gob.ve\/mpppstweb\/#\/schema\/person\/fc187ee8ead412bd4c9304b62f900ea4","name":"MPPPST Prensa","url":"https:\/\/www.mpppst.gob.ve\/mpppstweb\/index.php\/author\/prensa-mpppst\/"}]}},"_links":{"self":[{"href":"https:\/\/www.mpppst.gob.ve\/mpppstweb\/index.php\/wp-json\/wp\/v2\/posts\/9337"}],"collection":[{"href":"https:\/\/www.mpppst.gob.ve\/mpppstweb\/index.php\/wp-json\/wp\/v2\/posts"}],"about":[{"href":"https:\/\/www.mpppst.gob.ve\/mpppstweb\/index.php\/wp-json\/wp\/v2\/types\/post"}],"author":[{"embeddable":true,"href":"https:\/\/www.mpppst.gob.ve\/mpppstweb\/index.php\/wp-json\/wp\/v2\/users\/25"}],"replies":[{"embeddable":true,"href":"https:\/\/www.mpppst.gob.ve\/mpppstweb\/index.php\/wp-json\/wp\/v2\/comments?post=9337"}],"version-history":[{"count":1,"href":"https:\/\/www.mpppst.gob.ve\/mpppstweb\/index.php\/wp-json\/wp\/v2\/posts\/9337\/revisions"}],"predecessor-version":[{"id":9339,"href":"https:\/\/www.mpppst.gob.ve\/mpppstweb\/index.php\/wp-json\/wp\/v2\/posts\/9337\/revisions\/9339"}],"wp:featuredmedia":[{"embeddable":true,"href":"https:\/\/www.mpppst.gob.ve\/mpppstweb\/index.php\/wp-json\/wp\/v2\/media\/9340"}],"wp:attachment":[{"href":"https:\/\/www.mpppst.gob.ve\/mpppstweb\/index.php\/wp-json\/wp\/v2\/media?parent=9337"}],"wp:term":[{"taxonomy":"category","embeddable":true,"href":"https:\/\/www.mpppst.gob.ve\/mpppstweb\/index.php\/wp-json\/wp\/v2\/categories?post=9337"},{"taxonomy":"post_tag","embeddable":true,"href":"https:\/\/www.mpppst.gob.ve\/mpppstweb\/index.php\/wp-json\/wp\/v2\/tags?post=9337"}],"curies":[{"name":"wp","href":"https:\/\/api.w.org\/{rel}","templated":true}]}}