{"id":9345,"date":"2016-11-21T14:30:51","date_gmt":"2016-11-21T14:30:51","guid":{"rendered":"http:\/\/www.mpppst.gob.ve\/mpppstweb\/?p=9345"},"modified":"2016-11-21T14:37:57","modified_gmt":"2016-11-21T14:37:57","slug":"villancicos-y-gaitas-llegan-al-mpppst","status":"publish","type":"post","link":"https:\/\/www.mpppst.gob.ve\/mpppstweb\/index.php\/2016\/11\/21\/villancicos-y-gaitas-llegan-al-mpppst\/","title":{"rendered":"Villancicos y gaitas llegan al MPPPST"},"content":{"rendered":"<p>Prensa MPPPST.- Entre villancicos y gaitas la coral del Ministerio del Poder Popular para el Proceso Social de Trabajo (MPPPST), junto a las corales del Ministerio del Poder Popular para la Salud y de Ipostel, recorrieron todo el ministerio hasta el Despacho del Ministro llevando alegr\u00eda y el sabor del inicio de la Navidad.<\/p>\n<p>Con el acompa\u00f1amiento del profesor Luis Eduardo Galean, los miembros de la coral animaron a los servidores y servidoras p\u00fablicos del piso 5 del Ministerio del Poder Popular para el Proceso Social de Trabajo, quienes bailaron y cantaron al ritmo de la parranda navide\u00f1a.<\/p>\n<p>Evelia Bosset, jubilada del MPPPST, y quien forma parte de esta coral desde hace mucho tiempo, inform\u00f3 que para el pr\u00f3ximo 24 de noviembre este grupo se estar\u00e1 presentando en horas del mediod\u00eda en la sede del Instituto Nacional de Capacitaci\u00f3n y Educaci\u00f3n Socialista (Inces); y ese mismo en la tarde tendr\u00e1n una presentaci\u00f3n en el Teatro Teresa Carre\u00f1o.<\/p>\n<p>Agreg\u00f3 que la pr\u00f3xima presentaci\u00f3n en el MPPPST ser\u00e1 el seis de diciembre en el piso 4\u00a0 para presentar el Nacimiento Viviente. Un d\u00eda antes se presentar\u00e1n en la sede del Ministerio de Salud, y el 8 de noviembre en la sede de Ipostel.<\/p>\n<p>La coral est\u00e1 integrada por Raquel Rojas, Eva Colmenares, Evelia Bosset, Aura Guerra, Mar\u00eda Rodr\u00edguez, Valent\u00edn Sanoja, Berta Caraballo, Nancy Castillo, Jos\u00e9 Mendoza, Pedro rodr\u00edguez, Omar Rivero, Oswaldo Catano, Isbelia Angarita, Margarita Salcedo, Diana Pasarello, bajo el mando de Luis Eduardo Galean.<\/p>\n<p>&nbsp;<\/p>\n<p>Por Elio Garc\u00eda<\/p>\n","protected":false},"excerpt":{"rendered":"<p>Prensa MPPPST.- Entre villancicos y gaitas la coral del Ministerio del Poder Popular para el Proceso &hellip; <a title=\"Villancicos y gaitas llegan al MPPPST\" class=\"hm-read-more\" href=\"https:\/\/www.mpppst.gob.ve\/mpppstweb\/index.php\/2016\/11\/21\/villancicos-y-gaitas-llegan-al-mpppst\/\"><span class=\"screen-reader-text\">Villancicos y gaitas llegan al MPPPST<\/span>Read more<\/a><\/p>\n","protected":false},"author":25,"featured_media":9346,"comment_status":"closed","ping_status":"closed","sticky":false,"template":"","format":"standard","meta":{"footnotes":""},"categories":[83,163],"tags":[223,227],"yoast_head":"<!-- This site is optimized with the Yoast SEO plugin v22.5 - https:\/\/yoast.com\/wordpress\/plugins\/seo\/ -->\n<title>Villancicos y gaitas llegan al MPPPST - MPPPST<\/title>\n<meta name=\"robots\" content=\"index, follow, max-snippet:-1, max-image-preview:large, max-video-preview:-1\" \/>\n<link rel=\"canonical\" href=\"https:\/\/www.mpppst.gob.ve\/mpppstweb\/index.php\/2016\/11\/21\/villancicos-y-gaitas-llegan-al-mpppst\/\" \/>\n<meta property=\"og:locale\" content=\"es_ES\" \/>\n<meta property=\"og:type\" content=\"article\" \/>\n<meta property=\"og:title\" content=\"Villancicos y gaitas llegan al MPPPST - MPPPST\" \/>\n<meta property=\"og:description\" content=\"Prensa MPPPST.- Entre villancicos y gaitas la coral del Ministerio del Poder Popular para el Proceso &hellip; Villancicos y gaitas llegan al MPPPSTRead more\" \/>\n<meta property=\"og:url\" content=\"https:\/\/www.mpppst.gob.ve\/mpppstweb\/index.php\/2016\/11\/21\/villancicos-y-gaitas-llegan-al-mpppst\/\" \/>\n<meta property=\"og:site_name\" content=\"MPPPST\" \/>\n<meta property=\"article:published_time\" content=\"2016-11-21T14:30:51+00:00\" \/>\n<meta property=\"article:modified_time\" content=\"2016-11-21T14:37:57+00:00\" \/>\n<meta property=\"og:image\" content=\"https:\/\/www.mpppst.gob.ve\/mpppstweb\/wp-content\/uploads\/2016\/11\/NAVIDAD.jpg\" \/>\n\t<meta property=\"og:image:width\" content=\"800\" \/>\n\t<meta property=\"og:image:height\" content=\"455\" \/>\n\t<meta property=\"og:image:type\" content=\"image\/jpeg\" \/>\n<meta name=\"author\" content=\"MPPPST Prensa\" \/>\n<meta name=\"twitter:card\" content=\"summary_large_image\" \/>\n<meta name=\"twitter:label1\" content=\"Escrito por\" \/>\n\t<meta name=\"twitter:data1\" content=\"MPPPST Prensa\" \/>\n\t<meta name=\"twitter:label2\" content=\"Tiempo de lectura\" \/>\n\t<meta name=\"twitter:data2\" content=\"1 minuto\" \/>\n<script type=\"application\/ld+json\" class=\"yoast-schema-graph\">{\"@context\":\"https:\/\/schema.org\",\"@graph\":[{\"@type\":\"Article\",\"@id\":\"https:\/\/www.mpppst.gob.ve\/mpppstweb\/index.php\/2016\/11\/21\/villancicos-y-gaitas-llegan-al-mpppst\/#article\",\"isPartOf\":{\"@id\":\"https:\/\/www.mpppst.gob.ve\/mpppstweb\/index.php\/2016\/11\/21\/villancicos-y-gaitas-llegan-al-mpppst\/\"},\"author\":{\"name\":\"MPPPST Prensa\",\"@id\":\"https:\/\/www.mpppst.gob.ve\/mpppstweb\/#\/schema\/person\/fc187ee8ead412bd4c9304b62f900ea4\"},\"headline\":\"Villancicos y gaitas llegan al MPPPST\",\"datePublished\":\"2016-11-21T14:30:51+00:00\",\"dateModified\":\"2016-11-21T14:37:57+00:00\",\"mainEntityOfPage\":{\"@id\":\"https:\/\/www.mpppst.gob.ve\/mpppstweb\/index.php\/2016\/11\/21\/villancicos-y-gaitas-llegan-al-mpppst\/\"},\"wordCount\":270,\"publisher\":{\"@id\":\"https:\/\/www.mpppst.gob.ve\/mpppstweb\/#organization\"},\"image\":{\"@id\":\"https:\/\/www.mpppst.gob.ve\/mpppstweb\/index.php\/2016\/11\/21\/villancicos-y-gaitas-llegan-al-mpppst\/#primaryimage\"},\"thumbnailUrl\":\"https:\/\/www.mpppst.gob.ve\/mpppstweb\/wp-content\/uploads\/2016\/11\/NAVIDAD.jpg\",\"keywords\":[\"MPPPST\",\"Proceso Social\"],\"articleSection\":[\"Ministerio\",\"Noticias\"],\"inLanguage\":\"es\"},{\"@type\":\"WebPage\",\"@id\":\"https:\/\/www.mpppst.gob.ve\/mpppstweb\/index.php\/2016\/11\/21\/villancicos-y-gaitas-llegan-al-mpppst\/\",\"url\":\"https:\/\/www.mpppst.gob.ve\/mpppstweb\/index.php\/2016\/11\/21\/villancicos-y-gaitas-llegan-al-mpppst\/\",\"name\":\"Villancicos y gaitas llegan al MPPPST - MPPPST\",\"isPartOf\":{\"@id\":\"https:\/\/www.mpppst.gob.ve\/mpppstweb\/#website\"},\"primaryImageOfPage\":{\"@id\":\"https:\/\/www.mpppst.gob.ve\/mpppstweb\/index.php\/2016\/11\/21\/villancicos-y-gaitas-llegan-al-mpppst\/#primaryimage\"},\"image\":{\"@id\":\"https:\/\/www.mpppst.gob.ve\/mpppstweb\/index.php\/2016\/11\/21\/villancicos-y-gaitas-llegan-al-mpppst\/#primaryimage\"},\"thumbnailUrl\":\"https:\/\/www.mpppst.gob.ve\/mpppstweb\/wp-content\/uploads\/2016\/11\/NAVIDAD.jpg\",\"datePublished\":\"2016-11-21T14:30:51+00:00\",\"dateModified\":\"2016-11-21T14:37:57+00:00\",\"breadcrumb\":{\"@id\":\"https:\/\/www.mpppst.gob.ve\/mpppstweb\/index.php\/2016\/11\/21\/villancicos-y-gaitas-llegan-al-mpppst\/#breadcrumb\"},\"inLanguage\":\"es\",\"potentialAction\":[{\"@type\":\"ReadAction\",\"target\":[\"https:\/\/www.mpppst.gob.ve\/mpppstweb\/index.php\/2016\/11\/21\/villancicos-y-gaitas-llegan-al-mpppst\/\"]}]},{\"@type\":\"ImageObject\",\"inLanguage\":\"es\",\"@id\":\"https:\/\/www.mpppst.gob.ve\/mpppstweb\/index.php\/2016\/11\/21\/villancicos-y-gaitas-llegan-al-mpppst\/#primaryimage\",\"url\":\"https:\/\/www.mpppst.gob.ve\/mpppstweb\/wp-content\/uploads\/2016\/11\/NAVIDAD.jpg\",\"contentUrl\":\"https:\/\/www.mpppst.gob.ve\/mpppstweb\/wp-content\/uploads\/2016\/11\/NAVIDAD.jpg\",\"width\":800,\"height\":455},{\"@type\":\"BreadcrumbList\",\"@id\":\"https:\/\/www.mpppst.gob.ve\/mpppstweb\/index.php\/2016\/11\/21\/villancicos-y-gaitas-llegan-al-mpppst\/#breadcrumb\",\"itemListElement\":[{\"@type\":\"ListItem\",\"position\":1,\"name\":\"Home\",\"item\":\"https:\/\/www.mpppst.gob.ve\/mpppstweb\/\"},{\"@type\":\"ListItem\",\"position\":2,\"name\":\"Villancicos y gaitas llegan al MPPPST\"}]},{\"@type\":\"WebSite\",\"@id\":\"https:\/\/www.mpppst.gob.ve\/mpppstweb\/#website\",\"url\":\"https:\/\/www.mpppst.gob.ve\/mpppstweb\/\",\"name\":\"MPPPST\",\"description\":\"Ministerio del Poder Popular para el Proceso Social de Trabajo\",\"publisher\":{\"@id\":\"https:\/\/www.mpppst.gob.ve\/mpppstweb\/#organization\"},\"potentialAction\":[{\"@type\":\"SearchAction\",\"target\":{\"@type\":\"EntryPoint\",\"urlTemplate\":\"https:\/\/www.mpppst.gob.ve\/mpppstweb\/?s={search_term_string}\"},\"query-input\":\"required name=search_term_string\"}],\"inLanguage\":\"es\"},{\"@type\":\"Organization\",\"@id\":\"https:\/\/www.mpppst.gob.ve\/mpppstweb\/#organization\",\"name\":\"mpppst\",\"url\":\"https:\/\/www.mpppst.gob.ve\/mpppstweb\/\",\"logo\":{\"@type\":\"ImageObject\",\"inLanguage\":\"es\",\"@id\":\"https:\/\/www.mpppst.gob.ve\/mpppstweb\/#\/schema\/logo\/image\/\",\"url\":\"https:\/\/www.mpppst.gob.ve\/mpppstweb\/wp-content\/uploads\/2025\/07\/cropped-cropped-g910.png\",\"contentUrl\":\"https:\/\/www.mpppst.gob.ve\/mpppstweb\/wp-content\/uploads\/2025\/07\/cropped-cropped-g910.png\",\"width\":1080,\"height\":241,\"caption\":\"mpppst\"},\"image\":{\"@id\":\"https:\/\/www.mpppst.gob.ve\/mpppstweb\/#\/schema\/logo\/image\/\"}},{\"@type\":\"Person\",\"@id\":\"https:\/\/www.mpppst.gob.ve\/mpppstweb\/#\/schema\/person\/fc187ee8ead412bd4c9304b62f900ea4\",\"name\":\"MPPPST Prensa\",\"url\":\"https:\/\/www.mpppst.gob.ve\/mpppstweb\/index.php\/author\/prensa-mpppst\/\"}]}<\/script>\n<!-- \/ Yoast SEO plugin. -->","yoast_head_json":{"title":"Villancicos y gaitas llegan al MPPPST - MPPPST","robots":{"index":"index","follow":"follow","max-snippet":"max-snippet:-1","max-image-preview":"max-image-preview:large","max-video-preview":"max-video-preview:-1"},"canonical":"https:\/\/www.mpppst.gob.ve\/mpppstweb\/index.php\/2016\/11\/21\/villancicos-y-gaitas-llegan-al-mpppst\/","og_locale":"es_ES","og_type":"article","og_title":"Villancicos y gaitas llegan al MPPPST - MPPPST","og_description":"Prensa MPPPST.- Entre villancicos y gaitas la coral del Ministerio del Poder Popular para el Proceso &hellip; Villancicos y gaitas llegan al MPPPSTRead more","og_url":"https:\/\/www.mpppst.gob.ve\/mpppstweb\/index.php\/2016\/11\/21\/villancicos-y-gaitas-llegan-al-mpppst\/","og_site_name":"MPPPST","article_published_time":"2016-11-21T14:30:51+00:00","article_modified_time":"2016-11-21T14:37:57+00:00","og_image":[{"width":800,"height":455,"url":"https:\/\/www.mpppst.gob.ve\/mpppstweb\/wp-content\/uploads\/2016\/11\/NAVIDAD.jpg","type":"image\/jpeg"}],"author":"MPPPST Prensa","twitter_card":"summary_large_image","twitter_misc":{"Escrito por":"MPPPST Prensa","Tiempo de lectura":"1 minuto"},"schema":{"@context":"https:\/\/schema.org","@graph":[{"@type":"Article","@id":"https:\/\/www.mpppst.gob.ve\/mpppstweb\/index.php\/2016\/11\/21\/villancicos-y-gaitas-llegan-al-mpppst\/#article","isPartOf":{"@id":"https:\/\/www.mpppst.gob.ve\/mpppstweb\/index.php\/2016\/11\/21\/villancicos-y-gaitas-llegan-al-mpppst\/"},"author":{"name":"MPPPST Prensa","@id":"https:\/\/www.mpppst.gob.ve\/mpppstweb\/#\/schema\/person\/fc187ee8ead412bd4c9304b62f900ea4"},"headline":"Villancicos y gaitas llegan al MPPPST","datePublished":"2016-11-21T14:30:51+00:00","dateModified":"2016-11-21T14:37:57+00:00","mainEntityOfPage":{"@id":"https:\/\/www.mpppst.gob.ve\/mpppstweb\/index.php\/2016\/11\/21\/villancicos-y-gaitas-llegan-al-mpppst\/"},"wordCount":270,"publisher":{"@id":"https:\/\/www.mpppst.gob.ve\/mpppstweb\/#organization"},"image":{"@id":"https:\/\/www.mpppst.gob.ve\/mpppstweb\/index.php\/2016\/11\/21\/villancicos-y-gaitas-llegan-al-mpppst\/#primaryimage"},"thumbnailUrl":"https:\/\/www.mpppst.gob.ve\/mpppstweb\/wp-content\/uploads\/2016\/11\/NAVIDAD.jpg","keywords":["MPPPST","Proceso Social"],"articleSection":["Ministerio","Noticias"],"inLanguage":"es"},{"@type":"WebPage","@id":"https:\/\/www.mpppst.gob.ve\/mpppstweb\/index.php\/2016\/11\/21\/villancicos-y-gaitas-llegan-al-mpppst\/","url":"https:\/\/www.mpppst.gob.ve\/mpppstweb\/index.php\/2016\/11\/21\/villancicos-y-gaitas-llegan-al-mpppst\/","name":"Villancicos y gaitas llegan al MPPPST - MPPPST","isPartOf":{"@id":"https:\/\/www.mpppst.gob.ve\/mpppstweb\/#website"},"primaryImageOfPage":{"@id":"https:\/\/www.mpppst.gob.ve\/mpppstweb\/index.php\/2016\/11\/21\/villancicos-y-gaitas-llegan-al-mpppst\/#primaryimage"},"image":{"@id":"https:\/\/www.mpppst.gob.ve\/mpppstweb\/index.php\/2016\/11\/21\/villancicos-y-gaitas-llegan-al-mpppst\/#primaryimage"},"thumbnailUrl":"https:\/\/www.mpppst.gob.ve\/mpppstweb\/wp-content\/uploads\/2016\/11\/NAVIDAD.jpg","datePublished":"2016-11-21T14:30:51+00:00","dateModified":"2016-11-21T14:37:57+00:00","breadcrumb":{"@id":"https:\/\/www.mpppst.gob.ve\/mpppstweb\/index.php\/2016\/11\/21\/villancicos-y-gaitas-llegan-al-mpppst\/#breadcrumb"},"inLanguage":"es","potentialAction":[{"@type":"ReadAction","target":["https:\/\/www.mpppst.gob.ve\/mpppstweb\/index.php\/2016\/11\/21\/villancicos-y-gaitas-llegan-al-mpppst\/"]}]},{"@type":"ImageObject","inLanguage":"es","@id":"https:\/\/www.mpppst.gob.ve\/mpppstweb\/index.php\/2016\/11\/21\/villancicos-y-gaitas-llegan-al-mpppst\/#primaryimage","url":"https:\/\/www.mpppst.gob.ve\/mpppstweb\/wp-content\/uploads\/2016\/11\/NAVIDAD.jpg","contentUrl":"https:\/\/www.mpppst.gob.ve\/mpppstweb\/wp-content\/uploads\/2016\/11\/NAVIDAD.jpg","width":800,"height":455},{"@type":"BreadcrumbList","@id":"https:\/\/www.mpppst.gob.ve\/mpppstweb\/index.php\/2016\/11\/21\/villancicos-y-gaitas-llegan-al-mpppst\/#breadcrumb","itemListElement":[{"@type":"ListItem","position":1,"name":"Home","item":"https:\/\/www.mpppst.gob.ve\/mpppstweb\/"},{"@type":"ListItem","position":2,"name":"Villancicos y gaitas llegan al MPPPST"}]},{"@type":"WebSite","@id":"https:\/\/www.mpppst.gob.ve\/mpppstweb\/#website","url":"https:\/\/www.mpppst.gob.ve\/mpppstweb\/","name":"MPPPST","description":"Ministerio del Poder Popular para el Proceso Social de Trabajo","publisher":{"@id":"https:\/\/www.mpppst.gob.ve\/mpppstweb\/#organization"},"potentialAction":[{"@type":"SearchAction","target":{"@type":"EntryPoint","urlTemplate":"https:\/\/www.mpppst.gob.ve\/mpppstweb\/?s={search_term_string}"},"query-input":"required name=search_term_string"}],"inLanguage":"es"},{"@type":"Organization","@id":"https:\/\/www.mpppst.gob.ve\/mpppstweb\/#organization","name":"mpppst","url":"https:\/\/www.mpppst.gob.ve\/mpppstweb\/","logo":{"@type":"ImageObject","inLanguage":"es","@id":"https:\/\/www.mpppst.gob.ve\/mpppstweb\/#\/schema\/logo\/image\/","url":"https:\/\/www.mpppst.gob.ve\/mpppstweb\/wp-content\/uploads\/2025\/07\/cropped-cropped-g910.png","contentUrl":"https:\/\/www.mpppst.gob.ve\/mpppstweb\/wp-content\/uploads\/2025\/07\/cropped-cropped-g910.png","width":1080,"height":241,"caption":"mpppst"},"image":{"@id":"https:\/\/www.mpppst.gob.ve\/mpppstweb\/#\/schema\/logo\/image\/"}},{"@type":"Person","@id":"https:\/\/www.mpppst.gob.ve\/mpppstweb\/#\/schema\/person\/fc187ee8ead412bd4c9304b62f900ea4","name":"MPPPST Prensa","url":"https:\/\/www.mpppst.gob.ve\/mpppstweb\/index.php\/author\/prensa-mpppst\/"}]}},"_links":{"self":[{"href":"https:\/\/www.mpppst.gob.ve\/mpppstweb\/index.php\/wp-json\/wp\/v2\/posts\/9345"}],"collection":[{"href":"https:\/\/www.mpppst.gob.ve\/mpppstweb\/index.php\/wp-json\/wp\/v2\/posts"}],"about":[{"href":"https:\/\/www.mpppst.gob.ve\/mpppstweb\/index.php\/wp-json\/wp\/v2\/types\/post"}],"author":[{"embeddable":true,"href":"https:\/\/www.mpppst.gob.ve\/mpppstweb\/index.php\/wp-json\/wp\/v2\/users\/25"}],"replies":[{"embeddable":true,"href":"https:\/\/www.mpppst.gob.ve\/mpppstweb\/index.php\/wp-json\/wp\/v2\/comments?post=9345"}],"version-history":[{"count":2,"href":"https:\/\/www.mpppst.gob.ve\/mpppstweb\/index.php\/wp-json\/wp\/v2\/posts\/9345\/revisions"}],"predecessor-version":[{"id":9348,"href":"https:\/\/www.mpppst.gob.ve\/mpppstweb\/index.php\/wp-json\/wp\/v2\/posts\/9345\/revisions\/9348"}],"wp:featuredmedia":[{"embeddable":true,"href":"https:\/\/www.mpppst.gob.ve\/mpppstweb\/index.php\/wp-json\/wp\/v2\/media\/9346"}],"wp:attachment":[{"href":"https:\/\/www.mpppst.gob.ve\/mpppstweb\/index.php\/wp-json\/wp\/v2\/media?parent=9345"}],"wp:term":[{"taxonomy":"category","embeddable":true,"href":"https:\/\/www.mpppst.gob.ve\/mpppstweb\/index.php\/wp-json\/wp\/v2\/categories?post=9345"},{"taxonomy":"post_tag","embeddable":true,"href":"https:\/\/www.mpppst.gob.ve\/mpppstweb\/index.php\/wp-json\/wp\/v2\/tags?post=9345"}],"curies":[{"name":"wp","href":"https:\/\/api.w.org\/{rel}","templated":true}]}}