{"id":9349,"date":"2016-11-21T19:32:13","date_gmt":"2016-11-21T19:32:13","guid":{"rendered":"http:\/\/www.mpppst.gob.ve\/mpppstweb\/?p=9349"},"modified":"2016-11-21T19:32:13","modified_gmt":"2016-11-21T19:32:13","slug":"estudiantes-universitarios-marcharon-para-expresar-su-apoyo-irrestricto-a-la-revolucion","status":"publish","type":"post","link":"https:\/\/www.mpppst.gob.ve\/mpppstweb\/index.php\/2016\/11\/21\/estudiantes-universitarios-marcharon-para-expresar-su-apoyo-irrestricto-a-la-revolucion\/","title":{"rendered":"Estudiantes universitarios marcharon para expresar su apoyo irrestricto a la Revoluci\u00f3n"},"content":{"rendered":"<p>Prensa (MPPPST). El 21 de noviembre la juventud revolucionaria march\u00f3 hasta el Palacio de Miraflores, en Caracas, en defensa de los logros alcanzados en materia de Educaci\u00f3n Universitaria, en el marco de la conmemoraci\u00f3n del d\u00eda del estudiante universitario.<\/p>\n<p>Desde las 10 de la ma\u00f1ana miles de estudiantes se congregaron en la Plaza Morelos, en la esquina El Chorro, as\u00ed como en Carmelitas, apoyando la Revoluci\u00f3n Bolivariana y las pol\u00edticas implementadas en Revoluci\u00f3n para democratizar la educaci\u00f3n universitaria.<\/p>\n<p>Roberto Rojas, joven trabajador de Infocentros, destac\u00f3 el apoyo que la juventud venezolana ha obtenido en revoluci\u00f3n para poder tener una educaci\u00f3n universitaria gratuita y de calidad. \u201cLos j\u00f3venes universitarios estamos apoyando la revoluci\u00f3n bolivariana por todos esos logros que\u00a0 hemos alcanzado en materia educativa. Hoy somos un pa\u00eds que tiene una de las matr\u00edculas universitarias m\u00e1s grandes del mundo y eso solo se garantiza en revoluci\u00f3n\u201d.<\/p>\n<p>Por su parte, Carmen Vel\u00e1zquez, estudiante de Medicina Integral Comunitaria, destac\u00f3 el papel fundamental que cumplen los estudiantes universitarios en este proceso de la Revoluci\u00f3n Bolivariana. \u00abLos estudiantes universitarios jugamos un papel fundamental en el proceso revolucionario, gracias a la Revoluci\u00f3n Bolivariana yo tengo la oportunidad de estudiar medicina y ser parte en un futuro de uno de los aspectos m\u00e1s importantes en una sociedad como lo es la salud\u201d.<\/p>\n<p><strong>Comprometidos con la producci\u00f3n del pa\u00eds\u00a0 <\/strong><\/p>\n<p>A la marcha asistieron varios estudiantes de La Universidad Aut\u00f3noma del Sur (Unasur) del estado Zulia, quienes est\u00e1n realizando un proyecto socioproductivo\u00a0 junto a la comunidad donde est\u00e1n sembrando distintos rubros como ma\u00edz, guayaba y otros cultivos, as\u00ed lo inform\u00f3 Jos\u00e9 Pe\u00f1a estudiante de esta Universidad.<\/p>\n<p>\u201cCumpliendo con el requerimiento del presidente Nicol\u00e1s Maduro de que los j\u00f3venes se sumaran al aspecto socioproductivo, varios estudiantes de Unasur,\u00a0 junto a profesores y la comunidad, estamos sembrando distintos rubros, en espacios que adecuamos para producir nuestros propios alimentos\u201d.<\/p>\n<p>Por su parte, Luis Paz, secretario general del sindicato socialista de profesores de La\u00a0Universidad Aut\u00f3noma del Sur (Unasur), destac\u00f3 que este proyecto implementado por estos estudiantes demuestra que la juventud venezolana est\u00e1 cada vez m\u00e1s comprometida y activa en el proceso socioproductivo para vencer la guerra econ\u00f3mica. \u201cLos profesores estamos apoyando esta iniciativa de estos j\u00f3venes universitarios que demuestra que los estudiantes est\u00e1n cada vez m\u00e1s comprometidos con la patria y la revoluci\u00f3n bolivariana\u201d, puntualiz\u00f3<\/p>\n<p>El 21 de noviembre de 1957 se consagr\u00f3 como D\u00eda del Estudiante, por la gesta cumplida en universidades, particularmente en las universidades Cat\u00f3lica Andr\u00e9s Bello y Central de Venezuela, cuando los estudiantes lucharon contra la dictadura y protestaron al \u00a0anuncio de reelegir al presidente Marcos P\u00e9rez Jim\u00e9nez.<\/p>\n<p>Por Carlos Palacios<\/p>\n<p>Fotograf\u00eda: Maritza Higuera<\/p>\n","protected":false},"excerpt":{"rendered":"<p>Prensa (MPPPST). El 21 de noviembre la juventud revolucionaria march\u00f3 hasta el Palacio de Miraflores, en &hellip; <a title=\"Estudiantes universitarios marcharon para expresar su apoyo irrestricto a la Revoluci\u00f3n\" class=\"hm-read-more\" href=\"https:\/\/www.mpppst.gob.ve\/mpppstweb\/index.php\/2016\/11\/21\/estudiantes-universitarios-marcharon-para-expresar-su-apoyo-irrestricto-a-la-revolucion\/\"><span class=\"screen-reader-text\">Estudiantes universitarios marcharon para expresar su apoyo irrestricto a la Revoluci\u00f3n<\/span>Read more<\/a><\/p>\n","protected":false},"author":25,"featured_media":9350,"comment_status":"closed","ping_status":"closed","sticky":false,"template":"","format":"standard","meta":{"footnotes":""},"categories":[82,163,211],"tags":[],"yoast_head":"<!-- This site is optimized with the Yoast SEO plugin v22.5 - https:\/\/yoast.com\/wordpress\/plugins\/seo\/ -->\n<title>Estudiantes universitarios marcharon para expresar su apoyo irrestricto a la Revoluci\u00f3n - MPPPST<\/title>\n<meta name=\"robots\" content=\"index, follow, max-snippet:-1, max-image-preview:large, max-video-preview:-1\" \/>\n<link rel=\"canonical\" href=\"https:\/\/www.mpppst.gob.ve\/mpppstweb\/index.php\/2016\/11\/21\/estudiantes-universitarios-marcharon-para-expresar-su-apoyo-irrestricto-a-la-revolucion\/\" \/>\n<meta property=\"og:locale\" content=\"es_ES\" \/>\n<meta property=\"og:type\" content=\"article\" \/>\n<meta property=\"og:title\" content=\"Estudiantes universitarios marcharon para expresar su apoyo irrestricto a la Revoluci\u00f3n - MPPPST\" \/>\n<meta property=\"og:description\" content=\"Prensa (MPPPST). El 21 de noviembre la juventud revolucionaria march\u00f3 hasta el Palacio de Miraflores, en &hellip; Estudiantes universitarios marcharon para expresar su apoyo irrestricto a la Revoluci\u00f3nRead more\" \/>\n<meta property=\"og:url\" content=\"https:\/\/www.mpppst.gob.ve\/mpppstweb\/index.php\/2016\/11\/21\/estudiantes-universitarios-marcharon-para-expresar-su-apoyo-irrestricto-a-la-revolucion\/\" \/>\n<meta property=\"og:site_name\" content=\"MPPPST\" \/>\n<meta property=\"article:published_time\" content=\"2016-11-21T19:32:13+00:00\" \/>\n<meta property=\"og:image\" content=\"https:\/\/www.mpppst.gob.ve\/mpppstweb\/wp-content\/uploads\/2016\/11\/Marcha.jpg\" \/>\n\t<meta property=\"og:image:width\" content=\"800\" \/>\n\t<meta property=\"og:image:height\" content=\"445\" \/>\n\t<meta property=\"og:image:type\" content=\"image\/jpeg\" \/>\n<meta name=\"author\" content=\"MPPPST Prensa\" \/>\n<meta name=\"twitter:card\" content=\"summary_large_image\" \/>\n<meta name=\"twitter:label1\" content=\"Escrito por\" \/>\n\t<meta name=\"twitter:data1\" content=\"MPPPST Prensa\" \/>\n\t<meta name=\"twitter:label2\" content=\"Tiempo de lectura\" \/>\n\t<meta name=\"twitter:data2\" content=\"2 minutos\" \/>\n<script type=\"application\/ld+json\" class=\"yoast-schema-graph\">{\"@context\":\"https:\/\/schema.org\",\"@graph\":[{\"@type\":\"Article\",\"@id\":\"https:\/\/www.mpppst.gob.ve\/mpppstweb\/index.php\/2016\/11\/21\/estudiantes-universitarios-marcharon-para-expresar-su-apoyo-irrestricto-a-la-revolucion\/#article\",\"isPartOf\":{\"@id\":\"https:\/\/www.mpppst.gob.ve\/mpppstweb\/index.php\/2016\/11\/21\/estudiantes-universitarios-marcharon-para-expresar-su-apoyo-irrestricto-a-la-revolucion\/\"},\"author\":{\"name\":\"MPPPST Prensa\",\"@id\":\"https:\/\/www.mpppst.gob.ve\/mpppstweb\/#\/schema\/person\/fc187ee8ead412bd4c9304b62f900ea4\"},\"headline\":\"Estudiantes universitarios marcharon para expresar su apoyo irrestricto a la Revoluci\u00f3n\",\"datePublished\":\"2016-11-21T19:32:13+00:00\",\"dateModified\":\"2016-11-21T19:32:13+00:00\",\"mainEntityOfPage\":{\"@id\":\"https:\/\/www.mpppst.gob.ve\/mpppstweb\/index.php\/2016\/11\/21\/estudiantes-universitarios-marcharon-para-expresar-su-apoyo-irrestricto-a-la-revolucion\/\"},\"wordCount\":486,\"publisher\":{\"@id\":\"https:\/\/www.mpppst.gob.ve\/mpppstweb\/#organization\"},\"image\":{\"@id\":\"https:\/\/www.mpppst.gob.ve\/mpppstweb\/index.php\/2016\/11\/21\/estudiantes-universitarios-marcharon-para-expresar-su-apoyo-irrestricto-a-la-revolucion\/#primaryimage\"},\"thumbnailUrl\":\"https:\/\/www.mpppst.gob.ve\/mpppstweb\/wp-content\/uploads\/2016\/11\/Marcha.jpg\",\"articleSection\":[\"Gobierno Nacional\",\"Noticias\",\"Vicepresidencia de \u00e1rea social\"],\"inLanguage\":\"es\"},{\"@type\":\"WebPage\",\"@id\":\"https:\/\/www.mpppst.gob.ve\/mpppstweb\/index.php\/2016\/11\/21\/estudiantes-universitarios-marcharon-para-expresar-su-apoyo-irrestricto-a-la-revolucion\/\",\"url\":\"https:\/\/www.mpppst.gob.ve\/mpppstweb\/index.php\/2016\/11\/21\/estudiantes-universitarios-marcharon-para-expresar-su-apoyo-irrestricto-a-la-revolucion\/\",\"name\":\"Estudiantes universitarios marcharon para expresar su apoyo irrestricto a la Revoluci\u00f3n - MPPPST\",\"isPartOf\":{\"@id\":\"https:\/\/www.mpppst.gob.ve\/mpppstweb\/#website\"},\"primaryImageOfPage\":{\"@id\":\"https:\/\/www.mpppst.gob.ve\/mpppstweb\/index.php\/2016\/11\/21\/estudiantes-universitarios-marcharon-para-expresar-su-apoyo-irrestricto-a-la-revolucion\/#primaryimage\"},\"image\":{\"@id\":\"https:\/\/www.mpppst.gob.ve\/mpppstweb\/index.php\/2016\/11\/21\/estudiantes-universitarios-marcharon-para-expresar-su-apoyo-irrestricto-a-la-revolucion\/#primaryimage\"},\"thumbnailUrl\":\"https:\/\/www.mpppst.gob.ve\/mpppstweb\/wp-content\/uploads\/2016\/11\/Marcha.jpg\",\"datePublished\":\"2016-11-21T19:32:13+00:00\",\"dateModified\":\"2016-11-21T19:32:13+00:00\",\"breadcrumb\":{\"@id\":\"https:\/\/www.mpppst.gob.ve\/mpppstweb\/index.php\/2016\/11\/21\/estudiantes-universitarios-marcharon-para-expresar-su-apoyo-irrestricto-a-la-revolucion\/#breadcrumb\"},\"inLanguage\":\"es\",\"potentialAction\":[{\"@type\":\"ReadAction\",\"target\":[\"https:\/\/www.mpppst.gob.ve\/mpppstweb\/index.php\/2016\/11\/21\/estudiantes-universitarios-marcharon-para-expresar-su-apoyo-irrestricto-a-la-revolucion\/\"]}]},{\"@type\":\"ImageObject\",\"inLanguage\":\"es\",\"@id\":\"https:\/\/www.mpppst.gob.ve\/mpppstweb\/index.php\/2016\/11\/21\/estudiantes-universitarios-marcharon-para-expresar-su-apoyo-irrestricto-a-la-revolucion\/#primaryimage\",\"url\":\"https:\/\/www.mpppst.gob.ve\/mpppstweb\/wp-content\/uploads\/2016\/11\/Marcha.jpg\",\"contentUrl\":\"https:\/\/www.mpppst.gob.ve\/mpppstweb\/wp-content\/uploads\/2016\/11\/Marcha.jpg\",\"width\":800,\"height\":445},{\"@type\":\"BreadcrumbList\",\"@id\":\"https:\/\/www.mpppst.gob.ve\/mpppstweb\/index.php\/2016\/11\/21\/estudiantes-universitarios-marcharon-para-expresar-su-apoyo-irrestricto-a-la-revolucion\/#breadcrumb\",\"itemListElement\":[{\"@type\":\"ListItem\",\"position\":1,\"name\":\"Home\",\"item\":\"https:\/\/www.mpppst.gob.ve\/mpppstweb\/\"},{\"@type\":\"ListItem\",\"position\":2,\"name\":\"Estudiantes universitarios marcharon para expresar su apoyo irrestricto a la Revoluci\u00f3n\"}]},{\"@type\":\"WebSite\",\"@id\":\"https:\/\/www.mpppst.gob.ve\/mpppstweb\/#website\",\"url\":\"https:\/\/www.mpppst.gob.ve\/mpppstweb\/\",\"name\":\"MPPPST\",\"description\":\"Ministerio del Poder Popular para el Proceso Social de Trabajo\",\"publisher\":{\"@id\":\"https:\/\/www.mpppst.gob.ve\/mpppstweb\/#organization\"},\"potentialAction\":[{\"@type\":\"SearchAction\",\"target\":{\"@type\":\"EntryPoint\",\"urlTemplate\":\"https:\/\/www.mpppst.gob.ve\/mpppstweb\/?s={search_term_string}\"},\"query-input\":\"required name=search_term_string\"}],\"inLanguage\":\"es\"},{\"@type\":\"Organization\",\"@id\":\"https:\/\/www.mpppst.gob.ve\/mpppstweb\/#organization\",\"name\":\"mpppst\",\"url\":\"https:\/\/www.mpppst.gob.ve\/mpppstweb\/\",\"logo\":{\"@type\":\"ImageObject\",\"inLanguage\":\"es\",\"@id\":\"https:\/\/www.mpppst.gob.ve\/mpppstweb\/#\/schema\/logo\/image\/\",\"url\":\"https:\/\/www.mpppst.gob.ve\/mpppstweb\/wp-content\/uploads\/2025\/07\/cropped-cropped-g910.png\",\"contentUrl\":\"https:\/\/www.mpppst.gob.ve\/mpppstweb\/wp-content\/uploads\/2025\/07\/cropped-cropped-g910.png\",\"width\":1080,\"height\":241,\"caption\":\"mpppst\"},\"image\":{\"@id\":\"https:\/\/www.mpppst.gob.ve\/mpppstweb\/#\/schema\/logo\/image\/\"}},{\"@type\":\"Person\",\"@id\":\"https:\/\/www.mpppst.gob.ve\/mpppstweb\/#\/schema\/person\/fc187ee8ead412bd4c9304b62f900ea4\",\"name\":\"MPPPST Prensa\",\"url\":\"https:\/\/www.mpppst.gob.ve\/mpppstweb\/index.php\/author\/prensa-mpppst\/\"}]}<\/script>\n<!-- \/ Yoast SEO plugin. -->","yoast_head_json":{"title":"Estudiantes universitarios marcharon para expresar su apoyo irrestricto a la Revoluci\u00f3n - MPPPST","robots":{"index":"index","follow":"follow","max-snippet":"max-snippet:-1","max-image-preview":"max-image-preview:large","max-video-preview":"max-video-preview:-1"},"canonical":"https:\/\/www.mpppst.gob.ve\/mpppstweb\/index.php\/2016\/11\/21\/estudiantes-universitarios-marcharon-para-expresar-su-apoyo-irrestricto-a-la-revolucion\/","og_locale":"es_ES","og_type":"article","og_title":"Estudiantes universitarios marcharon para expresar su apoyo irrestricto a la Revoluci\u00f3n - MPPPST","og_description":"Prensa (MPPPST). El 21 de noviembre la juventud revolucionaria march\u00f3 hasta el Palacio de Miraflores, en &hellip; Estudiantes universitarios marcharon para expresar su apoyo irrestricto a la Revoluci\u00f3nRead more","og_url":"https:\/\/www.mpppst.gob.ve\/mpppstweb\/index.php\/2016\/11\/21\/estudiantes-universitarios-marcharon-para-expresar-su-apoyo-irrestricto-a-la-revolucion\/","og_site_name":"MPPPST","article_published_time":"2016-11-21T19:32:13+00:00","og_image":[{"width":800,"height":445,"url":"https:\/\/www.mpppst.gob.ve\/mpppstweb\/wp-content\/uploads\/2016\/11\/Marcha.jpg","type":"image\/jpeg"}],"author":"MPPPST Prensa","twitter_card":"summary_large_image","twitter_misc":{"Escrito por":"MPPPST Prensa","Tiempo de lectura":"2 minutos"},"schema":{"@context":"https:\/\/schema.org","@graph":[{"@type":"Article","@id":"https:\/\/www.mpppst.gob.ve\/mpppstweb\/index.php\/2016\/11\/21\/estudiantes-universitarios-marcharon-para-expresar-su-apoyo-irrestricto-a-la-revolucion\/#article","isPartOf":{"@id":"https:\/\/www.mpppst.gob.ve\/mpppstweb\/index.php\/2016\/11\/21\/estudiantes-universitarios-marcharon-para-expresar-su-apoyo-irrestricto-a-la-revolucion\/"},"author":{"name":"MPPPST Prensa","@id":"https:\/\/www.mpppst.gob.ve\/mpppstweb\/#\/schema\/person\/fc187ee8ead412bd4c9304b62f900ea4"},"headline":"Estudiantes universitarios marcharon para expresar su apoyo irrestricto a la Revoluci\u00f3n","datePublished":"2016-11-21T19:32:13+00:00","dateModified":"2016-11-21T19:32:13+00:00","mainEntityOfPage":{"@id":"https:\/\/www.mpppst.gob.ve\/mpppstweb\/index.php\/2016\/11\/21\/estudiantes-universitarios-marcharon-para-expresar-su-apoyo-irrestricto-a-la-revolucion\/"},"wordCount":486,"publisher":{"@id":"https:\/\/www.mpppst.gob.ve\/mpppstweb\/#organization"},"image":{"@id":"https:\/\/www.mpppst.gob.ve\/mpppstweb\/index.php\/2016\/11\/21\/estudiantes-universitarios-marcharon-para-expresar-su-apoyo-irrestricto-a-la-revolucion\/#primaryimage"},"thumbnailUrl":"https:\/\/www.mpppst.gob.ve\/mpppstweb\/wp-content\/uploads\/2016\/11\/Marcha.jpg","articleSection":["Gobierno Nacional","Noticias","Vicepresidencia de \u00e1rea social"],"inLanguage":"es"},{"@type":"WebPage","@id":"https:\/\/www.mpppst.gob.ve\/mpppstweb\/index.php\/2016\/11\/21\/estudiantes-universitarios-marcharon-para-expresar-su-apoyo-irrestricto-a-la-revolucion\/","url":"https:\/\/www.mpppst.gob.ve\/mpppstweb\/index.php\/2016\/11\/21\/estudiantes-universitarios-marcharon-para-expresar-su-apoyo-irrestricto-a-la-revolucion\/","name":"Estudiantes universitarios marcharon para expresar su apoyo irrestricto a la Revoluci\u00f3n - MPPPST","isPartOf":{"@id":"https:\/\/www.mpppst.gob.ve\/mpppstweb\/#website"},"primaryImageOfPage":{"@id":"https:\/\/www.mpppst.gob.ve\/mpppstweb\/index.php\/2016\/11\/21\/estudiantes-universitarios-marcharon-para-expresar-su-apoyo-irrestricto-a-la-revolucion\/#primaryimage"},"image":{"@id":"https:\/\/www.mpppst.gob.ve\/mpppstweb\/index.php\/2016\/11\/21\/estudiantes-universitarios-marcharon-para-expresar-su-apoyo-irrestricto-a-la-revolucion\/#primaryimage"},"thumbnailUrl":"https:\/\/www.mpppst.gob.ve\/mpppstweb\/wp-content\/uploads\/2016\/11\/Marcha.jpg","datePublished":"2016-11-21T19:32:13+00:00","dateModified":"2016-11-21T19:32:13+00:00","breadcrumb":{"@id":"https:\/\/www.mpppst.gob.ve\/mpppstweb\/index.php\/2016\/11\/21\/estudiantes-universitarios-marcharon-para-expresar-su-apoyo-irrestricto-a-la-revolucion\/#breadcrumb"},"inLanguage":"es","potentialAction":[{"@type":"ReadAction","target":["https:\/\/www.mpppst.gob.ve\/mpppstweb\/index.php\/2016\/11\/21\/estudiantes-universitarios-marcharon-para-expresar-su-apoyo-irrestricto-a-la-revolucion\/"]}]},{"@type":"ImageObject","inLanguage":"es","@id":"https:\/\/www.mpppst.gob.ve\/mpppstweb\/index.php\/2016\/11\/21\/estudiantes-universitarios-marcharon-para-expresar-su-apoyo-irrestricto-a-la-revolucion\/#primaryimage","url":"https:\/\/www.mpppst.gob.ve\/mpppstweb\/wp-content\/uploads\/2016\/11\/Marcha.jpg","contentUrl":"https:\/\/www.mpppst.gob.ve\/mpppstweb\/wp-content\/uploads\/2016\/11\/Marcha.jpg","width":800,"height":445},{"@type":"BreadcrumbList","@id":"https:\/\/www.mpppst.gob.ve\/mpppstweb\/index.php\/2016\/11\/21\/estudiantes-universitarios-marcharon-para-expresar-su-apoyo-irrestricto-a-la-revolucion\/#breadcrumb","itemListElement":[{"@type":"ListItem","position":1,"name":"Home","item":"https:\/\/www.mpppst.gob.ve\/mpppstweb\/"},{"@type":"ListItem","position":2,"name":"Estudiantes universitarios marcharon para expresar su apoyo irrestricto a la Revoluci\u00f3n"}]},{"@type":"WebSite","@id":"https:\/\/www.mpppst.gob.ve\/mpppstweb\/#website","url":"https:\/\/www.mpppst.gob.ve\/mpppstweb\/","name":"MPPPST","description":"Ministerio del Poder Popular para el Proceso Social de Trabajo","publisher":{"@id":"https:\/\/www.mpppst.gob.ve\/mpppstweb\/#organization"},"potentialAction":[{"@type":"SearchAction","target":{"@type":"EntryPoint","urlTemplate":"https:\/\/www.mpppst.gob.ve\/mpppstweb\/?s={search_term_string}"},"query-input":"required name=search_term_string"}],"inLanguage":"es"},{"@type":"Organization","@id":"https:\/\/www.mpppst.gob.ve\/mpppstweb\/#organization","name":"mpppst","url":"https:\/\/www.mpppst.gob.ve\/mpppstweb\/","logo":{"@type":"ImageObject","inLanguage":"es","@id":"https:\/\/www.mpppst.gob.ve\/mpppstweb\/#\/schema\/logo\/image\/","url":"https:\/\/www.mpppst.gob.ve\/mpppstweb\/wp-content\/uploads\/2025\/07\/cropped-cropped-g910.png","contentUrl":"https:\/\/www.mpppst.gob.ve\/mpppstweb\/wp-content\/uploads\/2025\/07\/cropped-cropped-g910.png","width":1080,"height":241,"caption":"mpppst"},"image":{"@id":"https:\/\/www.mpppst.gob.ve\/mpppstweb\/#\/schema\/logo\/image\/"}},{"@type":"Person","@id":"https:\/\/www.mpppst.gob.ve\/mpppstweb\/#\/schema\/person\/fc187ee8ead412bd4c9304b62f900ea4","name":"MPPPST Prensa","url":"https:\/\/www.mpppst.gob.ve\/mpppstweb\/index.php\/author\/prensa-mpppst\/"}]}},"_links":{"self":[{"href":"https:\/\/www.mpppst.gob.ve\/mpppstweb\/index.php\/wp-json\/wp\/v2\/posts\/9349"}],"collection":[{"href":"https:\/\/www.mpppst.gob.ve\/mpppstweb\/index.php\/wp-json\/wp\/v2\/posts"}],"about":[{"href":"https:\/\/www.mpppst.gob.ve\/mpppstweb\/index.php\/wp-json\/wp\/v2\/types\/post"}],"author":[{"embeddable":true,"href":"https:\/\/www.mpppst.gob.ve\/mpppstweb\/index.php\/wp-json\/wp\/v2\/users\/25"}],"replies":[{"embeddable":true,"href":"https:\/\/www.mpppst.gob.ve\/mpppstweb\/index.php\/wp-json\/wp\/v2\/comments?post=9349"}],"version-history":[{"count":1,"href":"https:\/\/www.mpppst.gob.ve\/mpppstweb\/index.php\/wp-json\/wp\/v2\/posts\/9349\/revisions"}],"predecessor-version":[{"id":9351,"href":"https:\/\/www.mpppst.gob.ve\/mpppstweb\/index.php\/wp-json\/wp\/v2\/posts\/9349\/revisions\/9351"}],"wp:featuredmedia":[{"embeddable":true,"href":"https:\/\/www.mpppst.gob.ve\/mpppstweb\/index.php\/wp-json\/wp\/v2\/media\/9350"}],"wp:attachment":[{"href":"https:\/\/www.mpppst.gob.ve\/mpppstweb\/index.php\/wp-json\/wp\/v2\/media?parent=9349"}],"wp:term":[{"taxonomy":"category","embeddable":true,"href":"https:\/\/www.mpppst.gob.ve\/mpppstweb\/index.php\/wp-json\/wp\/v2\/categories?post=9349"},{"taxonomy":"post_tag","embeddable":true,"href":"https:\/\/www.mpppst.gob.ve\/mpppstweb\/index.php\/wp-json\/wp\/v2\/tags?post=9349"}],"curies":[{"name":"wp","href":"https:\/\/api.w.org\/{rel}","templated":true}]}}