{"id":9356,"date":"2016-11-22T13:03:51","date_gmt":"2016-11-22T13:03:51","guid":{"rendered":"http:\/\/www.mpppst.gob.ve\/mpppstweb\/?p=9356"},"modified":"2016-11-22T13:03:51","modified_gmt":"2016-11-22T13:03:51","slug":"universitarios-apoyaran-labor-de-consejos-productivos-de-trabajadores","status":"publish","type":"post","link":"https:\/\/www.mpppst.gob.ve\/mpppstweb\/index.php\/2016\/11\/22\/universitarios-apoyaran-labor-de-consejos-productivos-de-trabajadores\/","title":{"rendered":"Universitarios apoyar\u00e1n labor de Consejos Productivos de Trabajadores"},"content":{"rendered":"<p>AVN.- El presidente de la Rep\u00fablica, Nicol\u00e1s Maduro, instruy\u00f3 este lunes a las universidades del pa\u00eds y a la Misi\u00f3n Sucre apoyar la labor de los Consejos Productivos de Trabajadores (CPT).<\/p>\n<p>\u00abQue cada Consejo Productivo de Trabajadores y Trabajadoras tenga un equipo de apoyo econ\u00f3mico productivo, financiero de planificaci\u00f3n de la Misi\u00f3n Sucre y todas las universidades del pa\u00eds\u00bb, inst\u00f3 el Mandatario durante una asamblea popular en la que se evaluaron propuestas para el desarrollo y fortalecimiento del sector educativo.<\/p>\n<p>Durante la actividad, que se desarroll\u00f3 a las afueras del Palacio de Miraflores en celebraci\u00f3n al D\u00eda del Estudiante, el Mandatario inst\u00f3 al vicepresidente para el \u00c1rea Social, Jorge Arreaza, a trabajar en los planes de desarrollo educativo para elevar \u00e1rea del conocimiento.<\/p>\n<p>\u00abTenemos que acelerar, dinamizar los planes para elevar la calidad educativa en todas las universidades del pa\u00eds en todas las carreras y en todas las \u00e1reas del conocimiento\u00bb, puntualiz\u00f3 Maduro, en transmisi\u00f3n conjunta de radio y televisi\u00f3n.<\/p>\n<p>El Jefe de Estado indic\u00f3 que los logros y conquistas alcanzadas por el pueblo venezolano en materia educativa, durante los primeros 17 a\u00f1os de la Revoluci\u00f3n Bolivariana, destaca la creaci\u00f3n de m\u00e1s de 30 nuevas universidades, la entrega gratuita de cinco millones de computadoras port\u00e1tiles para igual n\u00famero de estudiantes y la inclusi\u00f3n de casi tres millones de personas a la matr\u00edcula universitaria.<\/p>\n<p>\u00abEste milagro solo se da en Venezuela, en el Alba, en Cuba, en Nicaragua, en Ecuador, en Bolivia donde estamos haciendo la Revoluci\u00f3n y no ha habido imperialismo, ni habr\u00e1 imperialismo que pueda detenernos ni hoy, ni nunca\u00bb, record\u00f3.<\/p>\n<p>Acot\u00f3 que un pueblo educado y culto va hacer siempre un pueblo libre en pensamientos e ideas.<\/p>\n<p>En materia financiera, se\u00f1al\u00f3 que para vencer la guerra econ\u00f3mica promovida por sectores de la derecha nacional e internacional es necesario el apoyo del pueblo y de los estudiantes de la mano de los CPT.<\/p>\n<p>\u00abEl modelo de guerra econ\u00f3mica que le est\u00e1n aplicando a Venezuela desde el exterior y a nivel interno (&#8230;) la oligarqu\u00eda ap\u00e1trida, es un modelo de guerra que hay que desmembrar, derrotar y sustituir con un nuevo modelo productivo y la base, la fuerza para derrotar el modelo de guerra econ\u00f3mica est\u00e1 en los Consejos Productivos Trabajadores desde adentro de la f\u00e1brica\u00bb.<\/p>\n<p>En esta asamblea, el movimiento nacional estudiantil de la Misi\u00f3n Sucre solicit\u00f3 actualizar los pensum en todas las casas de estudios universitario.<\/p>\n<p>\u00abHemos determinado que es importante evaluar los pensum de estudios de todas nuestras casas de estudio, tanto de la Misi\u00f3n Sucre como las universidades aut\u00f3nomas, que estos pensum de estudio se adecuen a la verdadera pol\u00edtica, econ\u00f3mica, productiva de nuestro pa\u00eds en la formaci\u00f3n de nuestros profesionales\u00bb, solicit\u00f3 la representante nacional del Consejo de la Juventud y Estudiantes, y municipal del estado Carabobo por la Misi\u00f3n Sucre, Ver\u00f3nica Miota.<\/p>\n<p>Dicha solicitud fue aprobada por el Jefe de Estado, quien instruy\u00f3 al ministro de Educaci\u00f3n Universitaria, Manuel Fern\u00e1ndez, a \u00abasumir esa responsabilidad de di\u00e1logo nacional con todos los sectores universitarios\u00bb.<\/p>\n","protected":false},"excerpt":{"rendered":"<p>AVN.- El presidente de la Rep\u00fablica, Nicol\u00e1s Maduro, instruy\u00f3 este lunes a las universidades del pa\u00eds &hellip; <a title=\"Universitarios apoyar\u00e1n labor de Consejos Productivos de Trabajadores\" class=\"hm-read-more\" href=\"https:\/\/www.mpppst.gob.ve\/mpppstweb\/index.php\/2016\/11\/22\/universitarios-apoyaran-labor-de-consejos-productivos-de-trabajadores\/\"><span class=\"screen-reader-text\">Universitarios apoyar\u00e1n labor de Consejos Productivos de Trabajadores<\/span>Read more<\/a><\/p>\n","protected":false},"author":25,"featured_media":9357,"comment_status":"closed","ping_status":"closed","sticky":false,"template":"","format":"standard","meta":{"footnotes":""},"categories":[204,82,163],"tags":[],"yoast_head":"<!-- This site is optimized with the Yoast SEO plugin v22.5 - https:\/\/yoast.com\/wordpress\/plugins\/seo\/ -->\n<title>Universitarios apoyar\u00e1n labor de Consejos Productivos de Trabajadores - MPPPST<\/title>\n<meta name=\"robots\" content=\"index, follow, max-snippet:-1, max-image-preview:large, max-video-preview:-1\" \/>\n<link rel=\"canonical\" href=\"https:\/\/www.mpppst.gob.ve\/mpppstweb\/index.php\/2016\/11\/22\/universitarios-apoyaran-labor-de-consejos-productivos-de-trabajadores\/\" \/>\n<meta property=\"og:locale\" content=\"es_ES\" \/>\n<meta property=\"og:type\" content=\"article\" \/>\n<meta property=\"og:title\" content=\"Universitarios apoyar\u00e1n labor de Consejos Productivos de Trabajadores - MPPPST\" \/>\n<meta property=\"og:description\" content=\"AVN.- El presidente de la Rep\u00fablica, Nicol\u00e1s Maduro, instruy\u00f3 este lunes a las universidades del pa\u00eds &hellip; Universitarios apoyar\u00e1n labor de Consejos Productivos de TrabajadoresRead more\" \/>\n<meta property=\"og:url\" content=\"https:\/\/www.mpppst.gob.ve\/mpppstweb\/index.php\/2016\/11\/22\/universitarios-apoyaran-labor-de-consejos-productivos-de-trabajadores\/\" \/>\n<meta property=\"og:site_name\" content=\"MPPPST\" \/>\n<meta property=\"article:published_time\" content=\"2016-11-22T13:03:51+00:00\" \/>\n<meta property=\"og:image\" content=\"https:\/\/www.mpppst.gob.ve\/mpppstweb\/wp-content\/uploads\/2016\/11\/marcha5ht1369336707.jpg\" \/>\n\t<meta property=\"og:image:width\" content=\"800\" \/>\n\t<meta property=\"og:image:height\" content=\"445\" \/>\n\t<meta property=\"og:image:type\" content=\"image\/jpeg\" \/>\n<meta name=\"author\" content=\"MPPPST Prensa\" \/>\n<meta name=\"twitter:card\" content=\"summary_large_image\" \/>\n<meta name=\"twitter:label1\" content=\"Escrito por\" \/>\n\t<meta name=\"twitter:data1\" content=\"MPPPST Prensa\" \/>\n\t<meta name=\"twitter:label2\" content=\"Tiempo de lectura\" \/>\n\t<meta name=\"twitter:data2\" content=\"3 minutos\" \/>\n<script type=\"application\/ld+json\" class=\"yoast-schema-graph\">{\"@context\":\"https:\/\/schema.org\",\"@graph\":[{\"@type\":\"Article\",\"@id\":\"https:\/\/www.mpppst.gob.ve\/mpppstweb\/index.php\/2016\/11\/22\/universitarios-apoyaran-labor-de-consejos-productivos-de-trabajadores\/#article\",\"isPartOf\":{\"@id\":\"https:\/\/www.mpppst.gob.ve\/mpppstweb\/index.php\/2016\/11\/22\/universitarios-apoyaran-labor-de-consejos-productivos-de-trabajadores\/\"},\"author\":{\"name\":\"MPPPST Prensa\",\"@id\":\"https:\/\/www.mpppst.gob.ve\/mpppstweb\/#\/schema\/person\/fc187ee8ead412bd4c9304b62f900ea4\"},\"headline\":\"Universitarios apoyar\u00e1n labor de Consejos Productivos de Trabajadores\",\"datePublished\":\"2016-11-22T13:03:51+00:00\",\"dateModified\":\"2016-11-22T13:03:51+00:00\",\"mainEntityOfPage\":{\"@id\":\"https:\/\/www.mpppst.gob.ve\/mpppstweb\/index.php\/2016\/11\/22\/universitarios-apoyaran-labor-de-consejos-productivos-de-trabajadores\/\"},\"wordCount\":546,\"publisher\":{\"@id\":\"https:\/\/www.mpppst.gob.ve\/mpppstweb\/#organization\"},\"image\":{\"@id\":\"https:\/\/www.mpppst.gob.ve\/mpppstweb\/index.php\/2016\/11\/22\/universitarios-apoyaran-labor-de-consejos-productivos-de-trabajadores\/#primaryimage\"},\"thumbnailUrl\":\"https:\/\/www.mpppst.gob.ve\/mpppstweb\/wp-content\/uploads\/2016\/11\/marcha5ht1369336707.jpg\",\"articleSection\":[\"Autoformaci\u00f3n desde el Proceso Social de Trabajo Colectiva\",\"Gobierno Nacional\",\"Noticias\"],\"inLanguage\":\"es\"},{\"@type\":\"WebPage\",\"@id\":\"https:\/\/www.mpppst.gob.ve\/mpppstweb\/index.php\/2016\/11\/22\/universitarios-apoyaran-labor-de-consejos-productivos-de-trabajadores\/\",\"url\":\"https:\/\/www.mpppst.gob.ve\/mpppstweb\/index.php\/2016\/11\/22\/universitarios-apoyaran-labor-de-consejos-productivos-de-trabajadores\/\",\"name\":\"Universitarios apoyar\u00e1n labor de Consejos Productivos de Trabajadores - MPPPST\",\"isPartOf\":{\"@id\":\"https:\/\/www.mpppst.gob.ve\/mpppstweb\/#website\"},\"primaryImageOfPage\":{\"@id\":\"https:\/\/www.mpppst.gob.ve\/mpppstweb\/index.php\/2016\/11\/22\/universitarios-apoyaran-labor-de-consejos-productivos-de-trabajadores\/#primaryimage\"},\"image\":{\"@id\":\"https:\/\/www.mpppst.gob.ve\/mpppstweb\/index.php\/2016\/11\/22\/universitarios-apoyaran-labor-de-consejos-productivos-de-trabajadores\/#primaryimage\"},\"thumbnailUrl\":\"https:\/\/www.mpppst.gob.ve\/mpppstweb\/wp-content\/uploads\/2016\/11\/marcha5ht1369336707.jpg\",\"datePublished\":\"2016-11-22T13:03:51+00:00\",\"dateModified\":\"2016-11-22T13:03:51+00:00\",\"breadcrumb\":{\"@id\":\"https:\/\/www.mpppst.gob.ve\/mpppstweb\/index.php\/2016\/11\/22\/universitarios-apoyaran-labor-de-consejos-productivos-de-trabajadores\/#breadcrumb\"},\"inLanguage\":\"es\",\"potentialAction\":[{\"@type\":\"ReadAction\",\"target\":[\"https:\/\/www.mpppst.gob.ve\/mpppstweb\/index.php\/2016\/11\/22\/universitarios-apoyaran-labor-de-consejos-productivos-de-trabajadores\/\"]}]},{\"@type\":\"ImageObject\",\"inLanguage\":\"es\",\"@id\":\"https:\/\/www.mpppst.gob.ve\/mpppstweb\/index.php\/2016\/11\/22\/universitarios-apoyaran-labor-de-consejos-productivos-de-trabajadores\/#primaryimage\",\"url\":\"https:\/\/www.mpppst.gob.ve\/mpppstweb\/wp-content\/uploads\/2016\/11\/marcha5ht1369336707.jpg\",\"contentUrl\":\"https:\/\/www.mpppst.gob.ve\/mpppstweb\/wp-content\/uploads\/2016\/11\/marcha5ht1369336707.jpg\",\"width\":800,\"height\":445},{\"@type\":\"BreadcrumbList\",\"@id\":\"https:\/\/www.mpppst.gob.ve\/mpppstweb\/index.php\/2016\/11\/22\/universitarios-apoyaran-labor-de-consejos-productivos-de-trabajadores\/#breadcrumb\",\"itemListElement\":[{\"@type\":\"ListItem\",\"position\":1,\"name\":\"Home\",\"item\":\"https:\/\/www.mpppst.gob.ve\/mpppstweb\/\"},{\"@type\":\"ListItem\",\"position\":2,\"name\":\"Universitarios apoyar\u00e1n labor de Consejos Productivos de Trabajadores\"}]},{\"@type\":\"WebSite\",\"@id\":\"https:\/\/www.mpppst.gob.ve\/mpppstweb\/#website\",\"url\":\"https:\/\/www.mpppst.gob.ve\/mpppstweb\/\",\"name\":\"MPPPST\",\"description\":\"Ministerio del Poder Popular para el Proceso Social de Trabajo\",\"publisher\":{\"@id\":\"https:\/\/www.mpppst.gob.ve\/mpppstweb\/#organization\"},\"potentialAction\":[{\"@type\":\"SearchAction\",\"target\":{\"@type\":\"EntryPoint\",\"urlTemplate\":\"https:\/\/www.mpppst.gob.ve\/mpppstweb\/?s={search_term_string}\"},\"query-input\":\"required name=search_term_string\"}],\"inLanguage\":\"es\"},{\"@type\":\"Organization\",\"@id\":\"https:\/\/www.mpppst.gob.ve\/mpppstweb\/#organization\",\"name\":\"mpppst\",\"url\":\"https:\/\/www.mpppst.gob.ve\/mpppstweb\/\",\"logo\":{\"@type\":\"ImageObject\",\"inLanguage\":\"es\",\"@id\":\"https:\/\/www.mpppst.gob.ve\/mpppstweb\/#\/schema\/logo\/image\/\",\"url\":\"https:\/\/www.mpppst.gob.ve\/mpppstweb\/wp-content\/uploads\/2025\/07\/cropped-cropped-g910.png\",\"contentUrl\":\"https:\/\/www.mpppst.gob.ve\/mpppstweb\/wp-content\/uploads\/2025\/07\/cropped-cropped-g910.png\",\"width\":1080,\"height\":241,\"caption\":\"mpppst\"},\"image\":{\"@id\":\"https:\/\/www.mpppst.gob.ve\/mpppstweb\/#\/schema\/logo\/image\/\"}},{\"@type\":\"Person\",\"@id\":\"https:\/\/www.mpppst.gob.ve\/mpppstweb\/#\/schema\/person\/fc187ee8ead412bd4c9304b62f900ea4\",\"name\":\"MPPPST Prensa\",\"url\":\"https:\/\/www.mpppst.gob.ve\/mpppstweb\/index.php\/author\/prensa-mpppst\/\"}]}<\/script>\n<!-- \/ Yoast SEO plugin. -->","yoast_head_json":{"title":"Universitarios apoyar\u00e1n labor de Consejos Productivos de Trabajadores - MPPPST","robots":{"index":"index","follow":"follow","max-snippet":"max-snippet:-1","max-image-preview":"max-image-preview:large","max-video-preview":"max-video-preview:-1"},"canonical":"https:\/\/www.mpppst.gob.ve\/mpppstweb\/index.php\/2016\/11\/22\/universitarios-apoyaran-labor-de-consejos-productivos-de-trabajadores\/","og_locale":"es_ES","og_type":"article","og_title":"Universitarios apoyar\u00e1n labor de Consejos Productivos de Trabajadores - MPPPST","og_description":"AVN.- El presidente de la Rep\u00fablica, Nicol\u00e1s Maduro, instruy\u00f3 este lunes a las universidades del pa\u00eds &hellip; Universitarios apoyar\u00e1n labor de Consejos Productivos de TrabajadoresRead more","og_url":"https:\/\/www.mpppst.gob.ve\/mpppstweb\/index.php\/2016\/11\/22\/universitarios-apoyaran-labor-de-consejos-productivos-de-trabajadores\/","og_site_name":"MPPPST","article_published_time":"2016-11-22T13:03:51+00:00","og_image":[{"width":800,"height":445,"url":"https:\/\/www.mpppst.gob.ve\/mpppstweb\/wp-content\/uploads\/2016\/11\/marcha5ht1369336707.jpg","type":"image\/jpeg"}],"author":"MPPPST Prensa","twitter_card":"summary_large_image","twitter_misc":{"Escrito por":"MPPPST Prensa","Tiempo de lectura":"3 minutos"},"schema":{"@context":"https:\/\/schema.org","@graph":[{"@type":"Article","@id":"https:\/\/www.mpppst.gob.ve\/mpppstweb\/index.php\/2016\/11\/22\/universitarios-apoyaran-labor-de-consejos-productivos-de-trabajadores\/#article","isPartOf":{"@id":"https:\/\/www.mpppst.gob.ve\/mpppstweb\/index.php\/2016\/11\/22\/universitarios-apoyaran-labor-de-consejos-productivos-de-trabajadores\/"},"author":{"name":"MPPPST Prensa","@id":"https:\/\/www.mpppst.gob.ve\/mpppstweb\/#\/schema\/person\/fc187ee8ead412bd4c9304b62f900ea4"},"headline":"Universitarios apoyar\u00e1n labor de Consejos Productivos de Trabajadores","datePublished":"2016-11-22T13:03:51+00:00","dateModified":"2016-11-22T13:03:51+00:00","mainEntityOfPage":{"@id":"https:\/\/www.mpppst.gob.ve\/mpppstweb\/index.php\/2016\/11\/22\/universitarios-apoyaran-labor-de-consejos-productivos-de-trabajadores\/"},"wordCount":546,"publisher":{"@id":"https:\/\/www.mpppst.gob.ve\/mpppstweb\/#organization"},"image":{"@id":"https:\/\/www.mpppst.gob.ve\/mpppstweb\/index.php\/2016\/11\/22\/universitarios-apoyaran-labor-de-consejos-productivos-de-trabajadores\/#primaryimage"},"thumbnailUrl":"https:\/\/www.mpppst.gob.ve\/mpppstweb\/wp-content\/uploads\/2016\/11\/marcha5ht1369336707.jpg","articleSection":["Autoformaci\u00f3n desde el Proceso Social de Trabajo Colectiva","Gobierno Nacional","Noticias"],"inLanguage":"es"},{"@type":"WebPage","@id":"https:\/\/www.mpppst.gob.ve\/mpppstweb\/index.php\/2016\/11\/22\/universitarios-apoyaran-labor-de-consejos-productivos-de-trabajadores\/","url":"https:\/\/www.mpppst.gob.ve\/mpppstweb\/index.php\/2016\/11\/22\/universitarios-apoyaran-labor-de-consejos-productivos-de-trabajadores\/","name":"Universitarios apoyar\u00e1n labor de Consejos Productivos de Trabajadores - MPPPST","isPartOf":{"@id":"https:\/\/www.mpppst.gob.ve\/mpppstweb\/#website"},"primaryImageOfPage":{"@id":"https:\/\/www.mpppst.gob.ve\/mpppstweb\/index.php\/2016\/11\/22\/universitarios-apoyaran-labor-de-consejos-productivos-de-trabajadores\/#primaryimage"},"image":{"@id":"https:\/\/www.mpppst.gob.ve\/mpppstweb\/index.php\/2016\/11\/22\/universitarios-apoyaran-labor-de-consejos-productivos-de-trabajadores\/#primaryimage"},"thumbnailUrl":"https:\/\/www.mpppst.gob.ve\/mpppstweb\/wp-content\/uploads\/2016\/11\/marcha5ht1369336707.jpg","datePublished":"2016-11-22T13:03:51+00:00","dateModified":"2016-11-22T13:03:51+00:00","breadcrumb":{"@id":"https:\/\/www.mpppst.gob.ve\/mpppstweb\/index.php\/2016\/11\/22\/universitarios-apoyaran-labor-de-consejos-productivos-de-trabajadores\/#breadcrumb"},"inLanguage":"es","potentialAction":[{"@type":"ReadAction","target":["https:\/\/www.mpppst.gob.ve\/mpppstweb\/index.php\/2016\/11\/22\/universitarios-apoyaran-labor-de-consejos-productivos-de-trabajadores\/"]}]},{"@type":"ImageObject","inLanguage":"es","@id":"https:\/\/www.mpppst.gob.ve\/mpppstweb\/index.php\/2016\/11\/22\/universitarios-apoyaran-labor-de-consejos-productivos-de-trabajadores\/#primaryimage","url":"https:\/\/www.mpppst.gob.ve\/mpppstweb\/wp-content\/uploads\/2016\/11\/marcha5ht1369336707.jpg","contentUrl":"https:\/\/www.mpppst.gob.ve\/mpppstweb\/wp-content\/uploads\/2016\/11\/marcha5ht1369336707.jpg","width":800,"height":445},{"@type":"BreadcrumbList","@id":"https:\/\/www.mpppst.gob.ve\/mpppstweb\/index.php\/2016\/11\/22\/universitarios-apoyaran-labor-de-consejos-productivos-de-trabajadores\/#breadcrumb","itemListElement":[{"@type":"ListItem","position":1,"name":"Home","item":"https:\/\/www.mpppst.gob.ve\/mpppstweb\/"},{"@type":"ListItem","position":2,"name":"Universitarios apoyar\u00e1n labor de Consejos Productivos de Trabajadores"}]},{"@type":"WebSite","@id":"https:\/\/www.mpppst.gob.ve\/mpppstweb\/#website","url":"https:\/\/www.mpppst.gob.ve\/mpppstweb\/","name":"MPPPST","description":"Ministerio del Poder Popular para el Proceso Social de Trabajo","publisher":{"@id":"https:\/\/www.mpppst.gob.ve\/mpppstweb\/#organization"},"potentialAction":[{"@type":"SearchAction","target":{"@type":"EntryPoint","urlTemplate":"https:\/\/www.mpppst.gob.ve\/mpppstweb\/?s={search_term_string}"},"query-input":"required name=search_term_string"}],"inLanguage":"es"},{"@type":"Organization","@id":"https:\/\/www.mpppst.gob.ve\/mpppstweb\/#organization","name":"mpppst","url":"https:\/\/www.mpppst.gob.ve\/mpppstweb\/","logo":{"@type":"ImageObject","inLanguage":"es","@id":"https:\/\/www.mpppst.gob.ve\/mpppstweb\/#\/schema\/logo\/image\/","url":"https:\/\/www.mpppst.gob.ve\/mpppstweb\/wp-content\/uploads\/2025\/07\/cropped-cropped-g910.png","contentUrl":"https:\/\/www.mpppst.gob.ve\/mpppstweb\/wp-content\/uploads\/2025\/07\/cropped-cropped-g910.png","width":1080,"height":241,"caption":"mpppst"},"image":{"@id":"https:\/\/www.mpppst.gob.ve\/mpppstweb\/#\/schema\/logo\/image\/"}},{"@type":"Person","@id":"https:\/\/www.mpppst.gob.ve\/mpppstweb\/#\/schema\/person\/fc187ee8ead412bd4c9304b62f900ea4","name":"MPPPST Prensa","url":"https:\/\/www.mpppst.gob.ve\/mpppstweb\/index.php\/author\/prensa-mpppst\/"}]}},"_links":{"self":[{"href":"https:\/\/www.mpppst.gob.ve\/mpppstweb\/index.php\/wp-json\/wp\/v2\/posts\/9356"}],"collection":[{"href":"https:\/\/www.mpppst.gob.ve\/mpppstweb\/index.php\/wp-json\/wp\/v2\/posts"}],"about":[{"href":"https:\/\/www.mpppst.gob.ve\/mpppstweb\/index.php\/wp-json\/wp\/v2\/types\/post"}],"author":[{"embeddable":true,"href":"https:\/\/www.mpppst.gob.ve\/mpppstweb\/index.php\/wp-json\/wp\/v2\/users\/25"}],"replies":[{"embeddable":true,"href":"https:\/\/www.mpppst.gob.ve\/mpppstweb\/index.php\/wp-json\/wp\/v2\/comments?post=9356"}],"version-history":[{"count":1,"href":"https:\/\/www.mpppst.gob.ve\/mpppstweb\/index.php\/wp-json\/wp\/v2\/posts\/9356\/revisions"}],"predecessor-version":[{"id":9358,"href":"https:\/\/www.mpppst.gob.ve\/mpppstweb\/index.php\/wp-json\/wp\/v2\/posts\/9356\/revisions\/9358"}],"wp:featuredmedia":[{"embeddable":true,"href":"https:\/\/www.mpppst.gob.ve\/mpppstweb\/index.php\/wp-json\/wp\/v2\/media\/9357"}],"wp:attachment":[{"href":"https:\/\/www.mpppst.gob.ve\/mpppstweb\/index.php\/wp-json\/wp\/v2\/media?parent=9356"}],"wp:term":[{"taxonomy":"category","embeddable":true,"href":"https:\/\/www.mpppst.gob.ve\/mpppstweb\/index.php\/wp-json\/wp\/v2\/categories?post=9356"},{"taxonomy":"post_tag","embeddable":true,"href":"https:\/\/www.mpppst.gob.ve\/mpppstweb\/index.php\/wp-json\/wp\/v2\/tags?post=9356"}],"curies":[{"name":"wp","href":"https:\/\/api.w.org\/{rel}","templated":true}]}}