{"id":9359,"date":"2016-11-22T13:50:07","date_gmt":"2016-11-22T13:50:07","guid":{"rendered":"http:\/\/www.mpppst.gob.ve\/mpppstweb\/?p=9359"},"modified":"2016-11-22T13:50:07","modified_gmt":"2016-11-22T13:50:07","slug":"maduro-aprobo-la-creacion-del-plan-escuelas-liceos-y-universidades-tricolor","status":"publish","type":"post","link":"https:\/\/www.mpppst.gob.ve\/mpppstweb\/index.php\/2016\/11\/22\/maduro-aprobo-la-creacion-del-plan-escuelas-liceos-y-universidades-tricolor\/","title":{"rendered":"Maduro aprob\u00f3 la creaci\u00f3n del Plan Escuelas, Liceos y Universidades Tricolor"},"content":{"rendered":"<p>Correo del Orinoco<\/p>\n<p>El presidente de la Rep\u00fablica Bolivariana de Venezuela, Nicol\u00e1s Maduro, anunci\u00f3 este lunes la creaci\u00f3n del Plan Escuelas, Liceos y Universidades Tricolor para la rehabilitaci\u00f3n de las instituciones a trav\u00e9s de la Gran Misi\u00f3n Barrio Nuevo Barrio Tricolor.<\/p>\n<p>\u201cAnuncio que desde ya apruebo y asumo el Plan Escuela, Liceo y Universidad Tricolor para ponerlas bonitas, ampliarlas. Barrio Nuevo Barrio Tricolor va para las universidades, las escuelas y los liceos\u201d, dijo en transmisi\u00f3n conjunta de radio y televisi\u00f3n.<\/p>\n<p>Desde el Palacio de Miraflores donde recibi\u00f3 una movilizaci\u00f3n por el D\u00eda del Estudiante, se\u00f1al\u00f3 que la idea surgi\u00f3 en el Congreso de la Federaci\u00f3n Venezolana de Estudiantes de Educaci\u00f3n Media.<\/p>\n<p>Maduro instruy\u00f3 a la vicepresidenta para el Socialismo Territorial, Erika Far\u00edas, y al ministro del Poder Popular para H\u00e1bitat y Vivienda, Manuel Quevedo, dar inici\u00f3 a este proyecto.<\/p>\n<p>Solicit\u00f3 edificar anfiteatros, conchas ac\u00fasticas en cada ente para dar continuidad a la vida cultural de los estudiantes y recuperar \u201cnuestra identidad, nuestros valores\u201d.<\/p>\n<h3>UNIVERSIDADES P\u00daBLICAS<\/h3>\n<p>Por otro lado, indic\u00f3 que hasta la fecha la Revoluci\u00f3n Bolivariana ha creado 31 universidades p\u00fablicas para la formaci\u00f3n del pueblo, as\u00ed como la Misi\u00f3n Sucre.<\/p>\n<p>El Mandatario Nacional inform\u00f3 que actualmente cerca de 3 millones de estudiantes universitarios se est\u00e1n formando con acceso libre a sus carrera de manera gratuita y de calidad \u201ccomo los nuevos profesionales del pa\u00eds\u201d.<\/p>\n<p>Asegur\u00f3 que esto solo es posible en Venezuela, por lo que pidi\u00f3 retomar e impulsar los programas de calidad educativa y preparaci\u00f3n de estudios superiores.<\/p>\n<p>Asimismo, indic\u00f3 que actualmente hay 3 millones de estudiantes aproximadamente form\u00e1ndose en las aulas de clases de manera gratuita gracias a los logros de la Revoluci\u00f3n Bolivariana.<\/p>\n","protected":false},"excerpt":{"rendered":"<p>Correo del Orinoco El presidente de la Rep\u00fablica Bolivariana de Venezuela, Nicol\u00e1s Maduro, anunci\u00f3 este lunes &hellip; <a title=\"Maduro aprob\u00f3 la creaci\u00f3n del Plan Escuelas, Liceos y Universidades Tricolor\" class=\"hm-read-more\" href=\"https:\/\/www.mpppst.gob.ve\/mpppstweb\/index.php\/2016\/11\/22\/maduro-aprobo-la-creacion-del-plan-escuelas-liceos-y-universidades-tricolor\/\"><span class=\"screen-reader-text\">Maduro aprob\u00f3 la creaci\u00f3n del Plan Escuelas, Liceos y Universidades Tricolor<\/span>Read more<\/a><\/p>\n","protected":false},"author":25,"featured_media":9360,"comment_status":"closed","ping_status":"closed","sticky":false,"template":"","format":"standard","meta":{"footnotes":""},"categories":[82,163],"tags":[],"yoast_head":"<!-- This site is optimized with the Yoast SEO plugin v22.5 - https:\/\/yoast.com\/wordpress\/plugins\/seo\/ -->\n<title>Maduro aprob\u00f3 la creaci\u00f3n del Plan Escuelas, Liceos y Universidades Tricolor - MPPPST<\/title>\n<meta name=\"robots\" content=\"index, follow, max-snippet:-1, max-image-preview:large, max-video-preview:-1\" \/>\n<link rel=\"canonical\" href=\"https:\/\/www.mpppst.gob.ve\/mpppstweb\/index.php\/2016\/11\/22\/maduro-aprobo-la-creacion-del-plan-escuelas-liceos-y-universidades-tricolor\/\" \/>\n<meta property=\"og:locale\" content=\"es_ES\" \/>\n<meta property=\"og:type\" content=\"article\" \/>\n<meta property=\"og:title\" content=\"Maduro aprob\u00f3 la creaci\u00f3n del Plan Escuelas, Liceos y Universidades Tricolor - MPPPST\" \/>\n<meta property=\"og:description\" content=\"Correo del Orinoco El presidente de la Rep\u00fablica Bolivariana de Venezuela, Nicol\u00e1s Maduro, anunci\u00f3 este lunes &hellip; Maduro aprob\u00f3 la creaci\u00f3n del Plan Escuelas, Liceos y Universidades TricolorRead more\" \/>\n<meta property=\"og:url\" content=\"https:\/\/www.mpppst.gob.ve\/mpppstweb\/index.php\/2016\/11\/22\/maduro-aprobo-la-creacion-del-plan-escuelas-liceos-y-universidades-tricolor\/\" \/>\n<meta property=\"og:site_name\" content=\"MPPPST\" \/>\n<meta property=\"article:published_time\" content=\"2016-11-22T13:50:07+00:00\" \/>\n<meta property=\"og:image\" content=\"https:\/\/www.mpppst.gob.ve\/mpppstweb\/wp-content\/uploads\/2016\/11\/Maduro-2.jpg\" \/>\n\t<meta property=\"og:image:width\" content=\"800\" \/>\n\t<meta property=\"og:image:height\" content=\"445\" \/>\n\t<meta property=\"og:image:type\" content=\"image\/jpeg\" \/>\n<meta name=\"author\" content=\"MPPPST Prensa\" \/>\n<meta name=\"twitter:card\" content=\"summary_large_image\" \/>\n<meta name=\"twitter:label1\" content=\"Escrito por\" \/>\n\t<meta name=\"twitter:data1\" content=\"MPPPST Prensa\" \/>\n\t<meta name=\"twitter:label2\" content=\"Tiempo de lectura\" \/>\n\t<meta name=\"twitter:data2\" content=\"2 minutos\" \/>\n<script type=\"application\/ld+json\" class=\"yoast-schema-graph\">{\"@context\":\"https:\/\/schema.org\",\"@graph\":[{\"@type\":\"Article\",\"@id\":\"https:\/\/www.mpppst.gob.ve\/mpppstweb\/index.php\/2016\/11\/22\/maduro-aprobo-la-creacion-del-plan-escuelas-liceos-y-universidades-tricolor\/#article\",\"isPartOf\":{\"@id\":\"https:\/\/www.mpppst.gob.ve\/mpppstweb\/index.php\/2016\/11\/22\/maduro-aprobo-la-creacion-del-plan-escuelas-liceos-y-universidades-tricolor\/\"},\"author\":{\"name\":\"MPPPST Prensa\",\"@id\":\"https:\/\/www.mpppst.gob.ve\/mpppstweb\/#\/schema\/person\/fc187ee8ead412bd4c9304b62f900ea4\"},\"headline\":\"Maduro aprob\u00f3 la creaci\u00f3n del Plan Escuelas, Liceos y Universidades Tricolor\",\"datePublished\":\"2016-11-22T13:50:07+00:00\",\"dateModified\":\"2016-11-22T13:50:07+00:00\",\"mainEntityOfPage\":{\"@id\":\"https:\/\/www.mpppst.gob.ve\/mpppstweb\/index.php\/2016\/11\/22\/maduro-aprobo-la-creacion-del-plan-escuelas-liceos-y-universidades-tricolor\/\"},\"wordCount\":312,\"publisher\":{\"@id\":\"https:\/\/www.mpppst.gob.ve\/mpppstweb\/#organization\"},\"image\":{\"@id\":\"https:\/\/www.mpppst.gob.ve\/mpppstweb\/index.php\/2016\/11\/22\/maduro-aprobo-la-creacion-del-plan-escuelas-liceos-y-universidades-tricolor\/#primaryimage\"},\"thumbnailUrl\":\"https:\/\/www.mpppst.gob.ve\/mpppstweb\/wp-content\/uploads\/2016\/11\/Maduro-2.jpg\",\"articleSection\":[\"Gobierno Nacional\",\"Noticias\"],\"inLanguage\":\"es\"},{\"@type\":\"WebPage\",\"@id\":\"https:\/\/www.mpppst.gob.ve\/mpppstweb\/index.php\/2016\/11\/22\/maduro-aprobo-la-creacion-del-plan-escuelas-liceos-y-universidades-tricolor\/\",\"url\":\"https:\/\/www.mpppst.gob.ve\/mpppstweb\/index.php\/2016\/11\/22\/maduro-aprobo-la-creacion-del-plan-escuelas-liceos-y-universidades-tricolor\/\",\"name\":\"Maduro aprob\u00f3 la creaci\u00f3n del Plan Escuelas, Liceos y Universidades Tricolor - MPPPST\",\"isPartOf\":{\"@id\":\"https:\/\/www.mpppst.gob.ve\/mpppstweb\/#website\"},\"primaryImageOfPage\":{\"@id\":\"https:\/\/www.mpppst.gob.ve\/mpppstweb\/index.php\/2016\/11\/22\/maduro-aprobo-la-creacion-del-plan-escuelas-liceos-y-universidades-tricolor\/#primaryimage\"},\"image\":{\"@id\":\"https:\/\/www.mpppst.gob.ve\/mpppstweb\/index.php\/2016\/11\/22\/maduro-aprobo-la-creacion-del-plan-escuelas-liceos-y-universidades-tricolor\/#primaryimage\"},\"thumbnailUrl\":\"https:\/\/www.mpppst.gob.ve\/mpppstweb\/wp-content\/uploads\/2016\/11\/Maduro-2.jpg\",\"datePublished\":\"2016-11-22T13:50:07+00:00\",\"dateModified\":\"2016-11-22T13:50:07+00:00\",\"breadcrumb\":{\"@id\":\"https:\/\/www.mpppst.gob.ve\/mpppstweb\/index.php\/2016\/11\/22\/maduro-aprobo-la-creacion-del-plan-escuelas-liceos-y-universidades-tricolor\/#breadcrumb\"},\"inLanguage\":\"es\",\"potentialAction\":[{\"@type\":\"ReadAction\",\"target\":[\"https:\/\/www.mpppst.gob.ve\/mpppstweb\/index.php\/2016\/11\/22\/maduro-aprobo-la-creacion-del-plan-escuelas-liceos-y-universidades-tricolor\/\"]}]},{\"@type\":\"ImageObject\",\"inLanguage\":\"es\",\"@id\":\"https:\/\/www.mpppst.gob.ve\/mpppstweb\/index.php\/2016\/11\/22\/maduro-aprobo-la-creacion-del-plan-escuelas-liceos-y-universidades-tricolor\/#primaryimage\",\"url\":\"https:\/\/www.mpppst.gob.ve\/mpppstweb\/wp-content\/uploads\/2016\/11\/Maduro-2.jpg\",\"contentUrl\":\"https:\/\/www.mpppst.gob.ve\/mpppstweb\/wp-content\/uploads\/2016\/11\/Maduro-2.jpg\",\"width\":800,\"height\":445},{\"@type\":\"BreadcrumbList\",\"@id\":\"https:\/\/www.mpppst.gob.ve\/mpppstweb\/index.php\/2016\/11\/22\/maduro-aprobo-la-creacion-del-plan-escuelas-liceos-y-universidades-tricolor\/#breadcrumb\",\"itemListElement\":[{\"@type\":\"ListItem\",\"position\":1,\"name\":\"Home\",\"item\":\"https:\/\/www.mpppst.gob.ve\/mpppstweb\/\"},{\"@type\":\"ListItem\",\"position\":2,\"name\":\"Maduro aprob\u00f3 la creaci\u00f3n del Plan Escuelas, Liceos y Universidades Tricolor\"}]},{\"@type\":\"WebSite\",\"@id\":\"https:\/\/www.mpppst.gob.ve\/mpppstweb\/#website\",\"url\":\"https:\/\/www.mpppst.gob.ve\/mpppstweb\/\",\"name\":\"MPPPST\",\"description\":\"Ministerio del Poder Popular para el Proceso Social de Trabajo\",\"publisher\":{\"@id\":\"https:\/\/www.mpppst.gob.ve\/mpppstweb\/#organization\"},\"potentialAction\":[{\"@type\":\"SearchAction\",\"target\":{\"@type\":\"EntryPoint\",\"urlTemplate\":\"https:\/\/www.mpppst.gob.ve\/mpppstweb\/?s={search_term_string}\"},\"query-input\":\"required name=search_term_string\"}],\"inLanguage\":\"es\"},{\"@type\":\"Organization\",\"@id\":\"https:\/\/www.mpppst.gob.ve\/mpppstweb\/#organization\",\"name\":\"mpppst\",\"url\":\"https:\/\/www.mpppst.gob.ve\/mpppstweb\/\",\"logo\":{\"@type\":\"ImageObject\",\"inLanguage\":\"es\",\"@id\":\"https:\/\/www.mpppst.gob.ve\/mpppstweb\/#\/schema\/logo\/image\/\",\"url\":\"https:\/\/www.mpppst.gob.ve\/mpppstweb\/wp-content\/uploads\/2025\/07\/cropped-cropped-g910.png\",\"contentUrl\":\"https:\/\/www.mpppst.gob.ve\/mpppstweb\/wp-content\/uploads\/2025\/07\/cropped-cropped-g910.png\",\"width\":1080,\"height\":241,\"caption\":\"mpppst\"},\"image\":{\"@id\":\"https:\/\/www.mpppst.gob.ve\/mpppstweb\/#\/schema\/logo\/image\/\"}},{\"@type\":\"Person\",\"@id\":\"https:\/\/www.mpppst.gob.ve\/mpppstweb\/#\/schema\/person\/fc187ee8ead412bd4c9304b62f900ea4\",\"name\":\"MPPPST Prensa\",\"url\":\"https:\/\/www.mpppst.gob.ve\/mpppstweb\/index.php\/author\/prensa-mpppst\/\"}]}<\/script>\n<!-- \/ Yoast SEO plugin. -->","yoast_head_json":{"title":"Maduro aprob\u00f3 la creaci\u00f3n del Plan Escuelas, Liceos y Universidades Tricolor - MPPPST","robots":{"index":"index","follow":"follow","max-snippet":"max-snippet:-1","max-image-preview":"max-image-preview:large","max-video-preview":"max-video-preview:-1"},"canonical":"https:\/\/www.mpppst.gob.ve\/mpppstweb\/index.php\/2016\/11\/22\/maduro-aprobo-la-creacion-del-plan-escuelas-liceos-y-universidades-tricolor\/","og_locale":"es_ES","og_type":"article","og_title":"Maduro aprob\u00f3 la creaci\u00f3n del Plan Escuelas, Liceos y Universidades Tricolor - MPPPST","og_description":"Correo del Orinoco El presidente de la Rep\u00fablica Bolivariana de Venezuela, Nicol\u00e1s Maduro, anunci\u00f3 este lunes &hellip; Maduro aprob\u00f3 la creaci\u00f3n del Plan Escuelas, Liceos y Universidades TricolorRead more","og_url":"https:\/\/www.mpppst.gob.ve\/mpppstweb\/index.php\/2016\/11\/22\/maduro-aprobo-la-creacion-del-plan-escuelas-liceos-y-universidades-tricolor\/","og_site_name":"MPPPST","article_published_time":"2016-11-22T13:50:07+00:00","og_image":[{"width":800,"height":445,"url":"https:\/\/www.mpppst.gob.ve\/mpppstweb\/wp-content\/uploads\/2016\/11\/Maduro-2.jpg","type":"image\/jpeg"}],"author":"MPPPST Prensa","twitter_card":"summary_large_image","twitter_misc":{"Escrito por":"MPPPST Prensa","Tiempo de lectura":"2 minutos"},"schema":{"@context":"https:\/\/schema.org","@graph":[{"@type":"Article","@id":"https:\/\/www.mpppst.gob.ve\/mpppstweb\/index.php\/2016\/11\/22\/maduro-aprobo-la-creacion-del-plan-escuelas-liceos-y-universidades-tricolor\/#article","isPartOf":{"@id":"https:\/\/www.mpppst.gob.ve\/mpppstweb\/index.php\/2016\/11\/22\/maduro-aprobo-la-creacion-del-plan-escuelas-liceos-y-universidades-tricolor\/"},"author":{"name":"MPPPST Prensa","@id":"https:\/\/www.mpppst.gob.ve\/mpppstweb\/#\/schema\/person\/fc187ee8ead412bd4c9304b62f900ea4"},"headline":"Maduro aprob\u00f3 la creaci\u00f3n del Plan Escuelas, Liceos y Universidades Tricolor","datePublished":"2016-11-22T13:50:07+00:00","dateModified":"2016-11-22T13:50:07+00:00","mainEntityOfPage":{"@id":"https:\/\/www.mpppst.gob.ve\/mpppstweb\/index.php\/2016\/11\/22\/maduro-aprobo-la-creacion-del-plan-escuelas-liceos-y-universidades-tricolor\/"},"wordCount":312,"publisher":{"@id":"https:\/\/www.mpppst.gob.ve\/mpppstweb\/#organization"},"image":{"@id":"https:\/\/www.mpppst.gob.ve\/mpppstweb\/index.php\/2016\/11\/22\/maduro-aprobo-la-creacion-del-plan-escuelas-liceos-y-universidades-tricolor\/#primaryimage"},"thumbnailUrl":"https:\/\/www.mpppst.gob.ve\/mpppstweb\/wp-content\/uploads\/2016\/11\/Maduro-2.jpg","articleSection":["Gobierno Nacional","Noticias"],"inLanguage":"es"},{"@type":"WebPage","@id":"https:\/\/www.mpppst.gob.ve\/mpppstweb\/index.php\/2016\/11\/22\/maduro-aprobo-la-creacion-del-plan-escuelas-liceos-y-universidades-tricolor\/","url":"https:\/\/www.mpppst.gob.ve\/mpppstweb\/index.php\/2016\/11\/22\/maduro-aprobo-la-creacion-del-plan-escuelas-liceos-y-universidades-tricolor\/","name":"Maduro aprob\u00f3 la creaci\u00f3n del Plan Escuelas, Liceos y Universidades Tricolor - MPPPST","isPartOf":{"@id":"https:\/\/www.mpppst.gob.ve\/mpppstweb\/#website"},"primaryImageOfPage":{"@id":"https:\/\/www.mpppst.gob.ve\/mpppstweb\/index.php\/2016\/11\/22\/maduro-aprobo-la-creacion-del-plan-escuelas-liceos-y-universidades-tricolor\/#primaryimage"},"image":{"@id":"https:\/\/www.mpppst.gob.ve\/mpppstweb\/index.php\/2016\/11\/22\/maduro-aprobo-la-creacion-del-plan-escuelas-liceos-y-universidades-tricolor\/#primaryimage"},"thumbnailUrl":"https:\/\/www.mpppst.gob.ve\/mpppstweb\/wp-content\/uploads\/2016\/11\/Maduro-2.jpg","datePublished":"2016-11-22T13:50:07+00:00","dateModified":"2016-11-22T13:50:07+00:00","breadcrumb":{"@id":"https:\/\/www.mpppst.gob.ve\/mpppstweb\/index.php\/2016\/11\/22\/maduro-aprobo-la-creacion-del-plan-escuelas-liceos-y-universidades-tricolor\/#breadcrumb"},"inLanguage":"es","potentialAction":[{"@type":"ReadAction","target":["https:\/\/www.mpppst.gob.ve\/mpppstweb\/index.php\/2016\/11\/22\/maduro-aprobo-la-creacion-del-plan-escuelas-liceos-y-universidades-tricolor\/"]}]},{"@type":"ImageObject","inLanguage":"es","@id":"https:\/\/www.mpppst.gob.ve\/mpppstweb\/index.php\/2016\/11\/22\/maduro-aprobo-la-creacion-del-plan-escuelas-liceos-y-universidades-tricolor\/#primaryimage","url":"https:\/\/www.mpppst.gob.ve\/mpppstweb\/wp-content\/uploads\/2016\/11\/Maduro-2.jpg","contentUrl":"https:\/\/www.mpppst.gob.ve\/mpppstweb\/wp-content\/uploads\/2016\/11\/Maduro-2.jpg","width":800,"height":445},{"@type":"BreadcrumbList","@id":"https:\/\/www.mpppst.gob.ve\/mpppstweb\/index.php\/2016\/11\/22\/maduro-aprobo-la-creacion-del-plan-escuelas-liceos-y-universidades-tricolor\/#breadcrumb","itemListElement":[{"@type":"ListItem","position":1,"name":"Home","item":"https:\/\/www.mpppst.gob.ve\/mpppstweb\/"},{"@type":"ListItem","position":2,"name":"Maduro aprob\u00f3 la creaci\u00f3n del Plan Escuelas, Liceos y Universidades Tricolor"}]},{"@type":"WebSite","@id":"https:\/\/www.mpppst.gob.ve\/mpppstweb\/#website","url":"https:\/\/www.mpppst.gob.ve\/mpppstweb\/","name":"MPPPST","description":"Ministerio del Poder Popular para el Proceso Social de Trabajo","publisher":{"@id":"https:\/\/www.mpppst.gob.ve\/mpppstweb\/#organization"},"potentialAction":[{"@type":"SearchAction","target":{"@type":"EntryPoint","urlTemplate":"https:\/\/www.mpppst.gob.ve\/mpppstweb\/?s={search_term_string}"},"query-input":"required name=search_term_string"}],"inLanguage":"es"},{"@type":"Organization","@id":"https:\/\/www.mpppst.gob.ve\/mpppstweb\/#organization","name":"mpppst","url":"https:\/\/www.mpppst.gob.ve\/mpppstweb\/","logo":{"@type":"ImageObject","inLanguage":"es","@id":"https:\/\/www.mpppst.gob.ve\/mpppstweb\/#\/schema\/logo\/image\/","url":"https:\/\/www.mpppst.gob.ve\/mpppstweb\/wp-content\/uploads\/2025\/07\/cropped-cropped-g910.png","contentUrl":"https:\/\/www.mpppst.gob.ve\/mpppstweb\/wp-content\/uploads\/2025\/07\/cropped-cropped-g910.png","width":1080,"height":241,"caption":"mpppst"},"image":{"@id":"https:\/\/www.mpppst.gob.ve\/mpppstweb\/#\/schema\/logo\/image\/"}},{"@type":"Person","@id":"https:\/\/www.mpppst.gob.ve\/mpppstweb\/#\/schema\/person\/fc187ee8ead412bd4c9304b62f900ea4","name":"MPPPST Prensa","url":"https:\/\/www.mpppst.gob.ve\/mpppstweb\/index.php\/author\/prensa-mpppst\/"}]}},"_links":{"self":[{"href":"https:\/\/www.mpppst.gob.ve\/mpppstweb\/index.php\/wp-json\/wp\/v2\/posts\/9359"}],"collection":[{"href":"https:\/\/www.mpppst.gob.ve\/mpppstweb\/index.php\/wp-json\/wp\/v2\/posts"}],"about":[{"href":"https:\/\/www.mpppst.gob.ve\/mpppstweb\/index.php\/wp-json\/wp\/v2\/types\/post"}],"author":[{"embeddable":true,"href":"https:\/\/www.mpppst.gob.ve\/mpppstweb\/index.php\/wp-json\/wp\/v2\/users\/25"}],"replies":[{"embeddable":true,"href":"https:\/\/www.mpppst.gob.ve\/mpppstweb\/index.php\/wp-json\/wp\/v2\/comments?post=9359"}],"version-history":[{"count":1,"href":"https:\/\/www.mpppst.gob.ve\/mpppstweb\/index.php\/wp-json\/wp\/v2\/posts\/9359\/revisions"}],"predecessor-version":[{"id":9361,"href":"https:\/\/www.mpppst.gob.ve\/mpppstweb\/index.php\/wp-json\/wp\/v2\/posts\/9359\/revisions\/9361"}],"wp:featuredmedia":[{"embeddable":true,"href":"https:\/\/www.mpppst.gob.ve\/mpppstweb\/index.php\/wp-json\/wp\/v2\/media\/9360"}],"wp:attachment":[{"href":"https:\/\/www.mpppst.gob.ve\/mpppstweb\/index.php\/wp-json\/wp\/v2\/media?parent=9359"}],"wp:term":[{"taxonomy":"category","embeddable":true,"href":"https:\/\/www.mpppst.gob.ve\/mpppstweb\/index.php\/wp-json\/wp\/v2\/categories?post=9359"},{"taxonomy":"post_tag","embeddable":true,"href":"https:\/\/www.mpppst.gob.ve\/mpppstweb\/index.php\/wp-json\/wp\/v2\/tags?post=9359"}],"curies":[{"name":"wp","href":"https:\/\/api.w.org\/{rel}","templated":true}]}}