{"id":9375,"date":"2016-11-22T16:24:34","date_gmt":"2016-11-22T16:24:34","guid":{"rendered":"http:\/\/www.mpppst.gob.ve\/mpppstweb\/?p=9375"},"modified":"2016-11-22T18:57:49","modified_gmt":"2016-11-22T18:57:49","slug":"bolivia-y-venezuela-refuerzan-relaciones-bilaterales-en-materia-de-trabajo","status":"publish","type":"post","link":"https:\/\/www.mpppst.gob.ve\/mpppstweb\/index.php\/2016\/11\/22\/bolivia-y-venezuela-refuerzan-relaciones-bilaterales-en-materia-de-trabajo\/","title":{"rendered":"Bolivia y Venezuela refuerzan relaciones bilaterales  en materia de trabajo"},"content":{"rendered":"<p>Prensa MPPPST.- Una delegaci\u00f3n del Ministerio de Trabajo, Empleo y Previsi\u00f3n Social del hermano Estado Plurinacional de Bolivia, visitar\u00e1 esta semana el despacho del Ministerio del Poder Popular para el Proceso Social de Trabajo con el fin de desarrollar una agenda bilateral donde se discutir\u00e1n temas laborales que puedan contribuir en el desarrollo de las dos naciones hermanas.<\/p>\n<p>La directora general de Relaciones Internacionales y enlace con la Organizaci\u00f3n Internacional del Trabajo (OIT), Gabriela Aguirre, explic\u00f3 que la delegaci\u00f3n que visita nuestro pa\u00eds est\u00e1 integrada por la doctora Elizabeth Molina Echavarr\u00eda, directora general de Trabajo, Higiene y Seguridad Ocupacional y Ram\u00f3n Vilca Romero, director departamental de Trabajo de Tarija.<\/p>\n<p>Dentro de la agenda bilateral se discutir\u00e1n los temas: los avances de la Rep\u00fablica de Venezuela en el tema Sociolaboral; presentaci\u00f3n de Salud y Seguridad en el Trabajo a cargo de Inpsasel; presentaci\u00f3n de Servicio P\u00fablico de Empleo y Migraciones Laborales; presentaci\u00f3n sobre Derechos Laborales y Registro de Entidades de Trabajo y finalmente se abordar\u00e1 el tema de la Inspecci\u00f3n del Trabajo.<\/p>\n<p>De igual manera, sostendr\u00e1n un encuentro con los representantes de la Central Bolivariana Socialista de Trabajadores (CBST) y se efectuar\u00e1 una serie de visitas guiadas, empezando por la sede de la Gerencia Estadal de Salud de los Trabajadores (Geresat) Distrito Capital- Vargas; el Centro de Formaci\u00f3n Socialista Inces Caricuao; adem\u00e1s de unas visitas culturales.<\/p>\n<p>De esta manera, Venezuela y Bolivia refuerzan sus relaciones bilaterales a partir de este encuentro donde se abordar\u00e1n los temas de Seguridad y Salud en el Trabajo, la Inspecci\u00f3n Laboral y de la Seguridad Social, Migraci\u00f3n Laboral, la Formaci\u00f3n Profesional, entre otros.<\/p>\n<p>Por Elio Garc\u00eda<\/p>\n","protected":false},"excerpt":{"rendered":"<p>Prensa MPPPST.- Una delegaci\u00f3n del Ministerio de Trabajo, Empleo y Previsi\u00f3n Social del hermano Estado Plurinacional &hellip; <a title=\"Bolivia y Venezuela refuerzan relaciones bilaterales  en materia de trabajo\" class=\"hm-read-more\" href=\"https:\/\/www.mpppst.gob.ve\/mpppstweb\/index.php\/2016\/11\/22\/bolivia-y-venezuela-refuerzan-relaciones-bilaterales-en-materia-de-trabajo\/\"><span class=\"screen-reader-text\">Bolivia y Venezuela refuerzan relaciones bilaterales  en materia de trabajo<\/span>Read more<\/a><\/p>\n","protected":false},"author":25,"featured_media":9379,"comment_status":"closed","ping_status":"closed","sticky":false,"template":"","format":"standard","meta":{"footnotes":""},"categories":[84],"tags":[],"yoast_head":"<!-- This site is optimized with the Yoast SEO plugin v22.5 - https:\/\/yoast.com\/wordpress\/plugins\/seo\/ -->\n<title>Bolivia y Venezuela refuerzan relaciones bilaterales en materia de trabajo - MPPPST<\/title>\n<meta name=\"robots\" content=\"index, follow, max-snippet:-1, max-image-preview:large, max-video-preview:-1\" \/>\n<link rel=\"canonical\" href=\"https:\/\/www.mpppst.gob.ve\/mpppstweb\/index.php\/2016\/11\/22\/bolivia-y-venezuela-refuerzan-relaciones-bilaterales-en-materia-de-trabajo\/\" \/>\n<meta property=\"og:locale\" content=\"es_ES\" \/>\n<meta property=\"og:type\" content=\"article\" \/>\n<meta property=\"og:title\" content=\"Bolivia y Venezuela refuerzan relaciones bilaterales en materia de trabajo - MPPPST\" \/>\n<meta property=\"og:description\" content=\"Prensa MPPPST.- Una delegaci\u00f3n del Ministerio de Trabajo, Empleo y Previsi\u00f3n Social del hermano Estado Plurinacional &hellip; Bolivia y Venezuela refuerzan relaciones bilaterales en materia de trabajoRead more\" \/>\n<meta property=\"og:url\" content=\"https:\/\/www.mpppst.gob.ve\/mpppstweb\/index.php\/2016\/11\/22\/bolivia-y-venezuela-refuerzan-relaciones-bilaterales-en-materia-de-trabajo\/\" \/>\n<meta property=\"og:site_name\" content=\"MPPPST\" \/>\n<meta property=\"article:published_time\" content=\"2016-11-22T16:24:34+00:00\" \/>\n<meta property=\"article:modified_time\" content=\"2016-11-22T18:57:49+00:00\" \/>\n<meta property=\"og:image\" content=\"https:\/\/www.mpppst.gob.ve\/mpppstweb\/wp-content\/uploads\/2016\/11\/Calse-trabajadora-1-1.jpg\" \/>\n\t<meta property=\"og:image:width\" content=\"800\" \/>\n\t<meta property=\"og:image:height\" content=\"455\" \/>\n\t<meta property=\"og:image:type\" content=\"image\/jpeg\" \/>\n<meta name=\"author\" content=\"MPPPST Prensa\" \/>\n<meta name=\"twitter:card\" content=\"summary_large_image\" \/>\n<meta name=\"twitter:label1\" content=\"Escrito por\" \/>\n\t<meta name=\"twitter:data1\" content=\"MPPPST Prensa\" \/>\n\t<meta name=\"twitter:label2\" content=\"Tiempo de lectura\" \/>\n\t<meta name=\"twitter:data2\" content=\"1 minuto\" \/>\n<script type=\"application\/ld+json\" class=\"yoast-schema-graph\">{\"@context\":\"https:\/\/schema.org\",\"@graph\":[{\"@type\":\"Article\",\"@id\":\"https:\/\/www.mpppst.gob.ve\/mpppstweb\/index.php\/2016\/11\/22\/bolivia-y-venezuela-refuerzan-relaciones-bilaterales-en-materia-de-trabajo\/#article\",\"isPartOf\":{\"@id\":\"https:\/\/www.mpppst.gob.ve\/mpppstweb\/index.php\/2016\/11\/22\/bolivia-y-venezuela-refuerzan-relaciones-bilaterales-en-materia-de-trabajo\/\"},\"author\":{\"name\":\"MPPPST Prensa\",\"@id\":\"https:\/\/www.mpppst.gob.ve\/mpppstweb\/#\/schema\/person\/fc187ee8ead412bd4c9304b62f900ea4\"},\"headline\":\"Bolivia y Venezuela refuerzan relaciones bilaterales en materia de trabajo\",\"datePublished\":\"2016-11-22T16:24:34+00:00\",\"dateModified\":\"2016-11-22T18:57:49+00:00\",\"mainEntityOfPage\":{\"@id\":\"https:\/\/www.mpppst.gob.ve\/mpppstweb\/index.php\/2016\/11\/22\/bolivia-y-venezuela-refuerzan-relaciones-bilaterales-en-materia-de-trabajo\/\"},\"wordCount\":304,\"publisher\":{\"@id\":\"https:\/\/www.mpppst.gob.ve\/mpppstweb\/#organization\"},\"image\":{\"@id\":\"https:\/\/www.mpppst.gob.ve\/mpppstweb\/index.php\/2016\/11\/22\/bolivia-y-venezuela-refuerzan-relaciones-bilaterales-en-materia-de-trabajo\/#primaryimage\"},\"thumbnailUrl\":\"https:\/\/www.mpppst.gob.ve\/mpppstweb\/wp-content\/uploads\/2016\/11\/Calse-trabajadora-1-1.jpg\",\"articleSection\":[\"Vida Laboral y Sindical\"],\"inLanguage\":\"es\"},{\"@type\":\"WebPage\",\"@id\":\"https:\/\/www.mpppst.gob.ve\/mpppstweb\/index.php\/2016\/11\/22\/bolivia-y-venezuela-refuerzan-relaciones-bilaterales-en-materia-de-trabajo\/\",\"url\":\"https:\/\/www.mpppst.gob.ve\/mpppstweb\/index.php\/2016\/11\/22\/bolivia-y-venezuela-refuerzan-relaciones-bilaterales-en-materia-de-trabajo\/\",\"name\":\"Bolivia y Venezuela refuerzan relaciones bilaterales en materia de trabajo - MPPPST\",\"isPartOf\":{\"@id\":\"https:\/\/www.mpppst.gob.ve\/mpppstweb\/#website\"},\"primaryImageOfPage\":{\"@id\":\"https:\/\/www.mpppst.gob.ve\/mpppstweb\/index.php\/2016\/11\/22\/bolivia-y-venezuela-refuerzan-relaciones-bilaterales-en-materia-de-trabajo\/#primaryimage\"},\"image\":{\"@id\":\"https:\/\/www.mpppst.gob.ve\/mpppstweb\/index.php\/2016\/11\/22\/bolivia-y-venezuela-refuerzan-relaciones-bilaterales-en-materia-de-trabajo\/#primaryimage\"},\"thumbnailUrl\":\"https:\/\/www.mpppst.gob.ve\/mpppstweb\/wp-content\/uploads\/2016\/11\/Calse-trabajadora-1-1.jpg\",\"datePublished\":\"2016-11-22T16:24:34+00:00\",\"dateModified\":\"2016-11-22T18:57:49+00:00\",\"breadcrumb\":{\"@id\":\"https:\/\/www.mpppst.gob.ve\/mpppstweb\/index.php\/2016\/11\/22\/bolivia-y-venezuela-refuerzan-relaciones-bilaterales-en-materia-de-trabajo\/#breadcrumb\"},\"inLanguage\":\"es\",\"potentialAction\":[{\"@type\":\"ReadAction\",\"target\":[\"https:\/\/www.mpppst.gob.ve\/mpppstweb\/index.php\/2016\/11\/22\/bolivia-y-venezuela-refuerzan-relaciones-bilaterales-en-materia-de-trabajo\/\"]}]},{\"@type\":\"ImageObject\",\"inLanguage\":\"es\",\"@id\":\"https:\/\/www.mpppst.gob.ve\/mpppstweb\/index.php\/2016\/11\/22\/bolivia-y-venezuela-refuerzan-relaciones-bilaterales-en-materia-de-trabajo\/#primaryimage\",\"url\":\"https:\/\/www.mpppst.gob.ve\/mpppstweb\/wp-content\/uploads\/2016\/11\/Calse-trabajadora-1-1.jpg\",\"contentUrl\":\"https:\/\/www.mpppst.gob.ve\/mpppstweb\/wp-content\/uploads\/2016\/11\/Calse-trabajadora-1-1.jpg\",\"width\":800,\"height\":455},{\"@type\":\"BreadcrumbList\",\"@id\":\"https:\/\/www.mpppst.gob.ve\/mpppstweb\/index.php\/2016\/11\/22\/bolivia-y-venezuela-refuerzan-relaciones-bilaterales-en-materia-de-trabajo\/#breadcrumb\",\"itemListElement\":[{\"@type\":\"ListItem\",\"position\":1,\"name\":\"Home\",\"item\":\"https:\/\/www.mpppst.gob.ve\/mpppstweb\/\"},{\"@type\":\"ListItem\",\"position\":2,\"name\":\"Bolivia y Venezuela refuerzan relaciones bilaterales en materia de trabajo\"}]},{\"@type\":\"WebSite\",\"@id\":\"https:\/\/www.mpppst.gob.ve\/mpppstweb\/#website\",\"url\":\"https:\/\/www.mpppst.gob.ve\/mpppstweb\/\",\"name\":\"MPPPST\",\"description\":\"Ministerio del Poder Popular para el Proceso Social de Trabajo\",\"publisher\":{\"@id\":\"https:\/\/www.mpppst.gob.ve\/mpppstweb\/#organization\"},\"potentialAction\":[{\"@type\":\"SearchAction\",\"target\":{\"@type\":\"EntryPoint\",\"urlTemplate\":\"https:\/\/www.mpppst.gob.ve\/mpppstweb\/?s={search_term_string}\"},\"query-input\":\"required name=search_term_string\"}],\"inLanguage\":\"es\"},{\"@type\":\"Organization\",\"@id\":\"https:\/\/www.mpppst.gob.ve\/mpppstweb\/#organization\",\"name\":\"mpppst\",\"url\":\"https:\/\/www.mpppst.gob.ve\/mpppstweb\/\",\"logo\":{\"@type\":\"ImageObject\",\"inLanguage\":\"es\",\"@id\":\"https:\/\/www.mpppst.gob.ve\/mpppstweb\/#\/schema\/logo\/image\/\",\"url\":\"https:\/\/www.mpppst.gob.ve\/mpppstweb\/wp-content\/uploads\/2025\/07\/cropped-cropped-g910.png\",\"contentUrl\":\"https:\/\/www.mpppst.gob.ve\/mpppstweb\/wp-content\/uploads\/2025\/07\/cropped-cropped-g910.png\",\"width\":1080,\"height\":241,\"caption\":\"mpppst\"},\"image\":{\"@id\":\"https:\/\/www.mpppst.gob.ve\/mpppstweb\/#\/schema\/logo\/image\/\"}},{\"@type\":\"Person\",\"@id\":\"https:\/\/www.mpppst.gob.ve\/mpppstweb\/#\/schema\/person\/fc187ee8ead412bd4c9304b62f900ea4\",\"name\":\"MPPPST Prensa\",\"url\":\"https:\/\/www.mpppst.gob.ve\/mpppstweb\/index.php\/author\/prensa-mpppst\/\"}]}<\/script>\n<!-- \/ Yoast SEO plugin. -->","yoast_head_json":{"title":"Bolivia y Venezuela refuerzan relaciones bilaterales en materia de trabajo - MPPPST","robots":{"index":"index","follow":"follow","max-snippet":"max-snippet:-1","max-image-preview":"max-image-preview:large","max-video-preview":"max-video-preview:-1"},"canonical":"https:\/\/www.mpppst.gob.ve\/mpppstweb\/index.php\/2016\/11\/22\/bolivia-y-venezuela-refuerzan-relaciones-bilaterales-en-materia-de-trabajo\/","og_locale":"es_ES","og_type":"article","og_title":"Bolivia y Venezuela refuerzan relaciones bilaterales en materia de trabajo - MPPPST","og_description":"Prensa MPPPST.- Una delegaci\u00f3n del Ministerio de Trabajo, Empleo y Previsi\u00f3n Social del hermano Estado Plurinacional &hellip; Bolivia y Venezuela refuerzan relaciones bilaterales en materia de trabajoRead more","og_url":"https:\/\/www.mpppst.gob.ve\/mpppstweb\/index.php\/2016\/11\/22\/bolivia-y-venezuela-refuerzan-relaciones-bilaterales-en-materia-de-trabajo\/","og_site_name":"MPPPST","article_published_time":"2016-11-22T16:24:34+00:00","article_modified_time":"2016-11-22T18:57:49+00:00","og_image":[{"width":800,"height":455,"url":"https:\/\/www.mpppst.gob.ve\/mpppstweb\/wp-content\/uploads\/2016\/11\/Calse-trabajadora-1-1.jpg","type":"image\/jpeg"}],"author":"MPPPST Prensa","twitter_card":"summary_large_image","twitter_misc":{"Escrito por":"MPPPST Prensa","Tiempo de lectura":"1 minuto"},"schema":{"@context":"https:\/\/schema.org","@graph":[{"@type":"Article","@id":"https:\/\/www.mpppst.gob.ve\/mpppstweb\/index.php\/2016\/11\/22\/bolivia-y-venezuela-refuerzan-relaciones-bilaterales-en-materia-de-trabajo\/#article","isPartOf":{"@id":"https:\/\/www.mpppst.gob.ve\/mpppstweb\/index.php\/2016\/11\/22\/bolivia-y-venezuela-refuerzan-relaciones-bilaterales-en-materia-de-trabajo\/"},"author":{"name":"MPPPST Prensa","@id":"https:\/\/www.mpppst.gob.ve\/mpppstweb\/#\/schema\/person\/fc187ee8ead412bd4c9304b62f900ea4"},"headline":"Bolivia y Venezuela refuerzan relaciones bilaterales en materia de trabajo","datePublished":"2016-11-22T16:24:34+00:00","dateModified":"2016-11-22T18:57:49+00:00","mainEntityOfPage":{"@id":"https:\/\/www.mpppst.gob.ve\/mpppstweb\/index.php\/2016\/11\/22\/bolivia-y-venezuela-refuerzan-relaciones-bilaterales-en-materia-de-trabajo\/"},"wordCount":304,"publisher":{"@id":"https:\/\/www.mpppst.gob.ve\/mpppstweb\/#organization"},"image":{"@id":"https:\/\/www.mpppst.gob.ve\/mpppstweb\/index.php\/2016\/11\/22\/bolivia-y-venezuela-refuerzan-relaciones-bilaterales-en-materia-de-trabajo\/#primaryimage"},"thumbnailUrl":"https:\/\/www.mpppst.gob.ve\/mpppstweb\/wp-content\/uploads\/2016\/11\/Calse-trabajadora-1-1.jpg","articleSection":["Vida Laboral y Sindical"],"inLanguage":"es"},{"@type":"WebPage","@id":"https:\/\/www.mpppst.gob.ve\/mpppstweb\/index.php\/2016\/11\/22\/bolivia-y-venezuela-refuerzan-relaciones-bilaterales-en-materia-de-trabajo\/","url":"https:\/\/www.mpppst.gob.ve\/mpppstweb\/index.php\/2016\/11\/22\/bolivia-y-venezuela-refuerzan-relaciones-bilaterales-en-materia-de-trabajo\/","name":"Bolivia y Venezuela refuerzan relaciones bilaterales en materia de trabajo - MPPPST","isPartOf":{"@id":"https:\/\/www.mpppst.gob.ve\/mpppstweb\/#website"},"primaryImageOfPage":{"@id":"https:\/\/www.mpppst.gob.ve\/mpppstweb\/index.php\/2016\/11\/22\/bolivia-y-venezuela-refuerzan-relaciones-bilaterales-en-materia-de-trabajo\/#primaryimage"},"image":{"@id":"https:\/\/www.mpppst.gob.ve\/mpppstweb\/index.php\/2016\/11\/22\/bolivia-y-venezuela-refuerzan-relaciones-bilaterales-en-materia-de-trabajo\/#primaryimage"},"thumbnailUrl":"https:\/\/www.mpppst.gob.ve\/mpppstweb\/wp-content\/uploads\/2016\/11\/Calse-trabajadora-1-1.jpg","datePublished":"2016-11-22T16:24:34+00:00","dateModified":"2016-11-22T18:57:49+00:00","breadcrumb":{"@id":"https:\/\/www.mpppst.gob.ve\/mpppstweb\/index.php\/2016\/11\/22\/bolivia-y-venezuela-refuerzan-relaciones-bilaterales-en-materia-de-trabajo\/#breadcrumb"},"inLanguage":"es","potentialAction":[{"@type":"ReadAction","target":["https:\/\/www.mpppst.gob.ve\/mpppstweb\/index.php\/2016\/11\/22\/bolivia-y-venezuela-refuerzan-relaciones-bilaterales-en-materia-de-trabajo\/"]}]},{"@type":"ImageObject","inLanguage":"es","@id":"https:\/\/www.mpppst.gob.ve\/mpppstweb\/index.php\/2016\/11\/22\/bolivia-y-venezuela-refuerzan-relaciones-bilaterales-en-materia-de-trabajo\/#primaryimage","url":"https:\/\/www.mpppst.gob.ve\/mpppstweb\/wp-content\/uploads\/2016\/11\/Calse-trabajadora-1-1.jpg","contentUrl":"https:\/\/www.mpppst.gob.ve\/mpppstweb\/wp-content\/uploads\/2016\/11\/Calse-trabajadora-1-1.jpg","width":800,"height":455},{"@type":"BreadcrumbList","@id":"https:\/\/www.mpppst.gob.ve\/mpppstweb\/index.php\/2016\/11\/22\/bolivia-y-venezuela-refuerzan-relaciones-bilaterales-en-materia-de-trabajo\/#breadcrumb","itemListElement":[{"@type":"ListItem","position":1,"name":"Home","item":"https:\/\/www.mpppst.gob.ve\/mpppstweb\/"},{"@type":"ListItem","position":2,"name":"Bolivia y Venezuela refuerzan relaciones bilaterales en materia de trabajo"}]},{"@type":"WebSite","@id":"https:\/\/www.mpppst.gob.ve\/mpppstweb\/#website","url":"https:\/\/www.mpppst.gob.ve\/mpppstweb\/","name":"MPPPST","description":"Ministerio del Poder Popular para el Proceso Social de Trabajo","publisher":{"@id":"https:\/\/www.mpppst.gob.ve\/mpppstweb\/#organization"},"potentialAction":[{"@type":"SearchAction","target":{"@type":"EntryPoint","urlTemplate":"https:\/\/www.mpppst.gob.ve\/mpppstweb\/?s={search_term_string}"},"query-input":"required name=search_term_string"}],"inLanguage":"es"},{"@type":"Organization","@id":"https:\/\/www.mpppst.gob.ve\/mpppstweb\/#organization","name":"mpppst","url":"https:\/\/www.mpppst.gob.ve\/mpppstweb\/","logo":{"@type":"ImageObject","inLanguage":"es","@id":"https:\/\/www.mpppst.gob.ve\/mpppstweb\/#\/schema\/logo\/image\/","url":"https:\/\/www.mpppst.gob.ve\/mpppstweb\/wp-content\/uploads\/2025\/07\/cropped-cropped-g910.png","contentUrl":"https:\/\/www.mpppst.gob.ve\/mpppstweb\/wp-content\/uploads\/2025\/07\/cropped-cropped-g910.png","width":1080,"height":241,"caption":"mpppst"},"image":{"@id":"https:\/\/www.mpppst.gob.ve\/mpppstweb\/#\/schema\/logo\/image\/"}},{"@type":"Person","@id":"https:\/\/www.mpppst.gob.ve\/mpppstweb\/#\/schema\/person\/fc187ee8ead412bd4c9304b62f900ea4","name":"MPPPST Prensa","url":"https:\/\/www.mpppst.gob.ve\/mpppstweb\/index.php\/author\/prensa-mpppst\/"}]}},"_links":{"self":[{"href":"https:\/\/www.mpppst.gob.ve\/mpppstweb\/index.php\/wp-json\/wp\/v2\/posts\/9375"}],"collection":[{"href":"https:\/\/www.mpppst.gob.ve\/mpppstweb\/index.php\/wp-json\/wp\/v2\/posts"}],"about":[{"href":"https:\/\/www.mpppst.gob.ve\/mpppstweb\/index.php\/wp-json\/wp\/v2\/types\/post"}],"author":[{"embeddable":true,"href":"https:\/\/www.mpppst.gob.ve\/mpppstweb\/index.php\/wp-json\/wp\/v2\/users\/25"}],"replies":[{"embeddable":true,"href":"https:\/\/www.mpppst.gob.ve\/mpppstweb\/index.php\/wp-json\/wp\/v2\/comments?post=9375"}],"version-history":[{"count":1,"href":"https:\/\/www.mpppst.gob.ve\/mpppstweb\/index.php\/wp-json\/wp\/v2\/posts\/9375\/revisions"}],"predecessor-version":[{"id":9378,"href":"https:\/\/www.mpppst.gob.ve\/mpppstweb\/index.php\/wp-json\/wp\/v2\/posts\/9375\/revisions\/9378"}],"wp:featuredmedia":[{"embeddable":true,"href":"https:\/\/www.mpppst.gob.ve\/mpppstweb\/index.php\/wp-json\/wp\/v2\/media\/9379"}],"wp:attachment":[{"href":"https:\/\/www.mpppst.gob.ve\/mpppstweb\/index.php\/wp-json\/wp\/v2\/media?parent=9375"}],"wp:term":[{"taxonomy":"category","embeddable":true,"href":"https:\/\/www.mpppst.gob.ve\/mpppstweb\/index.php\/wp-json\/wp\/v2\/categories?post=9375"},{"taxonomy":"post_tag","embeddable":true,"href":"https:\/\/www.mpppst.gob.ve\/mpppstweb\/index.php\/wp-json\/wp\/v2\/tags?post=9375"}],"curies":[{"name":"wp","href":"https:\/\/api.w.org\/{rel}","templated":true}]}}