{"id":9385,"date":"2016-11-23T17:39:22","date_gmt":"2016-11-23T17:39:22","guid":{"rendered":"http:\/\/www.mpppst.gob.ve\/mpppstweb\/?p=9385"},"modified":"2016-11-23T18:41:52","modified_gmt":"2016-11-23T18:41:52","slug":"venezuela-ni-se-va-ni-la-expulsan-de-mercosur","status":"publish","type":"post","link":"https:\/\/www.mpppst.gob.ve\/mpppstweb\/index.php\/2016\/11\/23\/venezuela-ni-se-va-ni-la-expulsan-de-mercosur\/","title":{"rendered":"Venezuela ni se va, ni la expulsan de Mercosur"},"content":{"rendered":"<p>AVN.- La Rep\u00fablica Bolivariana de Venezuela se mantendr\u00e1 en ejercicio de la presidencia pro t\u00e9mpore del Mercado Com\u00fan del Sur (Mercosur), como lo establece la normativa del organismo, ratific\u00f3 este mi\u00e9rcoles la canciller de la Rep\u00fablica, Delcy Rodr\u00edguez.<\/p>\n<p>\u00abVenezuela ni se va, ni la expulsan de Mercosur. Jam\u00e1s aceptaremos agresiones de esta naturaleza contra nuestra Patria. Venezuela se respeta\u00bb, recalc\u00f3 Rodr\u00edguez, en un mensaje v\u00eda Twitter, con el cual rechaz\u00f3 las declaraciones de los cancilleres de Uruguay, Rodolfo Nin Novoa, y de Paraguay, Eladio Loizaga, quienes dicen que suspender\u00e1n a Venezuela del Mercosur aduciendo que la naci\u00f3n bolivariana no \u00abha internalizado\u00bb toda la normativa del bloque.<\/p>\n<p>Rodr\u00edguez rechaz\u00f3 estas acciones \u00abanti jur\u00eddicas y arbitrarias\u00bb y record\u00f3 que Venezuela, en s\u00f3lo cuatro a\u00f1os, se incorpor\u00f3 a la normativa de Mercosur.<\/p>\n<p>\u00abEs deleznable desconocer la incorporaci\u00f3n del acervo normativo mercosuriano que ha realizado Venezuela en apenas cuatro a\u00f1os con m\u00e1xima eficiencia\u00bb, se\u00f1al\u00f3 Rodr\u00edguez.<\/p>\n<p>\u00abLa Rep\u00fablica Bolivariana de Venezuela supera en eficiencia normativa a aquellos Estados que tienen incluso 25 a\u00f1os en el Mercosur\u00bb, acot\u00f3.<\/p>\n","protected":false},"excerpt":{"rendered":"<p>AVN.- La Rep\u00fablica Bolivariana de Venezuela se mantendr\u00e1 en ejercicio de la presidencia pro t\u00e9mpore del &hellip; <a title=\"Venezuela ni se va, ni la expulsan de Mercosur\" class=\"hm-read-more\" href=\"https:\/\/www.mpppst.gob.ve\/mpppstweb\/index.php\/2016\/11\/23\/venezuela-ni-se-va-ni-la-expulsan-de-mercosur\/\"><span class=\"screen-reader-text\">Venezuela ni se va, ni la expulsan de Mercosur<\/span>Read more<\/a><\/p>\n","protected":false},"author":25,"featured_media":9389,"comment_status":"closed","ping_status":"closed","sticky":false,"template":"","format":"standard","meta":{"footnotes":""},"categories":[208,166],"tags":[229,245],"yoast_head":"<!-- This site is optimized with the Yoast SEO plugin v22.5 - https:\/\/yoast.com\/wordpress\/plugins\/seo\/ -->\n<title>Venezuela ni se va, ni la expulsan de Mercosur - MPPPST<\/title>\n<meta name=\"robots\" content=\"index, follow, max-snippet:-1, max-image-preview:large, max-video-preview:-1\" \/>\n<link rel=\"canonical\" href=\"https:\/\/www.mpppst.gob.ve\/mpppstweb\/index.php\/2016\/11\/23\/venezuela-ni-se-va-ni-la-expulsan-de-mercosur\/\" \/>\n<meta property=\"og:locale\" content=\"es_ES\" \/>\n<meta property=\"og:type\" content=\"article\" \/>\n<meta property=\"og:title\" content=\"Venezuela ni se va, ni la expulsan de Mercosur - MPPPST\" \/>\n<meta property=\"og:description\" content=\"AVN.- La Rep\u00fablica Bolivariana de Venezuela se mantendr\u00e1 en ejercicio de la presidencia pro t\u00e9mpore del &hellip; Venezuela ni se va, ni la expulsan de MercosurRead more\" \/>\n<meta property=\"og:url\" content=\"https:\/\/www.mpppst.gob.ve\/mpppstweb\/index.php\/2016\/11\/23\/venezuela-ni-se-va-ni-la-expulsan-de-mercosur\/\" \/>\n<meta property=\"og:site_name\" content=\"MPPPST\" \/>\n<meta property=\"article:published_time\" content=\"2016-11-23T17:39:22+00:00\" \/>\n<meta property=\"article:modified_time\" content=\"2016-11-23T18:41:52+00:00\" \/>\n<meta property=\"og:image\" content=\"https:\/\/www.mpppst.gob.ve\/mpppstweb\/wp-content\/uploads\/2016\/11\/delcy-rodriguez-1.jpg\" \/>\n\t<meta property=\"og:image:width\" content=\"800\" \/>\n\t<meta property=\"og:image:height\" content=\"445\" \/>\n\t<meta property=\"og:image:type\" content=\"image\/jpeg\" \/>\n<meta name=\"author\" content=\"MPPPST Prensa\" \/>\n<meta name=\"twitter:card\" content=\"summary_large_image\" \/>\n<meta name=\"twitter:label1\" content=\"Escrito por\" \/>\n\t<meta name=\"twitter:data1\" content=\"MPPPST Prensa\" \/>\n\t<meta name=\"twitter:label2\" content=\"Tiempo de lectura\" \/>\n\t<meta name=\"twitter:data2\" content=\"1 minuto\" \/>\n<script type=\"application\/ld+json\" class=\"yoast-schema-graph\">{\"@context\":\"https:\/\/schema.org\",\"@graph\":[{\"@type\":\"Article\",\"@id\":\"https:\/\/www.mpppst.gob.ve\/mpppstweb\/index.php\/2016\/11\/23\/venezuela-ni-se-va-ni-la-expulsan-de-mercosur\/#article\",\"isPartOf\":{\"@id\":\"https:\/\/www.mpppst.gob.ve\/mpppstweb\/index.php\/2016\/11\/23\/venezuela-ni-se-va-ni-la-expulsan-de-mercosur\/\"},\"author\":{\"name\":\"MPPPST Prensa\",\"@id\":\"https:\/\/www.mpppst.gob.ve\/mpppstweb\/#\/schema\/person\/fc187ee8ead412bd4c9304b62f900ea4\"},\"headline\":\"Venezuela ni se va, ni la expulsan de Mercosur\",\"datePublished\":\"2016-11-23T17:39:22+00:00\",\"dateModified\":\"2016-11-23T18:41:52+00:00\",\"mainEntityOfPage\":{\"@id\":\"https:\/\/www.mpppst.gob.ve\/mpppstweb\/index.php\/2016\/11\/23\/venezuela-ni-se-va-ni-la-expulsan-de-mercosur\/\"},\"wordCount\":203,\"publisher\":{\"@id\":\"https:\/\/www.mpppst.gob.ve\/mpppstweb\/#organization\"},\"image\":{\"@id\":\"https:\/\/www.mpppst.gob.ve\/mpppstweb\/index.php\/2016\/11\/23\/venezuela-ni-se-va-ni-la-expulsan-de-mercosur\/#primaryimage\"},\"thumbnailUrl\":\"https:\/\/www.mpppst.gob.ve\/mpppstweb\/wp-content\/uploads\/2016\/11\/delcy-rodriguez-1.jpg\",\"keywords\":[\"Defensa Integral\",\"internacionales\"],\"articleSection\":[\"Otros Ministerios\",\"Venezuela y el Mundo\"],\"inLanguage\":\"es\"},{\"@type\":\"WebPage\",\"@id\":\"https:\/\/www.mpppst.gob.ve\/mpppstweb\/index.php\/2016\/11\/23\/venezuela-ni-se-va-ni-la-expulsan-de-mercosur\/\",\"url\":\"https:\/\/www.mpppst.gob.ve\/mpppstweb\/index.php\/2016\/11\/23\/venezuela-ni-se-va-ni-la-expulsan-de-mercosur\/\",\"name\":\"Venezuela ni se va, ni la expulsan de Mercosur - MPPPST\",\"isPartOf\":{\"@id\":\"https:\/\/www.mpppst.gob.ve\/mpppstweb\/#website\"},\"primaryImageOfPage\":{\"@id\":\"https:\/\/www.mpppst.gob.ve\/mpppstweb\/index.php\/2016\/11\/23\/venezuela-ni-se-va-ni-la-expulsan-de-mercosur\/#primaryimage\"},\"image\":{\"@id\":\"https:\/\/www.mpppst.gob.ve\/mpppstweb\/index.php\/2016\/11\/23\/venezuela-ni-se-va-ni-la-expulsan-de-mercosur\/#primaryimage\"},\"thumbnailUrl\":\"https:\/\/www.mpppst.gob.ve\/mpppstweb\/wp-content\/uploads\/2016\/11\/delcy-rodriguez-1.jpg\",\"datePublished\":\"2016-11-23T17:39:22+00:00\",\"dateModified\":\"2016-11-23T18:41:52+00:00\",\"breadcrumb\":{\"@id\":\"https:\/\/www.mpppst.gob.ve\/mpppstweb\/index.php\/2016\/11\/23\/venezuela-ni-se-va-ni-la-expulsan-de-mercosur\/#breadcrumb\"},\"inLanguage\":\"es\",\"potentialAction\":[{\"@type\":\"ReadAction\",\"target\":[\"https:\/\/www.mpppst.gob.ve\/mpppstweb\/index.php\/2016\/11\/23\/venezuela-ni-se-va-ni-la-expulsan-de-mercosur\/\"]}]},{\"@type\":\"ImageObject\",\"inLanguage\":\"es\",\"@id\":\"https:\/\/www.mpppst.gob.ve\/mpppstweb\/index.php\/2016\/11\/23\/venezuela-ni-se-va-ni-la-expulsan-de-mercosur\/#primaryimage\",\"url\":\"https:\/\/www.mpppst.gob.ve\/mpppstweb\/wp-content\/uploads\/2016\/11\/delcy-rodriguez-1.jpg\",\"contentUrl\":\"https:\/\/www.mpppst.gob.ve\/mpppstweb\/wp-content\/uploads\/2016\/11\/delcy-rodriguez-1.jpg\",\"width\":800,\"height\":445},{\"@type\":\"BreadcrumbList\",\"@id\":\"https:\/\/www.mpppst.gob.ve\/mpppstweb\/index.php\/2016\/11\/23\/venezuela-ni-se-va-ni-la-expulsan-de-mercosur\/#breadcrumb\",\"itemListElement\":[{\"@type\":\"ListItem\",\"position\":1,\"name\":\"Home\",\"item\":\"https:\/\/www.mpppst.gob.ve\/mpppstweb\/\"},{\"@type\":\"ListItem\",\"position\":2,\"name\":\"Venezuela ni se va, ni la expulsan de Mercosur\"}]},{\"@type\":\"WebSite\",\"@id\":\"https:\/\/www.mpppst.gob.ve\/mpppstweb\/#website\",\"url\":\"https:\/\/www.mpppst.gob.ve\/mpppstweb\/\",\"name\":\"MPPPST\",\"description\":\"Ministerio del Poder Popular para el Proceso Social de Trabajo\",\"publisher\":{\"@id\":\"https:\/\/www.mpppst.gob.ve\/mpppstweb\/#organization\"},\"potentialAction\":[{\"@type\":\"SearchAction\",\"target\":{\"@type\":\"EntryPoint\",\"urlTemplate\":\"https:\/\/www.mpppst.gob.ve\/mpppstweb\/?s={search_term_string}\"},\"query-input\":\"required name=search_term_string\"}],\"inLanguage\":\"es\"},{\"@type\":\"Organization\",\"@id\":\"https:\/\/www.mpppst.gob.ve\/mpppstweb\/#organization\",\"name\":\"mpppst\",\"url\":\"https:\/\/www.mpppst.gob.ve\/mpppstweb\/\",\"logo\":{\"@type\":\"ImageObject\",\"inLanguage\":\"es\",\"@id\":\"https:\/\/www.mpppst.gob.ve\/mpppstweb\/#\/schema\/logo\/image\/\",\"url\":\"https:\/\/www.mpppst.gob.ve\/mpppstweb\/wp-content\/uploads\/2025\/07\/cropped-cropped-g910.png\",\"contentUrl\":\"https:\/\/www.mpppst.gob.ve\/mpppstweb\/wp-content\/uploads\/2025\/07\/cropped-cropped-g910.png\",\"width\":1080,\"height\":241,\"caption\":\"mpppst\"},\"image\":{\"@id\":\"https:\/\/www.mpppst.gob.ve\/mpppstweb\/#\/schema\/logo\/image\/\"}},{\"@type\":\"Person\",\"@id\":\"https:\/\/www.mpppst.gob.ve\/mpppstweb\/#\/schema\/person\/fc187ee8ead412bd4c9304b62f900ea4\",\"name\":\"MPPPST Prensa\",\"url\":\"https:\/\/www.mpppst.gob.ve\/mpppstweb\/index.php\/author\/prensa-mpppst\/\"}]}<\/script>\n<!-- \/ Yoast SEO plugin. -->","yoast_head_json":{"title":"Venezuela ni se va, ni la expulsan de Mercosur - MPPPST","robots":{"index":"index","follow":"follow","max-snippet":"max-snippet:-1","max-image-preview":"max-image-preview:large","max-video-preview":"max-video-preview:-1"},"canonical":"https:\/\/www.mpppst.gob.ve\/mpppstweb\/index.php\/2016\/11\/23\/venezuela-ni-se-va-ni-la-expulsan-de-mercosur\/","og_locale":"es_ES","og_type":"article","og_title":"Venezuela ni se va, ni la expulsan de Mercosur - MPPPST","og_description":"AVN.- La Rep\u00fablica Bolivariana de Venezuela se mantendr\u00e1 en ejercicio de la presidencia pro t\u00e9mpore del &hellip; Venezuela ni se va, ni la expulsan de MercosurRead more","og_url":"https:\/\/www.mpppst.gob.ve\/mpppstweb\/index.php\/2016\/11\/23\/venezuela-ni-se-va-ni-la-expulsan-de-mercosur\/","og_site_name":"MPPPST","article_published_time":"2016-11-23T17:39:22+00:00","article_modified_time":"2016-11-23T18:41:52+00:00","og_image":[{"width":800,"height":445,"url":"https:\/\/www.mpppst.gob.ve\/mpppstweb\/wp-content\/uploads\/2016\/11\/delcy-rodriguez-1.jpg","type":"image\/jpeg"}],"author":"MPPPST Prensa","twitter_card":"summary_large_image","twitter_misc":{"Escrito por":"MPPPST Prensa","Tiempo de lectura":"1 minuto"},"schema":{"@context":"https:\/\/schema.org","@graph":[{"@type":"Article","@id":"https:\/\/www.mpppst.gob.ve\/mpppstweb\/index.php\/2016\/11\/23\/venezuela-ni-se-va-ni-la-expulsan-de-mercosur\/#article","isPartOf":{"@id":"https:\/\/www.mpppst.gob.ve\/mpppstweb\/index.php\/2016\/11\/23\/venezuela-ni-se-va-ni-la-expulsan-de-mercosur\/"},"author":{"name":"MPPPST Prensa","@id":"https:\/\/www.mpppst.gob.ve\/mpppstweb\/#\/schema\/person\/fc187ee8ead412bd4c9304b62f900ea4"},"headline":"Venezuela ni se va, ni la expulsan de Mercosur","datePublished":"2016-11-23T17:39:22+00:00","dateModified":"2016-11-23T18:41:52+00:00","mainEntityOfPage":{"@id":"https:\/\/www.mpppst.gob.ve\/mpppstweb\/index.php\/2016\/11\/23\/venezuela-ni-se-va-ni-la-expulsan-de-mercosur\/"},"wordCount":203,"publisher":{"@id":"https:\/\/www.mpppst.gob.ve\/mpppstweb\/#organization"},"image":{"@id":"https:\/\/www.mpppst.gob.ve\/mpppstweb\/index.php\/2016\/11\/23\/venezuela-ni-se-va-ni-la-expulsan-de-mercosur\/#primaryimage"},"thumbnailUrl":"https:\/\/www.mpppst.gob.ve\/mpppstweb\/wp-content\/uploads\/2016\/11\/delcy-rodriguez-1.jpg","keywords":["Defensa Integral","internacionales"],"articleSection":["Otros Ministerios","Venezuela y el Mundo"],"inLanguage":"es"},{"@type":"WebPage","@id":"https:\/\/www.mpppst.gob.ve\/mpppstweb\/index.php\/2016\/11\/23\/venezuela-ni-se-va-ni-la-expulsan-de-mercosur\/","url":"https:\/\/www.mpppst.gob.ve\/mpppstweb\/index.php\/2016\/11\/23\/venezuela-ni-se-va-ni-la-expulsan-de-mercosur\/","name":"Venezuela ni se va, ni la expulsan de Mercosur - MPPPST","isPartOf":{"@id":"https:\/\/www.mpppst.gob.ve\/mpppstweb\/#website"},"primaryImageOfPage":{"@id":"https:\/\/www.mpppst.gob.ve\/mpppstweb\/index.php\/2016\/11\/23\/venezuela-ni-se-va-ni-la-expulsan-de-mercosur\/#primaryimage"},"image":{"@id":"https:\/\/www.mpppst.gob.ve\/mpppstweb\/index.php\/2016\/11\/23\/venezuela-ni-se-va-ni-la-expulsan-de-mercosur\/#primaryimage"},"thumbnailUrl":"https:\/\/www.mpppst.gob.ve\/mpppstweb\/wp-content\/uploads\/2016\/11\/delcy-rodriguez-1.jpg","datePublished":"2016-11-23T17:39:22+00:00","dateModified":"2016-11-23T18:41:52+00:00","breadcrumb":{"@id":"https:\/\/www.mpppst.gob.ve\/mpppstweb\/index.php\/2016\/11\/23\/venezuela-ni-se-va-ni-la-expulsan-de-mercosur\/#breadcrumb"},"inLanguage":"es","potentialAction":[{"@type":"ReadAction","target":["https:\/\/www.mpppst.gob.ve\/mpppstweb\/index.php\/2016\/11\/23\/venezuela-ni-se-va-ni-la-expulsan-de-mercosur\/"]}]},{"@type":"ImageObject","inLanguage":"es","@id":"https:\/\/www.mpppst.gob.ve\/mpppstweb\/index.php\/2016\/11\/23\/venezuela-ni-se-va-ni-la-expulsan-de-mercosur\/#primaryimage","url":"https:\/\/www.mpppst.gob.ve\/mpppstweb\/wp-content\/uploads\/2016\/11\/delcy-rodriguez-1.jpg","contentUrl":"https:\/\/www.mpppst.gob.ve\/mpppstweb\/wp-content\/uploads\/2016\/11\/delcy-rodriguez-1.jpg","width":800,"height":445},{"@type":"BreadcrumbList","@id":"https:\/\/www.mpppst.gob.ve\/mpppstweb\/index.php\/2016\/11\/23\/venezuela-ni-se-va-ni-la-expulsan-de-mercosur\/#breadcrumb","itemListElement":[{"@type":"ListItem","position":1,"name":"Home","item":"https:\/\/www.mpppst.gob.ve\/mpppstweb\/"},{"@type":"ListItem","position":2,"name":"Venezuela ni se va, ni la expulsan de Mercosur"}]},{"@type":"WebSite","@id":"https:\/\/www.mpppst.gob.ve\/mpppstweb\/#website","url":"https:\/\/www.mpppst.gob.ve\/mpppstweb\/","name":"MPPPST","description":"Ministerio del Poder Popular para el Proceso Social de Trabajo","publisher":{"@id":"https:\/\/www.mpppst.gob.ve\/mpppstweb\/#organization"},"potentialAction":[{"@type":"SearchAction","target":{"@type":"EntryPoint","urlTemplate":"https:\/\/www.mpppst.gob.ve\/mpppstweb\/?s={search_term_string}"},"query-input":"required name=search_term_string"}],"inLanguage":"es"},{"@type":"Organization","@id":"https:\/\/www.mpppst.gob.ve\/mpppstweb\/#organization","name":"mpppst","url":"https:\/\/www.mpppst.gob.ve\/mpppstweb\/","logo":{"@type":"ImageObject","inLanguage":"es","@id":"https:\/\/www.mpppst.gob.ve\/mpppstweb\/#\/schema\/logo\/image\/","url":"https:\/\/www.mpppst.gob.ve\/mpppstweb\/wp-content\/uploads\/2025\/07\/cropped-cropped-g910.png","contentUrl":"https:\/\/www.mpppst.gob.ve\/mpppstweb\/wp-content\/uploads\/2025\/07\/cropped-cropped-g910.png","width":1080,"height":241,"caption":"mpppst"},"image":{"@id":"https:\/\/www.mpppst.gob.ve\/mpppstweb\/#\/schema\/logo\/image\/"}},{"@type":"Person","@id":"https:\/\/www.mpppst.gob.ve\/mpppstweb\/#\/schema\/person\/fc187ee8ead412bd4c9304b62f900ea4","name":"MPPPST Prensa","url":"https:\/\/www.mpppst.gob.ve\/mpppstweb\/index.php\/author\/prensa-mpppst\/"}]}},"_links":{"self":[{"href":"https:\/\/www.mpppst.gob.ve\/mpppstweb\/index.php\/wp-json\/wp\/v2\/posts\/9385"}],"collection":[{"href":"https:\/\/www.mpppst.gob.ve\/mpppstweb\/index.php\/wp-json\/wp\/v2\/posts"}],"about":[{"href":"https:\/\/www.mpppst.gob.ve\/mpppstweb\/index.php\/wp-json\/wp\/v2\/types\/post"}],"author":[{"embeddable":true,"href":"https:\/\/www.mpppst.gob.ve\/mpppstweb\/index.php\/wp-json\/wp\/v2\/users\/25"}],"replies":[{"embeddable":true,"href":"https:\/\/www.mpppst.gob.ve\/mpppstweb\/index.php\/wp-json\/wp\/v2\/comments?post=9385"}],"version-history":[{"count":1,"href":"https:\/\/www.mpppst.gob.ve\/mpppstweb\/index.php\/wp-json\/wp\/v2\/posts\/9385\/revisions"}],"predecessor-version":[{"id":9387,"href":"https:\/\/www.mpppst.gob.ve\/mpppstweb\/index.php\/wp-json\/wp\/v2\/posts\/9385\/revisions\/9387"}],"wp:featuredmedia":[{"embeddable":true,"href":"https:\/\/www.mpppst.gob.ve\/mpppstweb\/index.php\/wp-json\/wp\/v2\/media\/9389"}],"wp:attachment":[{"href":"https:\/\/www.mpppst.gob.ve\/mpppstweb\/index.php\/wp-json\/wp\/v2\/media?parent=9385"}],"wp:term":[{"taxonomy":"category","embeddable":true,"href":"https:\/\/www.mpppst.gob.ve\/mpppstweb\/index.php\/wp-json\/wp\/v2\/categories?post=9385"},{"taxonomy":"post_tag","embeddable":true,"href":"https:\/\/www.mpppst.gob.ve\/mpppstweb\/index.php\/wp-json\/wp\/v2\/tags?post=9385"}],"curies":[{"name":"wp","href":"https:\/\/api.w.org\/{rel}","templated":true}]}}