{"id":9392,"date":"2016-11-23T20:23:27","date_gmt":"2016-11-23T20:23:27","guid":{"rendered":"http:\/\/www.mpppst.gob.ve\/mpppstweb\/?p=9392"},"modified":"2016-11-24T17:51:26","modified_gmt":"2016-11-24T17:51:26","slug":"venezuela-y-bolivia-han-trabajado-arduamente-para-mejorar-las-condiciones-de-los-trabajadores","status":"publish","type":"post","link":"https:\/\/www.mpppst.gob.ve\/mpppstweb\/index.php\/2016\/11\/23\/venezuela-y-bolivia-han-trabajado-arduamente-para-mejorar-las-condiciones-de-los-trabajadores\/","title":{"rendered":"\u201cVenezuela y Bolivia han trabajado arduamente para mejorar las condiciones de los trabajadores\u201d"},"content":{"rendered":"<p>Prensa (MPPPST). Con el objetivo de fortalecer las relaciones bilaterales entre el hermano pueblo Plurinacional de Bolivia y el Gobierno Nacional, el 23 de noviembre se llev\u00f3 a cabo en el Ministerio del Poder Popular para el Proceso Social de Trabajo una reuni\u00f3n entre una delegaci\u00f3n Boliviana y el Ministro del trabajo Oswaldo Vera con el fin de discutir distintos t\u00f3picos relacionados con el aspecto laboral.<\/p>\n<p>La delegaci\u00f3n Boliviana estuvo compuesta por la doctora Elizabeth Molina Echavarr\u00eda, directora general de Trabajo, Higiene y Seguridad Ocupacional, as\u00ed como por Ram\u00f3n Vilca Romero, director departamental de Trabajo de Tarija, quienes agradecieron el c\u00e1lido recibimiento por parte del Ministerio del Poder Popular para el Proceso Social de Trabajo y del Ministro Oswaldo Vera.<\/p>\n<p>Ram\u00f3n Vilca Romero destac\u00f3 que en este encuentro de tres d\u00edas de duraci\u00f3n\u00a0 se abordar\u00e1n temas como el trabajo infantil, la seguridad social y lo relacionado con el empleo digno. En este contexto reconoci\u00f3 que ambas naciones han realizado un esfuerzo importante para que los trabajadores tengan condiciones dignas para poder laborar.<\/p>\n<p>\u201cVenezuela y Bolivia han trabajado arduamente para mejorar las condiciones de los trabajadores, y eso es algo que hay que reconocerse. En gobiernos neoliberales esto no sucede\u201d,\u00a0 puntualiz\u00f3 Vilca Romero.<\/p>\n<p>Romero sostuvo que es importante el cambio de experiencias para poder fortalecer y seguir avanzando en lazos de cooperaci\u00f3n mutua con el fin de lograr que los derechos de los trabajadores se respeten.<\/p>\n<p>El Ministro del Trabajo Oswaldo Vera sostuvo que este encuentro tiene un car\u00e1cter hist\u00f3rico entre ambas naciones y que desde la presidencia del Comandante Hugo Ch\u00e1vez se han mantenido excelentes relaciones diplom\u00e1ticas con el hermano pueblo de Bolivia.<\/p>\n<p>Durante su intervenci\u00f3n el ministro Vera expuso a la delegaci\u00f3n de Bolivia los avances que se han obtenido en revoluci\u00f3n en el aspecto laboral. \u201cDurante la revoluci\u00f3n bolivariana hemos reducido a casi 6% el desempleo. Adem\u00e1s, hemos garantizado la protecci\u00f3n del empleo y de los puestos de trabajo, ante la contundente guerra econ\u00f3mica que hemos tenido\u201d.<\/p>\n<p><strong>Apoyo a la presidencia del Mercosur<\/strong><\/p>\n<p>El Ministro Vera destac\u00f3 que ante la arremetida de algunos pa\u00edses del Mercosur en contra de la presidencia pro t\u00e9mpore de Venezuela, este encuentro demuestra el apoyo y la solidaridad del pueblo boliviano ante esta situaci\u00f3n.<\/p>\n<p>\u201cEste encuentro demuestra la solidaridad del pueblo de Bolivia, en funci\u00f3n de reconocer como \u00fanico presidente del Mercosur a Nicol\u00e1s Maduro,\u00a0 ante esa campa\u00f1a medi\u00e1tica de gobiernos neoliberales que quiere impedir que Venezuela tenga la presidencia\u00a0 pro t\u00e9mpore del Mercosur en este importante bloque\u201d.<\/p>\n<p>Por su parte, Elizabeth Molina Echavarr\u00eda puntualiz\u00f3 que desde Bolivia apoyan contundentemente la presidencia pro t\u00e9mpore de Venezuela en el Mercosur, porque dese la llegada del Comandante Hugo Ch\u00e1vez ha sido un pa\u00eds democr\u00e1tico y amigos de los pueblos del mundo.<\/p>\n<p>Este encuentro continuar\u00e1 los d\u00edas jueves 24 de noviembre y viernes 25 de noviembre con una serie de visitas guiadas, empezando por la sede de la Gerencia Estadal de Salud de los Trabajadores (Geresat) Distrito Capital- Vargas; el Centro de Formaci\u00f3n Socialista Inces Caricuao; adem\u00e1s de unas visitas culturales.<\/p>\n<p>Por Carlos Palacios<\/p>\n<p>Fotograf\u00eda: F\u00e9lix Ordaz<\/p>\n<p>&nbsp;<\/p>\n<p>&nbsp;<\/p>\n<p>&nbsp;<\/p>\n","protected":false},"excerpt":{"rendered":"<p>Prensa (MPPPST). Con el objetivo de fortalecer las relaciones bilaterales entre el hermano pueblo Plurinacional de &hellip; <a title=\"\u201cVenezuela y Bolivia han trabajado arduamente para mejorar las condiciones de los trabajadores\u201d\" class=\"hm-read-more\" href=\"https:\/\/www.mpppst.gob.ve\/mpppstweb\/index.php\/2016\/11\/23\/venezuela-y-bolivia-han-trabajado-arduamente-para-mejorar-las-condiciones-de-los-trabajadores\/\"><span class=\"screen-reader-text\">\u201cVenezuela y Bolivia han trabajado arduamente para mejorar las condiciones de los trabajadores\u201d<\/span>Read more<\/a><\/p>\n","protected":false},"author":25,"featured_media":9393,"comment_status":"closed","ping_status":"closed","sticky":false,"template":"","format":"standard","meta":{"footnotes":""},"categories":[8,83,163,84],"tags":[225,222,245,223],"yoast_head":"<!-- This site is optimized with the Yoast SEO plugin v22.5 - https:\/\/yoast.com\/wordpress\/plugins\/seo\/ -->\n<title>\u201cVenezuela y Bolivia han trabajado arduamente para mejorar las condiciones de los trabajadores\u201d - MPPPST<\/title>\n<meta name=\"robots\" content=\"index, follow, max-snippet:-1, max-image-preview:large, max-video-preview:-1\" \/>\n<link rel=\"canonical\" href=\"https:\/\/www.mpppst.gob.ve\/mpppstweb\/index.php\/2016\/11\/23\/venezuela-y-bolivia-han-trabajado-arduamente-para-mejorar-las-condiciones-de-los-trabajadores\/\" \/>\n<meta property=\"og:locale\" content=\"es_ES\" \/>\n<meta property=\"og:type\" content=\"article\" \/>\n<meta property=\"og:title\" content=\"\u201cVenezuela y Bolivia han trabajado arduamente para mejorar las condiciones de los trabajadores\u201d - MPPPST\" \/>\n<meta property=\"og:description\" content=\"Prensa (MPPPST). Con el objetivo de fortalecer las relaciones bilaterales entre el hermano pueblo Plurinacional de &hellip; \u201cVenezuela y Bolivia han trabajado arduamente para mejorar las condiciones de los trabajadores\u201dRead more\" \/>\n<meta property=\"og:url\" content=\"https:\/\/www.mpppst.gob.ve\/mpppstweb\/index.php\/2016\/11\/23\/venezuela-y-bolivia-han-trabajado-arduamente-para-mejorar-las-condiciones-de-los-trabajadores\/\" \/>\n<meta property=\"og:site_name\" content=\"MPPPST\" \/>\n<meta property=\"article:published_time\" content=\"2016-11-23T20:23:27+00:00\" \/>\n<meta property=\"article:modified_time\" content=\"2016-11-24T17:51:26+00:00\" \/>\n<meta property=\"og:image\" content=\"https:\/\/www.mpppst.gob.ve\/mpppstweb\/wp-content\/uploads\/2016\/11\/IMG_9549.jpg\" \/>\n\t<meta property=\"og:image:width\" content=\"800\" \/>\n\t<meta property=\"og:image:height\" content=\"445\" \/>\n\t<meta property=\"og:image:type\" content=\"image\/jpeg\" \/>\n<meta name=\"author\" content=\"MPPPST Prensa\" \/>\n<meta name=\"twitter:card\" content=\"summary_large_image\" \/>\n<meta name=\"twitter:label1\" content=\"Escrito por\" \/>\n\t<meta name=\"twitter:data1\" content=\"MPPPST Prensa\" \/>\n\t<meta name=\"twitter:label2\" content=\"Tiempo de lectura\" \/>\n\t<meta name=\"twitter:data2\" content=\"3 minutos\" \/>\n<script type=\"application\/ld+json\" class=\"yoast-schema-graph\">{\"@context\":\"https:\/\/schema.org\",\"@graph\":[{\"@type\":\"Article\",\"@id\":\"https:\/\/www.mpppst.gob.ve\/mpppstweb\/index.php\/2016\/11\/23\/venezuela-y-bolivia-han-trabajado-arduamente-para-mejorar-las-condiciones-de-los-trabajadores\/#article\",\"isPartOf\":{\"@id\":\"https:\/\/www.mpppst.gob.ve\/mpppstweb\/index.php\/2016\/11\/23\/venezuela-y-bolivia-han-trabajado-arduamente-para-mejorar-las-condiciones-de-los-trabajadores\/\"},\"author\":{\"name\":\"MPPPST Prensa\",\"@id\":\"https:\/\/www.mpppst.gob.ve\/mpppstweb\/#\/schema\/person\/fc187ee8ead412bd4c9304b62f900ea4\"},\"headline\":\"\u201cVenezuela y Bolivia han trabajado arduamente para mejorar las condiciones de los trabajadores\u201d\",\"datePublished\":\"2016-11-23T20:23:27+00:00\",\"dateModified\":\"2016-11-24T17:51:26+00:00\",\"mainEntityOfPage\":{\"@id\":\"https:\/\/www.mpppst.gob.ve\/mpppstweb\/index.php\/2016\/11\/23\/venezuela-y-bolivia-han-trabajado-arduamente-para-mejorar-las-condiciones-de-los-trabajadores\/\"},\"wordCount\":564,\"publisher\":{\"@id\":\"https:\/\/www.mpppst.gob.ve\/mpppstweb\/#organization\"},\"image\":{\"@id\":\"https:\/\/www.mpppst.gob.ve\/mpppstweb\/index.php\/2016\/11\/23\/venezuela-y-bolivia-han-trabajado-arduamente-para-mejorar-las-condiciones-de-los-trabajadores\/#primaryimage\"},\"thumbnailUrl\":\"https:\/\/www.mpppst.gob.ve\/mpppstweb\/wp-content\/uploads\/2016\/11\/IMG_9549.jpg\",\"keywords\":[\"Fuerza Laboral\",\"Gobierno Bolivariano\",\"internacionales\",\"MPPPST\"],\"articleSection\":[\"Internacionales\",\"Ministerio\",\"Noticias\",\"Vida Laboral y Sindical\"],\"inLanguage\":\"es\"},{\"@type\":\"WebPage\",\"@id\":\"https:\/\/www.mpppst.gob.ve\/mpppstweb\/index.php\/2016\/11\/23\/venezuela-y-bolivia-han-trabajado-arduamente-para-mejorar-las-condiciones-de-los-trabajadores\/\",\"url\":\"https:\/\/www.mpppst.gob.ve\/mpppstweb\/index.php\/2016\/11\/23\/venezuela-y-bolivia-han-trabajado-arduamente-para-mejorar-las-condiciones-de-los-trabajadores\/\",\"name\":\"\u201cVenezuela y Bolivia han trabajado arduamente para mejorar las condiciones de los trabajadores\u201d - MPPPST\",\"isPartOf\":{\"@id\":\"https:\/\/www.mpppst.gob.ve\/mpppstweb\/#website\"},\"primaryImageOfPage\":{\"@id\":\"https:\/\/www.mpppst.gob.ve\/mpppstweb\/index.php\/2016\/11\/23\/venezuela-y-bolivia-han-trabajado-arduamente-para-mejorar-las-condiciones-de-los-trabajadores\/#primaryimage\"},\"image\":{\"@id\":\"https:\/\/www.mpppst.gob.ve\/mpppstweb\/index.php\/2016\/11\/23\/venezuela-y-bolivia-han-trabajado-arduamente-para-mejorar-las-condiciones-de-los-trabajadores\/#primaryimage\"},\"thumbnailUrl\":\"https:\/\/www.mpppst.gob.ve\/mpppstweb\/wp-content\/uploads\/2016\/11\/IMG_9549.jpg\",\"datePublished\":\"2016-11-23T20:23:27+00:00\",\"dateModified\":\"2016-11-24T17:51:26+00:00\",\"breadcrumb\":{\"@id\":\"https:\/\/www.mpppst.gob.ve\/mpppstweb\/index.php\/2016\/11\/23\/venezuela-y-bolivia-han-trabajado-arduamente-para-mejorar-las-condiciones-de-los-trabajadores\/#breadcrumb\"},\"inLanguage\":\"es\",\"potentialAction\":[{\"@type\":\"ReadAction\",\"target\":[\"https:\/\/www.mpppst.gob.ve\/mpppstweb\/index.php\/2016\/11\/23\/venezuela-y-bolivia-han-trabajado-arduamente-para-mejorar-las-condiciones-de-los-trabajadores\/\"]}]},{\"@type\":\"ImageObject\",\"inLanguage\":\"es\",\"@id\":\"https:\/\/www.mpppst.gob.ve\/mpppstweb\/index.php\/2016\/11\/23\/venezuela-y-bolivia-han-trabajado-arduamente-para-mejorar-las-condiciones-de-los-trabajadores\/#primaryimage\",\"url\":\"https:\/\/www.mpppst.gob.ve\/mpppstweb\/wp-content\/uploads\/2016\/11\/IMG_9549.jpg\",\"contentUrl\":\"https:\/\/www.mpppst.gob.ve\/mpppstweb\/wp-content\/uploads\/2016\/11\/IMG_9549.jpg\",\"width\":800,\"height\":445},{\"@type\":\"BreadcrumbList\",\"@id\":\"https:\/\/www.mpppst.gob.ve\/mpppstweb\/index.php\/2016\/11\/23\/venezuela-y-bolivia-han-trabajado-arduamente-para-mejorar-las-condiciones-de-los-trabajadores\/#breadcrumb\",\"itemListElement\":[{\"@type\":\"ListItem\",\"position\":1,\"name\":\"Home\",\"item\":\"https:\/\/www.mpppst.gob.ve\/mpppstweb\/\"},{\"@type\":\"ListItem\",\"position\":2,\"name\":\"\u201cVenezuela y Bolivia han trabajado arduamente para mejorar las condiciones de los trabajadores\u201d\"}]},{\"@type\":\"WebSite\",\"@id\":\"https:\/\/www.mpppst.gob.ve\/mpppstweb\/#website\",\"url\":\"https:\/\/www.mpppst.gob.ve\/mpppstweb\/\",\"name\":\"MPPPST\",\"description\":\"Ministerio del Poder Popular para el Proceso Social de Trabajo\",\"publisher\":{\"@id\":\"https:\/\/www.mpppst.gob.ve\/mpppstweb\/#organization\"},\"potentialAction\":[{\"@type\":\"SearchAction\",\"target\":{\"@type\":\"EntryPoint\",\"urlTemplate\":\"https:\/\/www.mpppst.gob.ve\/mpppstweb\/?s={search_term_string}\"},\"query-input\":\"required name=search_term_string\"}],\"inLanguage\":\"es\"},{\"@type\":\"Organization\",\"@id\":\"https:\/\/www.mpppst.gob.ve\/mpppstweb\/#organization\",\"name\":\"mpppst\",\"url\":\"https:\/\/www.mpppst.gob.ve\/mpppstweb\/\",\"logo\":{\"@type\":\"ImageObject\",\"inLanguage\":\"es\",\"@id\":\"https:\/\/www.mpppst.gob.ve\/mpppstweb\/#\/schema\/logo\/image\/\",\"url\":\"https:\/\/www.mpppst.gob.ve\/mpppstweb\/wp-content\/uploads\/2025\/07\/cropped-cropped-g910.png\",\"contentUrl\":\"https:\/\/www.mpppst.gob.ve\/mpppstweb\/wp-content\/uploads\/2025\/07\/cropped-cropped-g910.png\",\"width\":1080,\"height\":241,\"caption\":\"mpppst\"},\"image\":{\"@id\":\"https:\/\/www.mpppst.gob.ve\/mpppstweb\/#\/schema\/logo\/image\/\"}},{\"@type\":\"Person\",\"@id\":\"https:\/\/www.mpppst.gob.ve\/mpppstweb\/#\/schema\/person\/fc187ee8ead412bd4c9304b62f900ea4\",\"name\":\"MPPPST Prensa\",\"url\":\"https:\/\/www.mpppst.gob.ve\/mpppstweb\/index.php\/author\/prensa-mpppst\/\"}]}<\/script>\n<!-- \/ Yoast SEO plugin. -->","yoast_head_json":{"title":"\u201cVenezuela y Bolivia han trabajado arduamente para mejorar las condiciones de los trabajadores\u201d - MPPPST","robots":{"index":"index","follow":"follow","max-snippet":"max-snippet:-1","max-image-preview":"max-image-preview:large","max-video-preview":"max-video-preview:-1"},"canonical":"https:\/\/www.mpppst.gob.ve\/mpppstweb\/index.php\/2016\/11\/23\/venezuela-y-bolivia-han-trabajado-arduamente-para-mejorar-las-condiciones-de-los-trabajadores\/","og_locale":"es_ES","og_type":"article","og_title":"\u201cVenezuela y Bolivia han trabajado arduamente para mejorar las condiciones de los trabajadores\u201d - MPPPST","og_description":"Prensa (MPPPST). Con el objetivo de fortalecer las relaciones bilaterales entre el hermano pueblo Plurinacional de &hellip; \u201cVenezuela y Bolivia han trabajado arduamente para mejorar las condiciones de los trabajadores\u201dRead more","og_url":"https:\/\/www.mpppst.gob.ve\/mpppstweb\/index.php\/2016\/11\/23\/venezuela-y-bolivia-han-trabajado-arduamente-para-mejorar-las-condiciones-de-los-trabajadores\/","og_site_name":"MPPPST","article_published_time":"2016-11-23T20:23:27+00:00","article_modified_time":"2016-11-24T17:51:26+00:00","og_image":[{"width":800,"height":445,"url":"https:\/\/www.mpppst.gob.ve\/mpppstweb\/wp-content\/uploads\/2016\/11\/IMG_9549.jpg","type":"image\/jpeg"}],"author":"MPPPST Prensa","twitter_card":"summary_large_image","twitter_misc":{"Escrito por":"MPPPST Prensa","Tiempo de lectura":"3 minutos"},"schema":{"@context":"https:\/\/schema.org","@graph":[{"@type":"Article","@id":"https:\/\/www.mpppst.gob.ve\/mpppstweb\/index.php\/2016\/11\/23\/venezuela-y-bolivia-han-trabajado-arduamente-para-mejorar-las-condiciones-de-los-trabajadores\/#article","isPartOf":{"@id":"https:\/\/www.mpppst.gob.ve\/mpppstweb\/index.php\/2016\/11\/23\/venezuela-y-bolivia-han-trabajado-arduamente-para-mejorar-las-condiciones-de-los-trabajadores\/"},"author":{"name":"MPPPST Prensa","@id":"https:\/\/www.mpppst.gob.ve\/mpppstweb\/#\/schema\/person\/fc187ee8ead412bd4c9304b62f900ea4"},"headline":"\u201cVenezuela y Bolivia han trabajado arduamente para mejorar las condiciones de los trabajadores\u201d","datePublished":"2016-11-23T20:23:27+00:00","dateModified":"2016-11-24T17:51:26+00:00","mainEntityOfPage":{"@id":"https:\/\/www.mpppst.gob.ve\/mpppstweb\/index.php\/2016\/11\/23\/venezuela-y-bolivia-han-trabajado-arduamente-para-mejorar-las-condiciones-de-los-trabajadores\/"},"wordCount":564,"publisher":{"@id":"https:\/\/www.mpppst.gob.ve\/mpppstweb\/#organization"},"image":{"@id":"https:\/\/www.mpppst.gob.ve\/mpppstweb\/index.php\/2016\/11\/23\/venezuela-y-bolivia-han-trabajado-arduamente-para-mejorar-las-condiciones-de-los-trabajadores\/#primaryimage"},"thumbnailUrl":"https:\/\/www.mpppst.gob.ve\/mpppstweb\/wp-content\/uploads\/2016\/11\/IMG_9549.jpg","keywords":["Fuerza Laboral","Gobierno Bolivariano","internacionales","MPPPST"],"articleSection":["Internacionales","Ministerio","Noticias","Vida Laboral y Sindical"],"inLanguage":"es"},{"@type":"WebPage","@id":"https:\/\/www.mpppst.gob.ve\/mpppstweb\/index.php\/2016\/11\/23\/venezuela-y-bolivia-han-trabajado-arduamente-para-mejorar-las-condiciones-de-los-trabajadores\/","url":"https:\/\/www.mpppst.gob.ve\/mpppstweb\/index.php\/2016\/11\/23\/venezuela-y-bolivia-han-trabajado-arduamente-para-mejorar-las-condiciones-de-los-trabajadores\/","name":"\u201cVenezuela y Bolivia han trabajado arduamente para mejorar las condiciones de los trabajadores\u201d - MPPPST","isPartOf":{"@id":"https:\/\/www.mpppst.gob.ve\/mpppstweb\/#website"},"primaryImageOfPage":{"@id":"https:\/\/www.mpppst.gob.ve\/mpppstweb\/index.php\/2016\/11\/23\/venezuela-y-bolivia-han-trabajado-arduamente-para-mejorar-las-condiciones-de-los-trabajadores\/#primaryimage"},"image":{"@id":"https:\/\/www.mpppst.gob.ve\/mpppstweb\/index.php\/2016\/11\/23\/venezuela-y-bolivia-han-trabajado-arduamente-para-mejorar-las-condiciones-de-los-trabajadores\/#primaryimage"},"thumbnailUrl":"https:\/\/www.mpppst.gob.ve\/mpppstweb\/wp-content\/uploads\/2016\/11\/IMG_9549.jpg","datePublished":"2016-11-23T20:23:27+00:00","dateModified":"2016-11-24T17:51:26+00:00","breadcrumb":{"@id":"https:\/\/www.mpppst.gob.ve\/mpppstweb\/index.php\/2016\/11\/23\/venezuela-y-bolivia-han-trabajado-arduamente-para-mejorar-las-condiciones-de-los-trabajadores\/#breadcrumb"},"inLanguage":"es","potentialAction":[{"@type":"ReadAction","target":["https:\/\/www.mpppst.gob.ve\/mpppstweb\/index.php\/2016\/11\/23\/venezuela-y-bolivia-han-trabajado-arduamente-para-mejorar-las-condiciones-de-los-trabajadores\/"]}]},{"@type":"ImageObject","inLanguage":"es","@id":"https:\/\/www.mpppst.gob.ve\/mpppstweb\/index.php\/2016\/11\/23\/venezuela-y-bolivia-han-trabajado-arduamente-para-mejorar-las-condiciones-de-los-trabajadores\/#primaryimage","url":"https:\/\/www.mpppst.gob.ve\/mpppstweb\/wp-content\/uploads\/2016\/11\/IMG_9549.jpg","contentUrl":"https:\/\/www.mpppst.gob.ve\/mpppstweb\/wp-content\/uploads\/2016\/11\/IMG_9549.jpg","width":800,"height":445},{"@type":"BreadcrumbList","@id":"https:\/\/www.mpppst.gob.ve\/mpppstweb\/index.php\/2016\/11\/23\/venezuela-y-bolivia-han-trabajado-arduamente-para-mejorar-las-condiciones-de-los-trabajadores\/#breadcrumb","itemListElement":[{"@type":"ListItem","position":1,"name":"Home","item":"https:\/\/www.mpppst.gob.ve\/mpppstweb\/"},{"@type":"ListItem","position":2,"name":"\u201cVenezuela y Bolivia han trabajado arduamente para mejorar las condiciones de los trabajadores\u201d"}]},{"@type":"WebSite","@id":"https:\/\/www.mpppst.gob.ve\/mpppstweb\/#website","url":"https:\/\/www.mpppst.gob.ve\/mpppstweb\/","name":"MPPPST","description":"Ministerio del Poder Popular para el Proceso Social de Trabajo","publisher":{"@id":"https:\/\/www.mpppst.gob.ve\/mpppstweb\/#organization"},"potentialAction":[{"@type":"SearchAction","target":{"@type":"EntryPoint","urlTemplate":"https:\/\/www.mpppst.gob.ve\/mpppstweb\/?s={search_term_string}"},"query-input":"required name=search_term_string"}],"inLanguage":"es"},{"@type":"Organization","@id":"https:\/\/www.mpppst.gob.ve\/mpppstweb\/#organization","name":"mpppst","url":"https:\/\/www.mpppst.gob.ve\/mpppstweb\/","logo":{"@type":"ImageObject","inLanguage":"es","@id":"https:\/\/www.mpppst.gob.ve\/mpppstweb\/#\/schema\/logo\/image\/","url":"https:\/\/www.mpppst.gob.ve\/mpppstweb\/wp-content\/uploads\/2025\/07\/cropped-cropped-g910.png","contentUrl":"https:\/\/www.mpppst.gob.ve\/mpppstweb\/wp-content\/uploads\/2025\/07\/cropped-cropped-g910.png","width":1080,"height":241,"caption":"mpppst"},"image":{"@id":"https:\/\/www.mpppst.gob.ve\/mpppstweb\/#\/schema\/logo\/image\/"}},{"@type":"Person","@id":"https:\/\/www.mpppst.gob.ve\/mpppstweb\/#\/schema\/person\/fc187ee8ead412bd4c9304b62f900ea4","name":"MPPPST Prensa","url":"https:\/\/www.mpppst.gob.ve\/mpppstweb\/index.php\/author\/prensa-mpppst\/"}]}},"_links":{"self":[{"href":"https:\/\/www.mpppst.gob.ve\/mpppstweb\/index.php\/wp-json\/wp\/v2\/posts\/9392"}],"collection":[{"href":"https:\/\/www.mpppst.gob.ve\/mpppstweb\/index.php\/wp-json\/wp\/v2\/posts"}],"about":[{"href":"https:\/\/www.mpppst.gob.ve\/mpppstweb\/index.php\/wp-json\/wp\/v2\/types\/post"}],"author":[{"embeddable":true,"href":"https:\/\/www.mpppst.gob.ve\/mpppstweb\/index.php\/wp-json\/wp\/v2\/users\/25"}],"replies":[{"embeddable":true,"href":"https:\/\/www.mpppst.gob.ve\/mpppstweb\/index.php\/wp-json\/wp\/v2\/comments?post=9392"}],"version-history":[{"count":2,"href":"https:\/\/www.mpppst.gob.ve\/mpppstweb\/index.php\/wp-json\/wp\/v2\/posts\/9392\/revisions"}],"predecessor-version":[{"id":9401,"href":"https:\/\/www.mpppst.gob.ve\/mpppstweb\/index.php\/wp-json\/wp\/v2\/posts\/9392\/revisions\/9401"}],"wp:featuredmedia":[{"embeddable":true,"href":"https:\/\/www.mpppst.gob.ve\/mpppstweb\/index.php\/wp-json\/wp\/v2\/media\/9393"}],"wp:attachment":[{"href":"https:\/\/www.mpppst.gob.ve\/mpppstweb\/index.php\/wp-json\/wp\/v2\/media?parent=9392"}],"wp:term":[{"taxonomy":"category","embeddable":true,"href":"https:\/\/www.mpppst.gob.ve\/mpppstweb\/index.php\/wp-json\/wp\/v2\/categories?post=9392"},{"taxonomy":"post_tag","embeddable":true,"href":"https:\/\/www.mpppst.gob.ve\/mpppstweb\/index.php\/wp-json\/wp\/v2\/tags?post=9392"}],"curies":[{"name":"wp","href":"https:\/\/api.w.org\/{rel}","templated":true}]}}