{"id":9409,"date":"2016-11-25T12:57:45","date_gmt":"2016-11-25T12:57:45","guid":{"rendered":"http:\/\/www.mpppst.gob.ve\/mpppstweb\/?p=9409"},"modified":"2016-11-25T12:57:45","modified_gmt":"2016-11-25T12:57:45","slug":"venezuela-propone-construir-una-zona-de-paz-en-la-region-suramericana","status":"publish","type":"post","link":"https:\/\/www.mpppst.gob.ve\/mpppstweb\/index.php\/2016\/11\/25\/venezuela-propone-construir-una-zona-de-paz-en-la-region-suramericana\/","title":{"rendered":"Venezuela propone construir una zona de paz en la regi\u00f3n suramericana"},"content":{"rendered":"<p>AVN.- El ministro de la Defensa, Vladimir Padrino L\u00f3pez, propuso este jueves, durante la s\u00e9ptima reuni\u00f3n ordinaria del Consejo de Defensa de la Uni\u00f3n de Naciones Suramericanas (Unasur), la construcci\u00f3n de una zona de paz en Suram\u00e9rica, mediante el trabajo conjunto de las fuerzas armadas de los pa\u00edses de la regi\u00f3n.<\/p>\n<p>\u00abDebemos construir una zona de paz que obedezca a la independencia de nuestras naciones bajo principios de solidaridad, respeto e identidad\u00bb, llam\u00f3 Padrino al instalar la reuni\u00f3n en Caracas.<\/p>\n<p>En este sentido, el representante de Venezuela ante el Consejo de Defensa de Unasur inst\u00f3 a los pa\u00edses miembros a emprender la construcci\u00f3n de la zona de paz en la regi\u00f3n mediante el trabajo articulado de las fuerzas armadas nacionales, sobre la base del respeto a la soberan\u00eda y autodeterminaci\u00f3n de las naciones.<\/p>\n<p>\u00abLas fuerzas armadas nuestras son un instrumento para la paz, para construir la paz\u00bb, dijo, al tiempo en que se\u00f1al\u00f3 que esa \u00abpaz no la podemos ver como una consecuencia de la guerra o una situaci\u00f3n continuada despu\u00e9s de la violencia\u00bb.<\/p>\n<p>\u00abLa paz nosotros tenemos que verla, como reza el prop\u00f3sito de este Consejo, para construir una zona de paz. No puede verse esa zona de paz como un concepto que sea consecuencia de la guerra o de la violencia, tiene que verse como un concepto de mayor profundidad. No es una zona de paz precaria solamente porque est\u00e1 libre de violencia, tiene que ser una zona de paz que mire m\u00e1s all\u00e1, que se sumerja en las profundidades de la \u00e9tica, de la uni\u00f3n latinoamericana y caribe\u00f1a, y que nos permita a nosotros vernos como verdaderos hermanos y hermanas\u00bb, insisti\u00f3 Padrino L\u00f3pez.<\/p>\n<p>Explic\u00f3 que sobre el mundo hoy se ciernen muchas amenazas, ante lo cual \u2014recalc\u00f3\u2014 Suram\u00e9rica \u00abha aprendido a convivir muy lejos de la violencia entre Estados. Pudi\u00e9semos tener problemas internos pero jur\u00eddicamente como Estados conformados en Estados Miembros de Unasur, gracias a Dios, estamos muy lejos de violencia por causas de disputas territoriales \u00e9tnicas, religiosas ni mucho menos como se ven en otras partes del mundo\u00bb, que, agreg\u00f3, en su mayor\u00eda son producto de mezquindades, de apoderarse de las riquezas de los pueblos con el terrorismo.<\/p>\n<p>El ministro venezolano record\u00f3 que el terrorismo tiene detr\u00e1s intereses subyacentes. \u00abEl terrorismo no es algo que nace por s\u00ed solo, siempre hay un inter\u00e9s subyacente que provoca, que produce o promueve el terrorismo\u00bb, dijo y se\u00f1al\u00f3 que afortunadamente la regi\u00f3n no ha sido blanco de la sucesi\u00f3n de actos de violencia ejecutados para infundir terror, pero lament\u00f3 que sea el blanco de otras amenazas: narcotr\u00e1fico, tr\u00e1fico de armas, la trata de personas, a lo que se le suman las amenazas por causas naturales producto del cambio clim\u00e1tico y las econ\u00f3micas \u00abque tienen un impacto en nuestras democracias\u00bb.<\/p>\n<p>Raz\u00f3n por la cual \u00abnosotros estamos invitados y convocados a tener una visi\u00f3n pluridimensional desde varias perspectivas de acuerdo a la naturaleza de las amenazas, porque para las amenazas globales tenemos que darle un enfoque y una respuesta en bloque en unidad, en este caso en unidad sudamericana\u00bb.<\/p>\n<p>\u00abOjal\u00e1 pudi\u00e9ramos tener una unidad de pensamiento y principio \u00e9tico, en lo pol\u00edtico, en lo humano, a nivel mundial, pero creo que Suram\u00e9rica es un espacio natural para darle ejemplo al mundo de como se construye la paz\u00bb, agreg\u00f3 Padrino L\u00f3pez en su intervenci\u00f3n.<\/p>\n<p>En este sentido, envi\u00f3 un mensaje de respaldo y solidaridad al Gobierno colombiano, que este jueves firm\u00f3 un nuevo acuerdo de paz con las Fuerzas Armadas Revolucionarias de Colombia-Ej\u00e9rcito del Pueblo (Farc-EP), para poner fin al conflicto b\u00e9lico que afecta al pueblo de Colombia desde hace m\u00e1s de 50 a\u00f1os.<\/p>\n<p>\u00abQuiero saludar con mucho afecto y emoci\u00f3n a todo el pueblo colombiano para que ese proceso lleve el curso que debe llevar, destinado a consolidar la paz en Colombia, que es la paz de Suram\u00e9rica\u00bb, manifest\u00f3.<\/p>\n<p>El Consejo de Defensa Suramericano fue creado por decisi\u00f3n de jefes de Estado y de Gobierno reunidos el 16 de diciembre de 2008 en Salvador de Bah\u00eda, Brasil. Esta instancia se encarga de dise\u00f1ar y ejecutar pol\u00edticas de defensa en materia de cooperaci\u00f3n militar, acciones humanitarias y operaciones de paz, industria y tecnolog\u00eda de la defensa, formaci\u00f3n y capacitaci\u00f3n.<\/p>\n","protected":false},"excerpt":{"rendered":"<p>AVN.- El ministro de la Defensa, Vladimir Padrino L\u00f3pez, propuso este jueves, durante la s\u00e9ptima reuni\u00f3n &hellip; <a title=\"Venezuela propone construir una zona de paz en la regi\u00f3n suramericana\" class=\"hm-read-more\" href=\"https:\/\/www.mpppst.gob.ve\/mpppstweb\/index.php\/2016\/11\/25\/venezuela-propone-construir-una-zona-de-paz-en-la-region-suramericana\/\"><span class=\"screen-reader-text\">Venezuela propone construir una zona de paz en la regi\u00f3n suramericana<\/span>Read more<\/a><\/p>\n","protected":false},"author":25,"featured_media":9411,"comment_status":"closed","ping_status":"closed","sticky":false,"template":"","format":"standard","meta":{"footnotes":""},"categories":[82,8,163],"tags":[222,245],"yoast_head":"<!-- This site is optimized with the Yoast SEO plugin v22.5 - https:\/\/yoast.com\/wordpress\/plugins\/seo\/ -->\n<title>Venezuela propone construir una zona de paz en la regi\u00f3n suramericana - MPPPST<\/title>\n<meta name=\"robots\" content=\"index, follow, max-snippet:-1, max-image-preview:large, max-video-preview:-1\" \/>\n<link rel=\"canonical\" href=\"https:\/\/www.mpppst.gob.ve\/mpppstweb\/index.php\/2016\/11\/25\/venezuela-propone-construir-una-zona-de-paz-en-la-region-suramericana\/\" \/>\n<meta property=\"og:locale\" content=\"es_ES\" \/>\n<meta property=\"og:type\" content=\"article\" \/>\n<meta property=\"og:title\" content=\"Venezuela propone construir una zona de paz en la regi\u00f3n suramericana - MPPPST\" \/>\n<meta property=\"og:description\" content=\"AVN.- El ministro de la Defensa, Vladimir Padrino L\u00f3pez, propuso este jueves, durante la s\u00e9ptima reuni\u00f3n &hellip; Venezuela propone construir una zona de paz en la regi\u00f3n suramericanaRead more\" \/>\n<meta property=\"og:url\" content=\"https:\/\/www.mpppst.gob.ve\/mpppstweb\/index.php\/2016\/11\/25\/venezuela-propone-construir-una-zona-de-paz-en-la-region-suramericana\/\" \/>\n<meta property=\"og:site_name\" content=\"MPPPST\" \/>\n<meta property=\"article:published_time\" content=\"2016-11-25T12:57:45+00:00\" \/>\n<meta property=\"og:image\" content=\"https:\/\/www.mpppst.gob.ve\/mpppstweb\/wp-content\/uploads\/2016\/11\/Unasur.jpg\" \/>\n\t<meta property=\"og:image:width\" content=\"800\" \/>\n\t<meta property=\"og:image:height\" content=\"445\" \/>\n\t<meta property=\"og:image:type\" content=\"image\/jpeg\" \/>\n<meta name=\"author\" content=\"MPPPST Prensa\" \/>\n<meta name=\"twitter:card\" content=\"summary_large_image\" \/>\n<meta name=\"twitter:label1\" content=\"Escrito por\" \/>\n\t<meta name=\"twitter:data1\" content=\"MPPPST Prensa\" \/>\n\t<meta name=\"twitter:label2\" content=\"Tiempo de lectura\" \/>\n\t<meta name=\"twitter:data2\" content=\"4 minutos\" \/>\n<script type=\"application\/ld+json\" class=\"yoast-schema-graph\">{\"@context\":\"https:\/\/schema.org\",\"@graph\":[{\"@type\":\"Article\",\"@id\":\"https:\/\/www.mpppst.gob.ve\/mpppstweb\/index.php\/2016\/11\/25\/venezuela-propone-construir-una-zona-de-paz-en-la-region-suramericana\/#article\",\"isPartOf\":{\"@id\":\"https:\/\/www.mpppst.gob.ve\/mpppstweb\/index.php\/2016\/11\/25\/venezuela-propone-construir-una-zona-de-paz-en-la-region-suramericana\/\"},\"author\":{\"name\":\"MPPPST Prensa\",\"@id\":\"https:\/\/www.mpppst.gob.ve\/mpppstweb\/#\/schema\/person\/fc187ee8ead412bd4c9304b62f900ea4\"},\"headline\":\"Venezuela propone construir una zona de paz en la regi\u00f3n suramericana\",\"datePublished\":\"2016-11-25T12:57:45+00:00\",\"dateModified\":\"2016-11-25T12:57:45+00:00\",\"mainEntityOfPage\":{\"@id\":\"https:\/\/www.mpppst.gob.ve\/mpppstweb\/index.php\/2016\/11\/25\/venezuela-propone-construir-una-zona-de-paz-en-la-region-suramericana\/\"},\"wordCount\":763,\"publisher\":{\"@id\":\"https:\/\/www.mpppst.gob.ve\/mpppstweb\/#organization\"},\"image\":{\"@id\":\"https:\/\/www.mpppst.gob.ve\/mpppstweb\/index.php\/2016\/11\/25\/venezuela-propone-construir-una-zona-de-paz-en-la-region-suramericana\/#primaryimage\"},\"thumbnailUrl\":\"https:\/\/www.mpppst.gob.ve\/mpppstweb\/wp-content\/uploads\/2016\/11\/Unasur.jpg\",\"keywords\":[\"Gobierno Bolivariano\",\"internacionales\"],\"articleSection\":[\"Gobierno Nacional\",\"Internacionales\",\"Noticias\"],\"inLanguage\":\"es\"},{\"@type\":\"WebPage\",\"@id\":\"https:\/\/www.mpppst.gob.ve\/mpppstweb\/index.php\/2016\/11\/25\/venezuela-propone-construir-una-zona-de-paz-en-la-region-suramericana\/\",\"url\":\"https:\/\/www.mpppst.gob.ve\/mpppstweb\/index.php\/2016\/11\/25\/venezuela-propone-construir-una-zona-de-paz-en-la-region-suramericana\/\",\"name\":\"Venezuela propone construir una zona de paz en la regi\u00f3n suramericana - MPPPST\",\"isPartOf\":{\"@id\":\"https:\/\/www.mpppst.gob.ve\/mpppstweb\/#website\"},\"primaryImageOfPage\":{\"@id\":\"https:\/\/www.mpppst.gob.ve\/mpppstweb\/index.php\/2016\/11\/25\/venezuela-propone-construir-una-zona-de-paz-en-la-region-suramericana\/#primaryimage\"},\"image\":{\"@id\":\"https:\/\/www.mpppst.gob.ve\/mpppstweb\/index.php\/2016\/11\/25\/venezuela-propone-construir-una-zona-de-paz-en-la-region-suramericana\/#primaryimage\"},\"thumbnailUrl\":\"https:\/\/www.mpppst.gob.ve\/mpppstweb\/wp-content\/uploads\/2016\/11\/Unasur.jpg\",\"datePublished\":\"2016-11-25T12:57:45+00:00\",\"dateModified\":\"2016-11-25T12:57:45+00:00\",\"breadcrumb\":{\"@id\":\"https:\/\/www.mpppst.gob.ve\/mpppstweb\/index.php\/2016\/11\/25\/venezuela-propone-construir-una-zona-de-paz-en-la-region-suramericana\/#breadcrumb\"},\"inLanguage\":\"es\",\"potentialAction\":[{\"@type\":\"ReadAction\",\"target\":[\"https:\/\/www.mpppst.gob.ve\/mpppstweb\/index.php\/2016\/11\/25\/venezuela-propone-construir-una-zona-de-paz-en-la-region-suramericana\/\"]}]},{\"@type\":\"ImageObject\",\"inLanguage\":\"es\",\"@id\":\"https:\/\/www.mpppst.gob.ve\/mpppstweb\/index.php\/2016\/11\/25\/venezuela-propone-construir-una-zona-de-paz-en-la-region-suramericana\/#primaryimage\",\"url\":\"https:\/\/www.mpppst.gob.ve\/mpppstweb\/wp-content\/uploads\/2016\/11\/Unasur.jpg\",\"contentUrl\":\"https:\/\/www.mpppst.gob.ve\/mpppstweb\/wp-content\/uploads\/2016\/11\/Unasur.jpg\",\"width\":800,\"height\":445},{\"@type\":\"BreadcrumbList\",\"@id\":\"https:\/\/www.mpppst.gob.ve\/mpppstweb\/index.php\/2016\/11\/25\/venezuela-propone-construir-una-zona-de-paz-en-la-region-suramericana\/#breadcrumb\",\"itemListElement\":[{\"@type\":\"ListItem\",\"position\":1,\"name\":\"Home\",\"item\":\"https:\/\/www.mpppst.gob.ve\/mpppstweb\/\"},{\"@type\":\"ListItem\",\"position\":2,\"name\":\"Venezuela propone construir una zona de paz en la regi\u00f3n suramericana\"}]},{\"@type\":\"WebSite\",\"@id\":\"https:\/\/www.mpppst.gob.ve\/mpppstweb\/#website\",\"url\":\"https:\/\/www.mpppst.gob.ve\/mpppstweb\/\",\"name\":\"MPPPST\",\"description\":\"Ministerio del Poder Popular para el Proceso Social de Trabajo\",\"publisher\":{\"@id\":\"https:\/\/www.mpppst.gob.ve\/mpppstweb\/#organization\"},\"potentialAction\":[{\"@type\":\"SearchAction\",\"target\":{\"@type\":\"EntryPoint\",\"urlTemplate\":\"https:\/\/www.mpppst.gob.ve\/mpppstweb\/?s={search_term_string}\"},\"query-input\":\"required name=search_term_string\"}],\"inLanguage\":\"es\"},{\"@type\":\"Organization\",\"@id\":\"https:\/\/www.mpppst.gob.ve\/mpppstweb\/#organization\",\"name\":\"mpppst\",\"url\":\"https:\/\/www.mpppst.gob.ve\/mpppstweb\/\",\"logo\":{\"@type\":\"ImageObject\",\"inLanguage\":\"es\",\"@id\":\"https:\/\/www.mpppst.gob.ve\/mpppstweb\/#\/schema\/logo\/image\/\",\"url\":\"https:\/\/www.mpppst.gob.ve\/mpppstweb\/wp-content\/uploads\/2025\/07\/cropped-cropped-g910.png\",\"contentUrl\":\"https:\/\/www.mpppst.gob.ve\/mpppstweb\/wp-content\/uploads\/2025\/07\/cropped-cropped-g910.png\",\"width\":1080,\"height\":241,\"caption\":\"mpppst\"},\"image\":{\"@id\":\"https:\/\/www.mpppst.gob.ve\/mpppstweb\/#\/schema\/logo\/image\/\"}},{\"@type\":\"Person\",\"@id\":\"https:\/\/www.mpppst.gob.ve\/mpppstweb\/#\/schema\/person\/fc187ee8ead412bd4c9304b62f900ea4\",\"name\":\"MPPPST Prensa\",\"url\":\"https:\/\/www.mpppst.gob.ve\/mpppstweb\/index.php\/author\/prensa-mpppst\/\"}]}<\/script>\n<!-- \/ Yoast SEO plugin. -->","yoast_head_json":{"title":"Venezuela propone construir una zona de paz en la regi\u00f3n suramericana - MPPPST","robots":{"index":"index","follow":"follow","max-snippet":"max-snippet:-1","max-image-preview":"max-image-preview:large","max-video-preview":"max-video-preview:-1"},"canonical":"https:\/\/www.mpppst.gob.ve\/mpppstweb\/index.php\/2016\/11\/25\/venezuela-propone-construir-una-zona-de-paz-en-la-region-suramericana\/","og_locale":"es_ES","og_type":"article","og_title":"Venezuela propone construir una zona de paz en la regi\u00f3n suramericana - MPPPST","og_description":"AVN.- El ministro de la Defensa, Vladimir Padrino L\u00f3pez, propuso este jueves, durante la s\u00e9ptima reuni\u00f3n &hellip; Venezuela propone construir una zona de paz en la regi\u00f3n suramericanaRead more","og_url":"https:\/\/www.mpppst.gob.ve\/mpppstweb\/index.php\/2016\/11\/25\/venezuela-propone-construir-una-zona-de-paz-en-la-region-suramericana\/","og_site_name":"MPPPST","article_published_time":"2016-11-25T12:57:45+00:00","og_image":[{"width":800,"height":445,"url":"https:\/\/www.mpppst.gob.ve\/mpppstweb\/wp-content\/uploads\/2016\/11\/Unasur.jpg","type":"image\/jpeg"}],"author":"MPPPST Prensa","twitter_card":"summary_large_image","twitter_misc":{"Escrito por":"MPPPST Prensa","Tiempo de lectura":"4 minutos"},"schema":{"@context":"https:\/\/schema.org","@graph":[{"@type":"Article","@id":"https:\/\/www.mpppst.gob.ve\/mpppstweb\/index.php\/2016\/11\/25\/venezuela-propone-construir-una-zona-de-paz-en-la-region-suramericana\/#article","isPartOf":{"@id":"https:\/\/www.mpppst.gob.ve\/mpppstweb\/index.php\/2016\/11\/25\/venezuela-propone-construir-una-zona-de-paz-en-la-region-suramericana\/"},"author":{"name":"MPPPST Prensa","@id":"https:\/\/www.mpppst.gob.ve\/mpppstweb\/#\/schema\/person\/fc187ee8ead412bd4c9304b62f900ea4"},"headline":"Venezuela propone construir una zona de paz en la regi\u00f3n suramericana","datePublished":"2016-11-25T12:57:45+00:00","dateModified":"2016-11-25T12:57:45+00:00","mainEntityOfPage":{"@id":"https:\/\/www.mpppst.gob.ve\/mpppstweb\/index.php\/2016\/11\/25\/venezuela-propone-construir-una-zona-de-paz-en-la-region-suramericana\/"},"wordCount":763,"publisher":{"@id":"https:\/\/www.mpppst.gob.ve\/mpppstweb\/#organization"},"image":{"@id":"https:\/\/www.mpppst.gob.ve\/mpppstweb\/index.php\/2016\/11\/25\/venezuela-propone-construir-una-zona-de-paz-en-la-region-suramericana\/#primaryimage"},"thumbnailUrl":"https:\/\/www.mpppst.gob.ve\/mpppstweb\/wp-content\/uploads\/2016\/11\/Unasur.jpg","keywords":["Gobierno Bolivariano","internacionales"],"articleSection":["Gobierno Nacional","Internacionales","Noticias"],"inLanguage":"es"},{"@type":"WebPage","@id":"https:\/\/www.mpppst.gob.ve\/mpppstweb\/index.php\/2016\/11\/25\/venezuela-propone-construir-una-zona-de-paz-en-la-region-suramericana\/","url":"https:\/\/www.mpppst.gob.ve\/mpppstweb\/index.php\/2016\/11\/25\/venezuela-propone-construir-una-zona-de-paz-en-la-region-suramericana\/","name":"Venezuela propone construir una zona de paz en la regi\u00f3n suramericana - MPPPST","isPartOf":{"@id":"https:\/\/www.mpppst.gob.ve\/mpppstweb\/#website"},"primaryImageOfPage":{"@id":"https:\/\/www.mpppst.gob.ve\/mpppstweb\/index.php\/2016\/11\/25\/venezuela-propone-construir-una-zona-de-paz-en-la-region-suramericana\/#primaryimage"},"image":{"@id":"https:\/\/www.mpppst.gob.ve\/mpppstweb\/index.php\/2016\/11\/25\/venezuela-propone-construir-una-zona-de-paz-en-la-region-suramericana\/#primaryimage"},"thumbnailUrl":"https:\/\/www.mpppst.gob.ve\/mpppstweb\/wp-content\/uploads\/2016\/11\/Unasur.jpg","datePublished":"2016-11-25T12:57:45+00:00","dateModified":"2016-11-25T12:57:45+00:00","breadcrumb":{"@id":"https:\/\/www.mpppst.gob.ve\/mpppstweb\/index.php\/2016\/11\/25\/venezuela-propone-construir-una-zona-de-paz-en-la-region-suramericana\/#breadcrumb"},"inLanguage":"es","potentialAction":[{"@type":"ReadAction","target":["https:\/\/www.mpppst.gob.ve\/mpppstweb\/index.php\/2016\/11\/25\/venezuela-propone-construir-una-zona-de-paz-en-la-region-suramericana\/"]}]},{"@type":"ImageObject","inLanguage":"es","@id":"https:\/\/www.mpppst.gob.ve\/mpppstweb\/index.php\/2016\/11\/25\/venezuela-propone-construir-una-zona-de-paz-en-la-region-suramericana\/#primaryimage","url":"https:\/\/www.mpppst.gob.ve\/mpppstweb\/wp-content\/uploads\/2016\/11\/Unasur.jpg","contentUrl":"https:\/\/www.mpppst.gob.ve\/mpppstweb\/wp-content\/uploads\/2016\/11\/Unasur.jpg","width":800,"height":445},{"@type":"BreadcrumbList","@id":"https:\/\/www.mpppst.gob.ve\/mpppstweb\/index.php\/2016\/11\/25\/venezuela-propone-construir-una-zona-de-paz-en-la-region-suramericana\/#breadcrumb","itemListElement":[{"@type":"ListItem","position":1,"name":"Home","item":"https:\/\/www.mpppst.gob.ve\/mpppstweb\/"},{"@type":"ListItem","position":2,"name":"Venezuela propone construir una zona de paz en la regi\u00f3n suramericana"}]},{"@type":"WebSite","@id":"https:\/\/www.mpppst.gob.ve\/mpppstweb\/#website","url":"https:\/\/www.mpppst.gob.ve\/mpppstweb\/","name":"MPPPST","description":"Ministerio del Poder Popular para el Proceso Social de Trabajo","publisher":{"@id":"https:\/\/www.mpppst.gob.ve\/mpppstweb\/#organization"},"potentialAction":[{"@type":"SearchAction","target":{"@type":"EntryPoint","urlTemplate":"https:\/\/www.mpppst.gob.ve\/mpppstweb\/?s={search_term_string}"},"query-input":"required name=search_term_string"}],"inLanguage":"es"},{"@type":"Organization","@id":"https:\/\/www.mpppst.gob.ve\/mpppstweb\/#organization","name":"mpppst","url":"https:\/\/www.mpppst.gob.ve\/mpppstweb\/","logo":{"@type":"ImageObject","inLanguage":"es","@id":"https:\/\/www.mpppst.gob.ve\/mpppstweb\/#\/schema\/logo\/image\/","url":"https:\/\/www.mpppst.gob.ve\/mpppstweb\/wp-content\/uploads\/2025\/07\/cropped-cropped-g910.png","contentUrl":"https:\/\/www.mpppst.gob.ve\/mpppstweb\/wp-content\/uploads\/2025\/07\/cropped-cropped-g910.png","width":1080,"height":241,"caption":"mpppst"},"image":{"@id":"https:\/\/www.mpppst.gob.ve\/mpppstweb\/#\/schema\/logo\/image\/"}},{"@type":"Person","@id":"https:\/\/www.mpppst.gob.ve\/mpppstweb\/#\/schema\/person\/fc187ee8ead412bd4c9304b62f900ea4","name":"MPPPST Prensa","url":"https:\/\/www.mpppst.gob.ve\/mpppstweb\/index.php\/author\/prensa-mpppst\/"}]}},"_links":{"self":[{"href":"https:\/\/www.mpppst.gob.ve\/mpppstweb\/index.php\/wp-json\/wp\/v2\/posts\/9409"}],"collection":[{"href":"https:\/\/www.mpppst.gob.ve\/mpppstweb\/index.php\/wp-json\/wp\/v2\/posts"}],"about":[{"href":"https:\/\/www.mpppst.gob.ve\/mpppstweb\/index.php\/wp-json\/wp\/v2\/types\/post"}],"author":[{"embeddable":true,"href":"https:\/\/www.mpppst.gob.ve\/mpppstweb\/index.php\/wp-json\/wp\/v2\/users\/25"}],"replies":[{"embeddable":true,"href":"https:\/\/www.mpppst.gob.ve\/mpppstweb\/index.php\/wp-json\/wp\/v2\/comments?post=9409"}],"version-history":[{"count":1,"href":"https:\/\/www.mpppst.gob.ve\/mpppstweb\/index.php\/wp-json\/wp\/v2\/posts\/9409\/revisions"}],"predecessor-version":[{"id":9412,"href":"https:\/\/www.mpppst.gob.ve\/mpppstweb\/index.php\/wp-json\/wp\/v2\/posts\/9409\/revisions\/9412"}],"wp:featuredmedia":[{"embeddable":true,"href":"https:\/\/www.mpppst.gob.ve\/mpppstweb\/index.php\/wp-json\/wp\/v2\/media\/9411"}],"wp:attachment":[{"href":"https:\/\/www.mpppst.gob.ve\/mpppstweb\/index.php\/wp-json\/wp\/v2\/media?parent=9409"}],"wp:term":[{"taxonomy":"category","embeddable":true,"href":"https:\/\/www.mpppst.gob.ve\/mpppstweb\/index.php\/wp-json\/wp\/v2\/categories?post=9409"},{"taxonomy":"post_tag","embeddable":true,"href":"https:\/\/www.mpppst.gob.ve\/mpppstweb\/index.php\/wp-json\/wp\/v2\/tags?post=9409"}],"curies":[{"name":"wp","href":"https:\/\/api.w.org\/{rel}","templated":true}]}}