{"id":9428,"date":"2016-11-25T21:37:55","date_gmt":"2016-11-25T21:37:55","guid":{"rendered":"http:\/\/www.mpppst.gob.ve\/mpppstweb\/?p=9428"},"modified":"2016-11-25T21:37:55","modified_gmt":"2016-11-25T21:37:55","slug":"gas-comunal-disenara-plan-para-elevar-la-produccion","status":"publish","type":"post","link":"https:\/\/www.mpppst.gob.ve\/mpppstweb\/index.php\/2016\/11\/25\/gas-comunal-disenara-plan-para-elevar-la-produccion\/","title":{"rendered":"Gas Comunal dise\u00f1ar\u00e1 plan para elevar la producci\u00f3n"},"content":{"rendered":"<p>Prensa MPPPST.- Un recorrido por todas las instalaciones de la empresa socialista Gas Comunal Ambrosio Plaza hicieron los trabajadores y trabajadoras de la planta con el \u00a0Ministro del Poder Popular para el Proceso Social de Trabajo, Oswaldo Vera, con el fin de que constataran las condiciones en las que est\u00e1n trabajando en la actualidad.<\/p>\n<p>El grupo de trabajadores y trabajadoras encabezados por el Movimiento Nacional Socialista Bolivariano y Chavista de los Consejos de Trabajadores de Gas Comunal (MNSBC), hicieron varias propuestas al Ministro que ser\u00e1n incorporadas al plan que elaborar\u00e1n en la Asamblea este mi\u00e9rcoles 30 de noviembre y en las mesas de trabajo respectivas, con el fin de aumentar la producci\u00f3n.<\/p>\n<p>La gerente de la planta, Eliana Su\u00e1rez, inform\u00f3 que esta empresa es la \u00fanica que se encarga de ensamblar tanques de 250 y 12.500 galones; bombonas de 10 kgs, 18 kgs y 43 kgs y extintores. Expres\u00f3 que la producci\u00f3n en la actualidad ha disminuido a 600 cilindros diarios, cuando en un tiempo no muy remoto era de 1.800 a 2.150. Esto debido a que muchas veces la materia prima que se utiliza es importada y a veces escasea.<\/p>\n<p><strong>\u00danica en Am\u00e9rica Latina <\/strong><\/p>\n<p>Por su parte, Santos Mellao, miembro de la MNSBC, explic\u00f3 que esta planta es la \u00fanica que fabrica esos tanques en Latinoam\u00e9rica y es una de las m\u00e1s grandes en fabricaci\u00f3n de cilindros en sus diferentes tama\u00f1os. Es por esto que toda la clase obrera est\u00e1 de acuerdo en trabajar en la elaboraci\u00f3n del plan que ponga a producir esta empresa como en sus mejores tiempos.<\/p>\n<p>Francisco Ram\u00edrez lleva cuatro a\u00f1os en la empresa encarg\u00e1ndose del proceso de armado y soldaduras de tanques. Dijo que todos los trabajadores se estaban reuniendo para hacer la solicitud ante las instancias correspondientes para que lleguen algunos\u00a0 programas sociales de la revoluci\u00f3n a esta empresa del Estado, como por ejemplo las bolsas del Clap y la Misi\u00f3n Vivienda Obrera.<\/p>\n<p>Durante el recorrido del Ministro Oswaldo Vera por las instalaciones de la planta, los trabajadores se organizaron por vocer\u00edas para exponer las situaciones de cada \u00e1rea y mostraron algunas maquinarias que estaban paralizadas desde hace mucho tiempo porque estaban da\u00f1adas. Algunas estaban sin uso por falta de alguna pieza y otras por falta de materia prima.<\/p>\n<p>Asimismo, con la participaci\u00f3n del Ministro Vera, se\u00f1alaron que ser\u00e1 posible subsanar algunos de los escollos que presentan en la actualidad. En tal sentido, aseguraron que en un trabajo conjunto de los trabajadores y trabajadoras con los directivos de Gas Comunal, y la supervisi\u00f3n del Ministerio del Poder Popular para el Proceso Social de Trabajo, podr\u00e1n poner en marcha un plan que mejore las condiciones de trabajo y elevar la capacidad de producci\u00f3n de la empresa.<\/p>\n<p>El ministro Oswaldo Vera, durante la asamblea que se realiz\u00f3 despu\u00e9s del recorrido, los invit\u00f3 a participar en la construcci\u00f3n de ese plan en unas mesas de trabajos que deben instalar la pr\u00f3xima semana. Igualmente, invit\u00f3 a participar a todos los trabajadores y trabajadoras de la planta Gas Comunal Ambrosio Plaza.<\/p>\n<p>El titular del Despacho de Trabajo expres\u00f3 que identific\u00f3 el compromiso de la clase trabajadora para reactivar la planta y ponerla al servicio de todos a trav\u00e9s de este plan que traer\u00e1 frutos a corto y largo plazo. Y record\u00f3 que desde el gobierno Nacional para el 2017 la meta es la profundizaci\u00f3n de la revoluci\u00f3n.<\/p>\n<p>Por Elio Garc\u00eda<\/p>\n","protected":false},"excerpt":{"rendered":"<p>Prensa MPPPST.- Un recorrido por todas las instalaciones de la empresa socialista Gas Comunal Ambrosio Plaza &hellip; <a title=\"Gas Comunal dise\u00f1ar\u00e1 plan para elevar la producci\u00f3n\" class=\"hm-read-more\" href=\"https:\/\/www.mpppst.gob.ve\/mpppstweb\/index.php\/2016\/11\/25\/gas-comunal-disenara-plan-para-elevar-la-produccion\/\"><span class=\"screen-reader-text\">Gas Comunal dise\u00f1ar\u00e1 plan para elevar la producci\u00f3n<\/span>Read more<\/a><\/p>\n","protected":false},"author":25,"featured_media":9429,"comment_status":"closed","ping_status":"closed","sticky":false,"template":"","format":"standard","meta":{"footnotes":""},"categories":[163,84],"tags":[225,222,242,240,227],"yoast_head":"<!-- This site is optimized with the Yoast SEO plugin v22.5 - https:\/\/yoast.com\/wordpress\/plugins\/seo\/ -->\n<title>Gas Comunal dise\u00f1ar\u00e1 plan para elevar la producci\u00f3n - MPPPST<\/title>\n<meta name=\"robots\" content=\"index, follow, max-snippet:-1, max-image-preview:large, max-video-preview:-1\" \/>\n<link rel=\"canonical\" href=\"https:\/\/www.mpppst.gob.ve\/mpppstweb\/index.php\/2016\/11\/25\/gas-comunal-disenara-plan-para-elevar-la-produccion\/\" \/>\n<meta property=\"og:locale\" content=\"es_ES\" \/>\n<meta property=\"og:type\" content=\"article\" \/>\n<meta property=\"og:title\" content=\"Gas Comunal dise\u00f1ar\u00e1 plan para elevar la producci\u00f3n - MPPPST\" \/>\n<meta property=\"og:description\" content=\"Prensa MPPPST.- Un recorrido por todas las instalaciones de la empresa socialista Gas Comunal Ambrosio Plaza &hellip; Gas Comunal dise\u00f1ar\u00e1 plan para elevar la producci\u00f3nRead more\" \/>\n<meta property=\"og:url\" content=\"https:\/\/www.mpppst.gob.ve\/mpppstweb\/index.php\/2016\/11\/25\/gas-comunal-disenara-plan-para-elevar-la-produccion\/\" \/>\n<meta property=\"og:site_name\" content=\"MPPPST\" \/>\n<meta property=\"article:published_time\" content=\"2016-11-25T21:37:55+00:00\" \/>\n<meta property=\"og:image\" content=\"https:\/\/www.mpppst.gob.ve\/mpppstweb\/wp-content\/uploads\/2016\/11\/gas-comunal-1.jpg\" \/>\n\t<meta property=\"og:image:width\" content=\"800\" \/>\n\t<meta property=\"og:image:height\" content=\"445\" \/>\n\t<meta property=\"og:image:type\" content=\"image\/jpeg\" \/>\n<meta name=\"author\" content=\"MPPPST Prensa\" \/>\n<meta name=\"twitter:card\" content=\"summary_large_image\" \/>\n<meta name=\"twitter:label1\" content=\"Escrito por\" \/>\n\t<meta name=\"twitter:data1\" content=\"MPPPST Prensa\" \/>\n\t<meta name=\"twitter:label2\" content=\"Tiempo de lectura\" \/>\n\t<meta name=\"twitter:data2\" content=\"3 minutos\" \/>\n<script type=\"application\/ld+json\" class=\"yoast-schema-graph\">{\"@context\":\"https:\/\/schema.org\",\"@graph\":[{\"@type\":\"Article\",\"@id\":\"https:\/\/www.mpppst.gob.ve\/mpppstweb\/index.php\/2016\/11\/25\/gas-comunal-disenara-plan-para-elevar-la-produccion\/#article\",\"isPartOf\":{\"@id\":\"https:\/\/www.mpppst.gob.ve\/mpppstweb\/index.php\/2016\/11\/25\/gas-comunal-disenara-plan-para-elevar-la-produccion\/\"},\"author\":{\"name\":\"MPPPST Prensa\",\"@id\":\"https:\/\/www.mpppst.gob.ve\/mpppstweb\/#\/schema\/person\/fc187ee8ead412bd4c9304b62f900ea4\"},\"headline\":\"Gas Comunal dise\u00f1ar\u00e1 plan para elevar la producci\u00f3n\",\"datePublished\":\"2016-11-25T21:37:55+00:00\",\"dateModified\":\"2016-11-25T21:37:55+00:00\",\"mainEntityOfPage\":{\"@id\":\"https:\/\/www.mpppst.gob.ve\/mpppstweb\/index.php\/2016\/11\/25\/gas-comunal-disenara-plan-para-elevar-la-produccion\/\"},\"wordCount\":595,\"publisher\":{\"@id\":\"https:\/\/www.mpppst.gob.ve\/mpppstweb\/#organization\"},\"image\":{\"@id\":\"https:\/\/www.mpppst.gob.ve\/mpppstweb\/index.php\/2016\/11\/25\/gas-comunal-disenara-plan-para-elevar-la-produccion\/#primaryimage\"},\"thumbnailUrl\":\"https:\/\/www.mpppst.gob.ve\/mpppstweb\/wp-content\/uploads\/2016\/11\/gas-comunal-1.jpg\",\"keywords\":[\"Fuerza Laboral\",\"Gobierno Bolivariano\",\"Justa distribuci\u00f3n de la riqueza\",\"Participaci\u00f3n popular y protag\u00f3nica\",\"Proceso Social\"],\"articleSection\":[\"Noticias\",\"Vida Laboral y Sindical\"],\"inLanguage\":\"es\"},{\"@type\":\"WebPage\",\"@id\":\"https:\/\/www.mpppst.gob.ve\/mpppstweb\/index.php\/2016\/11\/25\/gas-comunal-disenara-plan-para-elevar-la-produccion\/\",\"url\":\"https:\/\/www.mpppst.gob.ve\/mpppstweb\/index.php\/2016\/11\/25\/gas-comunal-disenara-plan-para-elevar-la-produccion\/\",\"name\":\"Gas Comunal dise\u00f1ar\u00e1 plan para elevar la producci\u00f3n - MPPPST\",\"isPartOf\":{\"@id\":\"https:\/\/www.mpppst.gob.ve\/mpppstweb\/#website\"},\"primaryImageOfPage\":{\"@id\":\"https:\/\/www.mpppst.gob.ve\/mpppstweb\/index.php\/2016\/11\/25\/gas-comunal-disenara-plan-para-elevar-la-produccion\/#primaryimage\"},\"image\":{\"@id\":\"https:\/\/www.mpppst.gob.ve\/mpppstweb\/index.php\/2016\/11\/25\/gas-comunal-disenara-plan-para-elevar-la-produccion\/#primaryimage\"},\"thumbnailUrl\":\"https:\/\/www.mpppst.gob.ve\/mpppstweb\/wp-content\/uploads\/2016\/11\/gas-comunal-1.jpg\",\"datePublished\":\"2016-11-25T21:37:55+00:00\",\"dateModified\":\"2016-11-25T21:37:55+00:00\",\"breadcrumb\":{\"@id\":\"https:\/\/www.mpppst.gob.ve\/mpppstweb\/index.php\/2016\/11\/25\/gas-comunal-disenara-plan-para-elevar-la-produccion\/#breadcrumb\"},\"inLanguage\":\"es\",\"potentialAction\":[{\"@type\":\"ReadAction\",\"target\":[\"https:\/\/www.mpppst.gob.ve\/mpppstweb\/index.php\/2016\/11\/25\/gas-comunal-disenara-plan-para-elevar-la-produccion\/\"]}]},{\"@type\":\"ImageObject\",\"inLanguage\":\"es\",\"@id\":\"https:\/\/www.mpppst.gob.ve\/mpppstweb\/index.php\/2016\/11\/25\/gas-comunal-disenara-plan-para-elevar-la-produccion\/#primaryimage\",\"url\":\"https:\/\/www.mpppst.gob.ve\/mpppstweb\/wp-content\/uploads\/2016\/11\/gas-comunal-1.jpg\",\"contentUrl\":\"https:\/\/www.mpppst.gob.ve\/mpppstweb\/wp-content\/uploads\/2016\/11\/gas-comunal-1.jpg\",\"width\":800,\"height\":445},{\"@type\":\"BreadcrumbList\",\"@id\":\"https:\/\/www.mpppst.gob.ve\/mpppstweb\/index.php\/2016\/11\/25\/gas-comunal-disenara-plan-para-elevar-la-produccion\/#breadcrumb\",\"itemListElement\":[{\"@type\":\"ListItem\",\"position\":1,\"name\":\"Home\",\"item\":\"https:\/\/www.mpppst.gob.ve\/mpppstweb\/\"},{\"@type\":\"ListItem\",\"position\":2,\"name\":\"Gas Comunal dise\u00f1ar\u00e1 plan para elevar la producci\u00f3n\"}]},{\"@type\":\"WebSite\",\"@id\":\"https:\/\/www.mpppst.gob.ve\/mpppstweb\/#website\",\"url\":\"https:\/\/www.mpppst.gob.ve\/mpppstweb\/\",\"name\":\"MPPPST\",\"description\":\"Ministerio del Poder Popular para el Proceso Social de Trabajo\",\"publisher\":{\"@id\":\"https:\/\/www.mpppst.gob.ve\/mpppstweb\/#organization\"},\"potentialAction\":[{\"@type\":\"SearchAction\",\"target\":{\"@type\":\"EntryPoint\",\"urlTemplate\":\"https:\/\/www.mpppst.gob.ve\/mpppstweb\/?s={search_term_string}\"},\"query-input\":\"required name=search_term_string\"}],\"inLanguage\":\"es\"},{\"@type\":\"Organization\",\"@id\":\"https:\/\/www.mpppst.gob.ve\/mpppstweb\/#organization\",\"name\":\"mpppst\",\"url\":\"https:\/\/www.mpppst.gob.ve\/mpppstweb\/\",\"logo\":{\"@type\":\"ImageObject\",\"inLanguage\":\"es\",\"@id\":\"https:\/\/www.mpppst.gob.ve\/mpppstweb\/#\/schema\/logo\/image\/\",\"url\":\"https:\/\/www.mpppst.gob.ve\/mpppstweb\/wp-content\/uploads\/2025\/07\/cropped-cropped-g910.png\",\"contentUrl\":\"https:\/\/www.mpppst.gob.ve\/mpppstweb\/wp-content\/uploads\/2025\/07\/cropped-cropped-g910.png\",\"width\":1080,\"height\":241,\"caption\":\"mpppst\"},\"image\":{\"@id\":\"https:\/\/www.mpppst.gob.ve\/mpppstweb\/#\/schema\/logo\/image\/\"}},{\"@type\":\"Person\",\"@id\":\"https:\/\/www.mpppst.gob.ve\/mpppstweb\/#\/schema\/person\/fc187ee8ead412bd4c9304b62f900ea4\",\"name\":\"MPPPST Prensa\",\"url\":\"https:\/\/www.mpppst.gob.ve\/mpppstweb\/index.php\/author\/prensa-mpppst\/\"}]}<\/script>\n<!-- \/ Yoast SEO plugin. -->","yoast_head_json":{"title":"Gas Comunal dise\u00f1ar\u00e1 plan para elevar la producci\u00f3n - MPPPST","robots":{"index":"index","follow":"follow","max-snippet":"max-snippet:-1","max-image-preview":"max-image-preview:large","max-video-preview":"max-video-preview:-1"},"canonical":"https:\/\/www.mpppst.gob.ve\/mpppstweb\/index.php\/2016\/11\/25\/gas-comunal-disenara-plan-para-elevar-la-produccion\/","og_locale":"es_ES","og_type":"article","og_title":"Gas Comunal dise\u00f1ar\u00e1 plan para elevar la producci\u00f3n - MPPPST","og_description":"Prensa MPPPST.- Un recorrido por todas las instalaciones de la empresa socialista Gas Comunal Ambrosio Plaza &hellip; Gas Comunal dise\u00f1ar\u00e1 plan para elevar la producci\u00f3nRead more","og_url":"https:\/\/www.mpppst.gob.ve\/mpppstweb\/index.php\/2016\/11\/25\/gas-comunal-disenara-plan-para-elevar-la-produccion\/","og_site_name":"MPPPST","article_published_time":"2016-11-25T21:37:55+00:00","og_image":[{"width":800,"height":445,"url":"https:\/\/www.mpppst.gob.ve\/mpppstweb\/wp-content\/uploads\/2016\/11\/gas-comunal-1.jpg","type":"image\/jpeg"}],"author":"MPPPST Prensa","twitter_card":"summary_large_image","twitter_misc":{"Escrito por":"MPPPST Prensa","Tiempo de lectura":"3 minutos"},"schema":{"@context":"https:\/\/schema.org","@graph":[{"@type":"Article","@id":"https:\/\/www.mpppst.gob.ve\/mpppstweb\/index.php\/2016\/11\/25\/gas-comunal-disenara-plan-para-elevar-la-produccion\/#article","isPartOf":{"@id":"https:\/\/www.mpppst.gob.ve\/mpppstweb\/index.php\/2016\/11\/25\/gas-comunal-disenara-plan-para-elevar-la-produccion\/"},"author":{"name":"MPPPST Prensa","@id":"https:\/\/www.mpppst.gob.ve\/mpppstweb\/#\/schema\/person\/fc187ee8ead412bd4c9304b62f900ea4"},"headline":"Gas Comunal dise\u00f1ar\u00e1 plan para elevar la producci\u00f3n","datePublished":"2016-11-25T21:37:55+00:00","dateModified":"2016-11-25T21:37:55+00:00","mainEntityOfPage":{"@id":"https:\/\/www.mpppst.gob.ve\/mpppstweb\/index.php\/2016\/11\/25\/gas-comunal-disenara-plan-para-elevar-la-produccion\/"},"wordCount":595,"publisher":{"@id":"https:\/\/www.mpppst.gob.ve\/mpppstweb\/#organization"},"image":{"@id":"https:\/\/www.mpppst.gob.ve\/mpppstweb\/index.php\/2016\/11\/25\/gas-comunal-disenara-plan-para-elevar-la-produccion\/#primaryimage"},"thumbnailUrl":"https:\/\/www.mpppst.gob.ve\/mpppstweb\/wp-content\/uploads\/2016\/11\/gas-comunal-1.jpg","keywords":["Fuerza Laboral","Gobierno Bolivariano","Justa distribuci\u00f3n de la riqueza","Participaci\u00f3n popular y protag\u00f3nica","Proceso Social"],"articleSection":["Noticias","Vida Laboral y Sindical"],"inLanguage":"es"},{"@type":"WebPage","@id":"https:\/\/www.mpppst.gob.ve\/mpppstweb\/index.php\/2016\/11\/25\/gas-comunal-disenara-plan-para-elevar-la-produccion\/","url":"https:\/\/www.mpppst.gob.ve\/mpppstweb\/index.php\/2016\/11\/25\/gas-comunal-disenara-plan-para-elevar-la-produccion\/","name":"Gas Comunal dise\u00f1ar\u00e1 plan para elevar la producci\u00f3n - MPPPST","isPartOf":{"@id":"https:\/\/www.mpppst.gob.ve\/mpppstweb\/#website"},"primaryImageOfPage":{"@id":"https:\/\/www.mpppst.gob.ve\/mpppstweb\/index.php\/2016\/11\/25\/gas-comunal-disenara-plan-para-elevar-la-produccion\/#primaryimage"},"image":{"@id":"https:\/\/www.mpppst.gob.ve\/mpppstweb\/index.php\/2016\/11\/25\/gas-comunal-disenara-plan-para-elevar-la-produccion\/#primaryimage"},"thumbnailUrl":"https:\/\/www.mpppst.gob.ve\/mpppstweb\/wp-content\/uploads\/2016\/11\/gas-comunal-1.jpg","datePublished":"2016-11-25T21:37:55+00:00","dateModified":"2016-11-25T21:37:55+00:00","breadcrumb":{"@id":"https:\/\/www.mpppst.gob.ve\/mpppstweb\/index.php\/2016\/11\/25\/gas-comunal-disenara-plan-para-elevar-la-produccion\/#breadcrumb"},"inLanguage":"es","potentialAction":[{"@type":"ReadAction","target":["https:\/\/www.mpppst.gob.ve\/mpppstweb\/index.php\/2016\/11\/25\/gas-comunal-disenara-plan-para-elevar-la-produccion\/"]}]},{"@type":"ImageObject","inLanguage":"es","@id":"https:\/\/www.mpppst.gob.ve\/mpppstweb\/index.php\/2016\/11\/25\/gas-comunal-disenara-plan-para-elevar-la-produccion\/#primaryimage","url":"https:\/\/www.mpppst.gob.ve\/mpppstweb\/wp-content\/uploads\/2016\/11\/gas-comunal-1.jpg","contentUrl":"https:\/\/www.mpppst.gob.ve\/mpppstweb\/wp-content\/uploads\/2016\/11\/gas-comunal-1.jpg","width":800,"height":445},{"@type":"BreadcrumbList","@id":"https:\/\/www.mpppst.gob.ve\/mpppstweb\/index.php\/2016\/11\/25\/gas-comunal-disenara-plan-para-elevar-la-produccion\/#breadcrumb","itemListElement":[{"@type":"ListItem","position":1,"name":"Home","item":"https:\/\/www.mpppst.gob.ve\/mpppstweb\/"},{"@type":"ListItem","position":2,"name":"Gas Comunal dise\u00f1ar\u00e1 plan para elevar la producci\u00f3n"}]},{"@type":"WebSite","@id":"https:\/\/www.mpppst.gob.ve\/mpppstweb\/#website","url":"https:\/\/www.mpppst.gob.ve\/mpppstweb\/","name":"MPPPST","description":"Ministerio del Poder Popular para el Proceso Social de Trabajo","publisher":{"@id":"https:\/\/www.mpppst.gob.ve\/mpppstweb\/#organization"},"potentialAction":[{"@type":"SearchAction","target":{"@type":"EntryPoint","urlTemplate":"https:\/\/www.mpppst.gob.ve\/mpppstweb\/?s={search_term_string}"},"query-input":"required name=search_term_string"}],"inLanguage":"es"},{"@type":"Organization","@id":"https:\/\/www.mpppst.gob.ve\/mpppstweb\/#organization","name":"mpppst","url":"https:\/\/www.mpppst.gob.ve\/mpppstweb\/","logo":{"@type":"ImageObject","inLanguage":"es","@id":"https:\/\/www.mpppst.gob.ve\/mpppstweb\/#\/schema\/logo\/image\/","url":"https:\/\/www.mpppst.gob.ve\/mpppstweb\/wp-content\/uploads\/2025\/07\/cropped-cropped-g910.png","contentUrl":"https:\/\/www.mpppst.gob.ve\/mpppstweb\/wp-content\/uploads\/2025\/07\/cropped-cropped-g910.png","width":1080,"height":241,"caption":"mpppst"},"image":{"@id":"https:\/\/www.mpppst.gob.ve\/mpppstweb\/#\/schema\/logo\/image\/"}},{"@type":"Person","@id":"https:\/\/www.mpppst.gob.ve\/mpppstweb\/#\/schema\/person\/fc187ee8ead412bd4c9304b62f900ea4","name":"MPPPST Prensa","url":"https:\/\/www.mpppst.gob.ve\/mpppstweb\/index.php\/author\/prensa-mpppst\/"}]}},"_links":{"self":[{"href":"https:\/\/www.mpppst.gob.ve\/mpppstweb\/index.php\/wp-json\/wp\/v2\/posts\/9428"}],"collection":[{"href":"https:\/\/www.mpppst.gob.ve\/mpppstweb\/index.php\/wp-json\/wp\/v2\/posts"}],"about":[{"href":"https:\/\/www.mpppst.gob.ve\/mpppstweb\/index.php\/wp-json\/wp\/v2\/types\/post"}],"author":[{"embeddable":true,"href":"https:\/\/www.mpppst.gob.ve\/mpppstweb\/index.php\/wp-json\/wp\/v2\/users\/25"}],"replies":[{"embeddable":true,"href":"https:\/\/www.mpppst.gob.ve\/mpppstweb\/index.php\/wp-json\/wp\/v2\/comments?post=9428"}],"version-history":[{"count":1,"href":"https:\/\/www.mpppst.gob.ve\/mpppstweb\/index.php\/wp-json\/wp\/v2\/posts\/9428\/revisions"}],"predecessor-version":[{"id":9430,"href":"https:\/\/www.mpppst.gob.ve\/mpppstweb\/index.php\/wp-json\/wp\/v2\/posts\/9428\/revisions\/9430"}],"wp:featuredmedia":[{"embeddable":true,"href":"https:\/\/www.mpppst.gob.ve\/mpppstweb\/index.php\/wp-json\/wp\/v2\/media\/9429"}],"wp:attachment":[{"href":"https:\/\/www.mpppst.gob.ve\/mpppstweb\/index.php\/wp-json\/wp\/v2\/media?parent=9428"}],"wp:term":[{"taxonomy":"category","embeddable":true,"href":"https:\/\/www.mpppst.gob.ve\/mpppstweb\/index.php\/wp-json\/wp\/v2\/categories?post=9428"},{"taxonomy":"post_tag","embeddable":true,"href":"https:\/\/www.mpppst.gob.ve\/mpppstweb\/index.php\/wp-json\/wp\/v2\/tags?post=9428"}],"curies":[{"name":"wp","href":"https:\/\/api.w.org\/{rel}","templated":true}]}}