{"id":9432,"date":"2016-11-27T13:40:12","date_gmt":"2016-11-27T13:40:12","guid":{"rendered":"http:\/\/www.mpppst.gob.ve\/mpppstweb\/?p=9432"},"modified":"2016-11-27T13:54:49","modified_gmt":"2016-11-27T13:54:49","slug":"lideres-mundiales-expresan-su-pesar-por-partida-fisica-de-fidel-castro","status":"publish","type":"post","link":"https:\/\/www.mpppst.gob.ve\/mpppstweb\/index.php\/2016\/11\/27\/lideres-mundiales-expresan-su-pesar-por-partida-fisica-de-fidel-castro\/","title":{"rendered":"L\u00edderes mundiales expresan su pesar por partida f\u00edsica de Fidel Castro"},"content":{"rendered":"<p>Jefes y Jefas de Estado y de Gobierno han manifestado su lamento por la p\u00e9rdida f\u00edsica, a los 90 a\u00f1os de edad, del l\u00edder de la Revoluci\u00f3n Cubana, Fidel Castro, quien falleci\u00f3 este viernes en horas de la noche en La Habana.<\/p>\n<p>Castro, quien naci\u00f3 en Bir\u00e1n, actual Holgu\u00edn, el 13 de agosto de 1926, es reconocido en el mundo por su lucha contra el imperialismo, la igualdad, por la unidad de los pa\u00edses en v\u00eda de desarrollo y por la autodeterminaci\u00f3n de los pueblos.<\/p>\n<p><strong>Am\u00e9rica Latina<\/strong><\/p>\n<p>Los primeros que manifestaron su pesar por la p\u00e9rdida f\u00edsica de Castro fueron los l\u00edderes de Am\u00e9rica Latina.<\/p>\n<p>El presidente de Venezuela, Nicol\u00e1s Maduro, expres\u00f3 su dolor ante el fallecimiento del l\u00edder cubano, y exhort\u00f3 a los revolucionarios del mundo a continuar con su legado.<\/p>\n<p>\u00abAhora nos toca a nosotros y, sobre todo a la juventud, descubrir y redescubrirse en el ejemplo de Fidel, un eterno joven, eterno so\u00f1ador, eterno rebelde que no dio un solo minuto de descanso\u00bb, expres\u00f3 en un contacto telef\u00f3nico con Telesur.<\/p>\n<p>Para el presidente de Bolivia, Evo Morales, el l\u00edder cubano es un ejemplo de lucha por su papel en la liberaci\u00f3n e integraci\u00f3n de los pueblos.<\/p>\n<p>\u00abLa inteligencia y la experiencia de Fidel fue unir a nuestro pueblo y con la unidad del pueblo vel\u00f3 por la integraci\u00f3n de los pueblos del mundo\u00bb, dijo.<\/p>\n<p>Rafael Correa, presidente de Ecuador, tambi\u00e9n se pronunci\u00f3 por el fallecimiento de Castro, por quien el Gobierno cubano decret\u00f3 nueve d\u00edas de duelo nacional. \u00abSe fue un grande. Muri\u00f3 Fidel. \u00a1Viva Cuba! \u00a1Viva Am\u00e9rica Latina!\u00bb, expres\u00f3 en su cuenta de Twitter.<\/p>\n<p>El presidente mexicano Enrique Pe\u00f1a Nieto se refiri\u00f3 del l\u00edder cubano como \u00abun amigo\u00bb del pa\u00eds, y subray\u00f3 que su naci\u00f3n y Cuba construyeron una \u00abrelaci\u00f3n basada en el respeto, el di\u00e1logo y la solidaridad\u00bb.<\/p>\n<p>En tanto, Salvador S\u00e1nchez Cer\u00e9n, presidente de El Salvador, manifest\u00f3 su pesar y solidaridad con el \u00abhermano gobierno y pueblo de Cuba\u00bb.<\/p>\n<p>\u00abFidel vivir\u00e1 siempre en los corazones de los pueblos solidarios que luchamos por la justicia, dignidad y fraternidad\u00bb.<\/p>\n<p>La presidenta de Chile, Michelle Bachelet, defini\u00f3 a Castro como \u00abun l\u00edder por la dignidad y la justicia social\u00bb.<\/p>\n<p>\u00abMis condolencias al Presidente Ra\u00fal Castro por la muerte de Fidel, un l\u00edder por la dignidad y la justicia social en Cuba y Am\u00e9rica Latina\u00bb, escribi\u00f3 en su cuenta en Twitter.<\/p>\n<p>Otro que lament\u00f3 la muerte de Castro fue el presidente de Uruguay, Tabar\u00e9 V\u00e1squez: \u00abTransmito mis condolencias al gobierno, a la familia de Fidel Castro Ruiz y a todo el pueblo cubano ante este triste acontecimiento\u00bb.<\/p>\n<p><strong>Otras latitudes<\/strong><\/p>\n<p>El presidente de Francia, Francois Hollande, resalt\u00f3 que Castro fue capaz de \u00abrepresentar el orgullo de los cubanos en su rechazo a la dominaci\u00f3n extranjera\u00bb.<\/p>\n<p>\u00abCastro fue el recept\u00e1culo de la Revoluci\u00f3n Cubana (&#8230;) Fue una figura del siglo XXI\u00bb, dijo Hollande en un comunicado oficial.<\/p>\n<p>El presidente ruso, Vladimir Putin, tambi\u00e9n lament\u00f3 el deceso de Castro, a quien consider\u00f3 \u00abun amigo sincero en el que Rusia pod\u00eda confiar\u00bb.<\/p>\n<p>\u00abLa Cuba libre e independiente que construyeron \u00e9l y sus compa\u00f1eros se convirti\u00f3 en un miembro influyente de la comunidad internacional y ha servido de ejemplo inspirador para muchos pa\u00edses y pueblos\u00bb, dijo a trav\u00e9s de un telegrama.<\/p>\n<p>China, a trav\u00e9s del secretario general del Partido Comunista, lament\u00f3 la p\u00e9rdida de \u00abun camarada bueno y sincero\u00bb. \u00abEl pueblo chino perdi\u00f3 a un camarada bueno y sincero. El camarada Castro vivir\u00e1 eternamente\u00bb.<\/p>\n<p>Mariano Rajoy, presidente de Espa\u00f1a, envi\u00f3 un mensaje de condolencias al pueblo cubano, y se refiri\u00f3 a Castro como \u00abuna figura de calado hist\u00f3rico\u00bb.<\/p>\n<p>Otros l\u00edderes mundiales como Mahmud Abbas, presidente de Palestina, tambi\u00e9n se pronunci\u00f3 por la muerte de Fidel Castro: \u00abFue un hombre dedicado a la defensa de su tierra y su gente (&#8230;) la verdad y la justicia\u00bb, dijo.<\/p>\n<p>Ir\u00e1n, a trav\u00e9s del canciller Mohammad Javad Zarif, trasmiti\u00f3 sus condolencias y record\u00f3 al l\u00edder de la isla como \u00abuna figura prominente en la lucha contra el colonialismo y la explotaci\u00f3n\u00bb.<\/p>\n<p>Jacob Zuma, presidente de Sur\u00e1frica, expres\u00f3 su dolor y manifest\u00f3 que su pueblo nunca olvidar\u00e1 la solidaridad de Cuba en la etapa de lucha contra el apartheid.<\/p>\n<p>En tanto el presidente de Namibia, Hage Geingob, manifest\u00f3 su pesar y consider\u00f3 que el deceso de Castro constituye \u00abel fin de una era\u00bb. \u00abNuestro camarada ya no estar\u00e1 entre nosotros, pero su legado revolucionario permanecer\u00e1 en Namibia por siempre\u00bb, sostuvo.<\/p>\n<p>\u00abFidel fortaleci\u00f3 a su pa\u00eds durante el bloqueo norteamericano m\u00e1s severo, cuando hubo una presi\u00f3n colosal sobre \u00e9l y sac\u00f3 a su pa\u00eds hacia un camino de desarrollo independiente\u00bb, dijo por su parte Mija\u00edl Gorbachov, expresidente de la Uni\u00f3n Sovi\u00e9tica.<\/p>\n<p>El Papa Francisco consider\u00f3 \u00abtriste\u00bb la noticia del fallecimiento de Castro y ofreci\u00f3 una plegar\u00eda por el l\u00edder cubano.<\/p>\n<p>\u00abOfrezco plegarias al Se\u00f1or por su descanso y conf\u00edo a todo el pueblo cubano a la materna intercesi\u00f3n de nuestra Se\u00f1ora de la Caridad del Cobre, patrona de ese pa\u00eds\u00bb, expres\u00f3.<\/p>\n","protected":false},"excerpt":{"rendered":"<p>Jefes y Jefas de Estado y de Gobierno han manifestado su lamento por la p\u00e9rdida f\u00edsica, &hellip; <a title=\"L\u00edderes mundiales expresan su pesar por partida f\u00edsica de Fidel Castro\" class=\"hm-read-more\" href=\"https:\/\/www.mpppst.gob.ve\/mpppstweb\/index.php\/2016\/11\/27\/lideres-mundiales-expresan-su-pesar-por-partida-fisica-de-fidel-castro\/\"><span class=\"screen-reader-text\">L\u00edderes mundiales expresan su pesar por partida f\u00edsica de Fidel Castro<\/span>Read more<\/a><\/p>\n","protected":false},"author":25,"featured_media":9433,"comment_status":"closed","ping_status":"closed","sticky":false,"template":"","format":"standard","meta":{"footnotes":""},"categories":[167,82,8],"tags":[245],"yoast_head":"<!-- This site is optimized with the Yoast SEO plugin v22.5 - https:\/\/yoast.com\/wordpress\/plugins\/seo\/ -->\n<title>L\u00edderes mundiales expresan su pesar por partida f\u00edsica de Fidel Castro - MPPPST<\/title>\n<meta name=\"robots\" content=\"index, follow, max-snippet:-1, max-image-preview:large, max-video-preview:-1\" \/>\n<link rel=\"canonical\" href=\"https:\/\/www.mpppst.gob.ve\/mpppstweb\/index.php\/2016\/11\/27\/lideres-mundiales-expresan-su-pesar-por-partida-fisica-de-fidel-castro\/\" \/>\n<meta property=\"og:locale\" content=\"es_ES\" \/>\n<meta property=\"og:type\" content=\"article\" \/>\n<meta property=\"og:title\" content=\"L\u00edderes mundiales expresan su pesar por partida f\u00edsica de Fidel Castro - MPPPST\" \/>\n<meta property=\"og:description\" content=\"Jefes y Jefas de Estado y de Gobierno han manifestado su lamento por la p\u00e9rdida f\u00edsica, &hellip; L\u00edderes mundiales expresan su pesar por partida f\u00edsica de Fidel CastroRead more\" \/>\n<meta property=\"og:url\" content=\"https:\/\/www.mpppst.gob.ve\/mpppstweb\/index.php\/2016\/11\/27\/lideres-mundiales-expresan-su-pesar-por-partida-fisica-de-fidel-castro\/\" \/>\n<meta property=\"og:site_name\" content=\"MPPPST\" \/>\n<meta property=\"article:published_time\" content=\"2016-11-27T13:40:12+00:00\" \/>\n<meta property=\"article:modified_time\" content=\"2016-11-27T13:54:49+00:00\" \/>\n<meta property=\"og:image\" content=\"https:\/\/www.mpppst.gob.ve\/mpppstweb\/wp-content\/uploads\/2016\/11\/fidelguerrillerodeltiempo.jpg\" \/>\n\t<meta property=\"og:image:width\" content=\"640\" \/>\n\t<meta property=\"og:image:height\" content=\"354\" \/>\n\t<meta property=\"og:image:type\" content=\"image\/jpeg\" \/>\n<meta name=\"author\" content=\"MPPPST Prensa\" \/>\n<meta name=\"twitter:card\" content=\"summary_large_image\" \/>\n<meta name=\"twitter:label1\" content=\"Escrito por\" \/>\n\t<meta name=\"twitter:data1\" content=\"MPPPST Prensa\" \/>\n\t<meta name=\"twitter:label2\" content=\"Tiempo de lectura\" \/>\n\t<meta name=\"twitter:data2\" content=\"4 minutos\" \/>\n<script type=\"application\/ld+json\" class=\"yoast-schema-graph\">{\"@context\":\"https:\/\/schema.org\",\"@graph\":[{\"@type\":\"Article\",\"@id\":\"https:\/\/www.mpppst.gob.ve\/mpppstweb\/index.php\/2016\/11\/27\/lideres-mundiales-expresan-su-pesar-por-partida-fisica-de-fidel-castro\/#article\",\"isPartOf\":{\"@id\":\"https:\/\/www.mpppst.gob.ve\/mpppstweb\/index.php\/2016\/11\/27\/lideres-mundiales-expresan-su-pesar-por-partida-fisica-de-fidel-castro\/\"},\"author\":{\"name\":\"MPPPST Prensa\",\"@id\":\"https:\/\/www.mpppst.gob.ve\/mpppstweb\/#\/schema\/person\/fc187ee8ead412bd4c9304b62f900ea4\"},\"headline\":\"L\u00edderes mundiales expresan su pesar por partida f\u00edsica de Fidel Castro\",\"datePublished\":\"2016-11-27T13:40:12+00:00\",\"dateModified\":\"2016-11-27T13:54:49+00:00\",\"mainEntityOfPage\":{\"@id\":\"https:\/\/www.mpppst.gob.ve\/mpppstweb\/index.php\/2016\/11\/27\/lideres-mundiales-expresan-su-pesar-por-partida-fisica-de-fidel-castro\/\"},\"wordCount\":902,\"publisher\":{\"@id\":\"https:\/\/www.mpppst.gob.ve\/mpppstweb\/#organization\"},\"image\":{\"@id\":\"https:\/\/www.mpppst.gob.ve\/mpppstweb\/index.php\/2016\/11\/27\/lideres-mundiales-expresan-su-pesar-por-partida-fisica-de-fidel-castro\/#primaryimage\"},\"thumbnailUrl\":\"https:\/\/www.mpppst.gob.ve\/mpppstweb\/wp-content\/uploads\/2016\/11\/fidelguerrillerodeltiempo.jpg\",\"keywords\":[\"internacionales\"],\"articleSection\":[\"Defensa Integral\",\"Gobierno Nacional\",\"Internacionales\"],\"inLanguage\":\"es\"},{\"@type\":\"WebPage\",\"@id\":\"https:\/\/www.mpppst.gob.ve\/mpppstweb\/index.php\/2016\/11\/27\/lideres-mundiales-expresan-su-pesar-por-partida-fisica-de-fidel-castro\/\",\"url\":\"https:\/\/www.mpppst.gob.ve\/mpppstweb\/index.php\/2016\/11\/27\/lideres-mundiales-expresan-su-pesar-por-partida-fisica-de-fidel-castro\/\",\"name\":\"L\u00edderes mundiales expresan su pesar por partida f\u00edsica de Fidel Castro - MPPPST\",\"isPartOf\":{\"@id\":\"https:\/\/www.mpppst.gob.ve\/mpppstweb\/#website\"},\"primaryImageOfPage\":{\"@id\":\"https:\/\/www.mpppst.gob.ve\/mpppstweb\/index.php\/2016\/11\/27\/lideres-mundiales-expresan-su-pesar-por-partida-fisica-de-fidel-castro\/#primaryimage\"},\"image\":{\"@id\":\"https:\/\/www.mpppst.gob.ve\/mpppstweb\/index.php\/2016\/11\/27\/lideres-mundiales-expresan-su-pesar-por-partida-fisica-de-fidel-castro\/#primaryimage\"},\"thumbnailUrl\":\"https:\/\/www.mpppst.gob.ve\/mpppstweb\/wp-content\/uploads\/2016\/11\/fidelguerrillerodeltiempo.jpg\",\"datePublished\":\"2016-11-27T13:40:12+00:00\",\"dateModified\":\"2016-11-27T13:54:49+00:00\",\"breadcrumb\":{\"@id\":\"https:\/\/www.mpppst.gob.ve\/mpppstweb\/index.php\/2016\/11\/27\/lideres-mundiales-expresan-su-pesar-por-partida-fisica-de-fidel-castro\/#breadcrumb\"},\"inLanguage\":\"es\",\"potentialAction\":[{\"@type\":\"ReadAction\",\"target\":[\"https:\/\/www.mpppst.gob.ve\/mpppstweb\/index.php\/2016\/11\/27\/lideres-mundiales-expresan-su-pesar-por-partida-fisica-de-fidel-castro\/\"]}]},{\"@type\":\"ImageObject\",\"inLanguage\":\"es\",\"@id\":\"https:\/\/www.mpppst.gob.ve\/mpppstweb\/index.php\/2016\/11\/27\/lideres-mundiales-expresan-su-pesar-por-partida-fisica-de-fidel-castro\/#primaryimage\",\"url\":\"https:\/\/www.mpppst.gob.ve\/mpppstweb\/wp-content\/uploads\/2016\/11\/fidelguerrillerodeltiempo.jpg\",\"contentUrl\":\"https:\/\/www.mpppst.gob.ve\/mpppstweb\/wp-content\/uploads\/2016\/11\/fidelguerrillerodeltiempo.jpg\",\"width\":640,\"height\":354},{\"@type\":\"BreadcrumbList\",\"@id\":\"https:\/\/www.mpppst.gob.ve\/mpppstweb\/index.php\/2016\/11\/27\/lideres-mundiales-expresan-su-pesar-por-partida-fisica-de-fidel-castro\/#breadcrumb\",\"itemListElement\":[{\"@type\":\"ListItem\",\"position\":1,\"name\":\"Home\",\"item\":\"https:\/\/www.mpppst.gob.ve\/mpppstweb\/\"},{\"@type\":\"ListItem\",\"position\":2,\"name\":\"L\u00edderes mundiales expresan su pesar por partida f\u00edsica de Fidel Castro\"}]},{\"@type\":\"WebSite\",\"@id\":\"https:\/\/www.mpppst.gob.ve\/mpppstweb\/#website\",\"url\":\"https:\/\/www.mpppst.gob.ve\/mpppstweb\/\",\"name\":\"MPPPST\",\"description\":\"Ministerio del Poder Popular para el Proceso Social de Trabajo\",\"publisher\":{\"@id\":\"https:\/\/www.mpppst.gob.ve\/mpppstweb\/#organization\"},\"potentialAction\":[{\"@type\":\"SearchAction\",\"target\":{\"@type\":\"EntryPoint\",\"urlTemplate\":\"https:\/\/www.mpppst.gob.ve\/mpppstweb\/?s={search_term_string}\"},\"query-input\":\"required name=search_term_string\"}],\"inLanguage\":\"es\"},{\"@type\":\"Organization\",\"@id\":\"https:\/\/www.mpppst.gob.ve\/mpppstweb\/#organization\",\"name\":\"mpppst\",\"url\":\"https:\/\/www.mpppst.gob.ve\/mpppstweb\/\",\"logo\":{\"@type\":\"ImageObject\",\"inLanguage\":\"es\",\"@id\":\"https:\/\/www.mpppst.gob.ve\/mpppstweb\/#\/schema\/logo\/image\/\",\"url\":\"https:\/\/www.mpppst.gob.ve\/mpppstweb\/wp-content\/uploads\/2025\/07\/cropped-cropped-g910.png\",\"contentUrl\":\"https:\/\/www.mpppst.gob.ve\/mpppstweb\/wp-content\/uploads\/2025\/07\/cropped-cropped-g910.png\",\"width\":1080,\"height\":241,\"caption\":\"mpppst\"},\"image\":{\"@id\":\"https:\/\/www.mpppst.gob.ve\/mpppstweb\/#\/schema\/logo\/image\/\"}},{\"@type\":\"Person\",\"@id\":\"https:\/\/www.mpppst.gob.ve\/mpppstweb\/#\/schema\/person\/fc187ee8ead412bd4c9304b62f900ea4\",\"name\":\"MPPPST Prensa\",\"url\":\"https:\/\/www.mpppst.gob.ve\/mpppstweb\/index.php\/author\/prensa-mpppst\/\"}]}<\/script>\n<!-- \/ Yoast SEO plugin. -->","yoast_head_json":{"title":"L\u00edderes mundiales expresan su pesar por partida f\u00edsica de Fidel Castro - MPPPST","robots":{"index":"index","follow":"follow","max-snippet":"max-snippet:-1","max-image-preview":"max-image-preview:large","max-video-preview":"max-video-preview:-1"},"canonical":"https:\/\/www.mpppst.gob.ve\/mpppstweb\/index.php\/2016\/11\/27\/lideres-mundiales-expresan-su-pesar-por-partida-fisica-de-fidel-castro\/","og_locale":"es_ES","og_type":"article","og_title":"L\u00edderes mundiales expresan su pesar por partida f\u00edsica de Fidel Castro - MPPPST","og_description":"Jefes y Jefas de Estado y de Gobierno han manifestado su lamento por la p\u00e9rdida f\u00edsica, &hellip; L\u00edderes mundiales expresan su pesar por partida f\u00edsica de Fidel CastroRead more","og_url":"https:\/\/www.mpppst.gob.ve\/mpppstweb\/index.php\/2016\/11\/27\/lideres-mundiales-expresan-su-pesar-por-partida-fisica-de-fidel-castro\/","og_site_name":"MPPPST","article_published_time":"2016-11-27T13:40:12+00:00","article_modified_time":"2016-11-27T13:54:49+00:00","og_image":[{"width":640,"height":354,"url":"https:\/\/www.mpppst.gob.ve\/mpppstweb\/wp-content\/uploads\/2016\/11\/fidelguerrillerodeltiempo.jpg","type":"image\/jpeg"}],"author":"MPPPST Prensa","twitter_card":"summary_large_image","twitter_misc":{"Escrito por":"MPPPST Prensa","Tiempo de lectura":"4 minutos"},"schema":{"@context":"https:\/\/schema.org","@graph":[{"@type":"Article","@id":"https:\/\/www.mpppst.gob.ve\/mpppstweb\/index.php\/2016\/11\/27\/lideres-mundiales-expresan-su-pesar-por-partida-fisica-de-fidel-castro\/#article","isPartOf":{"@id":"https:\/\/www.mpppst.gob.ve\/mpppstweb\/index.php\/2016\/11\/27\/lideres-mundiales-expresan-su-pesar-por-partida-fisica-de-fidel-castro\/"},"author":{"name":"MPPPST Prensa","@id":"https:\/\/www.mpppst.gob.ve\/mpppstweb\/#\/schema\/person\/fc187ee8ead412bd4c9304b62f900ea4"},"headline":"L\u00edderes mundiales expresan su pesar por partida f\u00edsica de Fidel Castro","datePublished":"2016-11-27T13:40:12+00:00","dateModified":"2016-11-27T13:54:49+00:00","mainEntityOfPage":{"@id":"https:\/\/www.mpppst.gob.ve\/mpppstweb\/index.php\/2016\/11\/27\/lideres-mundiales-expresan-su-pesar-por-partida-fisica-de-fidel-castro\/"},"wordCount":902,"publisher":{"@id":"https:\/\/www.mpppst.gob.ve\/mpppstweb\/#organization"},"image":{"@id":"https:\/\/www.mpppst.gob.ve\/mpppstweb\/index.php\/2016\/11\/27\/lideres-mundiales-expresan-su-pesar-por-partida-fisica-de-fidel-castro\/#primaryimage"},"thumbnailUrl":"https:\/\/www.mpppst.gob.ve\/mpppstweb\/wp-content\/uploads\/2016\/11\/fidelguerrillerodeltiempo.jpg","keywords":["internacionales"],"articleSection":["Defensa Integral","Gobierno Nacional","Internacionales"],"inLanguage":"es"},{"@type":"WebPage","@id":"https:\/\/www.mpppst.gob.ve\/mpppstweb\/index.php\/2016\/11\/27\/lideres-mundiales-expresan-su-pesar-por-partida-fisica-de-fidel-castro\/","url":"https:\/\/www.mpppst.gob.ve\/mpppstweb\/index.php\/2016\/11\/27\/lideres-mundiales-expresan-su-pesar-por-partida-fisica-de-fidel-castro\/","name":"L\u00edderes mundiales expresan su pesar por partida f\u00edsica de Fidel Castro - MPPPST","isPartOf":{"@id":"https:\/\/www.mpppst.gob.ve\/mpppstweb\/#website"},"primaryImageOfPage":{"@id":"https:\/\/www.mpppst.gob.ve\/mpppstweb\/index.php\/2016\/11\/27\/lideres-mundiales-expresan-su-pesar-por-partida-fisica-de-fidel-castro\/#primaryimage"},"image":{"@id":"https:\/\/www.mpppst.gob.ve\/mpppstweb\/index.php\/2016\/11\/27\/lideres-mundiales-expresan-su-pesar-por-partida-fisica-de-fidel-castro\/#primaryimage"},"thumbnailUrl":"https:\/\/www.mpppst.gob.ve\/mpppstweb\/wp-content\/uploads\/2016\/11\/fidelguerrillerodeltiempo.jpg","datePublished":"2016-11-27T13:40:12+00:00","dateModified":"2016-11-27T13:54:49+00:00","breadcrumb":{"@id":"https:\/\/www.mpppst.gob.ve\/mpppstweb\/index.php\/2016\/11\/27\/lideres-mundiales-expresan-su-pesar-por-partida-fisica-de-fidel-castro\/#breadcrumb"},"inLanguage":"es","potentialAction":[{"@type":"ReadAction","target":["https:\/\/www.mpppst.gob.ve\/mpppstweb\/index.php\/2016\/11\/27\/lideres-mundiales-expresan-su-pesar-por-partida-fisica-de-fidel-castro\/"]}]},{"@type":"ImageObject","inLanguage":"es","@id":"https:\/\/www.mpppst.gob.ve\/mpppstweb\/index.php\/2016\/11\/27\/lideres-mundiales-expresan-su-pesar-por-partida-fisica-de-fidel-castro\/#primaryimage","url":"https:\/\/www.mpppst.gob.ve\/mpppstweb\/wp-content\/uploads\/2016\/11\/fidelguerrillerodeltiempo.jpg","contentUrl":"https:\/\/www.mpppst.gob.ve\/mpppstweb\/wp-content\/uploads\/2016\/11\/fidelguerrillerodeltiempo.jpg","width":640,"height":354},{"@type":"BreadcrumbList","@id":"https:\/\/www.mpppst.gob.ve\/mpppstweb\/index.php\/2016\/11\/27\/lideres-mundiales-expresan-su-pesar-por-partida-fisica-de-fidel-castro\/#breadcrumb","itemListElement":[{"@type":"ListItem","position":1,"name":"Home","item":"https:\/\/www.mpppst.gob.ve\/mpppstweb\/"},{"@type":"ListItem","position":2,"name":"L\u00edderes mundiales expresan su pesar por partida f\u00edsica de Fidel Castro"}]},{"@type":"WebSite","@id":"https:\/\/www.mpppst.gob.ve\/mpppstweb\/#website","url":"https:\/\/www.mpppst.gob.ve\/mpppstweb\/","name":"MPPPST","description":"Ministerio del Poder Popular para el Proceso Social de Trabajo","publisher":{"@id":"https:\/\/www.mpppst.gob.ve\/mpppstweb\/#organization"},"potentialAction":[{"@type":"SearchAction","target":{"@type":"EntryPoint","urlTemplate":"https:\/\/www.mpppst.gob.ve\/mpppstweb\/?s={search_term_string}"},"query-input":"required name=search_term_string"}],"inLanguage":"es"},{"@type":"Organization","@id":"https:\/\/www.mpppst.gob.ve\/mpppstweb\/#organization","name":"mpppst","url":"https:\/\/www.mpppst.gob.ve\/mpppstweb\/","logo":{"@type":"ImageObject","inLanguage":"es","@id":"https:\/\/www.mpppst.gob.ve\/mpppstweb\/#\/schema\/logo\/image\/","url":"https:\/\/www.mpppst.gob.ve\/mpppstweb\/wp-content\/uploads\/2025\/07\/cropped-cropped-g910.png","contentUrl":"https:\/\/www.mpppst.gob.ve\/mpppstweb\/wp-content\/uploads\/2025\/07\/cropped-cropped-g910.png","width":1080,"height":241,"caption":"mpppst"},"image":{"@id":"https:\/\/www.mpppst.gob.ve\/mpppstweb\/#\/schema\/logo\/image\/"}},{"@type":"Person","@id":"https:\/\/www.mpppst.gob.ve\/mpppstweb\/#\/schema\/person\/fc187ee8ead412bd4c9304b62f900ea4","name":"MPPPST Prensa","url":"https:\/\/www.mpppst.gob.ve\/mpppstweb\/index.php\/author\/prensa-mpppst\/"}]}},"_links":{"self":[{"href":"https:\/\/www.mpppst.gob.ve\/mpppstweb\/index.php\/wp-json\/wp\/v2\/posts\/9432"}],"collection":[{"href":"https:\/\/www.mpppst.gob.ve\/mpppstweb\/index.php\/wp-json\/wp\/v2\/posts"}],"about":[{"href":"https:\/\/www.mpppst.gob.ve\/mpppstweb\/index.php\/wp-json\/wp\/v2\/types\/post"}],"author":[{"embeddable":true,"href":"https:\/\/www.mpppst.gob.ve\/mpppstweb\/index.php\/wp-json\/wp\/v2\/users\/25"}],"replies":[{"embeddable":true,"href":"https:\/\/www.mpppst.gob.ve\/mpppstweb\/index.php\/wp-json\/wp\/v2\/comments?post=9432"}],"version-history":[{"count":1,"href":"https:\/\/www.mpppst.gob.ve\/mpppstweb\/index.php\/wp-json\/wp\/v2\/posts\/9432\/revisions"}],"predecessor-version":[{"id":9434,"href":"https:\/\/www.mpppst.gob.ve\/mpppstweb\/index.php\/wp-json\/wp\/v2\/posts\/9432\/revisions\/9434"}],"wp:featuredmedia":[{"embeddable":true,"href":"https:\/\/www.mpppst.gob.ve\/mpppstweb\/index.php\/wp-json\/wp\/v2\/media\/9433"}],"wp:attachment":[{"href":"https:\/\/www.mpppst.gob.ve\/mpppstweb\/index.php\/wp-json\/wp\/v2\/media?parent=9432"}],"wp:term":[{"taxonomy":"category","embeddable":true,"href":"https:\/\/www.mpppst.gob.ve\/mpppstweb\/index.php\/wp-json\/wp\/v2\/categories?post=9432"},{"taxonomy":"post_tag","embeddable":true,"href":"https:\/\/www.mpppst.gob.ve\/mpppstweb\/index.php\/wp-json\/wp\/v2\/tags?post=9432"}],"curies":[{"name":"wp","href":"https:\/\/api.w.org\/{rel}","templated":true}]}}