{"id":9447,"date":"2016-11-28T15:28:55","date_gmt":"2016-11-28T15:28:55","guid":{"rendered":"http:\/\/www.mpppst.gob.ve\/mpppstweb\/?p=9447"},"modified":"2016-11-28T15:28:55","modified_gmt":"2016-11-28T15:28:55","slug":"embajador-rogelio-polanco-llama-a-continuar-lucha-revolucionaria-en-homenaje-a-fidel","status":"publish","type":"post","link":"https:\/\/www.mpppst.gob.ve\/mpppstweb\/index.php\/2016\/11\/28\/embajador-rogelio-polanco-llama-a-continuar-lucha-revolucionaria-en-homenaje-a-fidel\/","title":{"rendered":"Embajador Rogelio Polanco llama a continuar lucha revolucionaria en homenaje a Fidel"},"content":{"rendered":"<p>Prensa MPPPST, con informaci\u00f3n de RNV<\/p>\n<p>\u201cEl mejor homenaje que podemos brindar a Fidel Castro desde Venezuela es continuar la lucha por la que ofrend\u00f3 su vida y dedic\u00f3 todas sus energ\u00edas\u201d, as\u00ed lo expres\u00f3 el embajador de Cuba en Venezuela, Rogelio Polando, en el homenaje p\u00f3stumo que se rinde al l\u00edder hist\u00f3rico de la Revoluci\u00f3n Cubana en la ciudad de Caracas.<\/p>\n<p>Polanco agradeci\u00f3 al pueblo y al Gobierno venezolano por mantener vivos los ideales de \u201cjusticia, humanidad, revoluci\u00f3n, antiimperialismo y socialismo\u201d, que enarbol\u00f3 el comandante cubano durante toda su vida, por lo que asegur\u00f3 que ha comenzado el viaje hacia la inmortalidad de su pensamiento.<\/p>\n<p>Record\u00f3 la lucha de Fidel Castro por el cese de la explotaci\u00f3n del hombre, la ignominia y el despojo de los pueblos. \u201cHizo una revoluci\u00f3n invencible e inspir\u00f3 a millones de seres humanos en toda la tierra para que pudieran enfrentarse a todas las adversidades; no hay adversidad o enemigos que pueda cuando la convicci\u00f3n de las ideas se mantiene firme.\u201d<\/p>\n<p>Durante el acto, que se realiz\u00f3 en la sede de la Embajada cubana, se abri\u00f3 al p\u00fablico el libro de condolencias abierto hasta el domingo hasta las 6 de la tarde en la Calle Roraima y Rio de Janeiro, a 200 metros modulo policial Chuao.<\/p>\n<p>Jefes y Jefas de Estado y de Gobierno han manifestado su lamento por la p\u00e9rdida f\u00edsica, a los 90 a\u00f1os de edad, del l\u00edder de la Revoluci\u00f3n Cubana, Fidel Castro, qui\u00e9n es reconocido en el mundo por su lucha contra el imperialismo, la igualdad, por la unidad de los pa\u00edses en v\u00eda de desarrollo y por la autodeterminaci\u00f3n de los pueblos.<\/p>\n","protected":false},"excerpt":{"rendered":"<p>Prensa MPPPST, con informaci\u00f3n de RNV \u201cEl mejor homenaje que podemos brindar a Fidel Castro desde &hellip; <a title=\"Embajador Rogelio Polanco llama a continuar lucha revolucionaria en homenaje a Fidel\" class=\"hm-read-more\" href=\"https:\/\/www.mpppst.gob.ve\/mpppstweb\/index.php\/2016\/11\/28\/embajador-rogelio-polanco-llama-a-continuar-lucha-revolucionaria-en-homenaje-a-fidel\/\"><span class=\"screen-reader-text\">Embajador Rogelio Polanco llama a continuar lucha revolucionaria en homenaje a Fidel<\/span>Read more<\/a><\/p>\n","protected":false},"author":25,"featured_media":9448,"comment_status":"closed","ping_status":"closed","sticky":false,"template":"","format":"standard","meta":{"footnotes":""},"categories":[82,8,163],"tags":[222,245],"yoast_head":"<!-- This site is optimized with the Yoast SEO plugin v22.5 - https:\/\/yoast.com\/wordpress\/plugins\/seo\/ -->\n<title>Embajador Rogelio Polanco llama a continuar lucha revolucionaria en homenaje a Fidel - MPPPST<\/title>\n<meta name=\"robots\" content=\"index, follow, max-snippet:-1, max-image-preview:large, max-video-preview:-1\" \/>\n<link rel=\"canonical\" href=\"https:\/\/www.mpppst.gob.ve\/mpppstweb\/index.php\/2016\/11\/28\/embajador-rogelio-polanco-llama-a-continuar-lucha-revolucionaria-en-homenaje-a-fidel\/\" \/>\n<meta property=\"og:locale\" content=\"es_ES\" \/>\n<meta property=\"og:type\" content=\"article\" \/>\n<meta property=\"og:title\" content=\"Embajador Rogelio Polanco llama a continuar lucha revolucionaria en homenaje a Fidel - MPPPST\" \/>\n<meta property=\"og:description\" content=\"Prensa MPPPST, con informaci\u00f3n de RNV \u201cEl mejor homenaje que podemos brindar a Fidel Castro desde &hellip; Embajador Rogelio Polanco llama a continuar lucha revolucionaria en homenaje a FidelRead more\" \/>\n<meta property=\"og:url\" content=\"https:\/\/www.mpppst.gob.ve\/mpppstweb\/index.php\/2016\/11\/28\/embajador-rogelio-polanco-llama-a-continuar-lucha-revolucionaria-en-homenaje-a-fidel\/\" \/>\n<meta property=\"og:site_name\" content=\"MPPPST\" \/>\n<meta property=\"article:published_time\" content=\"2016-11-28T15:28:55+00:00\" \/>\n<meta property=\"og:image\" content=\"https:\/\/www.mpppst.gob.ve\/mpppstweb\/wp-content\/uploads\/2016\/11\/IMG-20161128-WA0005.jpg\" \/>\n\t<meta property=\"og:image:width\" content=\"800\" \/>\n\t<meta property=\"og:image:height\" content=\"445\" \/>\n\t<meta property=\"og:image:type\" content=\"image\/jpeg\" \/>\n<meta name=\"author\" content=\"MPPPST Prensa\" \/>\n<meta name=\"twitter:card\" content=\"summary_large_image\" \/>\n<meta name=\"twitter:label1\" content=\"Escrito por\" \/>\n\t<meta name=\"twitter:data1\" content=\"MPPPST Prensa\" \/>\n\t<meta name=\"twitter:label2\" content=\"Tiempo de lectura\" \/>\n\t<meta name=\"twitter:data2\" content=\"1 minuto\" \/>\n<script type=\"application\/ld+json\" class=\"yoast-schema-graph\">{\"@context\":\"https:\/\/schema.org\",\"@graph\":[{\"@type\":\"Article\",\"@id\":\"https:\/\/www.mpppst.gob.ve\/mpppstweb\/index.php\/2016\/11\/28\/embajador-rogelio-polanco-llama-a-continuar-lucha-revolucionaria-en-homenaje-a-fidel\/#article\",\"isPartOf\":{\"@id\":\"https:\/\/www.mpppst.gob.ve\/mpppstweb\/index.php\/2016\/11\/28\/embajador-rogelio-polanco-llama-a-continuar-lucha-revolucionaria-en-homenaje-a-fidel\/\"},\"author\":{\"name\":\"MPPPST Prensa\",\"@id\":\"https:\/\/www.mpppst.gob.ve\/mpppstweb\/#\/schema\/person\/fc187ee8ead412bd4c9304b62f900ea4\"},\"headline\":\"Embajador Rogelio Polanco llama a continuar lucha revolucionaria en homenaje a Fidel\",\"datePublished\":\"2016-11-28T15:28:55+00:00\",\"dateModified\":\"2016-11-28T15:28:55+00:00\",\"mainEntityOfPage\":{\"@id\":\"https:\/\/www.mpppst.gob.ve\/mpppstweb\/index.php\/2016\/11\/28\/embajador-rogelio-polanco-llama-a-continuar-lucha-revolucionaria-en-homenaje-a-fidel\/\"},\"wordCount\":302,\"publisher\":{\"@id\":\"https:\/\/www.mpppst.gob.ve\/mpppstweb\/#organization\"},\"image\":{\"@id\":\"https:\/\/www.mpppst.gob.ve\/mpppstweb\/index.php\/2016\/11\/28\/embajador-rogelio-polanco-llama-a-continuar-lucha-revolucionaria-en-homenaje-a-fidel\/#primaryimage\"},\"thumbnailUrl\":\"https:\/\/www.mpppst.gob.ve\/mpppstweb\/wp-content\/uploads\/2016\/11\/IMG-20161128-WA0005.jpg\",\"keywords\":[\"Gobierno Bolivariano\",\"internacionales\"],\"articleSection\":[\"Gobierno Nacional\",\"Internacionales\",\"Noticias\"],\"inLanguage\":\"es\"},{\"@type\":\"WebPage\",\"@id\":\"https:\/\/www.mpppst.gob.ve\/mpppstweb\/index.php\/2016\/11\/28\/embajador-rogelio-polanco-llama-a-continuar-lucha-revolucionaria-en-homenaje-a-fidel\/\",\"url\":\"https:\/\/www.mpppst.gob.ve\/mpppstweb\/index.php\/2016\/11\/28\/embajador-rogelio-polanco-llama-a-continuar-lucha-revolucionaria-en-homenaje-a-fidel\/\",\"name\":\"Embajador Rogelio Polanco llama a continuar lucha revolucionaria en homenaje a Fidel - MPPPST\",\"isPartOf\":{\"@id\":\"https:\/\/www.mpppst.gob.ve\/mpppstweb\/#website\"},\"primaryImageOfPage\":{\"@id\":\"https:\/\/www.mpppst.gob.ve\/mpppstweb\/index.php\/2016\/11\/28\/embajador-rogelio-polanco-llama-a-continuar-lucha-revolucionaria-en-homenaje-a-fidel\/#primaryimage\"},\"image\":{\"@id\":\"https:\/\/www.mpppst.gob.ve\/mpppstweb\/index.php\/2016\/11\/28\/embajador-rogelio-polanco-llama-a-continuar-lucha-revolucionaria-en-homenaje-a-fidel\/#primaryimage\"},\"thumbnailUrl\":\"https:\/\/www.mpppst.gob.ve\/mpppstweb\/wp-content\/uploads\/2016\/11\/IMG-20161128-WA0005.jpg\",\"datePublished\":\"2016-11-28T15:28:55+00:00\",\"dateModified\":\"2016-11-28T15:28:55+00:00\",\"breadcrumb\":{\"@id\":\"https:\/\/www.mpppst.gob.ve\/mpppstweb\/index.php\/2016\/11\/28\/embajador-rogelio-polanco-llama-a-continuar-lucha-revolucionaria-en-homenaje-a-fidel\/#breadcrumb\"},\"inLanguage\":\"es\",\"potentialAction\":[{\"@type\":\"ReadAction\",\"target\":[\"https:\/\/www.mpppst.gob.ve\/mpppstweb\/index.php\/2016\/11\/28\/embajador-rogelio-polanco-llama-a-continuar-lucha-revolucionaria-en-homenaje-a-fidel\/\"]}]},{\"@type\":\"ImageObject\",\"inLanguage\":\"es\",\"@id\":\"https:\/\/www.mpppst.gob.ve\/mpppstweb\/index.php\/2016\/11\/28\/embajador-rogelio-polanco-llama-a-continuar-lucha-revolucionaria-en-homenaje-a-fidel\/#primaryimage\",\"url\":\"https:\/\/www.mpppst.gob.ve\/mpppstweb\/wp-content\/uploads\/2016\/11\/IMG-20161128-WA0005.jpg\",\"contentUrl\":\"https:\/\/www.mpppst.gob.ve\/mpppstweb\/wp-content\/uploads\/2016\/11\/IMG-20161128-WA0005.jpg\",\"width\":800,\"height\":445},{\"@type\":\"BreadcrumbList\",\"@id\":\"https:\/\/www.mpppst.gob.ve\/mpppstweb\/index.php\/2016\/11\/28\/embajador-rogelio-polanco-llama-a-continuar-lucha-revolucionaria-en-homenaje-a-fidel\/#breadcrumb\",\"itemListElement\":[{\"@type\":\"ListItem\",\"position\":1,\"name\":\"Home\",\"item\":\"https:\/\/www.mpppst.gob.ve\/mpppstweb\/\"},{\"@type\":\"ListItem\",\"position\":2,\"name\":\"Embajador Rogelio Polanco llama a continuar lucha revolucionaria en homenaje a Fidel\"}]},{\"@type\":\"WebSite\",\"@id\":\"https:\/\/www.mpppst.gob.ve\/mpppstweb\/#website\",\"url\":\"https:\/\/www.mpppst.gob.ve\/mpppstweb\/\",\"name\":\"MPPPST\",\"description\":\"Ministerio del Poder Popular para el Proceso Social de Trabajo\",\"publisher\":{\"@id\":\"https:\/\/www.mpppst.gob.ve\/mpppstweb\/#organization\"},\"potentialAction\":[{\"@type\":\"SearchAction\",\"target\":{\"@type\":\"EntryPoint\",\"urlTemplate\":\"https:\/\/www.mpppst.gob.ve\/mpppstweb\/?s={search_term_string}\"},\"query-input\":\"required name=search_term_string\"}],\"inLanguage\":\"es\"},{\"@type\":\"Organization\",\"@id\":\"https:\/\/www.mpppst.gob.ve\/mpppstweb\/#organization\",\"name\":\"mpppst\",\"url\":\"https:\/\/www.mpppst.gob.ve\/mpppstweb\/\",\"logo\":{\"@type\":\"ImageObject\",\"inLanguage\":\"es\",\"@id\":\"https:\/\/www.mpppst.gob.ve\/mpppstweb\/#\/schema\/logo\/image\/\",\"url\":\"https:\/\/www.mpppst.gob.ve\/mpppstweb\/wp-content\/uploads\/2025\/07\/cropped-cropped-g910.png\",\"contentUrl\":\"https:\/\/www.mpppst.gob.ve\/mpppstweb\/wp-content\/uploads\/2025\/07\/cropped-cropped-g910.png\",\"width\":1080,\"height\":241,\"caption\":\"mpppst\"},\"image\":{\"@id\":\"https:\/\/www.mpppst.gob.ve\/mpppstweb\/#\/schema\/logo\/image\/\"}},{\"@type\":\"Person\",\"@id\":\"https:\/\/www.mpppst.gob.ve\/mpppstweb\/#\/schema\/person\/fc187ee8ead412bd4c9304b62f900ea4\",\"name\":\"MPPPST Prensa\",\"url\":\"https:\/\/www.mpppst.gob.ve\/mpppstweb\/index.php\/author\/prensa-mpppst\/\"}]}<\/script>\n<!-- \/ Yoast SEO plugin. -->","yoast_head_json":{"title":"Embajador Rogelio Polanco llama a continuar lucha revolucionaria en homenaje a Fidel - MPPPST","robots":{"index":"index","follow":"follow","max-snippet":"max-snippet:-1","max-image-preview":"max-image-preview:large","max-video-preview":"max-video-preview:-1"},"canonical":"https:\/\/www.mpppst.gob.ve\/mpppstweb\/index.php\/2016\/11\/28\/embajador-rogelio-polanco-llama-a-continuar-lucha-revolucionaria-en-homenaje-a-fidel\/","og_locale":"es_ES","og_type":"article","og_title":"Embajador Rogelio Polanco llama a continuar lucha revolucionaria en homenaje a Fidel - MPPPST","og_description":"Prensa MPPPST, con informaci\u00f3n de RNV \u201cEl mejor homenaje que podemos brindar a Fidel Castro desde &hellip; Embajador Rogelio Polanco llama a continuar lucha revolucionaria en homenaje a FidelRead more","og_url":"https:\/\/www.mpppst.gob.ve\/mpppstweb\/index.php\/2016\/11\/28\/embajador-rogelio-polanco-llama-a-continuar-lucha-revolucionaria-en-homenaje-a-fidel\/","og_site_name":"MPPPST","article_published_time":"2016-11-28T15:28:55+00:00","og_image":[{"width":800,"height":445,"url":"https:\/\/www.mpppst.gob.ve\/mpppstweb\/wp-content\/uploads\/2016\/11\/IMG-20161128-WA0005.jpg","type":"image\/jpeg"}],"author":"MPPPST Prensa","twitter_card":"summary_large_image","twitter_misc":{"Escrito por":"MPPPST Prensa","Tiempo de lectura":"1 minuto"},"schema":{"@context":"https:\/\/schema.org","@graph":[{"@type":"Article","@id":"https:\/\/www.mpppst.gob.ve\/mpppstweb\/index.php\/2016\/11\/28\/embajador-rogelio-polanco-llama-a-continuar-lucha-revolucionaria-en-homenaje-a-fidel\/#article","isPartOf":{"@id":"https:\/\/www.mpppst.gob.ve\/mpppstweb\/index.php\/2016\/11\/28\/embajador-rogelio-polanco-llama-a-continuar-lucha-revolucionaria-en-homenaje-a-fidel\/"},"author":{"name":"MPPPST Prensa","@id":"https:\/\/www.mpppst.gob.ve\/mpppstweb\/#\/schema\/person\/fc187ee8ead412bd4c9304b62f900ea4"},"headline":"Embajador Rogelio Polanco llama a continuar lucha revolucionaria en homenaje a Fidel","datePublished":"2016-11-28T15:28:55+00:00","dateModified":"2016-11-28T15:28:55+00:00","mainEntityOfPage":{"@id":"https:\/\/www.mpppst.gob.ve\/mpppstweb\/index.php\/2016\/11\/28\/embajador-rogelio-polanco-llama-a-continuar-lucha-revolucionaria-en-homenaje-a-fidel\/"},"wordCount":302,"publisher":{"@id":"https:\/\/www.mpppst.gob.ve\/mpppstweb\/#organization"},"image":{"@id":"https:\/\/www.mpppst.gob.ve\/mpppstweb\/index.php\/2016\/11\/28\/embajador-rogelio-polanco-llama-a-continuar-lucha-revolucionaria-en-homenaje-a-fidel\/#primaryimage"},"thumbnailUrl":"https:\/\/www.mpppst.gob.ve\/mpppstweb\/wp-content\/uploads\/2016\/11\/IMG-20161128-WA0005.jpg","keywords":["Gobierno Bolivariano","internacionales"],"articleSection":["Gobierno Nacional","Internacionales","Noticias"],"inLanguage":"es"},{"@type":"WebPage","@id":"https:\/\/www.mpppst.gob.ve\/mpppstweb\/index.php\/2016\/11\/28\/embajador-rogelio-polanco-llama-a-continuar-lucha-revolucionaria-en-homenaje-a-fidel\/","url":"https:\/\/www.mpppst.gob.ve\/mpppstweb\/index.php\/2016\/11\/28\/embajador-rogelio-polanco-llama-a-continuar-lucha-revolucionaria-en-homenaje-a-fidel\/","name":"Embajador Rogelio Polanco llama a continuar lucha revolucionaria en homenaje a Fidel - MPPPST","isPartOf":{"@id":"https:\/\/www.mpppst.gob.ve\/mpppstweb\/#website"},"primaryImageOfPage":{"@id":"https:\/\/www.mpppst.gob.ve\/mpppstweb\/index.php\/2016\/11\/28\/embajador-rogelio-polanco-llama-a-continuar-lucha-revolucionaria-en-homenaje-a-fidel\/#primaryimage"},"image":{"@id":"https:\/\/www.mpppst.gob.ve\/mpppstweb\/index.php\/2016\/11\/28\/embajador-rogelio-polanco-llama-a-continuar-lucha-revolucionaria-en-homenaje-a-fidel\/#primaryimage"},"thumbnailUrl":"https:\/\/www.mpppst.gob.ve\/mpppstweb\/wp-content\/uploads\/2016\/11\/IMG-20161128-WA0005.jpg","datePublished":"2016-11-28T15:28:55+00:00","dateModified":"2016-11-28T15:28:55+00:00","breadcrumb":{"@id":"https:\/\/www.mpppst.gob.ve\/mpppstweb\/index.php\/2016\/11\/28\/embajador-rogelio-polanco-llama-a-continuar-lucha-revolucionaria-en-homenaje-a-fidel\/#breadcrumb"},"inLanguage":"es","potentialAction":[{"@type":"ReadAction","target":["https:\/\/www.mpppst.gob.ve\/mpppstweb\/index.php\/2016\/11\/28\/embajador-rogelio-polanco-llama-a-continuar-lucha-revolucionaria-en-homenaje-a-fidel\/"]}]},{"@type":"ImageObject","inLanguage":"es","@id":"https:\/\/www.mpppst.gob.ve\/mpppstweb\/index.php\/2016\/11\/28\/embajador-rogelio-polanco-llama-a-continuar-lucha-revolucionaria-en-homenaje-a-fidel\/#primaryimage","url":"https:\/\/www.mpppst.gob.ve\/mpppstweb\/wp-content\/uploads\/2016\/11\/IMG-20161128-WA0005.jpg","contentUrl":"https:\/\/www.mpppst.gob.ve\/mpppstweb\/wp-content\/uploads\/2016\/11\/IMG-20161128-WA0005.jpg","width":800,"height":445},{"@type":"BreadcrumbList","@id":"https:\/\/www.mpppst.gob.ve\/mpppstweb\/index.php\/2016\/11\/28\/embajador-rogelio-polanco-llama-a-continuar-lucha-revolucionaria-en-homenaje-a-fidel\/#breadcrumb","itemListElement":[{"@type":"ListItem","position":1,"name":"Home","item":"https:\/\/www.mpppst.gob.ve\/mpppstweb\/"},{"@type":"ListItem","position":2,"name":"Embajador Rogelio Polanco llama a continuar lucha revolucionaria en homenaje a Fidel"}]},{"@type":"WebSite","@id":"https:\/\/www.mpppst.gob.ve\/mpppstweb\/#website","url":"https:\/\/www.mpppst.gob.ve\/mpppstweb\/","name":"MPPPST","description":"Ministerio del Poder Popular para el Proceso Social de Trabajo","publisher":{"@id":"https:\/\/www.mpppst.gob.ve\/mpppstweb\/#organization"},"potentialAction":[{"@type":"SearchAction","target":{"@type":"EntryPoint","urlTemplate":"https:\/\/www.mpppst.gob.ve\/mpppstweb\/?s={search_term_string}"},"query-input":"required name=search_term_string"}],"inLanguage":"es"},{"@type":"Organization","@id":"https:\/\/www.mpppst.gob.ve\/mpppstweb\/#organization","name":"mpppst","url":"https:\/\/www.mpppst.gob.ve\/mpppstweb\/","logo":{"@type":"ImageObject","inLanguage":"es","@id":"https:\/\/www.mpppst.gob.ve\/mpppstweb\/#\/schema\/logo\/image\/","url":"https:\/\/www.mpppst.gob.ve\/mpppstweb\/wp-content\/uploads\/2025\/07\/cropped-cropped-g910.png","contentUrl":"https:\/\/www.mpppst.gob.ve\/mpppstweb\/wp-content\/uploads\/2025\/07\/cropped-cropped-g910.png","width":1080,"height":241,"caption":"mpppst"},"image":{"@id":"https:\/\/www.mpppst.gob.ve\/mpppstweb\/#\/schema\/logo\/image\/"}},{"@type":"Person","@id":"https:\/\/www.mpppst.gob.ve\/mpppstweb\/#\/schema\/person\/fc187ee8ead412bd4c9304b62f900ea4","name":"MPPPST Prensa","url":"https:\/\/www.mpppst.gob.ve\/mpppstweb\/index.php\/author\/prensa-mpppst\/"}]}},"_links":{"self":[{"href":"https:\/\/www.mpppst.gob.ve\/mpppstweb\/index.php\/wp-json\/wp\/v2\/posts\/9447"}],"collection":[{"href":"https:\/\/www.mpppst.gob.ve\/mpppstweb\/index.php\/wp-json\/wp\/v2\/posts"}],"about":[{"href":"https:\/\/www.mpppst.gob.ve\/mpppstweb\/index.php\/wp-json\/wp\/v2\/types\/post"}],"author":[{"embeddable":true,"href":"https:\/\/www.mpppst.gob.ve\/mpppstweb\/index.php\/wp-json\/wp\/v2\/users\/25"}],"replies":[{"embeddable":true,"href":"https:\/\/www.mpppst.gob.ve\/mpppstweb\/index.php\/wp-json\/wp\/v2\/comments?post=9447"}],"version-history":[{"count":1,"href":"https:\/\/www.mpppst.gob.ve\/mpppstweb\/index.php\/wp-json\/wp\/v2\/posts\/9447\/revisions"}],"predecessor-version":[{"id":9449,"href":"https:\/\/www.mpppst.gob.ve\/mpppstweb\/index.php\/wp-json\/wp\/v2\/posts\/9447\/revisions\/9449"}],"wp:featuredmedia":[{"embeddable":true,"href":"https:\/\/www.mpppst.gob.ve\/mpppstweb\/index.php\/wp-json\/wp\/v2\/media\/9448"}],"wp:attachment":[{"href":"https:\/\/www.mpppst.gob.ve\/mpppstweb\/index.php\/wp-json\/wp\/v2\/media?parent=9447"}],"wp:term":[{"taxonomy":"category","embeddable":true,"href":"https:\/\/www.mpppst.gob.ve\/mpppstweb\/index.php\/wp-json\/wp\/v2\/categories?post=9447"},{"taxonomy":"post_tag","embeddable":true,"href":"https:\/\/www.mpppst.gob.ve\/mpppstweb\/index.php\/wp-json\/wp\/v2\/tags?post=9447"}],"curies":[{"name":"wp","href":"https:\/\/api.w.org\/{rel}","templated":true}]}}