{"id":9455,"date":"2016-11-29T12:57:11","date_gmt":"2016-11-29T12:57:11","guid":{"rendered":"http:\/\/www.mpppst.gob.ve\/mpppstweb\/?p=9455"},"modified":"2016-11-29T12:57:11","modified_gmt":"2016-11-29T12:57:11","slug":"maduro-2017-sera-el-ano-de-la-consolidacion-del-nuevo-esquema-productivo","status":"publish","type":"post","link":"https:\/\/www.mpppst.gob.ve\/mpppstweb\/index.php\/2016\/11\/29\/maduro-2017-sera-el-ano-de-la-consolidacion-del-nuevo-esquema-productivo\/","title":{"rendered":"Maduro: 2017 ser\u00e1 el a\u00f1o de la consolidaci\u00f3n del nuevo esquema productivo"},"content":{"rendered":"<p>AVN.- El presidente de la Rep\u00fablica, Nicol\u00e1s Maduro, enfatiz\u00f3 este lunes que con la repotenciaci\u00f3n de los motores Turismo y Miner\u00eda de la Agenda Econ\u00f3mica Bolivariana, el a\u00f1o del 2017 ser\u00e1 el inicio de la consolidaci\u00f3n del nuevo sistema econ\u00f3mico-productivo que remplazar\u00e1 el rentismo petrolero heredado de la IV Rep\u00fablica.<\/p>\n<p>\u00abEl a\u00f1o 2017 ser\u00e1 el primer a\u00f1o de la nueva econ\u00f3mica productiva, del socialismo productivo, de los 15 motores\u00bb, expres\u00f3 el Mandatario en una reuni\u00f3n con el Gabinete Ejecutivo en el Palacio de Miraflores.<\/p>\n<p>Durante esta jornada de trabajo, el Mandatario destac\u00f3 la importancia de que todos los sectores sociales, pol\u00edticos y econ\u00f3micos se incorporen a la Agenda Econ\u00f3mica, \u00a0para construir el nuevo modelo productivo.<\/p>\n<p>\u00abLos venezolanos tenemos que unirnos, todos y todas, los que queremos este pa\u00eds y so\u00f1amos con ver la prosperidad del vivir viviendo (&#8230;) Tenemos que unirnos todos los sectores y actores sociales, econ\u00f3micos y pol\u00edticos que amamos este pa\u00eds\u00bb, dijo.<\/p>\n<p>Record\u00f3 que Venezuela ha sufrido ataques en la econ\u00f3mica nacional que son orquestados desde Estados Unidos, con el objetivo de afectar la moneda y las finanzas de la naci\u00f3n.<\/p>\n<p>Entre ellas resalt\u00f3 la ca\u00edda sostenida de los precios del petroleo en un 70 % desde mediados del 2014, tras la inundaci\u00f3n del mercado del crudo por parte de Estados Unidos, con la t\u00e9cnica <em>fracking<\/em> que causa da\u00f1os ambientales.<\/p>\n<p>A pesar de esa situaci\u00f3n, celebr\u00f3 los esfuerzos del Gobierno en mantener la inversi\u00f3n social en 60% y aumentar a m\u00e1s de 70% en los \u00faltimos meses, lo que ha permitido cumplir compromisos con pensionados y el aumento de salarios.<\/p>\n","protected":false},"excerpt":{"rendered":"<p>AVN.- El presidente de la Rep\u00fablica, Nicol\u00e1s Maduro, enfatiz\u00f3 este lunes que con la repotenciaci\u00f3n de &hellip; <a title=\"Maduro: 2017 ser\u00e1 el a\u00f1o de la consolidaci\u00f3n del nuevo esquema productivo\" class=\"hm-read-more\" href=\"https:\/\/www.mpppst.gob.ve\/mpppstweb\/index.php\/2016\/11\/29\/maduro-2017-sera-el-ano-de-la-consolidacion-del-nuevo-esquema-productivo\/\"><span class=\"screen-reader-text\">Maduro: 2017 ser\u00e1 el a\u00f1o de la consolidaci\u00f3n del nuevo esquema productivo<\/span>Read more<\/a><\/p>\n","protected":false},"author":25,"featured_media":9456,"comment_status":"closed","ping_status":"closed","sticky":false,"template":"","format":"standard","meta":{"footnotes":""},"categories":[82,163,213],"tags":[249,222],"yoast_head":"<!-- This site is optimized with the Yoast SEO plugin v22.5 - https:\/\/yoast.com\/wordpress\/plugins\/seo\/ -->\n<title>Maduro: 2017 ser\u00e1 el a\u00f1o de la consolidaci\u00f3n del nuevo esquema productivo - MPPPST<\/title>\n<meta name=\"robots\" content=\"index, follow, max-snippet:-1, max-image-preview:large, max-video-preview:-1\" \/>\n<link rel=\"canonical\" href=\"https:\/\/www.mpppst.gob.ve\/mpppstweb\/index.php\/2016\/11\/29\/maduro-2017-sera-el-ano-de-la-consolidacion-del-nuevo-esquema-productivo\/\" \/>\n<meta property=\"og:locale\" content=\"es_ES\" \/>\n<meta property=\"og:type\" content=\"article\" \/>\n<meta property=\"og:title\" content=\"Maduro: 2017 ser\u00e1 el a\u00f1o de la consolidaci\u00f3n del nuevo esquema productivo - MPPPST\" \/>\n<meta property=\"og:description\" content=\"AVN.- El presidente de la Rep\u00fablica, Nicol\u00e1s Maduro, enfatiz\u00f3 este lunes que con la repotenciaci\u00f3n de &hellip; Maduro: 2017 ser\u00e1 el a\u00f1o de la consolidaci\u00f3n del nuevo esquema productivoRead more\" \/>\n<meta property=\"og:url\" content=\"https:\/\/www.mpppst.gob.ve\/mpppstweb\/index.php\/2016\/11\/29\/maduro-2017-sera-el-ano-de-la-consolidacion-del-nuevo-esquema-productivo\/\" \/>\n<meta property=\"og:site_name\" content=\"MPPPST\" \/>\n<meta property=\"article:published_time\" content=\"2016-11-29T12:57:11+00:00\" \/>\n<meta property=\"og:image\" content=\"https:\/\/www.mpppst.gob.ve\/mpppstweb\/wp-content\/uploads\/2016\/11\/Maduro-3.jpg\" \/>\n\t<meta property=\"og:image:width\" content=\"800\" \/>\n\t<meta property=\"og:image:height\" content=\"445\" \/>\n\t<meta property=\"og:image:type\" content=\"image\/jpeg\" \/>\n<meta name=\"author\" content=\"MPPPST Prensa\" \/>\n<meta name=\"twitter:card\" content=\"summary_large_image\" \/>\n<meta name=\"twitter:label1\" content=\"Escrito por\" \/>\n\t<meta name=\"twitter:data1\" content=\"MPPPST Prensa\" \/>\n\t<meta name=\"twitter:label2\" content=\"Tiempo de lectura\" \/>\n\t<meta name=\"twitter:data2\" content=\"1 minuto\" \/>\n<script type=\"application\/ld+json\" class=\"yoast-schema-graph\">{\"@context\":\"https:\/\/schema.org\",\"@graph\":[{\"@type\":\"Article\",\"@id\":\"https:\/\/www.mpppst.gob.ve\/mpppstweb\/index.php\/2016\/11\/29\/maduro-2017-sera-el-ano-de-la-consolidacion-del-nuevo-esquema-productivo\/#article\",\"isPartOf\":{\"@id\":\"https:\/\/www.mpppst.gob.ve\/mpppstweb\/index.php\/2016\/11\/29\/maduro-2017-sera-el-ano-de-la-consolidacion-del-nuevo-esquema-productivo\/\"},\"author\":{\"name\":\"MPPPST Prensa\",\"@id\":\"https:\/\/www.mpppst.gob.ve\/mpppstweb\/#\/schema\/person\/fc187ee8ead412bd4c9304b62f900ea4\"},\"headline\":\"Maduro: 2017 ser\u00e1 el a\u00f1o de la consolidaci\u00f3n del nuevo esquema productivo\",\"datePublished\":\"2016-11-29T12:57:11+00:00\",\"dateModified\":\"2016-11-29T12:57:11+00:00\",\"mainEntityOfPage\":{\"@id\":\"https:\/\/www.mpppst.gob.ve\/mpppstweb\/index.php\/2016\/11\/29\/maduro-2017-sera-el-ano-de-la-consolidacion-del-nuevo-esquema-productivo\/\"},\"wordCount\":298,\"publisher\":{\"@id\":\"https:\/\/www.mpppst.gob.ve\/mpppstweb\/#organization\"},\"image\":{\"@id\":\"https:\/\/www.mpppst.gob.ve\/mpppstweb\/index.php\/2016\/11\/29\/maduro-2017-sera-el-ano-de-la-consolidacion-del-nuevo-esquema-productivo\/#primaryimage\"},\"thumbnailUrl\":\"https:\/\/www.mpppst.gob.ve\/mpppstweb\/wp-content\/uploads\/2016\/11\/Maduro-3.jpg\",\"keywords\":[\"Econom\u00eda\",\"Gobierno Bolivariano\"],\"articleSection\":[\"Gobierno Nacional\",\"Noticias\",\"Presidencia de la Rep\u00fablica\"],\"inLanguage\":\"es\"},{\"@type\":\"WebPage\",\"@id\":\"https:\/\/www.mpppst.gob.ve\/mpppstweb\/index.php\/2016\/11\/29\/maduro-2017-sera-el-ano-de-la-consolidacion-del-nuevo-esquema-productivo\/\",\"url\":\"https:\/\/www.mpppst.gob.ve\/mpppstweb\/index.php\/2016\/11\/29\/maduro-2017-sera-el-ano-de-la-consolidacion-del-nuevo-esquema-productivo\/\",\"name\":\"Maduro: 2017 ser\u00e1 el a\u00f1o de la consolidaci\u00f3n del nuevo esquema productivo - MPPPST\",\"isPartOf\":{\"@id\":\"https:\/\/www.mpppst.gob.ve\/mpppstweb\/#website\"},\"primaryImageOfPage\":{\"@id\":\"https:\/\/www.mpppst.gob.ve\/mpppstweb\/index.php\/2016\/11\/29\/maduro-2017-sera-el-ano-de-la-consolidacion-del-nuevo-esquema-productivo\/#primaryimage\"},\"image\":{\"@id\":\"https:\/\/www.mpppst.gob.ve\/mpppstweb\/index.php\/2016\/11\/29\/maduro-2017-sera-el-ano-de-la-consolidacion-del-nuevo-esquema-productivo\/#primaryimage\"},\"thumbnailUrl\":\"https:\/\/www.mpppst.gob.ve\/mpppstweb\/wp-content\/uploads\/2016\/11\/Maduro-3.jpg\",\"datePublished\":\"2016-11-29T12:57:11+00:00\",\"dateModified\":\"2016-11-29T12:57:11+00:00\",\"breadcrumb\":{\"@id\":\"https:\/\/www.mpppst.gob.ve\/mpppstweb\/index.php\/2016\/11\/29\/maduro-2017-sera-el-ano-de-la-consolidacion-del-nuevo-esquema-productivo\/#breadcrumb\"},\"inLanguage\":\"es\",\"potentialAction\":[{\"@type\":\"ReadAction\",\"target\":[\"https:\/\/www.mpppst.gob.ve\/mpppstweb\/index.php\/2016\/11\/29\/maduro-2017-sera-el-ano-de-la-consolidacion-del-nuevo-esquema-productivo\/\"]}]},{\"@type\":\"ImageObject\",\"inLanguage\":\"es\",\"@id\":\"https:\/\/www.mpppst.gob.ve\/mpppstweb\/index.php\/2016\/11\/29\/maduro-2017-sera-el-ano-de-la-consolidacion-del-nuevo-esquema-productivo\/#primaryimage\",\"url\":\"https:\/\/www.mpppst.gob.ve\/mpppstweb\/wp-content\/uploads\/2016\/11\/Maduro-3.jpg\",\"contentUrl\":\"https:\/\/www.mpppst.gob.ve\/mpppstweb\/wp-content\/uploads\/2016\/11\/Maduro-3.jpg\",\"width\":800,\"height\":445},{\"@type\":\"BreadcrumbList\",\"@id\":\"https:\/\/www.mpppst.gob.ve\/mpppstweb\/index.php\/2016\/11\/29\/maduro-2017-sera-el-ano-de-la-consolidacion-del-nuevo-esquema-productivo\/#breadcrumb\",\"itemListElement\":[{\"@type\":\"ListItem\",\"position\":1,\"name\":\"Home\",\"item\":\"https:\/\/www.mpppst.gob.ve\/mpppstweb\/\"},{\"@type\":\"ListItem\",\"position\":2,\"name\":\"Maduro: 2017 ser\u00e1 el a\u00f1o de la consolidaci\u00f3n del nuevo esquema productivo\"}]},{\"@type\":\"WebSite\",\"@id\":\"https:\/\/www.mpppst.gob.ve\/mpppstweb\/#website\",\"url\":\"https:\/\/www.mpppst.gob.ve\/mpppstweb\/\",\"name\":\"MPPPST\",\"description\":\"Ministerio del Poder Popular para el Proceso Social de Trabajo\",\"publisher\":{\"@id\":\"https:\/\/www.mpppst.gob.ve\/mpppstweb\/#organization\"},\"potentialAction\":[{\"@type\":\"SearchAction\",\"target\":{\"@type\":\"EntryPoint\",\"urlTemplate\":\"https:\/\/www.mpppst.gob.ve\/mpppstweb\/?s={search_term_string}\"},\"query-input\":\"required name=search_term_string\"}],\"inLanguage\":\"es\"},{\"@type\":\"Organization\",\"@id\":\"https:\/\/www.mpppst.gob.ve\/mpppstweb\/#organization\",\"name\":\"mpppst\",\"url\":\"https:\/\/www.mpppst.gob.ve\/mpppstweb\/\",\"logo\":{\"@type\":\"ImageObject\",\"inLanguage\":\"es\",\"@id\":\"https:\/\/www.mpppst.gob.ve\/mpppstweb\/#\/schema\/logo\/image\/\",\"url\":\"https:\/\/www.mpppst.gob.ve\/mpppstweb\/wp-content\/uploads\/2025\/07\/cropped-cropped-g910.png\",\"contentUrl\":\"https:\/\/www.mpppst.gob.ve\/mpppstweb\/wp-content\/uploads\/2025\/07\/cropped-cropped-g910.png\",\"width\":1080,\"height\":241,\"caption\":\"mpppst\"},\"image\":{\"@id\":\"https:\/\/www.mpppst.gob.ve\/mpppstweb\/#\/schema\/logo\/image\/\"}},{\"@type\":\"Person\",\"@id\":\"https:\/\/www.mpppst.gob.ve\/mpppstweb\/#\/schema\/person\/fc187ee8ead412bd4c9304b62f900ea4\",\"name\":\"MPPPST Prensa\",\"url\":\"https:\/\/www.mpppst.gob.ve\/mpppstweb\/index.php\/author\/prensa-mpppst\/\"}]}<\/script>\n<!-- \/ Yoast SEO plugin. -->","yoast_head_json":{"title":"Maduro: 2017 ser\u00e1 el a\u00f1o de la consolidaci\u00f3n del nuevo esquema productivo - MPPPST","robots":{"index":"index","follow":"follow","max-snippet":"max-snippet:-1","max-image-preview":"max-image-preview:large","max-video-preview":"max-video-preview:-1"},"canonical":"https:\/\/www.mpppst.gob.ve\/mpppstweb\/index.php\/2016\/11\/29\/maduro-2017-sera-el-ano-de-la-consolidacion-del-nuevo-esquema-productivo\/","og_locale":"es_ES","og_type":"article","og_title":"Maduro: 2017 ser\u00e1 el a\u00f1o de la consolidaci\u00f3n del nuevo esquema productivo - MPPPST","og_description":"AVN.- El presidente de la Rep\u00fablica, Nicol\u00e1s Maduro, enfatiz\u00f3 este lunes que con la repotenciaci\u00f3n de &hellip; Maduro: 2017 ser\u00e1 el a\u00f1o de la consolidaci\u00f3n del nuevo esquema productivoRead more","og_url":"https:\/\/www.mpppst.gob.ve\/mpppstweb\/index.php\/2016\/11\/29\/maduro-2017-sera-el-ano-de-la-consolidacion-del-nuevo-esquema-productivo\/","og_site_name":"MPPPST","article_published_time":"2016-11-29T12:57:11+00:00","og_image":[{"width":800,"height":445,"url":"https:\/\/www.mpppst.gob.ve\/mpppstweb\/wp-content\/uploads\/2016\/11\/Maduro-3.jpg","type":"image\/jpeg"}],"author":"MPPPST Prensa","twitter_card":"summary_large_image","twitter_misc":{"Escrito por":"MPPPST Prensa","Tiempo de lectura":"1 minuto"},"schema":{"@context":"https:\/\/schema.org","@graph":[{"@type":"Article","@id":"https:\/\/www.mpppst.gob.ve\/mpppstweb\/index.php\/2016\/11\/29\/maduro-2017-sera-el-ano-de-la-consolidacion-del-nuevo-esquema-productivo\/#article","isPartOf":{"@id":"https:\/\/www.mpppst.gob.ve\/mpppstweb\/index.php\/2016\/11\/29\/maduro-2017-sera-el-ano-de-la-consolidacion-del-nuevo-esquema-productivo\/"},"author":{"name":"MPPPST Prensa","@id":"https:\/\/www.mpppst.gob.ve\/mpppstweb\/#\/schema\/person\/fc187ee8ead412bd4c9304b62f900ea4"},"headline":"Maduro: 2017 ser\u00e1 el a\u00f1o de la consolidaci\u00f3n del nuevo esquema productivo","datePublished":"2016-11-29T12:57:11+00:00","dateModified":"2016-11-29T12:57:11+00:00","mainEntityOfPage":{"@id":"https:\/\/www.mpppst.gob.ve\/mpppstweb\/index.php\/2016\/11\/29\/maduro-2017-sera-el-ano-de-la-consolidacion-del-nuevo-esquema-productivo\/"},"wordCount":298,"publisher":{"@id":"https:\/\/www.mpppst.gob.ve\/mpppstweb\/#organization"},"image":{"@id":"https:\/\/www.mpppst.gob.ve\/mpppstweb\/index.php\/2016\/11\/29\/maduro-2017-sera-el-ano-de-la-consolidacion-del-nuevo-esquema-productivo\/#primaryimage"},"thumbnailUrl":"https:\/\/www.mpppst.gob.ve\/mpppstweb\/wp-content\/uploads\/2016\/11\/Maduro-3.jpg","keywords":["Econom\u00eda","Gobierno Bolivariano"],"articleSection":["Gobierno Nacional","Noticias","Presidencia de la Rep\u00fablica"],"inLanguage":"es"},{"@type":"WebPage","@id":"https:\/\/www.mpppst.gob.ve\/mpppstweb\/index.php\/2016\/11\/29\/maduro-2017-sera-el-ano-de-la-consolidacion-del-nuevo-esquema-productivo\/","url":"https:\/\/www.mpppst.gob.ve\/mpppstweb\/index.php\/2016\/11\/29\/maduro-2017-sera-el-ano-de-la-consolidacion-del-nuevo-esquema-productivo\/","name":"Maduro: 2017 ser\u00e1 el a\u00f1o de la consolidaci\u00f3n del nuevo esquema productivo - MPPPST","isPartOf":{"@id":"https:\/\/www.mpppst.gob.ve\/mpppstweb\/#website"},"primaryImageOfPage":{"@id":"https:\/\/www.mpppst.gob.ve\/mpppstweb\/index.php\/2016\/11\/29\/maduro-2017-sera-el-ano-de-la-consolidacion-del-nuevo-esquema-productivo\/#primaryimage"},"image":{"@id":"https:\/\/www.mpppst.gob.ve\/mpppstweb\/index.php\/2016\/11\/29\/maduro-2017-sera-el-ano-de-la-consolidacion-del-nuevo-esquema-productivo\/#primaryimage"},"thumbnailUrl":"https:\/\/www.mpppst.gob.ve\/mpppstweb\/wp-content\/uploads\/2016\/11\/Maduro-3.jpg","datePublished":"2016-11-29T12:57:11+00:00","dateModified":"2016-11-29T12:57:11+00:00","breadcrumb":{"@id":"https:\/\/www.mpppst.gob.ve\/mpppstweb\/index.php\/2016\/11\/29\/maduro-2017-sera-el-ano-de-la-consolidacion-del-nuevo-esquema-productivo\/#breadcrumb"},"inLanguage":"es","potentialAction":[{"@type":"ReadAction","target":["https:\/\/www.mpppst.gob.ve\/mpppstweb\/index.php\/2016\/11\/29\/maduro-2017-sera-el-ano-de-la-consolidacion-del-nuevo-esquema-productivo\/"]}]},{"@type":"ImageObject","inLanguage":"es","@id":"https:\/\/www.mpppst.gob.ve\/mpppstweb\/index.php\/2016\/11\/29\/maduro-2017-sera-el-ano-de-la-consolidacion-del-nuevo-esquema-productivo\/#primaryimage","url":"https:\/\/www.mpppst.gob.ve\/mpppstweb\/wp-content\/uploads\/2016\/11\/Maduro-3.jpg","contentUrl":"https:\/\/www.mpppst.gob.ve\/mpppstweb\/wp-content\/uploads\/2016\/11\/Maduro-3.jpg","width":800,"height":445},{"@type":"BreadcrumbList","@id":"https:\/\/www.mpppst.gob.ve\/mpppstweb\/index.php\/2016\/11\/29\/maduro-2017-sera-el-ano-de-la-consolidacion-del-nuevo-esquema-productivo\/#breadcrumb","itemListElement":[{"@type":"ListItem","position":1,"name":"Home","item":"https:\/\/www.mpppst.gob.ve\/mpppstweb\/"},{"@type":"ListItem","position":2,"name":"Maduro: 2017 ser\u00e1 el a\u00f1o de la consolidaci\u00f3n del nuevo esquema productivo"}]},{"@type":"WebSite","@id":"https:\/\/www.mpppst.gob.ve\/mpppstweb\/#website","url":"https:\/\/www.mpppst.gob.ve\/mpppstweb\/","name":"MPPPST","description":"Ministerio del Poder Popular para el Proceso Social de Trabajo","publisher":{"@id":"https:\/\/www.mpppst.gob.ve\/mpppstweb\/#organization"},"potentialAction":[{"@type":"SearchAction","target":{"@type":"EntryPoint","urlTemplate":"https:\/\/www.mpppst.gob.ve\/mpppstweb\/?s={search_term_string}"},"query-input":"required name=search_term_string"}],"inLanguage":"es"},{"@type":"Organization","@id":"https:\/\/www.mpppst.gob.ve\/mpppstweb\/#organization","name":"mpppst","url":"https:\/\/www.mpppst.gob.ve\/mpppstweb\/","logo":{"@type":"ImageObject","inLanguage":"es","@id":"https:\/\/www.mpppst.gob.ve\/mpppstweb\/#\/schema\/logo\/image\/","url":"https:\/\/www.mpppst.gob.ve\/mpppstweb\/wp-content\/uploads\/2025\/07\/cropped-cropped-g910.png","contentUrl":"https:\/\/www.mpppst.gob.ve\/mpppstweb\/wp-content\/uploads\/2025\/07\/cropped-cropped-g910.png","width":1080,"height":241,"caption":"mpppst"},"image":{"@id":"https:\/\/www.mpppst.gob.ve\/mpppstweb\/#\/schema\/logo\/image\/"}},{"@type":"Person","@id":"https:\/\/www.mpppst.gob.ve\/mpppstweb\/#\/schema\/person\/fc187ee8ead412bd4c9304b62f900ea4","name":"MPPPST Prensa","url":"https:\/\/www.mpppst.gob.ve\/mpppstweb\/index.php\/author\/prensa-mpppst\/"}]}},"_links":{"self":[{"href":"https:\/\/www.mpppst.gob.ve\/mpppstweb\/index.php\/wp-json\/wp\/v2\/posts\/9455"}],"collection":[{"href":"https:\/\/www.mpppst.gob.ve\/mpppstweb\/index.php\/wp-json\/wp\/v2\/posts"}],"about":[{"href":"https:\/\/www.mpppst.gob.ve\/mpppstweb\/index.php\/wp-json\/wp\/v2\/types\/post"}],"author":[{"embeddable":true,"href":"https:\/\/www.mpppst.gob.ve\/mpppstweb\/index.php\/wp-json\/wp\/v2\/users\/25"}],"replies":[{"embeddable":true,"href":"https:\/\/www.mpppst.gob.ve\/mpppstweb\/index.php\/wp-json\/wp\/v2\/comments?post=9455"}],"version-history":[{"count":1,"href":"https:\/\/www.mpppst.gob.ve\/mpppstweb\/index.php\/wp-json\/wp\/v2\/posts\/9455\/revisions"}],"predecessor-version":[{"id":9457,"href":"https:\/\/www.mpppst.gob.ve\/mpppstweb\/index.php\/wp-json\/wp\/v2\/posts\/9455\/revisions\/9457"}],"wp:featuredmedia":[{"embeddable":true,"href":"https:\/\/www.mpppst.gob.ve\/mpppstweb\/index.php\/wp-json\/wp\/v2\/media\/9456"}],"wp:attachment":[{"href":"https:\/\/www.mpppst.gob.ve\/mpppstweb\/index.php\/wp-json\/wp\/v2\/media?parent=9455"}],"wp:term":[{"taxonomy":"category","embeddable":true,"href":"https:\/\/www.mpppst.gob.ve\/mpppstweb\/index.php\/wp-json\/wp\/v2\/categories?post=9455"},{"taxonomy":"post_tag","embeddable":true,"href":"https:\/\/www.mpppst.gob.ve\/mpppstweb\/index.php\/wp-json\/wp\/v2\/tags?post=9455"}],"curies":[{"name":"wp","href":"https:\/\/api.w.org\/{rel}","templated":true}]}}