{"id":9458,"date":"2016-11-29T13:59:06","date_gmt":"2016-11-29T13:59:06","guid":{"rendered":"http:\/\/www.mpppst.gob.ve\/mpppstweb\/?p=9458"},"modified":"2016-11-29T13:59:06","modified_gmt":"2016-11-29T13:59:06","slug":"clap-redoblara-distribucion-de-alimentos-para-llegar-a-7-mil-bolsas-diarias","status":"publish","type":"post","link":"https:\/\/www.mpppst.gob.ve\/mpppstweb\/index.php\/2016\/11\/29\/clap-redoblara-distribucion-de-alimentos-para-llegar-a-7-mil-bolsas-diarias\/","title":{"rendered":"Clap redoblar\u00e1 distribuci\u00f3n de alimentos para llegar a 7 mil bolsas diarias"},"content":{"rendered":"<div class=\"field field-name-field-cr-dito-de-la-noticia field-type-text field-label-hidden\">\n<div class=\"field-items\">\n<div class=\"field-item even\">Yvke Mundial<\/div>\n<\/div>\n<\/div>\n<div class=\"field field-name-body field-type-text-with-summary field-label-hidden\">\n<div class=\"field-items\">\n<div class=\"field-item even\">\n<div class=\"rtejustify\">El <strong>jefe nacional del Comit\u00e9 Local de Abastecimiento y Producci\u00f3n, Freddy Bernal,<\/strong> anunci\u00f3 que 7 mil entregas diarias de alimentos, ser\u00e1n distribuidas a partir de este martes 29 de noviembre, en las 22 parroquias de Caracas.<\/div>\n<div class=\"rtejustify\"><\/div>\n<div class=\"rtejustify\">Tambi\u00e9n se\u00f1al\u00f3 que el<strong> presidente Nicol\u00e1s Maduro<\/strong> decret\u00f3 un fortalecimiento especial de los CLAP \u00a0a partir del 15 de diciembre, con el cual sumar\u00e1n 2 millones de combo mensualmente, en cada hogar, por las 22 entidades del pa\u00eds.<\/div>\n<div class=\"rtejustify\"><\/div>\n<div class=\"rtejustify\">\u201cEsto significa que adem\u00e1s de las 40 mil toneladas al mes, que llegan al pa\u00eds, vamos a reforzar con un apoyo especial que garantizar\u00e1 la obtenci\u00f3n de alimentos por cada familia, hasta mayo del 2017\u201d, puntualiz\u00f3 Bernal.<\/div>\n<div class=\"rtejustify\"><\/div>\n<div class=\"rtejustify\">A\u00f1adi\u00f3 que desde la primera semana de diciembre, los estados mayores de los CLAP, y la\u00a0<strong>Superintendencia Nacional de Precios Justos<\/strong> articular\u00e1n 735 epicentros de cada<strong> Infocentro<\/strong>, con un facilitador de la Sundde y del comit\u00e9 de abastecimiento, respectivamente, quienes recibir\u00e1n las quejas y denuncias sobre especulaci\u00f3n en los expendios de alimentos.<\/div>\n<div class=\"rtejustify\"><\/div>\n<div class=\"rtejustify\">\u201cPara que los Clap con la <strong>Sundde<\/strong> le hagan seguimiento y control a los precios especulativos, en cada supermercado, bodega, bodeguita, etc\u201d, asegur\u00f3 el Jefe Nacional del \u00f3rgano.<\/div>\n<div class=\"rtejustify\"><\/div>\n<div class=\"rtejustify\">Mencion\u00f3 que el d\u00f3lar paralelo est\u00e1 agrediendo el bolsillo de los trabajadores venezolanos, los aumentos de sueldo, y la alimentaci\u00f3n del pueblo.<\/div>\n<\/div>\n<\/div>\n<\/div>\n","protected":false},"excerpt":{"rendered":"<p>Yvke Mundial El jefe nacional del Comit\u00e9 Local de Abastecimiento y Producci\u00f3n, Freddy Bernal, anunci\u00f3 que &hellip; <a title=\"Clap redoblar\u00e1 distribuci\u00f3n de alimentos para llegar a 7 mil bolsas diarias\" class=\"hm-read-more\" href=\"https:\/\/www.mpppst.gob.ve\/mpppstweb\/index.php\/2016\/11\/29\/clap-redoblara-distribucion-de-alimentos-para-llegar-a-7-mil-bolsas-diarias\/\"><span class=\"screen-reader-text\">Clap redoblar\u00e1 distribuci\u00f3n de alimentos para llegar a 7 mil bolsas diarias<\/span>Read more<\/a><\/p>\n","protected":false},"author":25,"featured_media":9459,"comment_status":"closed","ping_status":"closed","sticky":false,"template":"","format":"standard","meta":{"footnotes":""},"categories":[82,163],"tags":[249,222,242],"yoast_head":"<!-- This site is optimized with the Yoast SEO plugin v22.5 - https:\/\/yoast.com\/wordpress\/plugins\/seo\/ -->\n<title>Clap redoblar\u00e1 distribuci\u00f3n de alimentos para llegar a 7 mil bolsas diarias - MPPPST<\/title>\n<meta name=\"robots\" content=\"index, follow, max-snippet:-1, max-image-preview:large, max-video-preview:-1\" \/>\n<link rel=\"canonical\" href=\"https:\/\/www.mpppst.gob.ve\/mpppstweb\/index.php\/2016\/11\/29\/clap-redoblara-distribucion-de-alimentos-para-llegar-a-7-mil-bolsas-diarias\/\" \/>\n<meta property=\"og:locale\" content=\"es_ES\" \/>\n<meta property=\"og:type\" content=\"article\" \/>\n<meta property=\"og:title\" content=\"Clap redoblar\u00e1 distribuci\u00f3n de alimentos para llegar a 7 mil bolsas diarias - MPPPST\" \/>\n<meta property=\"og:description\" content=\"Yvke Mundial El jefe nacional del Comit\u00e9 Local de Abastecimiento y Producci\u00f3n, Freddy Bernal, anunci\u00f3 que &hellip; Clap redoblar\u00e1 distribuci\u00f3n de alimentos para llegar a 7 mil bolsas diariasRead more\" \/>\n<meta property=\"og:url\" content=\"https:\/\/www.mpppst.gob.ve\/mpppstweb\/index.php\/2016\/11\/29\/clap-redoblara-distribucion-de-alimentos-para-llegar-a-7-mil-bolsas-diarias\/\" \/>\n<meta property=\"og:site_name\" content=\"MPPPST\" \/>\n<meta property=\"article:published_time\" content=\"2016-11-29T13:59:06+00:00\" \/>\n<meta property=\"og:image\" content=\"https:\/\/www.mpppst.gob.ve\/mpppstweb\/wp-content\/uploads\/2016\/11\/Freddy-Bernal.jpg\" \/>\n\t<meta property=\"og:image:width\" content=\"800\" \/>\n\t<meta property=\"og:image:height\" content=\"445\" \/>\n\t<meta property=\"og:image:type\" content=\"image\/jpeg\" \/>\n<meta name=\"author\" content=\"MPPPST Prensa\" \/>\n<meta name=\"twitter:card\" content=\"summary_large_image\" \/>\n<meta name=\"twitter:label1\" content=\"Escrito por\" \/>\n\t<meta name=\"twitter:data1\" content=\"MPPPST Prensa\" \/>\n\t<meta name=\"twitter:label2\" content=\"Tiempo de lectura\" \/>\n\t<meta name=\"twitter:data2\" content=\"1 minuto\" \/>\n<script type=\"application\/ld+json\" class=\"yoast-schema-graph\">{\"@context\":\"https:\/\/schema.org\",\"@graph\":[{\"@type\":\"Article\",\"@id\":\"https:\/\/www.mpppst.gob.ve\/mpppstweb\/index.php\/2016\/11\/29\/clap-redoblara-distribucion-de-alimentos-para-llegar-a-7-mil-bolsas-diarias\/#article\",\"isPartOf\":{\"@id\":\"https:\/\/www.mpppst.gob.ve\/mpppstweb\/index.php\/2016\/11\/29\/clap-redoblara-distribucion-de-alimentos-para-llegar-a-7-mil-bolsas-diarias\/\"},\"author\":{\"name\":\"MPPPST Prensa\",\"@id\":\"https:\/\/www.mpppst.gob.ve\/mpppstweb\/#\/schema\/person\/fc187ee8ead412bd4c9304b62f900ea4\"},\"headline\":\"Clap redoblar\u00e1 distribuci\u00f3n de alimentos para llegar a 7 mil bolsas diarias\",\"datePublished\":\"2016-11-29T13:59:06+00:00\",\"dateModified\":\"2016-11-29T13:59:06+00:00\",\"mainEntityOfPage\":{\"@id\":\"https:\/\/www.mpppst.gob.ve\/mpppstweb\/index.php\/2016\/11\/29\/clap-redoblara-distribucion-de-alimentos-para-llegar-a-7-mil-bolsas-diarias\/\"},\"wordCount\":234,\"publisher\":{\"@id\":\"https:\/\/www.mpppst.gob.ve\/mpppstweb\/#organization\"},\"image\":{\"@id\":\"https:\/\/www.mpppst.gob.ve\/mpppstweb\/index.php\/2016\/11\/29\/clap-redoblara-distribucion-de-alimentos-para-llegar-a-7-mil-bolsas-diarias\/#primaryimage\"},\"thumbnailUrl\":\"https:\/\/www.mpppst.gob.ve\/mpppstweb\/wp-content\/uploads\/2016\/11\/Freddy-Bernal.jpg\",\"keywords\":[\"Econom\u00eda\",\"Gobierno Bolivariano\",\"Justa distribuci\u00f3n de la riqueza\"],\"articleSection\":[\"Gobierno Nacional\",\"Noticias\"],\"inLanguage\":\"es\"},{\"@type\":\"WebPage\",\"@id\":\"https:\/\/www.mpppst.gob.ve\/mpppstweb\/index.php\/2016\/11\/29\/clap-redoblara-distribucion-de-alimentos-para-llegar-a-7-mil-bolsas-diarias\/\",\"url\":\"https:\/\/www.mpppst.gob.ve\/mpppstweb\/index.php\/2016\/11\/29\/clap-redoblara-distribucion-de-alimentos-para-llegar-a-7-mil-bolsas-diarias\/\",\"name\":\"Clap redoblar\u00e1 distribuci\u00f3n de alimentos para llegar a 7 mil bolsas diarias - MPPPST\",\"isPartOf\":{\"@id\":\"https:\/\/www.mpppst.gob.ve\/mpppstweb\/#website\"},\"primaryImageOfPage\":{\"@id\":\"https:\/\/www.mpppst.gob.ve\/mpppstweb\/index.php\/2016\/11\/29\/clap-redoblara-distribucion-de-alimentos-para-llegar-a-7-mil-bolsas-diarias\/#primaryimage\"},\"image\":{\"@id\":\"https:\/\/www.mpppst.gob.ve\/mpppstweb\/index.php\/2016\/11\/29\/clap-redoblara-distribucion-de-alimentos-para-llegar-a-7-mil-bolsas-diarias\/#primaryimage\"},\"thumbnailUrl\":\"https:\/\/www.mpppst.gob.ve\/mpppstweb\/wp-content\/uploads\/2016\/11\/Freddy-Bernal.jpg\",\"datePublished\":\"2016-11-29T13:59:06+00:00\",\"dateModified\":\"2016-11-29T13:59:06+00:00\",\"breadcrumb\":{\"@id\":\"https:\/\/www.mpppst.gob.ve\/mpppstweb\/index.php\/2016\/11\/29\/clap-redoblara-distribucion-de-alimentos-para-llegar-a-7-mil-bolsas-diarias\/#breadcrumb\"},\"inLanguage\":\"es\",\"potentialAction\":[{\"@type\":\"ReadAction\",\"target\":[\"https:\/\/www.mpppst.gob.ve\/mpppstweb\/index.php\/2016\/11\/29\/clap-redoblara-distribucion-de-alimentos-para-llegar-a-7-mil-bolsas-diarias\/\"]}]},{\"@type\":\"ImageObject\",\"inLanguage\":\"es\",\"@id\":\"https:\/\/www.mpppst.gob.ve\/mpppstweb\/index.php\/2016\/11\/29\/clap-redoblara-distribucion-de-alimentos-para-llegar-a-7-mil-bolsas-diarias\/#primaryimage\",\"url\":\"https:\/\/www.mpppst.gob.ve\/mpppstweb\/wp-content\/uploads\/2016\/11\/Freddy-Bernal.jpg\",\"contentUrl\":\"https:\/\/www.mpppst.gob.ve\/mpppstweb\/wp-content\/uploads\/2016\/11\/Freddy-Bernal.jpg\",\"width\":800,\"height\":445},{\"@type\":\"BreadcrumbList\",\"@id\":\"https:\/\/www.mpppst.gob.ve\/mpppstweb\/index.php\/2016\/11\/29\/clap-redoblara-distribucion-de-alimentos-para-llegar-a-7-mil-bolsas-diarias\/#breadcrumb\",\"itemListElement\":[{\"@type\":\"ListItem\",\"position\":1,\"name\":\"Home\",\"item\":\"https:\/\/www.mpppst.gob.ve\/mpppstweb\/\"},{\"@type\":\"ListItem\",\"position\":2,\"name\":\"Clap redoblar\u00e1 distribuci\u00f3n de alimentos para llegar a 7 mil bolsas diarias\"}]},{\"@type\":\"WebSite\",\"@id\":\"https:\/\/www.mpppst.gob.ve\/mpppstweb\/#website\",\"url\":\"https:\/\/www.mpppst.gob.ve\/mpppstweb\/\",\"name\":\"MPPPST\",\"description\":\"Ministerio del Poder Popular para el Proceso Social de Trabajo\",\"publisher\":{\"@id\":\"https:\/\/www.mpppst.gob.ve\/mpppstweb\/#organization\"},\"potentialAction\":[{\"@type\":\"SearchAction\",\"target\":{\"@type\":\"EntryPoint\",\"urlTemplate\":\"https:\/\/www.mpppst.gob.ve\/mpppstweb\/?s={search_term_string}\"},\"query-input\":\"required name=search_term_string\"}],\"inLanguage\":\"es\"},{\"@type\":\"Organization\",\"@id\":\"https:\/\/www.mpppst.gob.ve\/mpppstweb\/#organization\",\"name\":\"mpppst\",\"url\":\"https:\/\/www.mpppst.gob.ve\/mpppstweb\/\",\"logo\":{\"@type\":\"ImageObject\",\"inLanguage\":\"es\",\"@id\":\"https:\/\/www.mpppst.gob.ve\/mpppstweb\/#\/schema\/logo\/image\/\",\"url\":\"https:\/\/www.mpppst.gob.ve\/mpppstweb\/wp-content\/uploads\/2025\/07\/cropped-cropped-g910.png\",\"contentUrl\":\"https:\/\/www.mpppst.gob.ve\/mpppstweb\/wp-content\/uploads\/2025\/07\/cropped-cropped-g910.png\",\"width\":1080,\"height\":241,\"caption\":\"mpppst\"},\"image\":{\"@id\":\"https:\/\/www.mpppst.gob.ve\/mpppstweb\/#\/schema\/logo\/image\/\"}},{\"@type\":\"Person\",\"@id\":\"https:\/\/www.mpppst.gob.ve\/mpppstweb\/#\/schema\/person\/fc187ee8ead412bd4c9304b62f900ea4\",\"name\":\"MPPPST Prensa\",\"url\":\"https:\/\/www.mpppst.gob.ve\/mpppstweb\/index.php\/author\/prensa-mpppst\/\"}]}<\/script>\n<!-- \/ Yoast SEO plugin. -->","yoast_head_json":{"title":"Clap redoblar\u00e1 distribuci\u00f3n de alimentos para llegar a 7 mil bolsas diarias - MPPPST","robots":{"index":"index","follow":"follow","max-snippet":"max-snippet:-1","max-image-preview":"max-image-preview:large","max-video-preview":"max-video-preview:-1"},"canonical":"https:\/\/www.mpppst.gob.ve\/mpppstweb\/index.php\/2016\/11\/29\/clap-redoblara-distribucion-de-alimentos-para-llegar-a-7-mil-bolsas-diarias\/","og_locale":"es_ES","og_type":"article","og_title":"Clap redoblar\u00e1 distribuci\u00f3n de alimentos para llegar a 7 mil bolsas diarias - MPPPST","og_description":"Yvke Mundial El jefe nacional del Comit\u00e9 Local de Abastecimiento y Producci\u00f3n, Freddy Bernal, anunci\u00f3 que &hellip; Clap redoblar\u00e1 distribuci\u00f3n de alimentos para llegar a 7 mil bolsas diariasRead more","og_url":"https:\/\/www.mpppst.gob.ve\/mpppstweb\/index.php\/2016\/11\/29\/clap-redoblara-distribucion-de-alimentos-para-llegar-a-7-mil-bolsas-diarias\/","og_site_name":"MPPPST","article_published_time":"2016-11-29T13:59:06+00:00","og_image":[{"width":800,"height":445,"url":"https:\/\/www.mpppst.gob.ve\/mpppstweb\/wp-content\/uploads\/2016\/11\/Freddy-Bernal.jpg","type":"image\/jpeg"}],"author":"MPPPST Prensa","twitter_card":"summary_large_image","twitter_misc":{"Escrito por":"MPPPST Prensa","Tiempo de lectura":"1 minuto"},"schema":{"@context":"https:\/\/schema.org","@graph":[{"@type":"Article","@id":"https:\/\/www.mpppst.gob.ve\/mpppstweb\/index.php\/2016\/11\/29\/clap-redoblara-distribucion-de-alimentos-para-llegar-a-7-mil-bolsas-diarias\/#article","isPartOf":{"@id":"https:\/\/www.mpppst.gob.ve\/mpppstweb\/index.php\/2016\/11\/29\/clap-redoblara-distribucion-de-alimentos-para-llegar-a-7-mil-bolsas-diarias\/"},"author":{"name":"MPPPST Prensa","@id":"https:\/\/www.mpppst.gob.ve\/mpppstweb\/#\/schema\/person\/fc187ee8ead412bd4c9304b62f900ea4"},"headline":"Clap redoblar\u00e1 distribuci\u00f3n de alimentos para llegar a 7 mil bolsas diarias","datePublished":"2016-11-29T13:59:06+00:00","dateModified":"2016-11-29T13:59:06+00:00","mainEntityOfPage":{"@id":"https:\/\/www.mpppst.gob.ve\/mpppstweb\/index.php\/2016\/11\/29\/clap-redoblara-distribucion-de-alimentos-para-llegar-a-7-mil-bolsas-diarias\/"},"wordCount":234,"publisher":{"@id":"https:\/\/www.mpppst.gob.ve\/mpppstweb\/#organization"},"image":{"@id":"https:\/\/www.mpppst.gob.ve\/mpppstweb\/index.php\/2016\/11\/29\/clap-redoblara-distribucion-de-alimentos-para-llegar-a-7-mil-bolsas-diarias\/#primaryimage"},"thumbnailUrl":"https:\/\/www.mpppst.gob.ve\/mpppstweb\/wp-content\/uploads\/2016\/11\/Freddy-Bernal.jpg","keywords":["Econom\u00eda","Gobierno Bolivariano","Justa distribuci\u00f3n de la riqueza"],"articleSection":["Gobierno Nacional","Noticias"],"inLanguage":"es"},{"@type":"WebPage","@id":"https:\/\/www.mpppst.gob.ve\/mpppstweb\/index.php\/2016\/11\/29\/clap-redoblara-distribucion-de-alimentos-para-llegar-a-7-mil-bolsas-diarias\/","url":"https:\/\/www.mpppst.gob.ve\/mpppstweb\/index.php\/2016\/11\/29\/clap-redoblara-distribucion-de-alimentos-para-llegar-a-7-mil-bolsas-diarias\/","name":"Clap redoblar\u00e1 distribuci\u00f3n de alimentos para llegar a 7 mil bolsas diarias - MPPPST","isPartOf":{"@id":"https:\/\/www.mpppst.gob.ve\/mpppstweb\/#website"},"primaryImageOfPage":{"@id":"https:\/\/www.mpppst.gob.ve\/mpppstweb\/index.php\/2016\/11\/29\/clap-redoblara-distribucion-de-alimentos-para-llegar-a-7-mil-bolsas-diarias\/#primaryimage"},"image":{"@id":"https:\/\/www.mpppst.gob.ve\/mpppstweb\/index.php\/2016\/11\/29\/clap-redoblara-distribucion-de-alimentos-para-llegar-a-7-mil-bolsas-diarias\/#primaryimage"},"thumbnailUrl":"https:\/\/www.mpppst.gob.ve\/mpppstweb\/wp-content\/uploads\/2016\/11\/Freddy-Bernal.jpg","datePublished":"2016-11-29T13:59:06+00:00","dateModified":"2016-11-29T13:59:06+00:00","breadcrumb":{"@id":"https:\/\/www.mpppst.gob.ve\/mpppstweb\/index.php\/2016\/11\/29\/clap-redoblara-distribucion-de-alimentos-para-llegar-a-7-mil-bolsas-diarias\/#breadcrumb"},"inLanguage":"es","potentialAction":[{"@type":"ReadAction","target":["https:\/\/www.mpppst.gob.ve\/mpppstweb\/index.php\/2016\/11\/29\/clap-redoblara-distribucion-de-alimentos-para-llegar-a-7-mil-bolsas-diarias\/"]}]},{"@type":"ImageObject","inLanguage":"es","@id":"https:\/\/www.mpppst.gob.ve\/mpppstweb\/index.php\/2016\/11\/29\/clap-redoblara-distribucion-de-alimentos-para-llegar-a-7-mil-bolsas-diarias\/#primaryimage","url":"https:\/\/www.mpppst.gob.ve\/mpppstweb\/wp-content\/uploads\/2016\/11\/Freddy-Bernal.jpg","contentUrl":"https:\/\/www.mpppst.gob.ve\/mpppstweb\/wp-content\/uploads\/2016\/11\/Freddy-Bernal.jpg","width":800,"height":445},{"@type":"BreadcrumbList","@id":"https:\/\/www.mpppst.gob.ve\/mpppstweb\/index.php\/2016\/11\/29\/clap-redoblara-distribucion-de-alimentos-para-llegar-a-7-mil-bolsas-diarias\/#breadcrumb","itemListElement":[{"@type":"ListItem","position":1,"name":"Home","item":"https:\/\/www.mpppst.gob.ve\/mpppstweb\/"},{"@type":"ListItem","position":2,"name":"Clap redoblar\u00e1 distribuci\u00f3n de alimentos para llegar a 7 mil bolsas diarias"}]},{"@type":"WebSite","@id":"https:\/\/www.mpppst.gob.ve\/mpppstweb\/#website","url":"https:\/\/www.mpppst.gob.ve\/mpppstweb\/","name":"MPPPST","description":"Ministerio del Poder Popular para el Proceso Social de Trabajo","publisher":{"@id":"https:\/\/www.mpppst.gob.ve\/mpppstweb\/#organization"},"potentialAction":[{"@type":"SearchAction","target":{"@type":"EntryPoint","urlTemplate":"https:\/\/www.mpppst.gob.ve\/mpppstweb\/?s={search_term_string}"},"query-input":"required name=search_term_string"}],"inLanguage":"es"},{"@type":"Organization","@id":"https:\/\/www.mpppst.gob.ve\/mpppstweb\/#organization","name":"mpppst","url":"https:\/\/www.mpppst.gob.ve\/mpppstweb\/","logo":{"@type":"ImageObject","inLanguage":"es","@id":"https:\/\/www.mpppst.gob.ve\/mpppstweb\/#\/schema\/logo\/image\/","url":"https:\/\/www.mpppst.gob.ve\/mpppstweb\/wp-content\/uploads\/2025\/07\/cropped-cropped-g910.png","contentUrl":"https:\/\/www.mpppst.gob.ve\/mpppstweb\/wp-content\/uploads\/2025\/07\/cropped-cropped-g910.png","width":1080,"height":241,"caption":"mpppst"},"image":{"@id":"https:\/\/www.mpppst.gob.ve\/mpppstweb\/#\/schema\/logo\/image\/"}},{"@type":"Person","@id":"https:\/\/www.mpppst.gob.ve\/mpppstweb\/#\/schema\/person\/fc187ee8ead412bd4c9304b62f900ea4","name":"MPPPST Prensa","url":"https:\/\/www.mpppst.gob.ve\/mpppstweb\/index.php\/author\/prensa-mpppst\/"}]}},"_links":{"self":[{"href":"https:\/\/www.mpppst.gob.ve\/mpppstweb\/index.php\/wp-json\/wp\/v2\/posts\/9458"}],"collection":[{"href":"https:\/\/www.mpppst.gob.ve\/mpppstweb\/index.php\/wp-json\/wp\/v2\/posts"}],"about":[{"href":"https:\/\/www.mpppst.gob.ve\/mpppstweb\/index.php\/wp-json\/wp\/v2\/types\/post"}],"author":[{"embeddable":true,"href":"https:\/\/www.mpppst.gob.ve\/mpppstweb\/index.php\/wp-json\/wp\/v2\/users\/25"}],"replies":[{"embeddable":true,"href":"https:\/\/www.mpppst.gob.ve\/mpppstweb\/index.php\/wp-json\/wp\/v2\/comments?post=9458"}],"version-history":[{"count":1,"href":"https:\/\/www.mpppst.gob.ve\/mpppstweb\/index.php\/wp-json\/wp\/v2\/posts\/9458\/revisions"}],"predecessor-version":[{"id":9460,"href":"https:\/\/www.mpppst.gob.ve\/mpppstweb\/index.php\/wp-json\/wp\/v2\/posts\/9458\/revisions\/9460"}],"wp:featuredmedia":[{"embeddable":true,"href":"https:\/\/www.mpppst.gob.ve\/mpppstweb\/index.php\/wp-json\/wp\/v2\/media\/9459"}],"wp:attachment":[{"href":"https:\/\/www.mpppst.gob.ve\/mpppstweb\/index.php\/wp-json\/wp\/v2\/media?parent=9458"}],"wp:term":[{"taxonomy":"category","embeddable":true,"href":"https:\/\/www.mpppst.gob.ve\/mpppstweb\/index.php\/wp-json\/wp\/v2\/categories?post=9458"},{"taxonomy":"post_tag","embeddable":true,"href":"https:\/\/www.mpppst.gob.ve\/mpppstweb\/index.php\/wp-json\/wp\/v2\/tags?post=9458"}],"curies":[{"name":"wp","href":"https:\/\/api.w.org\/{rel}","templated":true}]}}