{"id":9461,"date":"2016-11-29T14:29:47","date_gmt":"2016-11-29T14:29:47","guid":{"rendered":"http:\/\/www.mpppst.gob.ve\/mpppstweb\/?p=9461"},"modified":"2016-11-29T14:29:47","modified_gmt":"2016-11-29T14:29:47","slug":"estado-mayor-de-la-clase-obrera-evalua-temas-fundamentales-en-materia-laboral-y-productiva","status":"publish","type":"post","link":"https:\/\/www.mpppst.gob.ve\/mpppstweb\/index.php\/2016\/11\/29\/estado-mayor-de-la-clase-obrera-evalua-temas-fundamentales-en-materia-laboral-y-productiva\/","title":{"rendered":"Estado Mayor de la Clase Obrera eval\u00faa temas fundamentales en materia laboral y productiva \u00a0"},"content":{"rendered":"<p>(Prensa MPPPST).- Con el fin de evaluar tres temas fundamentales: la revisi\u00f3n de los planes que se est\u00e1n desarrollando con los Consejos Productivos de Trabajadores y Trabajadoras, la conformaci\u00f3n de manera definitiva del Congreso de la Patria en el cap\u00edtulo de los Trabajadores y Trabajadoras y la creaci\u00f3n de un equipo de trabajo que se encargar\u00e1 del balance de la gesti\u00f3n de la Central Bolivariana Socialista de Trabajadores (CBST) y del movimiento obrero en el a\u00f1o 2016, el lunes 28 de noviembre se reuni\u00f3 el Estado Mayor de la Clase Obrera, encabezado por el Ministro del Poder Popular para el Proceso Social de Trabajo, Oswaldo Vera, en la sede del Instituto Nacional de Capacitaci\u00f3n y Educaci\u00f3n Socialista (Inces).<\/p>\n<p>El ministro explic\u00f3 que el primer tema consiste en evaluar los planes que se est\u00e1n desarrollando con relaci\u00f3n a los Consejos Productivos de Trabajadores y Trabajadoras (CPT), \u201cpara nadie es un secreto que se nos mand\u00f3 a instalar en cada f\u00e1brica, centro de trabajo que tenga que ver con alimentos, medicinas, productos del hogar, los diferentes Consejos Productivos, y estamos haciendo un balance de su conformaci\u00f3n, los reportes de inteligencia que se han venido desarrollando y enmarcado en el plan de formaci\u00f3n de los CPT, que se adquiera el conocimiento tanto profesional como pol\u00edtico para ir asumiendo las diferentes responsabilidades que all\u00ed se van a desarrollar\u201d.<\/p>\n<p>Agreg\u00f3 que la idea es hacer un balance de lo que ha sido la conformaci\u00f3n de esos comit\u00e9s, cu\u00e1les han sido los reportes y dificultades que han se\u00f1alado desde el punto de vista t\u00e9cnico, profesional que puedan ocasionar algunas trabas a niveles productivos, y elaborar el plan de formaci\u00f3n y avance para irse empoderando de los que son esas tareas tan importantes que van mucho antes del cambio del modelo productivo.<\/p>\n<p>En el segundo punto de la agenda del Estado Mayor se debati\u00f3 la conformaci\u00f3n de manera definitiva del Congreso de la Patria, cap\u00edtulo de la Clase Obrera, \u201cya hemos venido conformando cada una de las columnas precisamente por \u00e1reas de trabajo, lo que es la columna petrolera, el\u00e9ctrica, telecomunicaciones, alimentos, transporte, y otros sectores. La conformaci\u00f3n que hemos venido desarrollando va en paralelo a la conformaci\u00f3n de esas columnas, y la incorporaci\u00f3n de dos sectores claves, que tiene que ver con la juventud obrera y la mujer trabajadora, que son parte tambi\u00e9n de esa columna y que forma parte de la integraci\u00f3n organizativa de los trabajadores para asumir el debate, la discusi\u00f3n del proyecto del pa\u00eds para dar recomendaciones y propuestas de la clase obrera al Gobierno nacional para afianzar el proceso de construcci\u00f3n de la patria desde la clase obrera, el cambio productivo y los planes para 2017\u201d, detall\u00f3 el ministro Oswaldo Vera.<\/p>\n<p>Por \u00faltimo, dijo que como tercer punto estaba la conformaci\u00f3n de un equipo que viene trabajando lo que es el balance de gesti\u00f3n de la \u00a0CBST y del movimiento obrero en el a\u00f1o 2016; \u201call\u00ed nos hab\u00edamos trazado tres metas a principios de a\u00f1o, la primera ten\u00eda que ver con protecci\u00f3n, la defensa de lo que era el proceso revolucionario, ven\u00edamos de una derrota y nos hab\u00edamos trazado un plan de movilizaci\u00f3n importante que arranc\u00f3 desde el primero de Mayo y que no hemos abandonado, no solamente de Caracas sino de diferentes sectores; la conformaci\u00f3n de los Comit\u00e9s Productivos, lo que tiene que ver con lo que era la recuperaci\u00f3n de las empresas de los trabajadores que est\u00e1n en manos de los trabajadores, est\u00e1n con la dificultad, con la identificaci\u00f3n de los problemas, las empresas recuperadas, nacionalizadas, el otro plan era precisamente la conformaci\u00f3n del Congreso de la Patria que tiene que ver con el cap\u00edtulo obrero que ya lo hemos avanzado, y sobretodo debatir el plan de trabajo de la Clase Obrera para el a\u00f1o 2017, que lo hemos identificado como el a\u00f1o de la transformaci\u00f3n del modelo productivo\u201d.<\/p>\n<p>Tambi\u00e9n est\u00e1 el balance que desde la clase obrera se realiza a la gesti\u00f3n del Ministerio del Poder Popular para el Proceso Social del Trabajo, el cual implica cada uno de los siguientes aspectos: \u00a0\u201cc\u00f3mo hemos logrado la disminuci\u00f3n de los conflictos, intentaron un paro nacional y no pudieron, c\u00f3mo hemos venido defendiendo el salario y el derecho al trabajo como parte de las pol\u00edticas del ministerio\u201d, finaliz\u00f3 el Ministro.<\/p>\n<p>Por Elio Garc\u00eda<\/p>\n<p>Fotos Maritza Higuera<\/p>\n","protected":false},"excerpt":{"rendered":"<p>(Prensa MPPPST).- Con el fin de evaluar tres temas fundamentales: la revisi\u00f3n de los planes que &hellip; <a title=\"Estado Mayor de la Clase Obrera eval\u00faa temas fundamentales en materia laboral y productiva \u00a0\" class=\"hm-read-more\" href=\"https:\/\/www.mpppst.gob.ve\/mpppstweb\/index.php\/2016\/11\/29\/estado-mayor-de-la-clase-obrera-evalua-temas-fundamentales-en-materia-laboral-y-productiva\/\"><span class=\"screen-reader-text\">Estado Mayor de la Clase Obrera eval\u00faa temas fundamentales en materia laboral y productiva \u00a0<\/span>Read more<\/a><\/p>\n","protected":false},"author":25,"featured_media":9462,"comment_status":"closed","ping_status":"closed","sticky":false,"template":"","format":"standard","meta":{"footnotes":""},"categories":[163,84],"tags":[229,242,223,227],"yoast_head":"<!-- This site is optimized with the Yoast SEO plugin v22.5 - https:\/\/yoast.com\/wordpress\/plugins\/seo\/ -->\n<title>Estado Mayor de la Clase Obrera eval\u00faa temas fundamentales en materia laboral y productiva \u00a0 - MPPPST<\/title>\n<meta name=\"robots\" content=\"index, follow, max-snippet:-1, max-image-preview:large, max-video-preview:-1\" \/>\n<link rel=\"canonical\" href=\"https:\/\/www.mpppst.gob.ve\/mpppstweb\/index.php\/2016\/11\/29\/estado-mayor-de-la-clase-obrera-evalua-temas-fundamentales-en-materia-laboral-y-productiva\/\" \/>\n<meta property=\"og:locale\" content=\"es_ES\" \/>\n<meta property=\"og:type\" content=\"article\" \/>\n<meta property=\"og:title\" content=\"Estado Mayor de la Clase Obrera eval\u00faa temas fundamentales en materia laboral y productiva \u00a0 - MPPPST\" \/>\n<meta property=\"og:description\" content=\"(Prensa MPPPST).- Con el fin de evaluar tres temas fundamentales: la revisi\u00f3n de los planes que &hellip; Estado Mayor de la Clase Obrera eval\u00faa temas fundamentales en materia laboral y productiva \u00a0Read more\" \/>\n<meta property=\"og:url\" content=\"https:\/\/www.mpppst.gob.ve\/mpppstweb\/index.php\/2016\/11\/29\/estado-mayor-de-la-clase-obrera-evalua-temas-fundamentales-en-materia-laboral-y-productiva\/\" \/>\n<meta property=\"og:site_name\" content=\"MPPPST\" \/>\n<meta property=\"article:published_time\" content=\"2016-11-29T14:29:47+00:00\" \/>\n<meta property=\"og:image\" content=\"https:\/\/www.mpppst.gob.ve\/mpppstweb\/wp-content\/uploads\/2016\/11\/ministro.jpg\" \/>\n\t<meta property=\"og:image:width\" content=\"800\" \/>\n\t<meta property=\"og:image:height\" content=\"445\" \/>\n\t<meta property=\"og:image:type\" content=\"image\/jpeg\" \/>\n<meta name=\"author\" content=\"MPPPST Prensa\" \/>\n<meta name=\"twitter:card\" content=\"summary_large_image\" \/>\n<meta name=\"twitter:label1\" content=\"Escrito por\" \/>\n\t<meta name=\"twitter:data1\" content=\"MPPPST Prensa\" \/>\n\t<meta name=\"twitter:label2\" content=\"Tiempo de lectura\" \/>\n\t<meta name=\"twitter:data2\" content=\"4 minutos\" \/>\n<script type=\"application\/ld+json\" class=\"yoast-schema-graph\">{\"@context\":\"https:\/\/schema.org\",\"@graph\":[{\"@type\":\"Article\",\"@id\":\"https:\/\/www.mpppst.gob.ve\/mpppstweb\/index.php\/2016\/11\/29\/estado-mayor-de-la-clase-obrera-evalua-temas-fundamentales-en-materia-laboral-y-productiva\/#article\",\"isPartOf\":{\"@id\":\"https:\/\/www.mpppst.gob.ve\/mpppstweb\/index.php\/2016\/11\/29\/estado-mayor-de-la-clase-obrera-evalua-temas-fundamentales-en-materia-laboral-y-productiva\/\"},\"author\":{\"name\":\"MPPPST Prensa\",\"@id\":\"https:\/\/www.mpppst.gob.ve\/mpppstweb\/#\/schema\/person\/fc187ee8ead412bd4c9304b62f900ea4\"},\"headline\":\"Estado Mayor de la Clase Obrera eval\u00faa temas fundamentales en materia laboral y productiva \u00a0\",\"datePublished\":\"2016-11-29T14:29:47+00:00\",\"dateModified\":\"2016-11-29T14:29:47+00:00\",\"mainEntityOfPage\":{\"@id\":\"https:\/\/www.mpppst.gob.ve\/mpppstweb\/index.php\/2016\/11\/29\/estado-mayor-de-la-clase-obrera-evalua-temas-fundamentales-en-materia-laboral-y-productiva\/\"},\"wordCount\":786,\"publisher\":{\"@id\":\"https:\/\/www.mpppst.gob.ve\/mpppstweb\/#organization\"},\"image\":{\"@id\":\"https:\/\/www.mpppst.gob.ve\/mpppstweb\/index.php\/2016\/11\/29\/estado-mayor-de-la-clase-obrera-evalua-temas-fundamentales-en-materia-laboral-y-productiva\/#primaryimage\"},\"thumbnailUrl\":\"https:\/\/www.mpppst.gob.ve\/mpppstweb\/wp-content\/uploads\/2016\/11\/ministro.jpg\",\"keywords\":[\"Defensa Integral\",\"Justa distribuci\u00f3n de la riqueza\",\"MPPPST\",\"Proceso Social\"],\"articleSection\":[\"Noticias\",\"Vida Laboral y Sindical\"],\"inLanguage\":\"es\"},{\"@type\":\"WebPage\",\"@id\":\"https:\/\/www.mpppst.gob.ve\/mpppstweb\/index.php\/2016\/11\/29\/estado-mayor-de-la-clase-obrera-evalua-temas-fundamentales-en-materia-laboral-y-productiva\/\",\"url\":\"https:\/\/www.mpppst.gob.ve\/mpppstweb\/index.php\/2016\/11\/29\/estado-mayor-de-la-clase-obrera-evalua-temas-fundamentales-en-materia-laboral-y-productiva\/\",\"name\":\"Estado Mayor de la Clase Obrera eval\u00faa temas fundamentales en materia laboral y productiva \u00a0 - MPPPST\",\"isPartOf\":{\"@id\":\"https:\/\/www.mpppst.gob.ve\/mpppstweb\/#website\"},\"primaryImageOfPage\":{\"@id\":\"https:\/\/www.mpppst.gob.ve\/mpppstweb\/index.php\/2016\/11\/29\/estado-mayor-de-la-clase-obrera-evalua-temas-fundamentales-en-materia-laboral-y-productiva\/#primaryimage\"},\"image\":{\"@id\":\"https:\/\/www.mpppst.gob.ve\/mpppstweb\/index.php\/2016\/11\/29\/estado-mayor-de-la-clase-obrera-evalua-temas-fundamentales-en-materia-laboral-y-productiva\/#primaryimage\"},\"thumbnailUrl\":\"https:\/\/www.mpppst.gob.ve\/mpppstweb\/wp-content\/uploads\/2016\/11\/ministro.jpg\",\"datePublished\":\"2016-11-29T14:29:47+00:00\",\"dateModified\":\"2016-11-29T14:29:47+00:00\",\"breadcrumb\":{\"@id\":\"https:\/\/www.mpppst.gob.ve\/mpppstweb\/index.php\/2016\/11\/29\/estado-mayor-de-la-clase-obrera-evalua-temas-fundamentales-en-materia-laboral-y-productiva\/#breadcrumb\"},\"inLanguage\":\"es\",\"potentialAction\":[{\"@type\":\"ReadAction\",\"target\":[\"https:\/\/www.mpppst.gob.ve\/mpppstweb\/index.php\/2016\/11\/29\/estado-mayor-de-la-clase-obrera-evalua-temas-fundamentales-en-materia-laboral-y-productiva\/\"]}]},{\"@type\":\"ImageObject\",\"inLanguage\":\"es\",\"@id\":\"https:\/\/www.mpppst.gob.ve\/mpppstweb\/index.php\/2016\/11\/29\/estado-mayor-de-la-clase-obrera-evalua-temas-fundamentales-en-materia-laboral-y-productiva\/#primaryimage\",\"url\":\"https:\/\/www.mpppst.gob.ve\/mpppstweb\/wp-content\/uploads\/2016\/11\/ministro.jpg\",\"contentUrl\":\"https:\/\/www.mpppst.gob.ve\/mpppstweb\/wp-content\/uploads\/2016\/11\/ministro.jpg\",\"width\":800,\"height\":445},{\"@type\":\"BreadcrumbList\",\"@id\":\"https:\/\/www.mpppst.gob.ve\/mpppstweb\/index.php\/2016\/11\/29\/estado-mayor-de-la-clase-obrera-evalua-temas-fundamentales-en-materia-laboral-y-productiva\/#breadcrumb\",\"itemListElement\":[{\"@type\":\"ListItem\",\"position\":1,\"name\":\"Home\",\"item\":\"https:\/\/www.mpppst.gob.ve\/mpppstweb\/\"},{\"@type\":\"ListItem\",\"position\":2,\"name\":\"Estado Mayor de la Clase Obrera eval\u00faa temas fundamentales en materia laboral y productiva \u00a0\"}]},{\"@type\":\"WebSite\",\"@id\":\"https:\/\/www.mpppst.gob.ve\/mpppstweb\/#website\",\"url\":\"https:\/\/www.mpppst.gob.ve\/mpppstweb\/\",\"name\":\"MPPPST\",\"description\":\"Ministerio del Poder Popular para el Proceso Social de Trabajo\",\"publisher\":{\"@id\":\"https:\/\/www.mpppst.gob.ve\/mpppstweb\/#organization\"},\"potentialAction\":[{\"@type\":\"SearchAction\",\"target\":{\"@type\":\"EntryPoint\",\"urlTemplate\":\"https:\/\/www.mpppst.gob.ve\/mpppstweb\/?s={search_term_string}\"},\"query-input\":\"required name=search_term_string\"}],\"inLanguage\":\"es\"},{\"@type\":\"Organization\",\"@id\":\"https:\/\/www.mpppst.gob.ve\/mpppstweb\/#organization\",\"name\":\"mpppst\",\"url\":\"https:\/\/www.mpppst.gob.ve\/mpppstweb\/\",\"logo\":{\"@type\":\"ImageObject\",\"inLanguage\":\"es\",\"@id\":\"https:\/\/www.mpppst.gob.ve\/mpppstweb\/#\/schema\/logo\/image\/\",\"url\":\"https:\/\/www.mpppst.gob.ve\/mpppstweb\/wp-content\/uploads\/2025\/07\/cropped-cropped-g910.png\",\"contentUrl\":\"https:\/\/www.mpppst.gob.ve\/mpppstweb\/wp-content\/uploads\/2025\/07\/cropped-cropped-g910.png\",\"width\":1080,\"height\":241,\"caption\":\"mpppst\"},\"image\":{\"@id\":\"https:\/\/www.mpppst.gob.ve\/mpppstweb\/#\/schema\/logo\/image\/\"}},{\"@type\":\"Person\",\"@id\":\"https:\/\/www.mpppst.gob.ve\/mpppstweb\/#\/schema\/person\/fc187ee8ead412bd4c9304b62f900ea4\",\"name\":\"MPPPST Prensa\",\"url\":\"https:\/\/www.mpppst.gob.ve\/mpppstweb\/index.php\/author\/prensa-mpppst\/\"}]}<\/script>\n<!-- \/ Yoast SEO plugin. -->","yoast_head_json":{"title":"Estado Mayor de la Clase Obrera eval\u00faa temas fundamentales en materia laboral y productiva \u00a0 - MPPPST","robots":{"index":"index","follow":"follow","max-snippet":"max-snippet:-1","max-image-preview":"max-image-preview:large","max-video-preview":"max-video-preview:-1"},"canonical":"https:\/\/www.mpppst.gob.ve\/mpppstweb\/index.php\/2016\/11\/29\/estado-mayor-de-la-clase-obrera-evalua-temas-fundamentales-en-materia-laboral-y-productiva\/","og_locale":"es_ES","og_type":"article","og_title":"Estado Mayor de la Clase Obrera eval\u00faa temas fundamentales en materia laboral y productiva \u00a0 - MPPPST","og_description":"(Prensa MPPPST).- Con el fin de evaluar tres temas fundamentales: la revisi\u00f3n de los planes que &hellip; Estado Mayor de la Clase Obrera eval\u00faa temas fundamentales en materia laboral y productiva \u00a0Read more","og_url":"https:\/\/www.mpppst.gob.ve\/mpppstweb\/index.php\/2016\/11\/29\/estado-mayor-de-la-clase-obrera-evalua-temas-fundamentales-en-materia-laboral-y-productiva\/","og_site_name":"MPPPST","article_published_time":"2016-11-29T14:29:47+00:00","og_image":[{"width":800,"height":445,"url":"https:\/\/www.mpppst.gob.ve\/mpppstweb\/wp-content\/uploads\/2016\/11\/ministro.jpg","type":"image\/jpeg"}],"author":"MPPPST Prensa","twitter_card":"summary_large_image","twitter_misc":{"Escrito por":"MPPPST Prensa","Tiempo de lectura":"4 minutos"},"schema":{"@context":"https:\/\/schema.org","@graph":[{"@type":"Article","@id":"https:\/\/www.mpppst.gob.ve\/mpppstweb\/index.php\/2016\/11\/29\/estado-mayor-de-la-clase-obrera-evalua-temas-fundamentales-en-materia-laboral-y-productiva\/#article","isPartOf":{"@id":"https:\/\/www.mpppst.gob.ve\/mpppstweb\/index.php\/2016\/11\/29\/estado-mayor-de-la-clase-obrera-evalua-temas-fundamentales-en-materia-laboral-y-productiva\/"},"author":{"name":"MPPPST Prensa","@id":"https:\/\/www.mpppst.gob.ve\/mpppstweb\/#\/schema\/person\/fc187ee8ead412bd4c9304b62f900ea4"},"headline":"Estado Mayor de la Clase Obrera eval\u00faa temas fundamentales en materia laboral y productiva \u00a0","datePublished":"2016-11-29T14:29:47+00:00","dateModified":"2016-11-29T14:29:47+00:00","mainEntityOfPage":{"@id":"https:\/\/www.mpppst.gob.ve\/mpppstweb\/index.php\/2016\/11\/29\/estado-mayor-de-la-clase-obrera-evalua-temas-fundamentales-en-materia-laboral-y-productiva\/"},"wordCount":786,"publisher":{"@id":"https:\/\/www.mpppst.gob.ve\/mpppstweb\/#organization"},"image":{"@id":"https:\/\/www.mpppst.gob.ve\/mpppstweb\/index.php\/2016\/11\/29\/estado-mayor-de-la-clase-obrera-evalua-temas-fundamentales-en-materia-laboral-y-productiva\/#primaryimage"},"thumbnailUrl":"https:\/\/www.mpppst.gob.ve\/mpppstweb\/wp-content\/uploads\/2016\/11\/ministro.jpg","keywords":["Defensa Integral","Justa distribuci\u00f3n de la riqueza","MPPPST","Proceso Social"],"articleSection":["Noticias","Vida Laboral y Sindical"],"inLanguage":"es"},{"@type":"WebPage","@id":"https:\/\/www.mpppst.gob.ve\/mpppstweb\/index.php\/2016\/11\/29\/estado-mayor-de-la-clase-obrera-evalua-temas-fundamentales-en-materia-laboral-y-productiva\/","url":"https:\/\/www.mpppst.gob.ve\/mpppstweb\/index.php\/2016\/11\/29\/estado-mayor-de-la-clase-obrera-evalua-temas-fundamentales-en-materia-laboral-y-productiva\/","name":"Estado Mayor de la Clase Obrera eval\u00faa temas fundamentales en materia laboral y productiva \u00a0 - MPPPST","isPartOf":{"@id":"https:\/\/www.mpppst.gob.ve\/mpppstweb\/#website"},"primaryImageOfPage":{"@id":"https:\/\/www.mpppst.gob.ve\/mpppstweb\/index.php\/2016\/11\/29\/estado-mayor-de-la-clase-obrera-evalua-temas-fundamentales-en-materia-laboral-y-productiva\/#primaryimage"},"image":{"@id":"https:\/\/www.mpppst.gob.ve\/mpppstweb\/index.php\/2016\/11\/29\/estado-mayor-de-la-clase-obrera-evalua-temas-fundamentales-en-materia-laboral-y-productiva\/#primaryimage"},"thumbnailUrl":"https:\/\/www.mpppst.gob.ve\/mpppstweb\/wp-content\/uploads\/2016\/11\/ministro.jpg","datePublished":"2016-11-29T14:29:47+00:00","dateModified":"2016-11-29T14:29:47+00:00","breadcrumb":{"@id":"https:\/\/www.mpppst.gob.ve\/mpppstweb\/index.php\/2016\/11\/29\/estado-mayor-de-la-clase-obrera-evalua-temas-fundamentales-en-materia-laboral-y-productiva\/#breadcrumb"},"inLanguage":"es","potentialAction":[{"@type":"ReadAction","target":["https:\/\/www.mpppst.gob.ve\/mpppstweb\/index.php\/2016\/11\/29\/estado-mayor-de-la-clase-obrera-evalua-temas-fundamentales-en-materia-laboral-y-productiva\/"]}]},{"@type":"ImageObject","inLanguage":"es","@id":"https:\/\/www.mpppst.gob.ve\/mpppstweb\/index.php\/2016\/11\/29\/estado-mayor-de-la-clase-obrera-evalua-temas-fundamentales-en-materia-laboral-y-productiva\/#primaryimage","url":"https:\/\/www.mpppst.gob.ve\/mpppstweb\/wp-content\/uploads\/2016\/11\/ministro.jpg","contentUrl":"https:\/\/www.mpppst.gob.ve\/mpppstweb\/wp-content\/uploads\/2016\/11\/ministro.jpg","width":800,"height":445},{"@type":"BreadcrumbList","@id":"https:\/\/www.mpppst.gob.ve\/mpppstweb\/index.php\/2016\/11\/29\/estado-mayor-de-la-clase-obrera-evalua-temas-fundamentales-en-materia-laboral-y-productiva\/#breadcrumb","itemListElement":[{"@type":"ListItem","position":1,"name":"Home","item":"https:\/\/www.mpppst.gob.ve\/mpppstweb\/"},{"@type":"ListItem","position":2,"name":"Estado Mayor de la Clase Obrera eval\u00faa temas fundamentales en materia laboral y productiva \u00a0"}]},{"@type":"WebSite","@id":"https:\/\/www.mpppst.gob.ve\/mpppstweb\/#website","url":"https:\/\/www.mpppst.gob.ve\/mpppstweb\/","name":"MPPPST","description":"Ministerio del Poder Popular para el Proceso Social de Trabajo","publisher":{"@id":"https:\/\/www.mpppst.gob.ve\/mpppstweb\/#organization"},"potentialAction":[{"@type":"SearchAction","target":{"@type":"EntryPoint","urlTemplate":"https:\/\/www.mpppst.gob.ve\/mpppstweb\/?s={search_term_string}"},"query-input":"required name=search_term_string"}],"inLanguage":"es"},{"@type":"Organization","@id":"https:\/\/www.mpppst.gob.ve\/mpppstweb\/#organization","name":"mpppst","url":"https:\/\/www.mpppst.gob.ve\/mpppstweb\/","logo":{"@type":"ImageObject","inLanguage":"es","@id":"https:\/\/www.mpppst.gob.ve\/mpppstweb\/#\/schema\/logo\/image\/","url":"https:\/\/www.mpppst.gob.ve\/mpppstweb\/wp-content\/uploads\/2025\/07\/cropped-cropped-g910.png","contentUrl":"https:\/\/www.mpppst.gob.ve\/mpppstweb\/wp-content\/uploads\/2025\/07\/cropped-cropped-g910.png","width":1080,"height":241,"caption":"mpppst"},"image":{"@id":"https:\/\/www.mpppst.gob.ve\/mpppstweb\/#\/schema\/logo\/image\/"}},{"@type":"Person","@id":"https:\/\/www.mpppst.gob.ve\/mpppstweb\/#\/schema\/person\/fc187ee8ead412bd4c9304b62f900ea4","name":"MPPPST Prensa","url":"https:\/\/www.mpppst.gob.ve\/mpppstweb\/index.php\/author\/prensa-mpppst\/"}]}},"_links":{"self":[{"href":"https:\/\/www.mpppst.gob.ve\/mpppstweb\/index.php\/wp-json\/wp\/v2\/posts\/9461"}],"collection":[{"href":"https:\/\/www.mpppst.gob.ve\/mpppstweb\/index.php\/wp-json\/wp\/v2\/posts"}],"about":[{"href":"https:\/\/www.mpppst.gob.ve\/mpppstweb\/index.php\/wp-json\/wp\/v2\/types\/post"}],"author":[{"embeddable":true,"href":"https:\/\/www.mpppst.gob.ve\/mpppstweb\/index.php\/wp-json\/wp\/v2\/users\/25"}],"replies":[{"embeddable":true,"href":"https:\/\/www.mpppst.gob.ve\/mpppstweb\/index.php\/wp-json\/wp\/v2\/comments?post=9461"}],"version-history":[{"count":1,"href":"https:\/\/www.mpppst.gob.ve\/mpppstweb\/index.php\/wp-json\/wp\/v2\/posts\/9461\/revisions"}],"predecessor-version":[{"id":9463,"href":"https:\/\/www.mpppst.gob.ve\/mpppstweb\/index.php\/wp-json\/wp\/v2\/posts\/9461\/revisions\/9463"}],"wp:featuredmedia":[{"embeddable":true,"href":"https:\/\/www.mpppst.gob.ve\/mpppstweb\/index.php\/wp-json\/wp\/v2\/media\/9462"}],"wp:attachment":[{"href":"https:\/\/www.mpppst.gob.ve\/mpppstweb\/index.php\/wp-json\/wp\/v2\/media?parent=9461"}],"wp:term":[{"taxonomy":"category","embeddable":true,"href":"https:\/\/www.mpppst.gob.ve\/mpppstweb\/index.php\/wp-json\/wp\/v2\/categories?post=9461"},{"taxonomy":"post_tag","embeddable":true,"href":"https:\/\/www.mpppst.gob.ve\/mpppstweb\/index.php\/wp-json\/wp\/v2\/tags?post=9461"}],"curies":[{"name":"wp","href":"https:\/\/api.w.org\/{rel}","templated":true}]}}