{"id":9467,"date":"2016-11-29T16:04:44","date_gmt":"2016-11-29T16:04:44","guid":{"rendered":"http:\/\/www.mpppst.gob.ve\/mpppstweb\/?p=9467"},"modified":"2016-11-29T16:04:44","modified_gmt":"2016-11-29T16:04:44","slug":"presidentes-nicolas-maduro-y-evo-morales-rinden-tributo-a-fidel-castro","status":"publish","type":"post","link":"https:\/\/www.mpppst.gob.ve\/mpppstweb\/index.php\/2016\/11\/29\/presidentes-nicolas-maduro-y-evo-morales-rinden-tributo-a-fidel-castro\/","title":{"rendered":"Presidentes Nicol\u00e1s Maduro y Evo Morales rinden tributo a Fidel Castro"},"content":{"rendered":"<div class=\"field field-name-field-cr-dito-de-la-noticia field-type-text field-label-hidden\">\n<div class=\"field-items\">\n<div class=\"field-item even\">Yvke Mundial\/RNV<\/div>\n<\/div>\n<\/div>\n<div class=\"field field-name-body field-type-text-with-summary field-label-hidden\">\n<div class=\"field-items\">\n<div class=\"field-item even\">\n<p class=\"rtejustify\">Los presidentes de Venezuela, Nicol\u00e1s Maduro y de Bolivia, Evo Morales, llegaron este martes al Memorial Jos\u00e9 Mart\u00ed, en la Plaza de la Revoluci\u00f3n, ubicada en la hermanan\u00a0Rep\u00fablica de Cuba, para rendir homenaje al l\u00edder de la Revoluci\u00f3n Cubana, Fidel Castro.<\/p>\n<p class=\"rtejustify\">Desde el lugar, los mandatarios rindieron homenaje y ofrecieron sus respetos a este gigante de la revoluci\u00f3n.<\/p>\n<p>A su llegada este martes a La Habana, Maduro manifest\u00f3: \u201cVenimos a acompa\u00f1ar al pueblo de Cuba como quien acompa\u00f1a en su casa a la familia, porque somos eso una gran familia, somos la familia que logr\u00f3 unir Fidel y Ch\u00e1vez, que lograron visualizar (Sim\u00f3n) Bol\u00edvar y (Jos\u00e9) Mart\u00ed\u201d.<\/p>\n<p>De acuerdo con el programa de actividades en honor a Fidel Castro, La Habana despedir\u00e1 al hist\u00f3rico dirigente cubano con un multitudinario acto en la Plaza de la Revoluci\u00f3n, coraz\u00f3n pol\u00edtico de Cuba, donde pronunci\u00f3 muchos de sus famosos discursos.<\/p>\n<p>Son nueve d\u00edas de duelo nacional para Cuba, que cuentan hasta el pr\u00f3ximo s\u00e1bado 4 de diciembre. En este lapso cesar\u00e1n las actividades y espect\u00e1culos p\u00fablicos y ondear\u00e1 la bandera nacional a media asta.<\/p>\n<p class=\"rtejustify\">\n<\/div>\n<\/div>\n<\/div>\n","protected":false},"excerpt":{"rendered":"<p>Yvke Mundial\/RNV Los presidentes de Venezuela, Nicol\u00e1s Maduro y de Bolivia, Evo Morales, llegaron este martes &hellip; <a title=\"Presidentes Nicol\u00e1s Maduro y Evo Morales rinden tributo a Fidel Castro\" class=\"hm-read-more\" href=\"https:\/\/www.mpppst.gob.ve\/mpppstweb\/index.php\/2016\/11\/29\/presidentes-nicolas-maduro-y-evo-morales-rinden-tributo-a-fidel-castro\/\"><span class=\"screen-reader-text\">Presidentes Nicol\u00e1s Maduro y Evo Morales rinden tributo a Fidel Castro<\/span>Read more<\/a><\/p>\n","protected":false},"author":25,"featured_media":9468,"comment_status":"closed","ping_status":"closed","sticky":false,"template":"","format":"standard","meta":{"footnotes":""},"categories":[82,163,213],"tags":[],"yoast_head":"<!-- This site is optimized with the Yoast SEO plugin v22.5 - https:\/\/yoast.com\/wordpress\/plugins\/seo\/ -->\n<title>Presidentes Nicol\u00e1s Maduro y Evo Morales rinden tributo a Fidel Castro - MPPPST<\/title>\n<meta name=\"robots\" content=\"index, follow, max-snippet:-1, max-image-preview:large, max-video-preview:-1\" \/>\n<link rel=\"canonical\" href=\"https:\/\/www.mpppst.gob.ve\/mpppstweb\/index.php\/2016\/11\/29\/presidentes-nicolas-maduro-y-evo-morales-rinden-tributo-a-fidel-castro\/\" \/>\n<meta property=\"og:locale\" content=\"es_ES\" \/>\n<meta property=\"og:type\" content=\"article\" \/>\n<meta property=\"og:title\" content=\"Presidentes Nicol\u00e1s Maduro y Evo Morales rinden tributo a Fidel Castro - MPPPST\" \/>\n<meta property=\"og:description\" content=\"Yvke Mundial\/RNV Los presidentes de Venezuela, Nicol\u00e1s Maduro y de Bolivia, Evo Morales, llegaron este martes &hellip; Presidentes Nicol\u00e1s Maduro y Evo Morales rinden tributo a Fidel CastroRead more\" \/>\n<meta property=\"og:url\" content=\"https:\/\/www.mpppst.gob.ve\/mpppstweb\/index.php\/2016\/11\/29\/presidentes-nicolas-maduro-y-evo-morales-rinden-tributo-a-fidel-castro\/\" \/>\n<meta property=\"og:site_name\" content=\"MPPPST\" \/>\n<meta property=\"article:published_time\" content=\"2016-11-29T16:04:44+00:00\" \/>\n<meta property=\"og:image\" content=\"https:\/\/www.mpppst.gob.ve\/mpppstweb\/wp-content\/uploads\/2016\/11\/Cuba.jpg\" \/>\n\t<meta property=\"og:image:width\" content=\"800\" \/>\n\t<meta property=\"og:image:height\" content=\"445\" \/>\n\t<meta property=\"og:image:type\" content=\"image\/jpeg\" \/>\n<meta name=\"author\" content=\"MPPPST Prensa\" \/>\n<meta name=\"twitter:card\" content=\"summary_large_image\" \/>\n<meta name=\"twitter:label1\" content=\"Escrito por\" \/>\n\t<meta name=\"twitter:data1\" content=\"MPPPST Prensa\" \/>\n\t<meta name=\"twitter:label2\" content=\"Tiempo de lectura\" \/>\n\t<meta name=\"twitter:data2\" content=\"1 minuto\" \/>\n<script type=\"application\/ld+json\" class=\"yoast-schema-graph\">{\"@context\":\"https:\/\/schema.org\",\"@graph\":[{\"@type\":\"Article\",\"@id\":\"https:\/\/www.mpppst.gob.ve\/mpppstweb\/index.php\/2016\/11\/29\/presidentes-nicolas-maduro-y-evo-morales-rinden-tributo-a-fidel-castro\/#article\",\"isPartOf\":{\"@id\":\"https:\/\/www.mpppst.gob.ve\/mpppstweb\/index.php\/2016\/11\/29\/presidentes-nicolas-maduro-y-evo-morales-rinden-tributo-a-fidel-castro\/\"},\"author\":{\"name\":\"MPPPST Prensa\",\"@id\":\"https:\/\/www.mpppst.gob.ve\/mpppstweb\/#\/schema\/person\/fc187ee8ead412bd4c9304b62f900ea4\"},\"headline\":\"Presidentes Nicol\u00e1s Maduro y Evo Morales rinden tributo a Fidel Castro\",\"datePublished\":\"2016-11-29T16:04:44+00:00\",\"dateModified\":\"2016-11-29T16:04:44+00:00\",\"mainEntityOfPage\":{\"@id\":\"https:\/\/www.mpppst.gob.ve\/mpppstweb\/index.php\/2016\/11\/29\/presidentes-nicolas-maduro-y-evo-morales-rinden-tributo-a-fidel-castro\/\"},\"wordCount\":217,\"publisher\":{\"@id\":\"https:\/\/www.mpppst.gob.ve\/mpppstweb\/#organization\"},\"image\":{\"@id\":\"https:\/\/www.mpppst.gob.ve\/mpppstweb\/index.php\/2016\/11\/29\/presidentes-nicolas-maduro-y-evo-morales-rinden-tributo-a-fidel-castro\/#primaryimage\"},\"thumbnailUrl\":\"https:\/\/www.mpppst.gob.ve\/mpppstweb\/wp-content\/uploads\/2016\/11\/Cuba.jpg\",\"articleSection\":[\"Gobierno Nacional\",\"Noticias\",\"Presidencia de la Rep\u00fablica\"],\"inLanguage\":\"es\"},{\"@type\":\"WebPage\",\"@id\":\"https:\/\/www.mpppst.gob.ve\/mpppstweb\/index.php\/2016\/11\/29\/presidentes-nicolas-maduro-y-evo-morales-rinden-tributo-a-fidel-castro\/\",\"url\":\"https:\/\/www.mpppst.gob.ve\/mpppstweb\/index.php\/2016\/11\/29\/presidentes-nicolas-maduro-y-evo-morales-rinden-tributo-a-fidel-castro\/\",\"name\":\"Presidentes Nicol\u00e1s Maduro y Evo Morales rinden tributo a Fidel Castro - MPPPST\",\"isPartOf\":{\"@id\":\"https:\/\/www.mpppst.gob.ve\/mpppstweb\/#website\"},\"primaryImageOfPage\":{\"@id\":\"https:\/\/www.mpppst.gob.ve\/mpppstweb\/index.php\/2016\/11\/29\/presidentes-nicolas-maduro-y-evo-morales-rinden-tributo-a-fidel-castro\/#primaryimage\"},\"image\":{\"@id\":\"https:\/\/www.mpppst.gob.ve\/mpppstweb\/index.php\/2016\/11\/29\/presidentes-nicolas-maduro-y-evo-morales-rinden-tributo-a-fidel-castro\/#primaryimage\"},\"thumbnailUrl\":\"https:\/\/www.mpppst.gob.ve\/mpppstweb\/wp-content\/uploads\/2016\/11\/Cuba.jpg\",\"datePublished\":\"2016-11-29T16:04:44+00:00\",\"dateModified\":\"2016-11-29T16:04:44+00:00\",\"breadcrumb\":{\"@id\":\"https:\/\/www.mpppst.gob.ve\/mpppstweb\/index.php\/2016\/11\/29\/presidentes-nicolas-maduro-y-evo-morales-rinden-tributo-a-fidel-castro\/#breadcrumb\"},\"inLanguage\":\"es\",\"potentialAction\":[{\"@type\":\"ReadAction\",\"target\":[\"https:\/\/www.mpppst.gob.ve\/mpppstweb\/index.php\/2016\/11\/29\/presidentes-nicolas-maduro-y-evo-morales-rinden-tributo-a-fidel-castro\/\"]}]},{\"@type\":\"ImageObject\",\"inLanguage\":\"es\",\"@id\":\"https:\/\/www.mpppst.gob.ve\/mpppstweb\/index.php\/2016\/11\/29\/presidentes-nicolas-maduro-y-evo-morales-rinden-tributo-a-fidel-castro\/#primaryimage\",\"url\":\"https:\/\/www.mpppst.gob.ve\/mpppstweb\/wp-content\/uploads\/2016\/11\/Cuba.jpg\",\"contentUrl\":\"https:\/\/www.mpppst.gob.ve\/mpppstweb\/wp-content\/uploads\/2016\/11\/Cuba.jpg\",\"width\":800,\"height\":445},{\"@type\":\"BreadcrumbList\",\"@id\":\"https:\/\/www.mpppst.gob.ve\/mpppstweb\/index.php\/2016\/11\/29\/presidentes-nicolas-maduro-y-evo-morales-rinden-tributo-a-fidel-castro\/#breadcrumb\",\"itemListElement\":[{\"@type\":\"ListItem\",\"position\":1,\"name\":\"Home\",\"item\":\"https:\/\/www.mpppst.gob.ve\/mpppstweb\/\"},{\"@type\":\"ListItem\",\"position\":2,\"name\":\"Presidentes Nicol\u00e1s Maduro y Evo Morales rinden tributo a Fidel Castro\"}]},{\"@type\":\"WebSite\",\"@id\":\"https:\/\/www.mpppst.gob.ve\/mpppstweb\/#website\",\"url\":\"https:\/\/www.mpppst.gob.ve\/mpppstweb\/\",\"name\":\"MPPPST\",\"description\":\"Ministerio del Poder Popular para el Proceso Social de Trabajo\",\"publisher\":{\"@id\":\"https:\/\/www.mpppst.gob.ve\/mpppstweb\/#organization\"},\"potentialAction\":[{\"@type\":\"SearchAction\",\"target\":{\"@type\":\"EntryPoint\",\"urlTemplate\":\"https:\/\/www.mpppst.gob.ve\/mpppstweb\/?s={search_term_string}\"},\"query-input\":\"required name=search_term_string\"}],\"inLanguage\":\"es\"},{\"@type\":\"Organization\",\"@id\":\"https:\/\/www.mpppst.gob.ve\/mpppstweb\/#organization\",\"name\":\"mpppst\",\"url\":\"https:\/\/www.mpppst.gob.ve\/mpppstweb\/\",\"logo\":{\"@type\":\"ImageObject\",\"inLanguage\":\"es\",\"@id\":\"https:\/\/www.mpppst.gob.ve\/mpppstweb\/#\/schema\/logo\/image\/\",\"url\":\"https:\/\/www.mpppst.gob.ve\/mpppstweb\/wp-content\/uploads\/2025\/07\/cropped-cropped-g910.png\",\"contentUrl\":\"https:\/\/www.mpppst.gob.ve\/mpppstweb\/wp-content\/uploads\/2025\/07\/cropped-cropped-g910.png\",\"width\":1080,\"height\":241,\"caption\":\"mpppst\"},\"image\":{\"@id\":\"https:\/\/www.mpppst.gob.ve\/mpppstweb\/#\/schema\/logo\/image\/\"}},{\"@type\":\"Person\",\"@id\":\"https:\/\/www.mpppst.gob.ve\/mpppstweb\/#\/schema\/person\/fc187ee8ead412bd4c9304b62f900ea4\",\"name\":\"MPPPST Prensa\",\"url\":\"https:\/\/www.mpppst.gob.ve\/mpppstweb\/index.php\/author\/prensa-mpppst\/\"}]}<\/script>\n<!-- \/ Yoast SEO plugin. -->","yoast_head_json":{"title":"Presidentes Nicol\u00e1s Maduro y Evo Morales rinden tributo a Fidel Castro - MPPPST","robots":{"index":"index","follow":"follow","max-snippet":"max-snippet:-1","max-image-preview":"max-image-preview:large","max-video-preview":"max-video-preview:-1"},"canonical":"https:\/\/www.mpppst.gob.ve\/mpppstweb\/index.php\/2016\/11\/29\/presidentes-nicolas-maduro-y-evo-morales-rinden-tributo-a-fidel-castro\/","og_locale":"es_ES","og_type":"article","og_title":"Presidentes Nicol\u00e1s Maduro y Evo Morales rinden tributo a Fidel Castro - MPPPST","og_description":"Yvke Mundial\/RNV Los presidentes de Venezuela, Nicol\u00e1s Maduro y de Bolivia, Evo Morales, llegaron este martes &hellip; Presidentes Nicol\u00e1s Maduro y Evo Morales rinden tributo a Fidel CastroRead more","og_url":"https:\/\/www.mpppst.gob.ve\/mpppstweb\/index.php\/2016\/11\/29\/presidentes-nicolas-maduro-y-evo-morales-rinden-tributo-a-fidel-castro\/","og_site_name":"MPPPST","article_published_time":"2016-11-29T16:04:44+00:00","og_image":[{"width":800,"height":445,"url":"https:\/\/www.mpppst.gob.ve\/mpppstweb\/wp-content\/uploads\/2016\/11\/Cuba.jpg","type":"image\/jpeg"}],"author":"MPPPST Prensa","twitter_card":"summary_large_image","twitter_misc":{"Escrito por":"MPPPST Prensa","Tiempo de lectura":"1 minuto"},"schema":{"@context":"https:\/\/schema.org","@graph":[{"@type":"Article","@id":"https:\/\/www.mpppst.gob.ve\/mpppstweb\/index.php\/2016\/11\/29\/presidentes-nicolas-maduro-y-evo-morales-rinden-tributo-a-fidel-castro\/#article","isPartOf":{"@id":"https:\/\/www.mpppst.gob.ve\/mpppstweb\/index.php\/2016\/11\/29\/presidentes-nicolas-maduro-y-evo-morales-rinden-tributo-a-fidel-castro\/"},"author":{"name":"MPPPST Prensa","@id":"https:\/\/www.mpppst.gob.ve\/mpppstweb\/#\/schema\/person\/fc187ee8ead412bd4c9304b62f900ea4"},"headline":"Presidentes Nicol\u00e1s Maduro y Evo Morales rinden tributo a Fidel Castro","datePublished":"2016-11-29T16:04:44+00:00","dateModified":"2016-11-29T16:04:44+00:00","mainEntityOfPage":{"@id":"https:\/\/www.mpppst.gob.ve\/mpppstweb\/index.php\/2016\/11\/29\/presidentes-nicolas-maduro-y-evo-morales-rinden-tributo-a-fidel-castro\/"},"wordCount":217,"publisher":{"@id":"https:\/\/www.mpppst.gob.ve\/mpppstweb\/#organization"},"image":{"@id":"https:\/\/www.mpppst.gob.ve\/mpppstweb\/index.php\/2016\/11\/29\/presidentes-nicolas-maduro-y-evo-morales-rinden-tributo-a-fidel-castro\/#primaryimage"},"thumbnailUrl":"https:\/\/www.mpppst.gob.ve\/mpppstweb\/wp-content\/uploads\/2016\/11\/Cuba.jpg","articleSection":["Gobierno Nacional","Noticias","Presidencia de la Rep\u00fablica"],"inLanguage":"es"},{"@type":"WebPage","@id":"https:\/\/www.mpppst.gob.ve\/mpppstweb\/index.php\/2016\/11\/29\/presidentes-nicolas-maduro-y-evo-morales-rinden-tributo-a-fidel-castro\/","url":"https:\/\/www.mpppst.gob.ve\/mpppstweb\/index.php\/2016\/11\/29\/presidentes-nicolas-maduro-y-evo-morales-rinden-tributo-a-fidel-castro\/","name":"Presidentes Nicol\u00e1s Maduro y Evo Morales rinden tributo a Fidel Castro - MPPPST","isPartOf":{"@id":"https:\/\/www.mpppst.gob.ve\/mpppstweb\/#website"},"primaryImageOfPage":{"@id":"https:\/\/www.mpppst.gob.ve\/mpppstweb\/index.php\/2016\/11\/29\/presidentes-nicolas-maduro-y-evo-morales-rinden-tributo-a-fidel-castro\/#primaryimage"},"image":{"@id":"https:\/\/www.mpppst.gob.ve\/mpppstweb\/index.php\/2016\/11\/29\/presidentes-nicolas-maduro-y-evo-morales-rinden-tributo-a-fidel-castro\/#primaryimage"},"thumbnailUrl":"https:\/\/www.mpppst.gob.ve\/mpppstweb\/wp-content\/uploads\/2016\/11\/Cuba.jpg","datePublished":"2016-11-29T16:04:44+00:00","dateModified":"2016-11-29T16:04:44+00:00","breadcrumb":{"@id":"https:\/\/www.mpppst.gob.ve\/mpppstweb\/index.php\/2016\/11\/29\/presidentes-nicolas-maduro-y-evo-morales-rinden-tributo-a-fidel-castro\/#breadcrumb"},"inLanguage":"es","potentialAction":[{"@type":"ReadAction","target":["https:\/\/www.mpppst.gob.ve\/mpppstweb\/index.php\/2016\/11\/29\/presidentes-nicolas-maduro-y-evo-morales-rinden-tributo-a-fidel-castro\/"]}]},{"@type":"ImageObject","inLanguage":"es","@id":"https:\/\/www.mpppst.gob.ve\/mpppstweb\/index.php\/2016\/11\/29\/presidentes-nicolas-maduro-y-evo-morales-rinden-tributo-a-fidel-castro\/#primaryimage","url":"https:\/\/www.mpppst.gob.ve\/mpppstweb\/wp-content\/uploads\/2016\/11\/Cuba.jpg","contentUrl":"https:\/\/www.mpppst.gob.ve\/mpppstweb\/wp-content\/uploads\/2016\/11\/Cuba.jpg","width":800,"height":445},{"@type":"BreadcrumbList","@id":"https:\/\/www.mpppst.gob.ve\/mpppstweb\/index.php\/2016\/11\/29\/presidentes-nicolas-maduro-y-evo-morales-rinden-tributo-a-fidel-castro\/#breadcrumb","itemListElement":[{"@type":"ListItem","position":1,"name":"Home","item":"https:\/\/www.mpppst.gob.ve\/mpppstweb\/"},{"@type":"ListItem","position":2,"name":"Presidentes Nicol\u00e1s Maduro y Evo Morales rinden tributo a Fidel Castro"}]},{"@type":"WebSite","@id":"https:\/\/www.mpppst.gob.ve\/mpppstweb\/#website","url":"https:\/\/www.mpppst.gob.ve\/mpppstweb\/","name":"MPPPST","description":"Ministerio del Poder Popular para el Proceso Social de Trabajo","publisher":{"@id":"https:\/\/www.mpppst.gob.ve\/mpppstweb\/#organization"},"potentialAction":[{"@type":"SearchAction","target":{"@type":"EntryPoint","urlTemplate":"https:\/\/www.mpppst.gob.ve\/mpppstweb\/?s={search_term_string}"},"query-input":"required name=search_term_string"}],"inLanguage":"es"},{"@type":"Organization","@id":"https:\/\/www.mpppst.gob.ve\/mpppstweb\/#organization","name":"mpppst","url":"https:\/\/www.mpppst.gob.ve\/mpppstweb\/","logo":{"@type":"ImageObject","inLanguage":"es","@id":"https:\/\/www.mpppst.gob.ve\/mpppstweb\/#\/schema\/logo\/image\/","url":"https:\/\/www.mpppst.gob.ve\/mpppstweb\/wp-content\/uploads\/2025\/07\/cropped-cropped-g910.png","contentUrl":"https:\/\/www.mpppst.gob.ve\/mpppstweb\/wp-content\/uploads\/2025\/07\/cropped-cropped-g910.png","width":1080,"height":241,"caption":"mpppst"},"image":{"@id":"https:\/\/www.mpppst.gob.ve\/mpppstweb\/#\/schema\/logo\/image\/"}},{"@type":"Person","@id":"https:\/\/www.mpppst.gob.ve\/mpppstweb\/#\/schema\/person\/fc187ee8ead412bd4c9304b62f900ea4","name":"MPPPST Prensa","url":"https:\/\/www.mpppst.gob.ve\/mpppstweb\/index.php\/author\/prensa-mpppst\/"}]}},"_links":{"self":[{"href":"https:\/\/www.mpppst.gob.ve\/mpppstweb\/index.php\/wp-json\/wp\/v2\/posts\/9467"}],"collection":[{"href":"https:\/\/www.mpppst.gob.ve\/mpppstweb\/index.php\/wp-json\/wp\/v2\/posts"}],"about":[{"href":"https:\/\/www.mpppst.gob.ve\/mpppstweb\/index.php\/wp-json\/wp\/v2\/types\/post"}],"author":[{"embeddable":true,"href":"https:\/\/www.mpppst.gob.ve\/mpppstweb\/index.php\/wp-json\/wp\/v2\/users\/25"}],"replies":[{"embeddable":true,"href":"https:\/\/www.mpppst.gob.ve\/mpppstweb\/index.php\/wp-json\/wp\/v2\/comments?post=9467"}],"version-history":[{"count":1,"href":"https:\/\/www.mpppst.gob.ve\/mpppstweb\/index.php\/wp-json\/wp\/v2\/posts\/9467\/revisions"}],"predecessor-version":[{"id":9469,"href":"https:\/\/www.mpppst.gob.ve\/mpppstweb\/index.php\/wp-json\/wp\/v2\/posts\/9467\/revisions\/9469"}],"wp:featuredmedia":[{"embeddable":true,"href":"https:\/\/www.mpppst.gob.ve\/mpppstweb\/index.php\/wp-json\/wp\/v2\/media\/9468"}],"wp:attachment":[{"href":"https:\/\/www.mpppst.gob.ve\/mpppstweb\/index.php\/wp-json\/wp\/v2\/media?parent=9467"}],"wp:term":[{"taxonomy":"category","embeddable":true,"href":"https:\/\/www.mpppst.gob.ve\/mpppstweb\/index.php\/wp-json\/wp\/v2\/categories?post=9467"},{"taxonomy":"post_tag","embeddable":true,"href":"https:\/\/www.mpppst.gob.ve\/mpppstweb\/index.php\/wp-json\/wp\/v2\/tags?post=9467"}],"curies":[{"name":"wp","href":"https:\/\/api.w.org\/{rel}","templated":true}]}}