{"id":9499,"date":"2016-12-01T15:09:46","date_gmt":"2016-12-01T15:09:46","guid":{"rendered":"http:\/\/www.mpppst.gob.ve\/mpppstweb\/?p=9499"},"modified":"2016-12-01T15:09:46","modified_gmt":"2016-12-01T15:09:46","slug":"opep-reduce-produccion-conjunta-en-12-millones-de-barriles-diarios","status":"publish","type":"post","link":"https:\/\/www.mpppst.gob.ve\/mpppstweb\/index.php\/2016\/12\/01\/opep-reduce-produccion-conjunta-en-12-millones-de-barriles-diarios\/","title":{"rendered":"Opep reduce producci\u00f3n conjunta en 1,2 millones de barriles diarios"},"content":{"rendered":"<p>AVN.- Los pa\u00edses miembros de la Organizaci\u00f3n de Pa\u00edses Exportadores de Petr\u00f3leo (Opep) acordaron este mi\u00e9rcoles de forma un\u00e1nime reducir su producci\u00f3n conjunta en 1,2 millones de barriles para alcanzar un tope de 32,5 millones de barriles diarios (mbd), durante la reuni\u00f3n ministerial n\u00famero 171, realizada en Viena, Austria.<\/p>\n<p>El acuerdo,que entrar\u00e1 en vigencia en enero de 2017 y ser\u00e1 renovable por seis meses, tiene como finalidad drenar el exceso de inventarios del mercado para lograr un repunte en las cotizaci\u00f3n del crudo.<\/p>\n<p>Tras concluir la reuni\u00f3n, el presidente de la Opep, Mohammed Bin Saleh Al Sada, ratific\u00f3 en rueda de prensa transmitida por Telesur, que el objetivo es lograr un consenso entre los productores Opep y No Opep, para lograr un mayor efecto en la estabilizaci\u00f3n del mercado.<\/p>\n<p>Al respecto, indic\u00f3 que los pa\u00edses externos del bloque est\u00e1n dispuestos a recortar 600.000 barriles diarios su producci\u00f3n.<\/p>\n<p>\u00abRusia va a reducir 300.000 barriles y otros pa\u00edses tambi\u00e9n han garantizado su compromiso, y vamos a convocar a una reuni\u00f3n para finalizar este elemento tan importante (&#8230;) El acuerdo necesita que s\u00f3lo la Opep reduzca 1,2 millones de barriles para llegar a 1,5 de barriles al d\u00eda\u00bb, se\u00f1al\u00f3 Al Sada.<\/p>\n<p>Se trata del segundo recorte de la Opep en los \u00faltimos ocho a\u00f1os, luego del aplicado por el bloque en diciembre de 2008 en Or\u00e1n, Argelia, donde se acord\u00f3 sacar del mercado 2,2 millones de barriles diarios.<\/p>\n<p>La decisi\u00f3n del bloque se produce luego de que en septiembre pasado los pa\u00edses miembros suscribieran en Argelia un acuerdo previo de congelamiento de la producci\u00f3n del oro negro, entre 32,5 y 33 millones de barriles, como acci\u00f3n para contribuir a estabilizar el mercado de hidrocarburos.<\/p>\n<p>Este mi\u00e9rcoles los precios del petr\u00f3leo, han experimentado un aumento superior al 9%, ubicando a los marcadores Brent de Europa, y West Texas de Estados Unidos, en un precio superior a los 50 d\u00f3lares por barril.<\/p>\n<p>Los miembros de la Opep poseen en conjunto 78% de las reservas de crudo del plantea y extraen cerca de 40% de los barriles que se comercializan en el mercado.<\/p>\n<p>En los \u00faltimos dos a\u00f1os el mercado del crudo se ha visto afectado por la sobre oferta de crudo que produjo la reducci\u00f3n de los precios en m\u00e1s de 60%, lo que pone en riesgo el nivel de inversiones que se requieren para cubrir la demanda energ\u00e9tica mundial.<\/p>\n","protected":false},"excerpt":{"rendered":"<p>AVN.- Los pa\u00edses miembros de la Organizaci\u00f3n de Pa\u00edses Exportadores de Petr\u00f3leo (Opep) acordaron este mi\u00e9rcoles &hellip; <a title=\"Opep reduce producci\u00f3n conjunta en 1,2 millones de barriles diarios\" class=\"hm-read-more\" href=\"https:\/\/www.mpppst.gob.ve\/mpppstweb\/index.php\/2016\/12\/01\/opep-reduce-produccion-conjunta-en-12-millones-de-barriles-diarios\/\"><span class=\"screen-reader-text\">Opep reduce producci\u00f3n conjunta en 1,2 millones de barriles diarios<\/span>Read more<\/a><\/p>\n","protected":false},"author":25,"featured_media":9500,"comment_status":"closed","ping_status":"closed","sticky":false,"template":"","format":"standard","meta":{"footnotes":""},"categories":[8,163,237],"tags":[245],"yoast_head":"<!-- This site is optimized with the Yoast SEO plugin v22.5 - https:\/\/yoast.com\/wordpress\/plugins\/seo\/ -->\n<title>Opep reduce producci\u00f3n conjunta en 1,2 millones de barriles diarios - MPPPST<\/title>\n<meta name=\"robots\" content=\"index, follow, max-snippet:-1, max-image-preview:large, max-video-preview:-1\" \/>\n<link rel=\"canonical\" href=\"https:\/\/www.mpppst.gob.ve\/mpppstweb\/index.php\/2016\/12\/01\/opep-reduce-produccion-conjunta-en-12-millones-de-barriles-diarios\/\" \/>\n<meta property=\"og:locale\" content=\"es_ES\" \/>\n<meta property=\"og:type\" content=\"article\" \/>\n<meta property=\"og:title\" content=\"Opep reduce producci\u00f3n conjunta en 1,2 millones de barriles diarios - MPPPST\" \/>\n<meta property=\"og:description\" content=\"AVN.- Los pa\u00edses miembros de la Organizaci\u00f3n de Pa\u00edses Exportadores de Petr\u00f3leo (Opep) acordaron este mi\u00e9rcoles &hellip; Opep reduce producci\u00f3n conjunta en 1,2 millones de barriles diariosRead more\" \/>\n<meta property=\"og:url\" content=\"https:\/\/www.mpppst.gob.ve\/mpppstweb\/index.php\/2016\/12\/01\/opep-reduce-produccion-conjunta-en-12-millones-de-barriles-diarios\/\" \/>\n<meta property=\"og:site_name\" content=\"MPPPST\" \/>\n<meta property=\"article:published_time\" content=\"2016-12-01T15:09:46+00:00\" \/>\n<meta property=\"og:image\" content=\"https:\/\/www.mpppst.gob.ve\/mpppstweb\/wp-content\/uploads\/2016\/12\/PRENSA-MIN-PETROLEO-02.jpg\" \/>\n\t<meta property=\"og:image:width\" content=\"800\" \/>\n\t<meta property=\"og:image:height\" content=\"445\" \/>\n\t<meta property=\"og:image:type\" content=\"image\/jpeg\" \/>\n<meta name=\"author\" content=\"MPPPST Prensa\" \/>\n<meta name=\"twitter:card\" content=\"summary_large_image\" \/>\n<meta name=\"twitter:label1\" content=\"Escrito por\" \/>\n\t<meta name=\"twitter:data1\" content=\"MPPPST Prensa\" \/>\n\t<meta name=\"twitter:label2\" content=\"Tiempo de lectura\" \/>\n\t<meta name=\"twitter:data2\" content=\"2 minutos\" \/>\n<script type=\"application\/ld+json\" class=\"yoast-schema-graph\">{\"@context\":\"https:\/\/schema.org\",\"@graph\":[{\"@type\":\"Article\",\"@id\":\"https:\/\/www.mpppst.gob.ve\/mpppstweb\/index.php\/2016\/12\/01\/opep-reduce-produccion-conjunta-en-12-millones-de-barriles-diarios\/#article\",\"isPartOf\":{\"@id\":\"https:\/\/www.mpppst.gob.ve\/mpppstweb\/index.php\/2016\/12\/01\/opep-reduce-produccion-conjunta-en-12-millones-de-barriles-diarios\/\"},\"author\":{\"name\":\"MPPPST Prensa\",\"@id\":\"https:\/\/www.mpppst.gob.ve\/mpppstweb\/#\/schema\/person\/fc187ee8ead412bd4c9304b62f900ea4\"},\"headline\":\"Opep reduce producci\u00f3n conjunta en 1,2 millones de barriles diarios\",\"datePublished\":\"2016-12-01T15:09:46+00:00\",\"dateModified\":\"2016-12-01T15:09:46+00:00\",\"mainEntityOfPage\":{\"@id\":\"https:\/\/www.mpppst.gob.ve\/mpppstweb\/index.php\/2016\/12\/01\/opep-reduce-produccion-conjunta-en-12-millones-de-barriles-diarios\/\"},\"wordCount\":423,\"publisher\":{\"@id\":\"https:\/\/www.mpppst.gob.ve\/mpppstweb\/#organization\"},\"image\":{\"@id\":\"https:\/\/www.mpppst.gob.ve\/mpppstweb\/index.php\/2016\/12\/01\/opep-reduce-produccion-conjunta-en-12-millones-de-barriles-diarios\/#primaryimage\"},\"thumbnailUrl\":\"https:\/\/www.mpppst.gob.ve\/mpppstweb\/wp-content\/uploads\/2016\/12\/PRENSA-MIN-PETROLEO-02.jpg\",\"keywords\":[\"internacionales\"],\"articleSection\":[\"Internacionales\",\"Noticias\",\"Procesos y organismo internacionales\"],\"inLanguage\":\"es\"},{\"@type\":\"WebPage\",\"@id\":\"https:\/\/www.mpppst.gob.ve\/mpppstweb\/index.php\/2016\/12\/01\/opep-reduce-produccion-conjunta-en-12-millones-de-barriles-diarios\/\",\"url\":\"https:\/\/www.mpppst.gob.ve\/mpppstweb\/index.php\/2016\/12\/01\/opep-reduce-produccion-conjunta-en-12-millones-de-barriles-diarios\/\",\"name\":\"Opep reduce producci\u00f3n conjunta en 1,2 millones de barriles diarios - MPPPST\",\"isPartOf\":{\"@id\":\"https:\/\/www.mpppst.gob.ve\/mpppstweb\/#website\"},\"primaryImageOfPage\":{\"@id\":\"https:\/\/www.mpppst.gob.ve\/mpppstweb\/index.php\/2016\/12\/01\/opep-reduce-produccion-conjunta-en-12-millones-de-barriles-diarios\/#primaryimage\"},\"image\":{\"@id\":\"https:\/\/www.mpppst.gob.ve\/mpppstweb\/index.php\/2016\/12\/01\/opep-reduce-produccion-conjunta-en-12-millones-de-barriles-diarios\/#primaryimage\"},\"thumbnailUrl\":\"https:\/\/www.mpppst.gob.ve\/mpppstweb\/wp-content\/uploads\/2016\/12\/PRENSA-MIN-PETROLEO-02.jpg\",\"datePublished\":\"2016-12-01T15:09:46+00:00\",\"dateModified\":\"2016-12-01T15:09:46+00:00\",\"breadcrumb\":{\"@id\":\"https:\/\/www.mpppst.gob.ve\/mpppstweb\/index.php\/2016\/12\/01\/opep-reduce-produccion-conjunta-en-12-millones-de-barriles-diarios\/#breadcrumb\"},\"inLanguage\":\"es\",\"potentialAction\":[{\"@type\":\"ReadAction\",\"target\":[\"https:\/\/www.mpppst.gob.ve\/mpppstweb\/index.php\/2016\/12\/01\/opep-reduce-produccion-conjunta-en-12-millones-de-barriles-diarios\/\"]}]},{\"@type\":\"ImageObject\",\"inLanguage\":\"es\",\"@id\":\"https:\/\/www.mpppst.gob.ve\/mpppstweb\/index.php\/2016\/12\/01\/opep-reduce-produccion-conjunta-en-12-millones-de-barriles-diarios\/#primaryimage\",\"url\":\"https:\/\/www.mpppst.gob.ve\/mpppstweb\/wp-content\/uploads\/2016\/12\/PRENSA-MIN-PETROLEO-02.jpg\",\"contentUrl\":\"https:\/\/www.mpppst.gob.ve\/mpppstweb\/wp-content\/uploads\/2016\/12\/PRENSA-MIN-PETROLEO-02.jpg\",\"width\":800,\"height\":445},{\"@type\":\"BreadcrumbList\",\"@id\":\"https:\/\/www.mpppst.gob.ve\/mpppstweb\/index.php\/2016\/12\/01\/opep-reduce-produccion-conjunta-en-12-millones-de-barriles-diarios\/#breadcrumb\",\"itemListElement\":[{\"@type\":\"ListItem\",\"position\":1,\"name\":\"Home\",\"item\":\"https:\/\/www.mpppst.gob.ve\/mpppstweb\/\"},{\"@type\":\"ListItem\",\"position\":2,\"name\":\"Opep reduce producci\u00f3n conjunta en 1,2 millones de barriles diarios\"}]},{\"@type\":\"WebSite\",\"@id\":\"https:\/\/www.mpppst.gob.ve\/mpppstweb\/#website\",\"url\":\"https:\/\/www.mpppst.gob.ve\/mpppstweb\/\",\"name\":\"MPPPST\",\"description\":\"Ministerio del Poder Popular para el Proceso Social de Trabajo\",\"publisher\":{\"@id\":\"https:\/\/www.mpppst.gob.ve\/mpppstweb\/#organization\"},\"potentialAction\":[{\"@type\":\"SearchAction\",\"target\":{\"@type\":\"EntryPoint\",\"urlTemplate\":\"https:\/\/www.mpppst.gob.ve\/mpppstweb\/?s={search_term_string}\"},\"query-input\":\"required name=search_term_string\"}],\"inLanguage\":\"es\"},{\"@type\":\"Organization\",\"@id\":\"https:\/\/www.mpppst.gob.ve\/mpppstweb\/#organization\",\"name\":\"mpppst\",\"url\":\"https:\/\/www.mpppst.gob.ve\/mpppstweb\/\",\"logo\":{\"@type\":\"ImageObject\",\"inLanguage\":\"es\",\"@id\":\"https:\/\/www.mpppst.gob.ve\/mpppstweb\/#\/schema\/logo\/image\/\",\"url\":\"https:\/\/www.mpppst.gob.ve\/mpppstweb\/wp-content\/uploads\/2025\/07\/cropped-cropped-g910.png\",\"contentUrl\":\"https:\/\/www.mpppst.gob.ve\/mpppstweb\/wp-content\/uploads\/2025\/07\/cropped-cropped-g910.png\",\"width\":1080,\"height\":241,\"caption\":\"mpppst\"},\"image\":{\"@id\":\"https:\/\/www.mpppst.gob.ve\/mpppstweb\/#\/schema\/logo\/image\/\"}},{\"@type\":\"Person\",\"@id\":\"https:\/\/www.mpppst.gob.ve\/mpppstweb\/#\/schema\/person\/fc187ee8ead412bd4c9304b62f900ea4\",\"name\":\"MPPPST Prensa\",\"url\":\"https:\/\/www.mpppst.gob.ve\/mpppstweb\/index.php\/author\/prensa-mpppst\/\"}]}<\/script>\n<!-- \/ Yoast SEO plugin. -->","yoast_head_json":{"title":"Opep reduce producci\u00f3n conjunta en 1,2 millones de barriles diarios - MPPPST","robots":{"index":"index","follow":"follow","max-snippet":"max-snippet:-1","max-image-preview":"max-image-preview:large","max-video-preview":"max-video-preview:-1"},"canonical":"https:\/\/www.mpppst.gob.ve\/mpppstweb\/index.php\/2016\/12\/01\/opep-reduce-produccion-conjunta-en-12-millones-de-barriles-diarios\/","og_locale":"es_ES","og_type":"article","og_title":"Opep reduce producci\u00f3n conjunta en 1,2 millones de barriles diarios - MPPPST","og_description":"AVN.- Los pa\u00edses miembros de la Organizaci\u00f3n de Pa\u00edses Exportadores de Petr\u00f3leo (Opep) acordaron este mi\u00e9rcoles &hellip; Opep reduce producci\u00f3n conjunta en 1,2 millones de barriles diariosRead more","og_url":"https:\/\/www.mpppst.gob.ve\/mpppstweb\/index.php\/2016\/12\/01\/opep-reduce-produccion-conjunta-en-12-millones-de-barriles-diarios\/","og_site_name":"MPPPST","article_published_time":"2016-12-01T15:09:46+00:00","og_image":[{"width":800,"height":445,"url":"https:\/\/www.mpppst.gob.ve\/mpppstweb\/wp-content\/uploads\/2016\/12\/PRENSA-MIN-PETROLEO-02.jpg","type":"image\/jpeg"}],"author":"MPPPST Prensa","twitter_card":"summary_large_image","twitter_misc":{"Escrito por":"MPPPST Prensa","Tiempo de lectura":"2 minutos"},"schema":{"@context":"https:\/\/schema.org","@graph":[{"@type":"Article","@id":"https:\/\/www.mpppst.gob.ve\/mpppstweb\/index.php\/2016\/12\/01\/opep-reduce-produccion-conjunta-en-12-millones-de-barriles-diarios\/#article","isPartOf":{"@id":"https:\/\/www.mpppst.gob.ve\/mpppstweb\/index.php\/2016\/12\/01\/opep-reduce-produccion-conjunta-en-12-millones-de-barriles-diarios\/"},"author":{"name":"MPPPST Prensa","@id":"https:\/\/www.mpppst.gob.ve\/mpppstweb\/#\/schema\/person\/fc187ee8ead412bd4c9304b62f900ea4"},"headline":"Opep reduce producci\u00f3n conjunta en 1,2 millones de barriles diarios","datePublished":"2016-12-01T15:09:46+00:00","dateModified":"2016-12-01T15:09:46+00:00","mainEntityOfPage":{"@id":"https:\/\/www.mpppst.gob.ve\/mpppstweb\/index.php\/2016\/12\/01\/opep-reduce-produccion-conjunta-en-12-millones-de-barriles-diarios\/"},"wordCount":423,"publisher":{"@id":"https:\/\/www.mpppst.gob.ve\/mpppstweb\/#organization"},"image":{"@id":"https:\/\/www.mpppst.gob.ve\/mpppstweb\/index.php\/2016\/12\/01\/opep-reduce-produccion-conjunta-en-12-millones-de-barriles-diarios\/#primaryimage"},"thumbnailUrl":"https:\/\/www.mpppst.gob.ve\/mpppstweb\/wp-content\/uploads\/2016\/12\/PRENSA-MIN-PETROLEO-02.jpg","keywords":["internacionales"],"articleSection":["Internacionales","Noticias","Procesos y organismo internacionales"],"inLanguage":"es"},{"@type":"WebPage","@id":"https:\/\/www.mpppst.gob.ve\/mpppstweb\/index.php\/2016\/12\/01\/opep-reduce-produccion-conjunta-en-12-millones-de-barriles-diarios\/","url":"https:\/\/www.mpppst.gob.ve\/mpppstweb\/index.php\/2016\/12\/01\/opep-reduce-produccion-conjunta-en-12-millones-de-barriles-diarios\/","name":"Opep reduce producci\u00f3n conjunta en 1,2 millones de barriles diarios - MPPPST","isPartOf":{"@id":"https:\/\/www.mpppst.gob.ve\/mpppstweb\/#website"},"primaryImageOfPage":{"@id":"https:\/\/www.mpppst.gob.ve\/mpppstweb\/index.php\/2016\/12\/01\/opep-reduce-produccion-conjunta-en-12-millones-de-barriles-diarios\/#primaryimage"},"image":{"@id":"https:\/\/www.mpppst.gob.ve\/mpppstweb\/index.php\/2016\/12\/01\/opep-reduce-produccion-conjunta-en-12-millones-de-barriles-diarios\/#primaryimage"},"thumbnailUrl":"https:\/\/www.mpppst.gob.ve\/mpppstweb\/wp-content\/uploads\/2016\/12\/PRENSA-MIN-PETROLEO-02.jpg","datePublished":"2016-12-01T15:09:46+00:00","dateModified":"2016-12-01T15:09:46+00:00","breadcrumb":{"@id":"https:\/\/www.mpppst.gob.ve\/mpppstweb\/index.php\/2016\/12\/01\/opep-reduce-produccion-conjunta-en-12-millones-de-barriles-diarios\/#breadcrumb"},"inLanguage":"es","potentialAction":[{"@type":"ReadAction","target":["https:\/\/www.mpppst.gob.ve\/mpppstweb\/index.php\/2016\/12\/01\/opep-reduce-produccion-conjunta-en-12-millones-de-barriles-diarios\/"]}]},{"@type":"ImageObject","inLanguage":"es","@id":"https:\/\/www.mpppst.gob.ve\/mpppstweb\/index.php\/2016\/12\/01\/opep-reduce-produccion-conjunta-en-12-millones-de-barriles-diarios\/#primaryimage","url":"https:\/\/www.mpppst.gob.ve\/mpppstweb\/wp-content\/uploads\/2016\/12\/PRENSA-MIN-PETROLEO-02.jpg","contentUrl":"https:\/\/www.mpppst.gob.ve\/mpppstweb\/wp-content\/uploads\/2016\/12\/PRENSA-MIN-PETROLEO-02.jpg","width":800,"height":445},{"@type":"BreadcrumbList","@id":"https:\/\/www.mpppst.gob.ve\/mpppstweb\/index.php\/2016\/12\/01\/opep-reduce-produccion-conjunta-en-12-millones-de-barriles-diarios\/#breadcrumb","itemListElement":[{"@type":"ListItem","position":1,"name":"Home","item":"https:\/\/www.mpppst.gob.ve\/mpppstweb\/"},{"@type":"ListItem","position":2,"name":"Opep reduce producci\u00f3n conjunta en 1,2 millones de barriles diarios"}]},{"@type":"WebSite","@id":"https:\/\/www.mpppst.gob.ve\/mpppstweb\/#website","url":"https:\/\/www.mpppst.gob.ve\/mpppstweb\/","name":"MPPPST","description":"Ministerio del Poder Popular para el Proceso Social de Trabajo","publisher":{"@id":"https:\/\/www.mpppst.gob.ve\/mpppstweb\/#organization"},"potentialAction":[{"@type":"SearchAction","target":{"@type":"EntryPoint","urlTemplate":"https:\/\/www.mpppst.gob.ve\/mpppstweb\/?s={search_term_string}"},"query-input":"required name=search_term_string"}],"inLanguage":"es"},{"@type":"Organization","@id":"https:\/\/www.mpppst.gob.ve\/mpppstweb\/#organization","name":"mpppst","url":"https:\/\/www.mpppst.gob.ve\/mpppstweb\/","logo":{"@type":"ImageObject","inLanguage":"es","@id":"https:\/\/www.mpppst.gob.ve\/mpppstweb\/#\/schema\/logo\/image\/","url":"https:\/\/www.mpppst.gob.ve\/mpppstweb\/wp-content\/uploads\/2025\/07\/cropped-cropped-g910.png","contentUrl":"https:\/\/www.mpppst.gob.ve\/mpppstweb\/wp-content\/uploads\/2025\/07\/cropped-cropped-g910.png","width":1080,"height":241,"caption":"mpppst"},"image":{"@id":"https:\/\/www.mpppst.gob.ve\/mpppstweb\/#\/schema\/logo\/image\/"}},{"@type":"Person","@id":"https:\/\/www.mpppst.gob.ve\/mpppstweb\/#\/schema\/person\/fc187ee8ead412bd4c9304b62f900ea4","name":"MPPPST Prensa","url":"https:\/\/www.mpppst.gob.ve\/mpppstweb\/index.php\/author\/prensa-mpppst\/"}]}},"_links":{"self":[{"href":"https:\/\/www.mpppst.gob.ve\/mpppstweb\/index.php\/wp-json\/wp\/v2\/posts\/9499"}],"collection":[{"href":"https:\/\/www.mpppst.gob.ve\/mpppstweb\/index.php\/wp-json\/wp\/v2\/posts"}],"about":[{"href":"https:\/\/www.mpppst.gob.ve\/mpppstweb\/index.php\/wp-json\/wp\/v2\/types\/post"}],"author":[{"embeddable":true,"href":"https:\/\/www.mpppst.gob.ve\/mpppstweb\/index.php\/wp-json\/wp\/v2\/users\/25"}],"replies":[{"embeddable":true,"href":"https:\/\/www.mpppst.gob.ve\/mpppstweb\/index.php\/wp-json\/wp\/v2\/comments?post=9499"}],"version-history":[{"count":1,"href":"https:\/\/www.mpppst.gob.ve\/mpppstweb\/index.php\/wp-json\/wp\/v2\/posts\/9499\/revisions"}],"predecessor-version":[{"id":9501,"href":"https:\/\/www.mpppst.gob.ve\/mpppstweb\/index.php\/wp-json\/wp\/v2\/posts\/9499\/revisions\/9501"}],"wp:featuredmedia":[{"embeddable":true,"href":"https:\/\/www.mpppst.gob.ve\/mpppstweb\/index.php\/wp-json\/wp\/v2\/media\/9500"}],"wp:attachment":[{"href":"https:\/\/www.mpppst.gob.ve\/mpppstweb\/index.php\/wp-json\/wp\/v2\/media?parent=9499"}],"wp:term":[{"taxonomy":"category","embeddable":true,"href":"https:\/\/www.mpppst.gob.ve\/mpppstweb\/index.php\/wp-json\/wp\/v2\/categories?post=9499"},{"taxonomy":"post_tag","embeddable":true,"href":"https:\/\/www.mpppst.gob.ve\/mpppstweb\/index.php\/wp-json\/wp\/v2\/tags?post=9499"}],"curies":[{"name":"wp","href":"https:\/\/api.w.org\/{rel}","templated":true}]}}